{"id":1034,"date":"2022-03-04T15:57:10","date_gmt":"2022-03-04T14:57:10","guid":{"rendered":"https:\/\/www.lechoixdesbebes.com\/blog\/?p=1034"},"modified":"2023-04-14T15:57:36","modified_gmt":"2023-04-14T13:57:36","slug":"5-idees-cadeaux-pour-la-fete-des-grands-meres","status":"publish","type":"post","link":"https:\/\/www.lechoixdesbebes.com\/blog\/5-idees-cadeaux-pour-la-fete-des-grands-meres\/","title":{"rendered":"5 id\u00e9es cadeaux pour la f\u00eate des grands-m\u00e8res"},"content":{"rendered":"<span class=\"rt-reading-time\" style=\"display: block;\"><span class=\"rt-label rt-prefix\">Temps de lecture\u00a0: <\/span> <span class=\"rt-time\">5<\/span> <span class=\"rt-label rt-postfix\">minutes<\/span><\/span><p>&nbsp;<\/p>\n<p>La f\u00eate des grands-m\u00e8res c\u2019est ce dimanche 6 mars. Voil\u00e0 l\u2019occasion de rappeler \u00e0 ces femmes extraordinaires qu\u2019on les aime tr\u00e8s fort ! Afin de vous aider \u00e0 trouver le pr\u00e9sent parfait, on vous donne 5 id\u00e9es cadeaux pour la f\u00eate des grands-m\u00e8res.<\/p>\n<p>Femme avant tout, mais aussi \u00e9pouse et m\u00e8re de famille &#8230; Votre grand-m\u00e8re a probablement v\u00e9cu beaucoup d\u2019aventures qu\u2019il est important de conna\u00eetre. Le lien avec les grands-parents peut \u00eatre vraiment fort et sp\u00e9cial. Pour ceux d\u2019entre vous qui ont la chance d\u2019avoir encore aupr\u00e8s d\u2019eux leurs grands-parents, profitez-en au maximum.<\/p>\n<p>Que vous l\u2019appeliez Mamie, Mamou, M\u00e9m\u00e9, Mam\u00e9 ou encore Granny, votre grand-m\u00e8re est une personne sp\u00e9ciale. Il y a plein de fa\u00e7ons d\u2019\u00eatre une grand-m\u00e8re : tendre, douce, on peut apprendre, \u00e9duquer, reprendre, faire rire, jouer \u2026 !<\/p>\n<p>Pour c\u00e9l\u00e9brer ces femmes, la f\u00eate des grands-m\u00e8res est la journ\u00e9e id\u00e9ale. C\u2019est donc pour ce dimanche qu\u2019il vous faudra trouver des id\u00e9es de cadeaux pour la f\u00eate des grands-m\u00e8res ! Panique \u2026 vous \u00eates en manque d\u2019inspiration ou ne savez pas vraiment ce qu\u2019appr\u00e9cierait votre grand-m\u00e8re ?<\/p>\n<h3><strong>On vous donne 5 id\u00e9es cadeaux pour la f\u00eate des grands-m\u00e8res !<\/strong><\/h3>\n<p>&nbsp;<\/p>\n<ul>\n<li>\n<h3><strong>Id\u00e9e cadeau n\u00b01 : lui offrir des fleurs<\/strong><\/h3>\n<\/li>\n<\/ul>\n<p><img loading=\"lazy\" decoding=\"async\" class=\"alignnone wp-image-1040 size-medium lazyload\" title=\"F\u00eate des grands-m\u00e8res offrir des fleurs\" data-src=\"https:\/\/www.lechoixdesbebes.com\/blog\/wp-content\/uploads\/2022\/03\/pexels-ekaterina-bolovtsova-7358347-1-300x300.jpg\" alt=\"Les fleurs, le grand classique\" width=\"300\" height=\"300\" data-srcset=\"https:\/\/www.lechoixdesbebes.com\/blog\/wp-content\/uploads\/2022\/03\/pexels-ekaterina-bolovtsova-7358347-1-300x300.jpg 300w, https:\/\/www.lechoixdesbebes.com\/blog\/wp-content\/uploads\/2022\/03\/pexels-ekaterina-bolovtsova-7358347-1-700x700.jpg 700w, https:\/\/www.lechoixdesbebes.com\/blog\/wp-content\/uploads\/2022\/03\/pexels-ekaterina-bolovtsova-7358347-1-150x150.jpg 150w\" data-sizes=\"(max-width: 300px) 100vw, 300px\" src=\"data:image\/gif;base64,R0lGODlhAQABAAAAACH5BAEKAAEALAAAAAABAAEAAAICTAEAOw==\" style=\"--smush-placeholder-width: 300px; --smush-placeholder-aspect-ratio: 300\/300;\" \/><noscript><img loading=\"lazy\" decoding=\"async\" class=\"alignnone wp-image-1040 size-medium\" title=\"F\u00eate des grands-m\u00e8res offrir des fleurs\" src=\"https:\/\/www.lechoixdesbebes.com\/blog\/wp-content\/uploads\/2022\/03\/pexels-ekaterina-bolovtsova-7358347-1-300x300.jpg\" alt=\"Les fleurs, le grand classique\" width=\"300\" height=\"300\" srcset=\"https:\/\/www.lechoixdesbebes.com\/blog\/wp-content\/uploads\/2022\/03\/pexels-ekaterina-bolovtsova-7358347-1-300x300.jpg 300w, https:\/\/www.lechoixdesbebes.com\/blog\/wp-content\/uploads\/2022\/03\/pexels-ekaterina-bolovtsova-7358347-1-700x700.jpg 700w, https:\/\/www.lechoixdesbebes.com\/blog\/wp-content\/uploads\/2022\/03\/pexels-ekaterina-bolovtsova-7358347-1-150x150.jpg 150w\" sizes=\"(max-width: 300px) 100vw, 300px\" \/><\/noscript><\/p>\n<p>Les fleurs font toujours plaisir \u00e0 la personne qui les re\u00e7oit. C\u2019est un cadeau \u00e9l\u00e9gant mais \u00e9ph\u00e9m\u00e8re qui se pr\u00eate tout \u00e0 fait \u00e0 la f\u00eate des grands-m\u00e8res ! Pr\u00e9f\u00e9rez les choisir de saison, en ce moment les an\u00e9mones, le cam\u00e9lia, l\u2019iris, la jacinthe ou encore la tulipe composeront de magnifiques bouquets de fleurs \u00e0 offrir ! Si vous avez la chance de pouvoir offrir des fleurs en personne \u00e0 votre mamie, vous pourrez appr\u00e9cier sa r\u00e9action en direct, en esp\u00e9rant qu\u2019elle adore votre bouquet ! Si vous habitez loin d\u2019elle vous pourrez lui faire envoyer des fleurs via un <a href=\"https:\/\/fleuretfleurs.fr\/fr\/\">service sp\u00e9cialis\u00e9 dans la transmission florale<\/a>.<\/p>\n<p>&nbsp;<\/p>\n<ul>\n<li>\n<h3><strong>Id\u00e9e cadeau n\u00b02 : l<\/strong><strong>ui faire agrandir une belle photo, <\/strong>\u00e9motion assur\u00e9e<\/h3>\n<\/li>\n<\/ul>\n<p><img loading=\"lazy\" decoding=\"async\" class=\"alignnone wp-image-1046 size-medium lazyload\" title=\"F\u00eate des grands-m\u00e8res offrir photo\" data-src=\"https:\/\/www.lechoixdesbebes.com\/blog\/wp-content\/uploads\/2022\/03\/pexels-askar-abayev-5638701-300x300.jpg\" alt=\"Faire agrandir une photographie pour votre grand m\u00e8re\" width=\"300\" height=\"300\" data-srcset=\"https:\/\/www.lechoixdesbebes.com\/blog\/wp-content\/uploads\/2022\/03\/pexels-askar-abayev-5638701-300x300.jpg 300w, https:\/\/www.lechoixdesbebes.com\/blog\/wp-content\/uploads\/2022\/03\/pexels-askar-abayev-5638701-700x700.jpg 700w, https:\/\/www.lechoixdesbebes.com\/blog\/wp-content\/uploads\/2022\/03\/pexels-askar-abayev-5638701-150x150.jpg 150w\" data-sizes=\"(max-width: 300px) 100vw, 300px\" src=\"data:image\/gif;base64,R0lGODlhAQABAAAAACH5BAEKAAEALAAAAAABAAEAAAICTAEAOw==\" style=\"--smush-placeholder-width: 300px; --smush-placeholder-aspect-ratio: 300\/300;\" \/><noscript><img loading=\"lazy\" decoding=\"async\" class=\"alignnone wp-image-1046 size-medium\" title=\"F\u00eate des grands-m\u00e8res offrir photo\" src=\"https:\/\/www.lechoixdesbebes.com\/blog\/wp-content\/uploads\/2022\/03\/pexels-askar-abayev-5638701-300x300.jpg\" alt=\"Faire agrandir une photographie pour votre grand m\u00e8re\" width=\"300\" height=\"300\" srcset=\"https:\/\/www.lechoixdesbebes.com\/blog\/wp-content\/uploads\/2022\/03\/pexels-askar-abayev-5638701-300x300.jpg 300w, https:\/\/www.lechoixdesbebes.com\/blog\/wp-content\/uploads\/2022\/03\/pexels-askar-abayev-5638701-700x700.jpg 700w, https:\/\/www.lechoixdesbebes.com\/blog\/wp-content\/uploads\/2022\/03\/pexels-askar-abayev-5638701-150x150.jpg 150w\" sizes=\"(max-width: 300px) 100vw, 300px\" \/><\/noscript><\/p>\n<p>Les souvenirs sont souvent pr\u00e9cieux aux yeux des anciens, les photographie sont le moyen le plus simple pour eux de voir au quotidien les membres de leur famille. Votre grand-m\u00e8re serait s\u00fbrement tr\u00e8s heureuse de recevoir un <a href=\"https:\/\/www.cheerz.com\/fr\">bel agrandissement d\u2019une photo de la famille<\/a> o\u00f9 plusieurs g\u00e9n\u00e9rations sont repr\u00e9sent\u00e9es. Vous pourrez faire agrandir une photo de famille tr\u00e8s facilement en ligne, ou bien depuis une borne en magasin. Pour compl\u00e9ter cette jolie attention vous pouvez ajouter un cadre pour finir ce cadeau.<\/p>\n<p>&nbsp;<\/p>\n<ul>\n<li>\n<h3><strong>Id\u00e9e cadeau n\u00b03 : l<\/strong><strong>ui <\/strong><strong>fabriquer un cadeau vous-m\u00eame, vive les DIY<\/strong><\/h3>\n<\/li>\n<\/ul>\n<p><img loading=\"lazy\" decoding=\"async\" class=\"alignnone wp-image-1047 size-medium lazyload\" title=\"Cadeau fait maison f\u00eate des grands-m\u00e8res\" data-src=\"https:\/\/www.lechoixdesbebes.com\/blog\/wp-content\/uploads\/2022\/03\/pexels-anna-shvets-5760837-300x300.jpg\" alt=\"Offrir un cadeau fait soi-m\u00eame - DIY\" width=\"300\" height=\"300\" data-srcset=\"https:\/\/www.lechoixdesbebes.com\/blog\/wp-content\/uploads\/2022\/03\/pexels-anna-shvets-5760837-300x300.jpg 300w, https:\/\/www.lechoixdesbebes.com\/blog\/wp-content\/uploads\/2022\/03\/pexels-anna-shvets-5760837-700x700.jpg 700w, https:\/\/www.lechoixdesbebes.com\/blog\/wp-content\/uploads\/2022\/03\/pexels-anna-shvets-5760837-150x150.jpg 150w\" data-sizes=\"(max-width: 300px) 100vw, 300px\" src=\"data:image\/gif;base64,R0lGODlhAQABAAAAACH5BAEKAAEALAAAAAABAAEAAAICTAEAOw==\" style=\"--smush-placeholder-width: 300px; --smush-placeholder-aspect-ratio: 300\/300;\" \/><noscript><img loading=\"lazy\" decoding=\"async\" class=\"alignnone wp-image-1047 size-medium\" title=\"Cadeau fait maison f\u00eate des grands-m\u00e8res\" src=\"https:\/\/www.lechoixdesbebes.com\/blog\/wp-content\/uploads\/2022\/03\/pexels-anna-shvets-5760837-300x300.jpg\" alt=\"Offrir un cadeau fait soi-m\u00eame - DIY\" width=\"300\" height=\"300\" srcset=\"https:\/\/www.lechoixdesbebes.com\/blog\/wp-content\/uploads\/2022\/03\/pexels-anna-shvets-5760837-300x300.jpg 300w, https:\/\/www.lechoixdesbebes.com\/blog\/wp-content\/uploads\/2022\/03\/pexels-anna-shvets-5760837-700x700.jpg 700w, https:\/\/www.lechoixdesbebes.com\/blog\/wp-content\/uploads\/2022\/03\/pexels-anna-shvets-5760837-150x150.jpg 150w\" sizes=\"(max-width: 300px) 100vw, 300px\" \/><\/noscript><\/p>\n<p>Les cadeaux fabriqu\u00e9s vous-m\u00eame sont ceux dans lesquels vous allez mettre toute votre attention et surtout un peu de temps. Offrir un cadeau fait-main pour la f\u00eate des grands-m\u00e8res vous oblige \u00e0 chercher des activit\u00e9s de DIY (Do It Yourself) sur internet, ou bien \u00e0 mettre en \u0153uvre une de vos passions ou l\u2019un de vos talents. Nous vous donnons quelques id\u00e9es de cadeaux pour la f\u00eate des grands-m\u00e8res \u00e0 fabriquer :<\/p>\n<p>&#8211; Pour les amateurs de couture\u00a0: vous pourriez fabriquer un accessoire de beaut\u00e9 r\u00e9utilisable comme par exemple des petites lingettes lavables ou bien une jolie trousse de toilette.<\/p>\n<p>&#8211; Vous \u00eates un artiste ? Et si vous laissiez parler votre cr\u00e9ativit\u00e9 en r\u00e9alisant un dessin ou une peinture \u00e0 placer sous cadre pour l\u2019offrir.<\/p>\n<p>&#8211; V\u00e9ritable chef en devenir : vous pourriez aussi lui pr\u00e9parer un beau g\u00e2teau si elle aime la p\u00e2tisserie ou bien lui cuisiner votre sp\u00e9cialit\u00e9 !<\/p>\n<p>&nbsp;<\/p>\n<ul>\n<li>\n<h3><strong>Id\u00e9e cadeau n\u00b04 : l<\/strong><strong>ui<\/strong><strong> offrir un moment avec vous, l<\/strong>es souvenirs sont imp\u00e9rissables<\/h3>\n<\/li>\n<\/ul>\n<p><img loading=\"lazy\" decoding=\"async\" class=\"alignnone wp-image-1048 size-medium lazyload\" title=\"Passer du temps avec sa grand-m\u00e8re pour la f\u00eate des grands-m\u00e8res\" data-src=\"https:\/\/www.lechoixdesbebes.com\/blog\/wp-content\/uploads\/2022\/03\/pexels-andrea-piacquadio-3768146-300x300.jpg\" alt=\"Importance de passer du temps avec ses proches \" width=\"300\" height=\"300\" data-srcset=\"https:\/\/www.lechoixdesbebes.com\/blog\/wp-content\/uploads\/2022\/03\/pexels-andrea-piacquadio-3768146-300x300.jpg 300w, https:\/\/www.lechoixdesbebes.com\/blog\/wp-content\/uploads\/2022\/03\/pexels-andrea-piacquadio-3768146-700x700.jpg 700w, https:\/\/www.lechoixdesbebes.com\/blog\/wp-content\/uploads\/2022\/03\/pexels-andrea-piacquadio-3768146-150x150.jpg 150w\" data-sizes=\"(max-width: 300px) 100vw, 300px\" src=\"data:image\/gif;base64,R0lGODlhAQABAAAAACH5BAEKAAEALAAAAAABAAEAAAICTAEAOw==\" style=\"--smush-placeholder-width: 300px; --smush-placeholder-aspect-ratio: 300\/300;\" \/><noscript><img loading=\"lazy\" decoding=\"async\" class=\"alignnone wp-image-1048 size-medium\" title=\"Passer du temps avec sa grand-m\u00e8re pour la f\u00eate des grands-m\u00e8res\" src=\"https:\/\/www.lechoixdesbebes.com\/blog\/wp-content\/uploads\/2022\/03\/pexels-andrea-piacquadio-3768146-300x300.jpg\" alt=\"Importance de passer du temps avec ses proches \" width=\"300\" height=\"300\" srcset=\"https:\/\/www.lechoixdesbebes.com\/blog\/wp-content\/uploads\/2022\/03\/pexels-andrea-piacquadio-3768146-300x300.jpg 300w, https:\/\/www.lechoixdesbebes.com\/blog\/wp-content\/uploads\/2022\/03\/pexels-andrea-piacquadio-3768146-700x700.jpg 700w, https:\/\/www.lechoixdesbebes.com\/blog\/wp-content\/uploads\/2022\/03\/pexels-andrea-piacquadio-3768146-150x150.jpg 150w\" sizes=\"(max-width: 300px) 100vw, 300px\" \/><\/noscript><\/p>\n<p>Et si vous misiez sur l\u2019originalit\u00e9 pour faire un cadeau \u00e0 votre grand-m\u00e8re en lui offrant un moment avec vous\u00a0? Par exemple l\u2019inviter au cin\u00e9ma, ou \u00e0 passer un moment \u00e0 deux dans un salon de th\u00e9, ou encore un repas au restaurant\u00a0! Bien souvent, les grands-parents n\u2019accordent pas tant d\u2019importance \u00e0 un cadeau mat\u00e9riel mais seront ravis de passer du temps avec vous. Les souvenirs que vous cr\u00e9ez ensemble sont pr\u00e9cieux et inoubliables.<\/p>\n<p>&nbsp;<\/p>\n<ul>\n<li>\n<h3><strong>Id\u00e9e cadeau n\u00b05 : l<\/strong><strong>ui <\/strong><strong>offrir un cadeau personnalis\u00e9, <\/strong>facile et tendance !<\/h3>\n<\/li>\n<\/ul>\n<p><img loading=\"lazy\" decoding=\"async\" class=\"alignnone wp-image-1037 size-medium lazyload\" title=\"f\u00eate des grands-m\u00e8res offrir un cadeau \u00e0 personnaliser\" data-src=\"https:\/\/www.lechoixdesbebes.com\/blog\/wp-content\/uploads\/2022\/03\/pexels-ekaterina-bolovtsova-6766714-300x300.jpg\" alt=\"F\u00eate des grands-m\u00e8res - offrir un cadeau personnalis\u00e9\" width=\"300\" height=\"300\" data-srcset=\"https:\/\/www.lechoixdesbebes.com\/blog\/wp-content\/uploads\/2022\/03\/pexels-ekaterina-bolovtsova-6766714-300x300.jpg 300w, https:\/\/www.lechoixdesbebes.com\/blog\/wp-content\/uploads\/2022\/03\/pexels-ekaterina-bolovtsova-6766714-700x700.jpg 700w, https:\/\/www.lechoixdesbebes.com\/blog\/wp-content\/uploads\/2022\/03\/pexels-ekaterina-bolovtsova-6766714-150x150.jpg 150w\" data-sizes=\"(max-width: 300px) 100vw, 300px\" src=\"data:image\/gif;base64,R0lGODlhAQABAAAAACH5BAEKAAEALAAAAAABAAEAAAICTAEAOw==\" style=\"--smush-placeholder-width: 300px; --smush-placeholder-aspect-ratio: 300\/300;\" \/><noscript><img loading=\"lazy\" decoding=\"async\" class=\"alignnone wp-image-1037 size-medium\" title=\"f\u00eate des grands-m\u00e8res offrir un cadeau \u00e0 personnaliser\" src=\"https:\/\/www.lechoixdesbebes.com\/blog\/wp-content\/uploads\/2022\/03\/pexels-ekaterina-bolovtsova-6766714-300x300.jpg\" alt=\"F\u00eate des grands-m\u00e8res - offrir un cadeau personnalis\u00e9\" width=\"300\" height=\"300\" srcset=\"https:\/\/www.lechoixdesbebes.com\/blog\/wp-content\/uploads\/2022\/03\/pexels-ekaterina-bolovtsova-6766714-300x300.jpg 300w, https:\/\/www.lechoixdesbebes.com\/blog\/wp-content\/uploads\/2022\/03\/pexels-ekaterina-bolovtsova-6766714-700x700.jpg 700w, https:\/\/www.lechoixdesbebes.com\/blog\/wp-content\/uploads\/2022\/03\/pexels-ekaterina-bolovtsova-6766714-150x150.jpg 150w\" sizes=\"(max-width: 300px) 100vw, 300px\" \/><\/noscript><\/p>\n<p>&nbsp;<\/p>\n<p>Aujourd\u2019hui il est tr\u00e8s facile de faire personnaliser des objets, comme des mugs, des T-shirts, du linge de maison \u2026 votre grand-m\u00e8re n\u2019a pas forc\u00e9ment l\u2019habitude de ce type de cadeau et pourra appr\u00e9cier cette originalit\u00e9 que vous lui offrez. Le mug \u00ab Meilleure mamie du monde \u00bb fonctionnera toujours et elle sera s\u00fbrement tr\u00e8s fi\u00e8re de l\u2019utiliser tous les jours ! Broder ses initiales sur du linge de maison est aussi raffin\u00e9 et lui fera plaisir.<\/p>\n<p>Nous esp\u00e9rons que vous avez trouv\u00e9 la meilleure id\u00e9e parmi nos 5 id\u00e9es cadeaux pour la f\u00eate des grands-m\u00e8res, sans oublier que le plus beau cadeau c&rsquo;est celui qui vient du c\u0153ur !<\/p>\n<p>Et si vous lui annonciez une bonne nouvelle ? Si pour vous la f\u00eate des grands-m\u00e8res c\u2019est aussi l\u2019occasion de lui annoncer votre grossesse, il est certain que ce cadeau rivalisera avec tous les autres ! D\u00e9couvrez notre article de blog sur le sujet \u00ab <a href=\"https:\/\/www.lechoixdesbebes.com\/blog\/comment-annoncer-sa-grossesse-de-facon-originale\/\">Comment annoncer sa grossesse de fa\u00e7on originale ?<\/a>\u00a0\u00bb.<\/p>\n","protected":false},"excerpt":{"rendered":"<span class=\"rt-reading-time\" style=\"display: block;\"><span class=\"rt-label rt-prefix\">Temps de lecture\u00a0: <\/span> <span class=\"rt-time\">5<\/span> <span class=\"rt-label rt-postfix\">minutes<\/span><\/span> &nbsp; La f\u00eate des grands-m\u00e8res c\u2019est ce dimanche 6 mars. Voil\u00e0 l\u2019occasion de rappeler \u00e0 ces femmes extraordinaires qu\u2019on les aime tr\u00e8s fort ! Afin de vous aider \u00e0 trouver le pr\u00e9sent parfait, on vous donne 5 id\u00e9es cadeaux pour la f\u00eate des grands-m\u00e8res. Femme avant tout, mais aussi \u00e9pouse et m\u00e8re de famille &#8230;&#8230; <a class=\"view-article\" href=\"https:\/\/www.lechoixdesbebes.com\/blog\/5-idees-cadeaux-pour-la-fete-des-grands-meres\/\">View Article<\/a>","protected":false},"author":2,"featured_media":1572,"comment_status":"open","ping_status":"open","sticky":false,"template":"","format":"standard","meta":{"footnotes":""},"categories":[2],"tags":[],"class_list":["post-1034","post","type-post","status-publish","format-standard","has-post-thumbnail","hentry","category-actualites"],"yoast_head":"<!-- This site is optimized with the Yoast SEO plugin v23.5 - https:\/\/yoast.com\/wordpress\/plugins\/seo\/ -->\n<title>5 id\u00e9es cadeaux pour la f\u00eate des grands-m\u00e8res<\/title>\n<meta name=\"description\" content=\"La f\u00eate des grands-m\u00e8res c&#039;est dimanche 6 octobre 2022 ! D\u00e9couvrez nos 5 id\u00e9es cadeaux pour la f\u00eate des grands-m\u00e8res.\" \/>\n<meta name=\"robots\" content=\"index, follow, max-snippet:-1, max-image-preview:large, max-video-preview:-1\" \/>\n<link rel=\"canonical\" href=\"https:\/\/www.lechoixdesbebes.com\/blog\/5-idees-cadeaux-pour-la-fete-des-grands-meres\/\" \/>\n<meta property=\"og:locale\" content=\"fr_FR\" \/>\n<meta property=\"og:type\" content=\"article\" \/>\n<meta property=\"og:title\" content=\"5 id\u00e9es cadeaux pour la f\u00eate des grands-m\u00e8res\" \/>\n<meta property=\"og:description\" content=\"La f\u00eate des grands-m\u00e8res c&#039;est dimanche 6 octobre 2022 ! D\u00e9couvrez nos 5 id\u00e9es cadeaux pour la f\u00eate des grands-m\u00e8res.\" \/>\n<meta property=\"og:url\" content=\"https:\/\/www.lechoixdesbebes.com\/blog\/5-idees-cadeaux-pour-la-fete-des-grands-meres\/\" \/>\n<meta property=\"og:site_name\" content=\"Actualit\u00e9 de la Pu\u00e9riculture : Blog le Choix des B\u00e9b\u00e9s\" \/>\n<meta property=\"article:publisher\" content=\"https:\/\/www.facebook.com\/Lechoixdesbebes\" \/>\n<meta property=\"article:published_time\" content=\"2022-03-04T14:57:10+00:00\" \/>\n<meta property=\"article:modified_time\" content=\"2023-04-14T13:57:36+00:00\" \/>\n<meta property=\"og:image\" content=\"https:\/\/www.lechoixdesbebes.com\/blog\/wp-content\/uploads\/2022\/03\/Habiller-bebe-automne-20.jpg\" \/>\n\t<meta property=\"og:image:width\" content=\"2240\" \/>\n\t<meta property=\"og:image:height\" content=\"1260\" \/>\n\t<meta property=\"og:image:type\" content=\"image\/jpeg\" \/>\n<meta name=\"author\" content=\"Le Choix Des B\u00e9b\u00e9s\" \/>\n<meta name=\"twitter:card\" content=\"summary_large_image\" \/>\n<meta name=\"twitter:label1\" content=\"\u00c9crit par\" \/>\n\t<meta name=\"twitter:data1\" content=\"Le Choix Des B\u00e9b\u00e9s\" \/>\n\t<meta name=\"twitter:label2\" content=\"Dur\u00e9e de lecture estim\u00e9e\" \/>\n\t<meta name=\"twitter:data2\" content=\"6 minutes\" \/>\n<script type=\"application\/ld+json\" class=\"yoast-schema-graph\">{\"@context\":\"https:\/\/schema.org\",\"@graph\":[{\"@type\":\"Article\",\"@id\":\"https:\/\/www.lechoixdesbebes.com\/blog\/5-idees-cadeaux-pour-la-fete-des-grands-meres\/#article\",\"isPartOf\":{\"@id\":\"https:\/\/www.lechoixdesbebes.com\/blog\/5-idees-cadeaux-pour-la-fete-des-grands-meres\/\"},\"author\":{\"name\":\"Le Choix Des B\u00e9b\u00e9s\",\"@id\":\"https:\/\/www.lechoixdesbebes.com\/blog\/#\/schema\/person\/296076ecd4371ded7a75a238703a0ad1\"},\"headline\":\"5 id\u00e9es cadeaux pour la f\u00eate des grands-m\u00e8res\",\"datePublished\":\"2022-03-04T14:57:10+00:00\",\"dateModified\":\"2023-04-14T13:57:36+00:00\",\"mainEntityOfPage\":{\"@id\":\"https:\/\/www.lechoixdesbebes.com\/blog\/5-idees-cadeaux-pour-la-fete-des-grands-meres\/\"},\"wordCount\":933,\"commentCount\":0,\"publisher\":{\"@id\":\"https:\/\/www.lechoixdesbebes.com\/blog\/#organization\"},\"image\":{\"@id\":\"https:\/\/www.lechoixdesbebes.com\/blog\/5-idees-cadeaux-pour-la-fete-des-grands-meres\/#primaryimage\"},\"thumbnailUrl\":\"https:\/\/www.lechoixdesbebes.com\/blog\/wp-content\/uploads\/2022\/03\/Habiller-bebe-automne-20.jpg\",\"articleSection\":[\"Actualit\u00e9s\"],\"inLanguage\":\"fr-FR\",\"potentialAction\":[{\"@type\":\"CommentAction\",\"name\":\"Comment\",\"target\":[\"https:\/\/www.lechoixdesbebes.com\/blog\/5-idees-cadeaux-pour-la-fete-des-grands-meres\/#respond\"]}]},{\"@type\":\"WebPage\",\"@id\":\"https:\/\/www.lechoixdesbebes.com\/blog\/5-idees-cadeaux-pour-la-fete-des-grands-meres\/\",\"url\":\"https:\/\/www.lechoixdesbebes.com\/blog\/5-idees-cadeaux-pour-la-fete-des-grands-meres\/\",\"name\":\"5 id\u00e9es cadeaux pour la f\u00eate des grands-m\u00e8res\",\"isPartOf\":{\"@id\":\"https:\/\/www.lechoixdesbebes.com\/blog\/#website\"},\"primaryImageOfPage\":{\"@id\":\"https:\/\/www.lechoixdesbebes.com\/blog\/5-idees-cadeaux-pour-la-fete-des-grands-meres\/#primaryimage\"},\"image\":{\"@id\":\"https:\/\/www.lechoixdesbebes.com\/blog\/5-idees-cadeaux-pour-la-fete-des-grands-meres\/#primaryimage\"},\"thumbnailUrl\":\"https:\/\/www.lechoixdesbebes.com\/blog\/wp-content\/uploads\/2022\/03\/Habiller-bebe-automne-20.jpg\",\"datePublished\":\"2022-03-04T14:57:10+00:00\",\"dateModified\":\"2023-04-14T13:57:36+00:00\",\"description\":\"La f\u00eate des grands-m\u00e8res c'est dimanche 6 octobre 2022 ! D\u00e9couvrez nos 5 id\u00e9es cadeaux pour la f\u00eate des grands-m\u00e8res.\",\"breadcrumb\":{\"@id\":\"https:\/\/www.lechoixdesbebes.com\/blog\/5-idees-cadeaux-pour-la-fete-des-grands-meres\/#breadcrumb\"},\"inLanguage\":\"fr-FR\",\"potentialAction\":[{\"@type\":\"ReadAction\",\"target\":[\"https:\/\/www.lechoixdesbebes.com\/blog\/5-idees-cadeaux-pour-la-fete-des-grands-meres\/\"]}]},{\"@type\":\"ImageObject\",\"inLanguage\":\"fr-FR\",\"@id\":\"https:\/\/www.lechoixdesbebes.com\/blog\/5-idees-cadeaux-pour-la-fete-des-grands-meres\/#primaryimage\",\"url\":\"https:\/\/www.lechoixdesbebes.com\/blog\/wp-content\/uploads\/2022\/03\/Habiller-bebe-automne-20.jpg\",\"contentUrl\":\"https:\/\/www.lechoixdesbebes.com\/blog\/wp-content\/uploads\/2022\/03\/Habiller-bebe-automne-20.jpg\",\"width\":2240,\"height\":1260,\"caption\":\"5 id\u00e9es cadeaux pour la f\u00eate des grands-m\u00e8res\"},{\"@type\":\"BreadcrumbList\",\"@id\":\"https:\/\/www.lechoixdesbebes.com\/blog\/5-idees-cadeaux-pour-la-fete-des-grands-meres\/#breadcrumb\",\"itemListElement\":[{\"@type\":\"ListItem\",\"position\":1,\"name\":\"Accueil\",\"item\":\"https:\/\/www.lechoixdesbebes.com\/blog\/\"},{\"@type\":\"ListItem\",\"position\":2,\"name\":\"5 id\u00e9es cadeaux pour la f\u00eate des grands-m\u00e8res\"}]},{\"@type\":\"WebSite\",\"@id\":\"https:\/\/www.lechoixdesbebes.com\/blog\/#website\",\"url\":\"https:\/\/www.lechoixdesbebes.com\/blog\/\",\"name\":\"Actualit\u00e9 de la Pu\u00e9riculture : Blog le Choix des B\u00e9b\u00e9s\",\"description\":\"Suivez nos conseils bien-\u00eatre pour un b\u00e9b\u00e9 heureux et des parents \u00e9panouis. Le Choix des b\u00e9b\u00e9s : sp\u00e9cialiste de la pu\u00e9riculture\",\"publisher\":{\"@id\":\"https:\/\/www.lechoixdesbebes.com\/blog\/#organization\"},\"potentialAction\":[{\"@type\":\"SearchAction\",\"target\":{\"@type\":\"EntryPoint\",\"urlTemplate\":\"https:\/\/www.lechoixdesbebes.com\/blog\/?s={search_term_string}\"},\"query-input\":{\"@type\":\"PropertyValueSpecification\",\"valueRequired\":true,\"valueName\":\"search_term_string\"}}],\"inLanguage\":\"fr-FR\"},{\"@type\":\"Organization\",\"@id\":\"https:\/\/www.lechoixdesbebes.com\/blog\/#organization\",\"name\":\"Le Choix Des B\u00e9b\u00e9s\",\"url\":\"https:\/\/www.lechoixdesbebes.com\/blog\/\",\"logo\":{\"@type\":\"ImageObject\",\"inLanguage\":\"fr-FR\",\"@id\":\"https:\/\/www.lechoixdesbebes.com\/blog\/#\/schema\/logo\/image\/\",\"url\":\"https:\/\/www.lechoixdesbebes.com\/blog\/wp-content\/uploads\/2021\/06\/Logo-MyShop-Cdiscount.jpg\",\"contentUrl\":\"https:\/\/www.lechoixdesbebes.com\/blog\/wp-content\/uploads\/2021\/06\/Logo-MyShop-Cdiscount.jpg\",\"width\":350,\"height\":80,\"caption\":\"Le Choix Des B\u00e9b\u00e9s\"},\"image\":{\"@id\":\"https:\/\/www.lechoixdesbebes.com\/blog\/#\/schema\/logo\/image\/\"},\"sameAs\":[\"https:\/\/www.facebook.com\/Lechoixdesbebes\"]},{\"@type\":\"Person\",\"@id\":\"https:\/\/www.lechoixdesbebes.com\/blog\/#\/schema\/person\/296076ecd4371ded7a75a238703a0ad1\",\"name\":\"Le Choix Des B\u00e9b\u00e9s\"}]}<\/script>\n<!-- \/ Yoast SEO plugin. -->","yoast_head_json":{"title":"5 id\u00e9es cadeaux pour la f\u00eate des grands-m\u00e8res","description":"La f\u00eate des grands-m\u00e8res c'est dimanche 6 octobre 2022 ! D\u00e9couvrez nos 5 id\u00e9es cadeaux pour la f\u00eate des grands-m\u00e8res.","robots":{"index":"index","follow":"follow","max-snippet":"max-snippet:-1","max-image-preview":"max-image-preview:large","max-video-preview":"max-video-preview:-1"},"canonical":"https:\/\/www.lechoixdesbebes.com\/blog\/5-idees-cadeaux-pour-la-fete-des-grands-meres\/","og_locale":"fr_FR","og_type":"article","og_title":"5 id\u00e9es cadeaux pour la f\u00eate des grands-m\u00e8res","og_description":"La f\u00eate des grands-m\u00e8res c'est dimanche 6 octobre 2022 ! D\u00e9couvrez nos 5 id\u00e9es cadeaux pour la f\u00eate des grands-m\u00e8res.","og_url":"https:\/\/www.lechoixdesbebes.com\/blog\/5-idees-cadeaux-pour-la-fete-des-grands-meres\/","og_site_name":"Actualit\u00e9 de la Pu\u00e9riculture : Blog le Choix des B\u00e9b\u00e9s","article_publisher":"https:\/\/www.facebook.com\/Lechoixdesbebes","article_published_time":"2022-03-04T14:57:10+00:00","article_modified_time":"2023-04-14T13:57:36+00:00","og_image":[{"width":2240,"height":1260,"url":"https:\/\/www.lechoixdesbebes.com\/blog\/wp-content\/uploads\/2022\/03\/Habiller-bebe-automne-20.jpg","type":"image\/jpeg"}],"author":"Le Choix Des B\u00e9b\u00e9s","twitter_card":"summary_large_image","twitter_misc":{"\u00c9crit par":"Le Choix Des B\u00e9b\u00e9s","Dur\u00e9e de lecture estim\u00e9e":"6 minutes"},"schema":{"@context":"https:\/\/schema.org","@graph":[{"@type":"Article","@id":"https:\/\/www.lechoixdesbebes.com\/blog\/5-idees-cadeaux-pour-la-fete-des-grands-meres\/#article","isPartOf":{"@id":"https:\/\/www.lechoixdesbebes.com\/blog\/5-idees-cadeaux-pour-la-fete-des-grands-meres\/"},"author":{"name":"Le Choix Des B\u00e9b\u00e9s","@id":"https:\/\/www.lechoixdesbebes.com\/blog\/#\/schema\/person\/296076ecd4371ded7a75a238703a0ad1"},"headline":"5 id\u00e9es cadeaux pour la f\u00eate des grands-m\u00e8res","datePublished":"2022-03-04T14:57:10+00:00","dateModified":"2023-04-14T13:57:36+00:00","mainEntityOfPage":{"@id":"https:\/\/www.lechoixdesbebes.com\/blog\/5-idees-cadeaux-pour-la-fete-des-grands-meres\/"},"wordCount":933,"commentCount":0,"publisher":{"@id":"https:\/\/www.lechoixdesbebes.com\/blog\/#organization"},"image":{"@id":"https:\/\/www.lechoixdesbebes.com\/blog\/5-idees-cadeaux-pour-la-fete-des-grands-meres\/#primaryimage"},"thumbnailUrl":"https:\/\/www.lechoixdesbebes.com\/blog\/wp-content\/uploads\/2022\/03\/Habiller-bebe-automne-20.jpg","articleSection":["Actualit\u00e9s"],"inLanguage":"fr-FR","potentialAction":[{"@type":"CommentAction","name":"Comment","target":["https:\/\/www.lechoixdesbebes.com\/blog\/5-idees-cadeaux-pour-la-fete-des-grands-meres\/#respond"]}]},{"@type":"WebPage","@id":"https:\/\/www.lechoixdesbebes.com\/blog\/5-idees-cadeaux-pour-la-fete-des-grands-meres\/","url":"https:\/\/www.lechoixdesbebes.com\/blog\/5-idees-cadeaux-pour-la-fete-des-grands-meres\/","name":"5 id\u00e9es cadeaux pour la f\u00eate des grands-m\u00e8res","isPartOf":{"@id":"https:\/\/www.lechoixdesbebes.com\/blog\/#website"},"primaryImageOfPage":{"@id":"https:\/\/www.lechoixdesbebes.com\/blog\/5-idees-cadeaux-pour-la-fete-des-grands-meres\/#primaryimage"},"image":{"@id":"https:\/\/www.lechoixdesbebes.com\/blog\/5-idees-cadeaux-pour-la-fete-des-grands-meres\/#primaryimage"},"thumbnailUrl":"https:\/\/www.lechoixdesbebes.com\/blog\/wp-content\/uploads\/2022\/03\/Habiller-bebe-automne-20.jpg","datePublished":"2022-03-04T14:57:10+00:00","dateModified":"2023-04-14T13:57:36+00:00","description":"La f\u00eate des grands-m\u00e8res c'est dimanche 6 octobre 2022 ! D\u00e9couvrez nos 5 id\u00e9es cadeaux pour la f\u00eate des grands-m\u00e8res.","breadcrumb":{"@id":"https:\/\/www.lechoixdesbebes.com\/blog\/5-idees-cadeaux-pour-la-fete-des-grands-meres\/#breadcrumb"},"inLanguage":"fr-FR","potentialAction":[{"@type":"ReadAction","target":["https:\/\/www.lechoixdesbebes.com\/blog\/5-idees-cadeaux-pour-la-fete-des-grands-meres\/"]}]},{"@type":"ImageObject","inLanguage":"fr-FR","@id":"https:\/\/www.lechoixdesbebes.com\/blog\/5-idees-cadeaux-pour-la-fete-des-grands-meres\/#primaryimage","url":"https:\/\/www.lechoixdesbebes.com\/blog\/wp-content\/uploads\/2022\/03\/Habiller-bebe-automne-20.jpg","contentUrl":"https:\/\/www.lechoixdesbebes.com\/blog\/wp-content\/uploads\/2022\/03\/Habiller-bebe-automne-20.jpg","width":2240,"height":1260,"caption":"5 id\u00e9es cadeaux pour la f\u00eate des grands-m\u00e8res"},{"@type":"BreadcrumbList","@id":"https:\/\/www.lechoixdesbebes.com\/blog\/5-idees-cadeaux-pour-la-fete-des-grands-meres\/#breadcrumb","itemListElement":[{"@type":"ListItem","position":1,"name":"Accueil","item":"https:\/\/www.lechoixdesbebes.com\/blog\/"},{"@type":"ListItem","position":2,"name":"5 id\u00e9es cadeaux pour la f\u00eate des grands-m\u00e8res"}]},{"@type":"WebSite","@id":"https:\/\/www.lechoixdesbebes.com\/blog\/#website","url":"https:\/\/www.lechoixdesbebes.com\/blog\/","name":"Actualit\u00e9 de la Pu\u00e9riculture : Blog le Choix des B\u00e9b\u00e9s","description":"Suivez nos conseils bien-\u00eatre pour un b\u00e9b\u00e9 heureux et des parents \u00e9panouis. Le Choix des b\u00e9b\u00e9s : sp\u00e9cialiste de la pu\u00e9riculture","publisher":{"@id":"https:\/\/www.lechoixdesbebes.com\/blog\/#organization"},"potentialAction":[{"@type":"SearchAction","target":{"@type":"EntryPoint","urlTemplate":"https:\/\/www.lechoixdesbebes.com\/blog\/?s={search_term_string}"},"query-input":{"@type":"PropertyValueSpecification","valueRequired":true,"valueName":"search_term_string"}}],"inLanguage":"fr-FR"},{"@type":"Organization","@id":"https:\/\/www.lechoixdesbebes.com\/blog\/#organization","name":"Le Choix Des B\u00e9b\u00e9s","url":"https:\/\/www.lechoixdesbebes.com\/blog\/","logo":{"@type":"ImageObject","inLanguage":"fr-FR","@id":"https:\/\/www.lechoixdesbebes.com\/blog\/#\/schema\/logo\/image\/","url":"https:\/\/www.lechoixdesbebes.com\/blog\/wp-content\/uploads\/2021\/06\/Logo-MyShop-Cdiscount.jpg","contentUrl":"https:\/\/www.lechoixdesbebes.com\/blog\/wp-content\/uploads\/2021\/06\/Logo-MyShop-Cdiscount.jpg","width":350,"height":80,"caption":"Le Choix Des B\u00e9b\u00e9s"},"image":{"@id":"https:\/\/www.lechoixdesbebes.com\/blog\/#\/schema\/logo\/image\/"},"sameAs":["https:\/\/www.facebook.com\/Lechoixdesbebes"]},{"@type":"Person","@id":"https:\/\/www.lechoixdesbebes.com\/blog\/#\/schema\/person\/296076ecd4371ded7a75a238703a0ad1","name":"Le Choix Des B\u00e9b\u00e9s"}]}},"_links":{"self":[{"href":"https:\/\/www.lechoixdesbebes.com\/blog\/wp-json\/wp\/v2\/posts\/1034"}],"collection":[{"href":"https:\/\/www.lechoixdesbebes.com\/blog\/wp-json\/wp\/v2\/posts"}],"about":[{"href":"https:\/\/www.lechoixdesbebes.com\/blog\/wp-json\/wp\/v2\/types\/post"}],"author":[{"embeddable":true,"href":"https:\/\/www.lechoixdesbebes.com\/blog\/wp-json\/wp\/v2\/users\/2"}],"replies":[{"embeddable":true,"href":"https:\/\/www.lechoixdesbebes.com\/blog\/wp-json\/wp\/v2\/comments?post=1034"}],"version-history":[{"count":15,"href":"https:\/\/www.lechoixdesbebes.com\/blog\/wp-json\/wp\/v2\/posts\/1034\/revisions"}],"predecessor-version":[{"id":1059,"href":"https:\/\/www.lechoixdesbebes.com\/blog\/wp-json\/wp\/v2\/posts\/1034\/revisions\/1059"}],"wp:featuredmedia":[{"embeddable":true,"href":"https:\/\/www.lechoixdesbebes.com\/blog\/wp-json\/wp\/v2\/media\/1572"}],"wp:attachment":[{"href":"https:\/\/www.lechoixdesbebes.com\/blog\/wp-json\/wp\/v2\/media?parent=1034"}],"wp:term":[{"taxonomy":"category","embeddable":true,"href":"https:\/\/www.lechoixdesbebes.com\/blog\/wp-json\/wp\/v2\/categories?post=1034"},{"taxonomy":"post_tag","embeddable":true,"href":"https:\/\/www.lechoixdesbebes.com\/blog\/wp-json\/wp\/v2\/tags?post=1034"}],"curies":[{"name":"wp","href":"https:\/\/api.w.org\/{rel}","templated":true}]}}