{"id":1247,"date":"2022-07-20T09:05:21","date_gmt":"2022-07-20T07:05:21","guid":{"rendered":"https:\/\/www.lechoixdesbebes.com\/blog\/?p=1247"},"modified":"2022-12-16T08:51:35","modified_gmt":"2022-12-16T07:51:35","slug":"idees-decoration-pour-la-chambre-de-bebe","status":"publish","type":"post","link":"https:\/\/www.lechoixdesbebes.com\/blog\/idees-decoration-pour-la-chambre-de-bebe\/","title":{"rendered":"Id\u00e9es d\u00e9coration pour la chambre de b\u00e9b\u00e9"},"content":{"rendered":"<span class=\"rt-reading-time\" style=\"display: block;\"><span class=\"rt-label rt-prefix\">Temps de lecture\u00a0: <\/span> <span class=\"rt-time\">4<\/span> <span class=\"rt-label rt-postfix\">minutes<\/span><\/span><p>Quand on attend b\u00e9b\u00e9, diff\u00e9rentes questions se posent quand il s\u2019agit de d\u00e9coration et d\u2019am\u00e9nagement de la chambre. Ne va-t-on rien oublier ? Quel th\u00e8me choisir pour qu\u2019il s\u2019y sente bien ? Quels meubles s\u00e9lectionner pour avoir une chambre \u00e0 la fois pratique et jolie ? Pas de panique, nous allons vous guider.<\/p>\n<p>&nbsp;<\/p>\n<h2>3 tendances mixtes pour la chambre de b\u00e9b\u00e9<\/h2>\n<p>&nbsp;<\/p>\n<p>Vous le savez s\u00fbrement d\u00e9j\u00e0, mais en termes de d\u00e9coration, la chambre de b\u00e9b\u00e9 n\u2019\u00e9chappe pas aux tendances. On veut pour b\u00e9b\u00e9 une <strong>chambre cocooning\u00a0,<\/strong> \u00e0 la fois douce, rassurante et jolie. Mais quelles sont les derni\u00e8res tendances en termes de d\u00e9coration ? On vous en dit un peu plus dans notre article.<\/p>\n<p>&nbsp;<\/p>\n<h3>La couleur terracotta<\/h3>\n<p>Compl\u00e8tement mixte, la couleur terracotta offrira \u00e0 la chambre de b\u00e9b\u00e9 une ambiance \u00e0 la fois tendre et sophistiqu\u00e9e. Peinte fa\u00e7on color block au mur, elle se mariera parfaitement avec des <a href=\"https:\/\/www.lechoixdesbebes.com\/fr\/18-meubles-bebe\"><u>meubles en bois naturels.<\/u><\/a> On gardera toutefois bien en t\u00eate de ne peindre qu&rsquo;un mur, voir deux, pour ne pas cr\u00e9er une ambiance \u00e9touffante.<\/p>\n<p>Vous trouverez facilement cette couleur dans votre magasin de bricolage pr\u00e9f\u00e9r\u00e9, avec des nuances allant du ros\u00e9 au rouge presque brique. C\u00f4t\u00e9 d\u00e9coration, les couleurs comme le cr\u00e8me ou le blanc cass\u00e9 apporteront contraste et douceur, et les accessoires de couleur dor\u00e9e ajouteront un peu de chaleur \u00e0 l&rsquo;ambiance g\u00e9n\u00e9rale de la pi\u00e8ce. On aimera aussi ajouter des touches plus v\u00e9g\u00e9tales avec des fleurs s\u00e9ch\u00e9es ou des pampas.<\/p>\n<p>En plus petites touches, sur un ciel de lit ou un tapis d\u2019\u00e9veil, la couleur terracotta apportera du peps et rendra l\u2019ambiance de votre chambre chaleureuse. Vous trouverez facilement des articles de d\u00e9coration ou du linge de lit inspir\u00e9s de cette tendance. De jolis textiles terracotta vous permettront de valoriser l&rsquo;aspect naturel de cette couleur.<\/p>\n<p>Le terracotta et toutes les couleurs un peu terreuses comme l&rsquo;ocre ou le brun sont id\u00e9ales pour les couples ne souhaitant pas savoir le sexe de b\u00e9b\u00e9, ou ne souhaitant tout simplement pas genrer la d\u00e9coration.<\/p>\n<p>&nbsp;<\/p>\n<h3>L&rsquo;ambiance jungle<\/h3>\n<p>Graouuuuuu ! Tenez-vous pr\u00eats, la <strong>chambre jungle<\/strong> est plus que jamais tendance !<\/p>\n<p>On joue donc franc jeu en optant pour un papier peint panoramique avec un joli feuillage ou des animaux de la savane. Par petites touches, on ravivera le motif du papier peint avec de jolis tissus terracotta, jaune moutarde, ocre ou encore vert d&rsquo;eau. Pour contrebalancer tous ces \u00e9l\u00e9ments forts, on meublera la chambre de b\u00e9b\u00e9 gr\u00e2ce \u00e0 de jolis meubles en bois.<\/p>\n<p>La r\u00e9ussite d&rsquo;une chambre jungle tient finalement dans l&rsquo;\u00e9quilibre entre les motifs, les couleurs et les mati\u00e8res. Mais une chose est s\u00fbre, il est important de jouer la carte de la d\u00e9coration immersive pour cr\u00e9er un univers magique.<\/p>\n<p>Si vous pr\u00e9f\u00e9rez n\u00e9anmoins opter pour une chambre plus neutre, ajoutez des rappels jungle en plus petites touches. Cela peut-\u00eatre un doudou \u00e9l\u00e9phant sur le lit, une grande girafe derri\u00e8re la porte, un mobile avec les animaux de la savane ou encore<a href=\"https:\/\/www.lechoixdesbebes.com\/fr\/tapis-de-motricite\/376-tapis-d-eveil-jungle-buddies.html\"> <u>un joli tapis de jeu jungle<\/u><\/a>.<\/p>\n<p><img loading=\"lazy\" decoding=\"async\" class=\"aligncenter wp-image-1249 lazyload\" title=\"Lit en bois dans chambre b\u00e9b\u00e9 \u00e0 la d\u00e9coration jungle\" data-src=\"https:\/\/www.lechoixdesbebes.com\/blog\/wp-content\/uploads\/2022\/07\/LIT-REMI_LIFESTYLE-4-e1657721392110.jpg\" alt=\"lit en bois dans chambre b\u00e9b\u00e9 \u00e0 la d\u00e9coration jungle\" width=\"581\" height=\"533\" data-srcset=\"https:\/\/www.lechoixdesbebes.com\/blog\/wp-content\/uploads\/2022\/07\/LIT-REMI_LIFESTYLE-4-e1657721392110.jpg 1397w, https:\/\/www.lechoixdesbebes.com\/blog\/wp-content\/uploads\/2022\/07\/LIT-REMI_LIFESTYLE-4-e1657721392110-768x704.jpg 768w, https:\/\/www.lechoixdesbebes.com\/blog\/wp-content\/uploads\/2022\/07\/LIT-REMI_LIFESTYLE-4-e1657721392110-120x110.jpg 120w\" data-sizes=\"(max-width: 581px) 100vw, 581px\" src=\"data:image\/gif;base64,R0lGODlhAQABAAAAACH5BAEKAAEALAAAAAABAAEAAAICTAEAOw==\" style=\"--smush-placeholder-width: 581px; --smush-placeholder-aspect-ratio: 581\/533;\" \/><noscript><img loading=\"lazy\" decoding=\"async\" class=\"aligncenter wp-image-1249 \" title=\"Lit en bois dans chambre b\u00e9b\u00e9 \u00e0 la d\u00e9coration jungle\" src=\"https:\/\/www.lechoixdesbebes.com\/blog\/wp-content\/uploads\/2022\/07\/LIT-REMI_LIFESTYLE-4-e1657721392110.jpg\" alt=\"lit en bois dans chambre b\u00e9b\u00e9 \u00e0 la d\u00e9coration jungle\" width=\"581\" height=\"533\" srcset=\"https:\/\/www.lechoixdesbebes.com\/blog\/wp-content\/uploads\/2022\/07\/LIT-REMI_LIFESTYLE-4-e1657721392110.jpg 1397w, https:\/\/www.lechoixdesbebes.com\/blog\/wp-content\/uploads\/2022\/07\/LIT-REMI_LIFESTYLE-4-e1657721392110-768x704.jpg 768w, https:\/\/www.lechoixdesbebes.com\/blog\/wp-content\/uploads\/2022\/07\/LIT-REMI_LIFESTYLE-4-e1657721392110-120x110.jpg 120w\" sizes=\"(max-width: 581px) 100vw, 581px\" \/><\/noscript><\/p>\n<p>&nbsp;<\/p>\n<p>&nbsp;<\/p>\n<h3>La chambre b\u00e9b\u00e9 esprit boh\u00e8me<\/h3>\n<p>Troisi\u00e8me et derni\u00e8re tendance de l&rsquo;ann\u00e9e : l&rsquo;esprit boh\u00e8me.<\/p>\n<p>Plus po\u00e9tique, cette th\u00e9matique est id\u00e9ale pour apporter un peu de douceur au quotidien, et offrir \u00e0 b\u00e9b\u00e9 des nuits paisibles. Pour recr\u00e9er cette ambiance, on partira sur des murs plut\u00f4t blanc cass\u00e9, taupe ou rose poudr\u00e9. Des couleurs claires, auxquelles on rajoutera des meubles en bois pour une ambiance chaleureuse et accueillante.<\/p>\n<p>En termes de d\u00e9coration, on aimera mettre un tapis en rotin au sol, un joli macram\u00e9 au mur ou encore un petit arc-en-ciel en coton, pos\u00e9 sur une commode. Vous l&rsquo;aurez donc compris, l&rsquo;esprit boh\u00e8me aime l&rsquo;accumulation de mati\u00e8res et de tissus pour cr\u00e9er un petit cocon confortable et relaxant \u00e0 b\u00e9b\u00e9.<\/p>\n<p>Pour finir et parfaire la d\u00e9coration, on pensera \u00e9galement \u00e0 ajouter des touches v\u00e9g\u00e9tales avec des pampas ou un faux lierre. Attention toutefois aux vraies plantes, souvent d\u00e9conseill\u00e9es dans les chambres en raison de leur rejet de dioxyde de carbone.<\/p>\n<figure id=\"attachment_1250\" aria-describedby=\"caption-attachment-1250\" style=\"width: 563px\" class=\"wp-caption aligncenter\"><a href=\"http:\/\/www.pinterest.fr\/pin\/883690758107632914\/\"><img loading=\"lazy\" decoding=\"async\" class=\"wp-image-1250 size-full lazyload\" data-src=\"https:\/\/www.lechoixdesbebes.com\/blog\/wp-content\/uploads\/2022\/07\/a5520d87ecae13ec8179fa65d63ece57.jpg\" alt=\"Chambre d'enfant esprit boh\u00e8me\" width=\"563\" height=\"352\" data-srcset=\"https:\/\/www.lechoixdesbebes.com\/blog\/wp-content\/uploads\/2022\/07\/a5520d87ecae13ec8179fa65d63ece57.jpg 563w, https:\/\/www.lechoixdesbebes.com\/blog\/wp-content\/uploads\/2022\/07\/a5520d87ecae13ec8179fa65d63ece57-120x75.jpg 120w\" data-sizes=\"(max-width: 563px) 100vw, 563px\" src=\"data:image\/gif;base64,R0lGODlhAQABAAAAACH5BAEKAAEALAAAAAABAAEAAAICTAEAOw==\" style=\"--smush-placeholder-width: 563px; --smush-placeholder-aspect-ratio: 563\/352;\" \/><noscript><img loading=\"lazy\" decoding=\"async\" class=\"wp-image-1250 size-full\" src=\"https:\/\/www.lechoixdesbebes.com\/blog\/wp-content\/uploads\/2022\/07\/a5520d87ecae13ec8179fa65d63ece57.jpg\" alt=\"Chambre d'enfant esprit boh\u00e8me\" width=\"563\" height=\"352\" srcset=\"https:\/\/www.lechoixdesbebes.com\/blog\/wp-content\/uploads\/2022\/07\/a5520d87ecae13ec8179fa65d63ece57.jpg 563w, https:\/\/www.lechoixdesbebes.com\/blog\/wp-content\/uploads\/2022\/07\/a5520d87ecae13ec8179fa65d63ece57-120x75.jpg 120w\" sizes=\"(max-width: 563px) 100vw, 563px\" \/><\/noscript><\/a><figcaption id=\"caption-attachment-1250\" class=\"wp-caption-text\">@monbohomacrame.fr<\/figcaption><\/figure>\n<p>&nbsp;<\/p>\n<p>Alors, sur quelle tendance de d\u00e9coration allez vous craquer pour b\u00e9b\u00e9 ? Avez-vous d&rsquo;autres styles en t\u00eate ?<\/p>\n<p>&nbsp;<\/p>\n<p><iframe loading=\"lazy\" class=\"wp-embedded-content lazyload\" sandbox=\"allow-scripts\" security=\"restricted\" title=\"Id\u00e9es d\u00e9coration pour la chambre de b\u00e9b\u00e9\" data-src=\"https:\/\/assets.pinterest.com\/ext\/embed.html?id=883690758107752873&#038;src=oembed#?secret=tsiI3R3rGN\" data-secret=\"tsiI3R3rGN\" height=\"775\" width=\"450\" frameborder=\"0\" scrolling=\"no\" src=\"data:image\/gif;base64,R0lGODlhAQABAAAAACH5BAEKAAEALAAAAAABAAEAAAICTAEAOw==\" data-load-mode=\"1\"><\/iframe><\/p>\n","protected":false},"excerpt":{"rendered":"<span class=\"rt-reading-time\" style=\"display: block;\"><span class=\"rt-label rt-prefix\">Temps de lecture\u00a0: <\/span> <span class=\"rt-time\">4<\/span> <span class=\"rt-label rt-postfix\">minutes<\/span><\/span> Quand on attend b\u00e9b\u00e9, diff\u00e9rentes questions se posent quand il s\u2019agit de d\u00e9coration et d\u2019am\u00e9nagement de la chambre. Ne va-t-on rien oublier ? Quel th\u00e8me choisir pour qu\u2019il s\u2019y sente bien ? Quels meubles s\u00e9lectionner pour avoir une chambre \u00e0 la fois pratique et jolie ? Pas de panique, nous allons vous guider. &nbsp; 3&#8230; <a class=\"view-article\" href=\"https:\/\/www.lechoixdesbebes.com\/blog\/idees-decoration-pour-la-chambre-de-bebe\/\">View Article<\/a>","protected":false},"author":2,"featured_media":1249,"comment_status":"open","ping_status":"open","sticky":false,"template":"","format":"standard","meta":{"footnotes":""},"categories":[27],"tags":[],"class_list":["post-1247","post","type-post","status-publish","format-standard","has-post-thumbnail","hentry","category-chambre-de-bebe"],"yoast_head":"<!-- This site is optimized with the Yoast SEO plugin v23.5 - https:\/\/yoast.com\/wordpress\/plugins\/seo\/ -->\n<title>Id\u00e9es d\u00e9coration pour la chambre de b\u00e9b\u00e9<\/title>\n<meta name=\"description\" content=\"Jungle, boh\u00e8me, terracota... D\u00e9couvrez les tendances en mati\u00e8re de d\u00e9coration pour une chambre de b\u00e9b\u00e9 gar\u00e7on, fille ou encore mixte.\" \/>\n<meta name=\"robots\" content=\"index, follow, max-snippet:-1, max-image-preview:large, max-video-preview:-1\" \/>\n<link rel=\"canonical\" href=\"https:\/\/www.lechoixdesbebes.com\/blog\/idees-decoration-pour-la-chambre-de-bebe\/\" \/>\n<meta property=\"og:locale\" content=\"fr_FR\" \/>\n<meta property=\"og:type\" content=\"article\" \/>\n<meta property=\"og:title\" content=\"Id\u00e9es d\u00e9coration pour la chambre de b\u00e9b\u00e9\" \/>\n<meta property=\"og:description\" content=\"Jungle, boh\u00e8me, terracota... D\u00e9couvrez les tendances en mati\u00e8re de d\u00e9coration pour une chambre de b\u00e9b\u00e9 gar\u00e7on, fille ou encore mixte.\" \/>\n<meta property=\"og:url\" content=\"https:\/\/www.lechoixdesbebes.com\/blog\/idees-decoration-pour-la-chambre-de-bebe\/\" \/>\n<meta property=\"og:site_name\" content=\"Actualit\u00e9 de la Pu\u00e9riculture : Blog le Choix des B\u00e9b\u00e9s\" \/>\n<meta property=\"article:publisher\" content=\"https:\/\/www.facebook.com\/Lechoixdesbebes\" \/>\n<meta property=\"article:published_time\" content=\"2022-07-20T07:05:21+00:00\" \/>\n<meta property=\"article:modified_time\" content=\"2022-12-16T07:51:35+00:00\" \/>\n<meta property=\"og:image\" content=\"https:\/\/www.lechoixdesbebes.com\/blog\/wp-content\/uploads\/2022\/07\/LIT-REMI_LIFESTYLE-4-e1657721392110.jpg\" \/>\n\t<meta property=\"og:image:width\" content=\"1397\" \/>\n\t<meta property=\"og:image:height\" content=\"1281\" \/>\n\t<meta property=\"og:image:type\" content=\"image\/jpeg\" \/>\n<meta name=\"author\" content=\"Le Choix Des B\u00e9b\u00e9s\" \/>\n<meta name=\"twitter:card\" content=\"summary_large_image\" \/>\n<meta name=\"twitter:label1\" content=\"\u00c9crit par\" \/>\n\t<meta name=\"twitter:data1\" content=\"Le Choix Des B\u00e9b\u00e9s\" \/>\n\t<meta name=\"twitter:label2\" content=\"Dur\u00e9e de lecture estim\u00e9e\" \/>\n\t<meta name=\"twitter:data2\" content=\"4 minutes\" \/>\n<script type=\"application\/ld+json\" class=\"yoast-schema-graph\">{\"@context\":\"https:\/\/schema.org\",\"@graph\":[{\"@type\":\"Article\",\"@id\":\"https:\/\/www.lechoixdesbebes.com\/blog\/idees-decoration-pour-la-chambre-de-bebe\/#article\",\"isPartOf\":{\"@id\":\"https:\/\/www.lechoixdesbebes.com\/blog\/idees-decoration-pour-la-chambre-de-bebe\/\"},\"author\":{\"name\":\"Le Choix Des B\u00e9b\u00e9s\",\"@id\":\"https:\/\/www.lechoixdesbebes.com\/blog\/#\/schema\/person\/296076ecd4371ded7a75a238703a0ad1\"},\"headline\":\"Id\u00e9es d\u00e9coration pour la chambre de b\u00e9b\u00e9\",\"datePublished\":\"2022-07-20T07:05:21+00:00\",\"dateModified\":\"2022-12-16T07:51:35+00:00\",\"mainEntityOfPage\":{\"@id\":\"https:\/\/www.lechoixdesbebes.com\/blog\/idees-decoration-pour-la-chambre-de-bebe\/\"},\"wordCount\":773,\"commentCount\":0,\"publisher\":{\"@id\":\"https:\/\/www.lechoixdesbebes.com\/blog\/#organization\"},\"image\":{\"@id\":\"https:\/\/www.lechoixdesbebes.com\/blog\/idees-decoration-pour-la-chambre-de-bebe\/#primaryimage\"},\"thumbnailUrl\":\"https:\/\/www.lechoixdesbebes.com\/blog\/wp-content\/uploads\/2022\/07\/LIT-REMI_LIFESTYLE-4-e1657721392110.jpg\",\"articleSection\":[\"Chambre de b\u00e9b\u00e9\"],\"inLanguage\":\"fr-FR\",\"potentialAction\":[{\"@type\":\"CommentAction\",\"name\":\"Comment\",\"target\":[\"https:\/\/www.lechoixdesbebes.com\/blog\/idees-decoration-pour-la-chambre-de-bebe\/#respond\"]}]},{\"@type\":\"WebPage\",\"@id\":\"https:\/\/www.lechoixdesbebes.com\/blog\/idees-decoration-pour-la-chambre-de-bebe\/\",\"url\":\"https:\/\/www.lechoixdesbebes.com\/blog\/idees-decoration-pour-la-chambre-de-bebe\/\",\"name\":\"Id\u00e9es d\u00e9coration pour la chambre de b\u00e9b\u00e9\",\"isPartOf\":{\"@id\":\"https:\/\/www.lechoixdesbebes.com\/blog\/#website\"},\"primaryImageOfPage\":{\"@id\":\"https:\/\/www.lechoixdesbebes.com\/blog\/idees-decoration-pour-la-chambre-de-bebe\/#primaryimage\"},\"image\":{\"@id\":\"https:\/\/www.lechoixdesbebes.com\/blog\/idees-decoration-pour-la-chambre-de-bebe\/#primaryimage\"},\"thumbnailUrl\":\"https:\/\/www.lechoixdesbebes.com\/blog\/wp-content\/uploads\/2022\/07\/LIT-REMI_LIFESTYLE-4-e1657721392110.jpg\",\"datePublished\":\"2022-07-20T07:05:21+00:00\",\"dateModified\":\"2022-12-16T07:51:35+00:00\",\"description\":\"Jungle, boh\u00e8me, terracota... D\u00e9couvrez les tendances en mati\u00e8re de d\u00e9coration pour une chambre de b\u00e9b\u00e9 gar\u00e7on, fille ou encore mixte.\",\"breadcrumb\":{\"@id\":\"https:\/\/www.lechoixdesbebes.com\/blog\/idees-decoration-pour-la-chambre-de-bebe\/#breadcrumb\"},\"inLanguage\":\"fr-FR\",\"potentialAction\":[{\"@type\":\"ReadAction\",\"target\":[\"https:\/\/www.lechoixdesbebes.com\/blog\/idees-decoration-pour-la-chambre-de-bebe\/\"]}]},{\"@type\":\"ImageObject\",\"inLanguage\":\"fr-FR\",\"@id\":\"https:\/\/www.lechoixdesbebes.com\/blog\/idees-decoration-pour-la-chambre-de-bebe\/#primaryimage\",\"url\":\"https:\/\/www.lechoixdesbebes.com\/blog\/wp-content\/uploads\/2022\/07\/LIT-REMI_LIFESTYLE-4-e1657721392110.jpg\",\"contentUrl\":\"https:\/\/www.lechoixdesbebes.com\/blog\/wp-content\/uploads\/2022\/07\/LIT-REMI_LIFESTYLE-4-e1657721392110.jpg\",\"width\":1397,\"height\":1281,\"caption\":\"lit en bois dans chambre b\u00e9b\u00e9 \u00e0 la d\u00e9coration jungle\"},{\"@type\":\"BreadcrumbList\",\"@id\":\"https:\/\/www.lechoixdesbebes.com\/blog\/idees-decoration-pour-la-chambre-de-bebe\/#breadcrumb\",\"itemListElement\":[{\"@type\":\"ListItem\",\"position\":1,\"name\":\"Accueil\",\"item\":\"https:\/\/www.lechoixdesbebes.com\/blog\/\"},{\"@type\":\"ListItem\",\"position\":2,\"name\":\"Id\u00e9es d\u00e9coration pour la chambre de b\u00e9b\u00e9\"}]},{\"@type\":\"WebSite\",\"@id\":\"https:\/\/www.lechoixdesbebes.com\/blog\/#website\",\"url\":\"https:\/\/www.lechoixdesbebes.com\/blog\/\",\"name\":\"Actualit\u00e9 de la Pu\u00e9riculture : Blog le Choix des B\u00e9b\u00e9s\",\"description\":\"Suivez nos conseils bien-\u00eatre pour un b\u00e9b\u00e9 heureux et des parents \u00e9panouis. Le Choix des b\u00e9b\u00e9s : sp\u00e9cialiste de la pu\u00e9riculture\",\"publisher\":{\"@id\":\"https:\/\/www.lechoixdesbebes.com\/blog\/#organization\"},\"potentialAction\":[{\"@type\":\"SearchAction\",\"target\":{\"@type\":\"EntryPoint\",\"urlTemplate\":\"https:\/\/www.lechoixdesbebes.com\/blog\/?s={search_term_string}\"},\"query-input\":{\"@type\":\"PropertyValueSpecification\",\"valueRequired\":true,\"valueName\":\"search_term_string\"}}],\"inLanguage\":\"fr-FR\"},{\"@type\":\"Organization\",\"@id\":\"https:\/\/www.lechoixdesbebes.com\/blog\/#organization\",\"name\":\"Le Choix Des B\u00e9b\u00e9s\",\"url\":\"https:\/\/www.lechoixdesbebes.com\/blog\/\",\"logo\":{\"@type\":\"ImageObject\",\"inLanguage\":\"fr-FR\",\"@id\":\"https:\/\/www.lechoixdesbebes.com\/blog\/#\/schema\/logo\/image\/\",\"url\":\"https:\/\/www.lechoixdesbebes.com\/blog\/wp-content\/uploads\/2021\/06\/Logo-MyShop-Cdiscount.jpg\",\"contentUrl\":\"https:\/\/www.lechoixdesbebes.com\/blog\/wp-content\/uploads\/2021\/06\/Logo-MyShop-Cdiscount.jpg\",\"width\":350,\"height\":80,\"caption\":\"Le Choix Des B\u00e9b\u00e9s\"},\"image\":{\"@id\":\"https:\/\/www.lechoixdesbebes.com\/blog\/#\/schema\/logo\/image\/\"},\"sameAs\":[\"https:\/\/www.facebook.com\/Lechoixdesbebes\"]},{\"@type\":\"Person\",\"@id\":\"https:\/\/www.lechoixdesbebes.com\/blog\/#\/schema\/person\/296076ecd4371ded7a75a238703a0ad1\",\"name\":\"Le Choix Des B\u00e9b\u00e9s\"}]}<\/script>\n<!-- \/ Yoast SEO plugin. -->","yoast_head_json":{"title":"Id\u00e9es d\u00e9coration pour la chambre de b\u00e9b\u00e9","description":"Jungle, boh\u00e8me, terracota... D\u00e9couvrez les tendances en mati\u00e8re de d\u00e9coration pour une chambre de b\u00e9b\u00e9 gar\u00e7on, fille ou encore mixte.","robots":{"index":"index","follow":"follow","max-snippet":"max-snippet:-1","max-image-preview":"max-image-preview:large","max-video-preview":"max-video-preview:-1"},"canonical":"https:\/\/www.lechoixdesbebes.com\/blog\/idees-decoration-pour-la-chambre-de-bebe\/","og_locale":"fr_FR","og_type":"article","og_title":"Id\u00e9es d\u00e9coration pour la chambre de b\u00e9b\u00e9","og_description":"Jungle, boh\u00e8me, terracota... D\u00e9couvrez les tendances en mati\u00e8re de d\u00e9coration pour une chambre de b\u00e9b\u00e9 gar\u00e7on, fille ou encore mixte.","og_url":"https:\/\/www.lechoixdesbebes.com\/blog\/idees-decoration-pour-la-chambre-de-bebe\/","og_site_name":"Actualit\u00e9 de la Pu\u00e9riculture : Blog le Choix des B\u00e9b\u00e9s","article_publisher":"https:\/\/www.facebook.com\/Lechoixdesbebes","article_published_time":"2022-07-20T07:05:21+00:00","article_modified_time":"2022-12-16T07:51:35+00:00","og_image":[{"width":1397,"height":1281,"url":"https:\/\/www.lechoixdesbebes.com\/blog\/wp-content\/uploads\/2022\/07\/LIT-REMI_LIFESTYLE-4-e1657721392110.jpg","type":"image\/jpeg"}],"author":"Le Choix Des B\u00e9b\u00e9s","twitter_card":"summary_large_image","twitter_misc":{"\u00c9crit par":"Le Choix Des B\u00e9b\u00e9s","Dur\u00e9e de lecture estim\u00e9e":"4 minutes"},"schema":{"@context":"https:\/\/schema.org","@graph":[{"@type":"Article","@id":"https:\/\/www.lechoixdesbebes.com\/blog\/idees-decoration-pour-la-chambre-de-bebe\/#article","isPartOf":{"@id":"https:\/\/www.lechoixdesbebes.com\/blog\/idees-decoration-pour-la-chambre-de-bebe\/"},"author":{"name":"Le Choix Des B\u00e9b\u00e9s","@id":"https:\/\/www.lechoixdesbebes.com\/blog\/#\/schema\/person\/296076ecd4371ded7a75a238703a0ad1"},"headline":"Id\u00e9es d\u00e9coration pour la chambre de b\u00e9b\u00e9","datePublished":"2022-07-20T07:05:21+00:00","dateModified":"2022-12-16T07:51:35+00:00","mainEntityOfPage":{"@id":"https:\/\/www.lechoixdesbebes.com\/blog\/idees-decoration-pour-la-chambre-de-bebe\/"},"wordCount":773,"commentCount":0,"publisher":{"@id":"https:\/\/www.lechoixdesbebes.com\/blog\/#organization"},"image":{"@id":"https:\/\/www.lechoixdesbebes.com\/blog\/idees-decoration-pour-la-chambre-de-bebe\/#primaryimage"},"thumbnailUrl":"https:\/\/www.lechoixdesbebes.com\/blog\/wp-content\/uploads\/2022\/07\/LIT-REMI_LIFESTYLE-4-e1657721392110.jpg","articleSection":["Chambre de b\u00e9b\u00e9"],"inLanguage":"fr-FR","potentialAction":[{"@type":"CommentAction","name":"Comment","target":["https:\/\/www.lechoixdesbebes.com\/blog\/idees-decoration-pour-la-chambre-de-bebe\/#respond"]}]},{"@type":"WebPage","@id":"https:\/\/www.lechoixdesbebes.com\/blog\/idees-decoration-pour-la-chambre-de-bebe\/","url":"https:\/\/www.lechoixdesbebes.com\/blog\/idees-decoration-pour-la-chambre-de-bebe\/","name":"Id\u00e9es d\u00e9coration pour la chambre de b\u00e9b\u00e9","isPartOf":{"@id":"https:\/\/www.lechoixdesbebes.com\/blog\/#website"},"primaryImageOfPage":{"@id":"https:\/\/www.lechoixdesbebes.com\/blog\/idees-decoration-pour-la-chambre-de-bebe\/#primaryimage"},"image":{"@id":"https:\/\/www.lechoixdesbebes.com\/blog\/idees-decoration-pour-la-chambre-de-bebe\/#primaryimage"},"thumbnailUrl":"https:\/\/www.lechoixdesbebes.com\/blog\/wp-content\/uploads\/2022\/07\/LIT-REMI_LIFESTYLE-4-e1657721392110.jpg","datePublished":"2022-07-20T07:05:21+00:00","dateModified":"2022-12-16T07:51:35+00:00","description":"Jungle, boh\u00e8me, terracota... D\u00e9couvrez les tendances en mati\u00e8re de d\u00e9coration pour une chambre de b\u00e9b\u00e9 gar\u00e7on, fille ou encore mixte.","breadcrumb":{"@id":"https:\/\/www.lechoixdesbebes.com\/blog\/idees-decoration-pour-la-chambre-de-bebe\/#breadcrumb"},"inLanguage":"fr-FR","potentialAction":[{"@type":"ReadAction","target":["https:\/\/www.lechoixdesbebes.com\/blog\/idees-decoration-pour-la-chambre-de-bebe\/"]}]},{"@type":"ImageObject","inLanguage":"fr-FR","@id":"https:\/\/www.lechoixdesbebes.com\/blog\/idees-decoration-pour-la-chambre-de-bebe\/#primaryimage","url":"https:\/\/www.lechoixdesbebes.com\/blog\/wp-content\/uploads\/2022\/07\/LIT-REMI_LIFESTYLE-4-e1657721392110.jpg","contentUrl":"https:\/\/www.lechoixdesbebes.com\/blog\/wp-content\/uploads\/2022\/07\/LIT-REMI_LIFESTYLE-4-e1657721392110.jpg","width":1397,"height":1281,"caption":"lit en bois dans chambre b\u00e9b\u00e9 \u00e0 la d\u00e9coration jungle"},{"@type":"BreadcrumbList","@id":"https:\/\/www.lechoixdesbebes.com\/blog\/idees-decoration-pour-la-chambre-de-bebe\/#breadcrumb","itemListElement":[{"@type":"ListItem","position":1,"name":"Accueil","item":"https:\/\/www.lechoixdesbebes.com\/blog\/"},{"@type":"ListItem","position":2,"name":"Id\u00e9es d\u00e9coration pour la chambre de b\u00e9b\u00e9"}]},{"@type":"WebSite","@id":"https:\/\/www.lechoixdesbebes.com\/blog\/#website","url":"https:\/\/www.lechoixdesbebes.com\/blog\/","name":"Actualit\u00e9 de la Pu\u00e9riculture : Blog le Choix des B\u00e9b\u00e9s","description":"Suivez nos conseils bien-\u00eatre pour un b\u00e9b\u00e9 heureux et des parents \u00e9panouis. Le Choix des b\u00e9b\u00e9s : sp\u00e9cialiste de la pu\u00e9riculture","publisher":{"@id":"https:\/\/www.lechoixdesbebes.com\/blog\/#organization"},"potentialAction":[{"@type":"SearchAction","target":{"@type":"EntryPoint","urlTemplate":"https:\/\/www.lechoixdesbebes.com\/blog\/?s={search_term_string}"},"query-input":{"@type":"PropertyValueSpecification","valueRequired":true,"valueName":"search_term_string"}}],"inLanguage":"fr-FR"},{"@type":"Organization","@id":"https:\/\/www.lechoixdesbebes.com\/blog\/#organization","name":"Le Choix Des B\u00e9b\u00e9s","url":"https:\/\/www.lechoixdesbebes.com\/blog\/","logo":{"@type":"ImageObject","inLanguage":"fr-FR","@id":"https:\/\/www.lechoixdesbebes.com\/blog\/#\/schema\/logo\/image\/","url":"https:\/\/www.lechoixdesbebes.com\/blog\/wp-content\/uploads\/2021\/06\/Logo-MyShop-Cdiscount.jpg","contentUrl":"https:\/\/www.lechoixdesbebes.com\/blog\/wp-content\/uploads\/2021\/06\/Logo-MyShop-Cdiscount.jpg","width":350,"height":80,"caption":"Le Choix Des B\u00e9b\u00e9s"},"image":{"@id":"https:\/\/www.lechoixdesbebes.com\/blog\/#\/schema\/logo\/image\/"},"sameAs":["https:\/\/www.facebook.com\/Lechoixdesbebes"]},{"@type":"Person","@id":"https:\/\/www.lechoixdesbebes.com\/blog\/#\/schema\/person\/296076ecd4371ded7a75a238703a0ad1","name":"Le Choix Des B\u00e9b\u00e9s"}]}},"_links":{"self":[{"href":"https:\/\/www.lechoixdesbebes.com\/blog\/wp-json\/wp\/v2\/posts\/1247"}],"collection":[{"href":"https:\/\/www.lechoixdesbebes.com\/blog\/wp-json\/wp\/v2\/posts"}],"about":[{"href":"https:\/\/www.lechoixdesbebes.com\/blog\/wp-json\/wp\/v2\/types\/post"}],"author":[{"embeddable":true,"href":"https:\/\/www.lechoixdesbebes.com\/blog\/wp-json\/wp\/v2\/users\/2"}],"replies":[{"embeddable":true,"href":"https:\/\/www.lechoixdesbebes.com\/blog\/wp-json\/wp\/v2\/comments?post=1247"}],"version-history":[{"count":7,"href":"https:\/\/www.lechoixdesbebes.com\/blog\/wp-json\/wp\/v2\/posts\/1247\/revisions"}],"predecessor-version":[{"id":1411,"href":"https:\/\/www.lechoixdesbebes.com\/blog\/wp-json\/wp\/v2\/posts\/1247\/revisions\/1411"}],"wp:featuredmedia":[{"embeddable":true,"href":"https:\/\/www.lechoixdesbebes.com\/blog\/wp-json\/wp\/v2\/media\/1249"}],"wp:attachment":[{"href":"https:\/\/www.lechoixdesbebes.com\/blog\/wp-json\/wp\/v2\/media?parent=1247"}],"wp:term":[{"taxonomy":"category","embeddable":true,"href":"https:\/\/www.lechoixdesbebes.com\/blog\/wp-json\/wp\/v2\/categories?post=1247"},{"taxonomy":"post_tag","embeddable":true,"href":"https:\/\/www.lechoixdesbebes.com\/blog\/wp-json\/wp\/v2\/tags?post=1247"}],"curies":[{"name":"wp","href":"https:\/\/api.w.org\/{rel}","templated":true}]}}