{"id":1296,"date":"2022-08-23T15:28:10","date_gmt":"2022-08-23T13:28:10","guid":{"rendered":"https:\/\/www.lechoixdesbebes.com\/blog\/?p=1296"},"modified":"2022-10-18T15:46:01","modified_gmt":"2022-10-18T13:46:01","slug":"reduire-les-dechets-de-bebe","status":"publish","type":"post","link":"https:\/\/www.lechoixdesbebes.com\/blog\/reduire-les-dechets-de-bebe\/","title":{"rendered":"Comment r\u00e9duire les d\u00e9chets de b\u00e9b\u00e9 ?"},"content":{"rendered":"<span class=\"rt-reading-time\" style=\"display: block;\"><span class=\"rt-label rt-prefix\">Temps de lecture\u00a0: <\/span> <span class=\"rt-time\">10<\/span> <span class=\"rt-label rt-postfix\">minutes<\/span><\/span><p>6500, c\u2019est le nombre moyen de couches qu\u2019utilise un b\u00e9b\u00e9 les trois premi\u00e8res ann\u00e9es de sa vie\u2026 1 tonne de d\u00e9chets et il aura fallu 55 000 litres pour produire ces 1000kg de couches. \u00c0 cela, il faut ajouter les autres d\u00e9chets du quotidien : les nombreux produits de soin, cotons, d\u00e9chets organiques, v\u00eatements et autres objets ayant une dur\u00e9e de vie plus ou moins longue. Et si nous r\u00e9duisions notre empreinte \u00e9cologique ? Retrouvez dans cet article des id\u00e9es et recettes simples \u00e0 mettre en place, pour r\u00e9duire vos d\u00e9chets li\u00e9s \u00e0 b\u00e9b\u00e9.<\/p>\n<p><em>Avant toute chose, il nous semble important de vous rappeler que tous ces conseils sont rapides et faciles \u00e0 mettre en place, mais qu\u2019il est avant tout primordial de ne pas vous mettre de pression suppl\u00e9mentaire pour \u00eatre \u201cle parfait parent \u00e9colo\u201d. Ces \u00e9co-gestes sont des propositions, \u00e0 vous de voir comment les int\u00e9grer dans votre quotidien (ou non). Il n\u2019y a, par ailleurs, pas de mal \u00e0 adopter des solutions jetables lorsque vous n\u2019avez pas d\u2019autres alternatives \u00e0 port\u00e9e de main.<\/em><\/p>\n<p>&nbsp;<\/p>\n<h2>Pour r\u00e9duire les d\u00e9chets de b\u00e9b\u00e9, pensez lavable<\/h2>\n<p>Nous utilisons au quotidien bon nombre d\u2019objets jetables : cotons, couches, essuie-tout, gel douche, \u2026 Et si nous les remplacions pour des \u00e9quivalents lavables ? Cette d\u00e9marche a de nombreux b\u00e9n\u00e9fices. Elle vous permet de r\u00e9duire vos d\u00e9chets au quotidien, d\u2019all\u00e9ger votre facture d\u2019\u00e9quipement annuelle, mais \u00e9galement d\u2019avoir un meilleur contr\u00f4le sur la composition des produits que vous utilisez quotidiennement.<\/p>\n<h3>Passer aux lingettes lavables, mode d\u2019emploi<\/h3>\n<p>Change, repas, accidents\u2026 Nous utilisons rapidement entre 30 et 40 lingettes jetables au quotidien. Pour les remplacer par du lavable, nous vous recommandons donc de vous faire un stock cons\u00e9quent pour \u00e9viter de faire plusieurs machines par jour. Ainsi, pour commencer avec les lingettes lavables, nous vous pr\u00e9conisons d&rsquo;acheter 80 lingettes \u00e0 minima.<\/p>\n<h4>Mais \u00e0 combien s\u2019\u00e9l\u00e8ve cet investissement ?<\/h4>\n<p>C\u2019est un point non n\u00e9gligeable, important \u00e0 calculer. En effet, investir dans 80 lingettes lavables peut para\u00eetre on\u00e9reux mais faisons les calculs :<\/p>\n<ul>\n<li>Vous avez besoin de 40 lingettes jetables par jour soit 14 600 lingettes par an, pour un co\u00fbt estim\u00e9 \u00e0 580 euros la premi\u00e8re ann\u00e9e de vie de b\u00e9b\u00e9.<\/li>\n<li>Avec des lingettes lavables, votre investissement de d\u00e9part s\u2019\u00e9l\u00e8ve entre 30 et 80 euros pour 80 lingettes pr\u00eates \u00e0 l\u2019emploi. Et c\u2019est tout ! Pour r\u00e9duire encore la facture, il est toutefois possible de les coudre soi-m\u00eame.<\/li>\n<\/ul>\n<p>Autre astuce pour les rentabiliser un maximum : une fois que votre enfant sera grand, vous pourrez r\u00e9utiliser ces lingettes pour le m\u00e9nage.<\/p>\n<p>Concernant le co\u00fbt en eau des lingettes lavables, il est important de noter que le but ici n\u2019est pas de faire des machines uniquement constitu\u00e9es de lingettes : le co\u00fbt \u00e9cologique et financier serait bien trop important. Au contraire, l\u2019avantage des lingettes r\u00e9utilisables est qu\u2019elles s\u2019int\u00e8grent compl\u00e8tement \u00e0 la machine quotidienne de la famille apr\u00e8s avoir fait un premier trempage dans un petit r\u00e9cipient d\u00e9di\u00e9.<\/p>\n<p>&nbsp;<\/p>\n<h3>Couches jetables ou couches lavables, comment choisir ?<\/h3>\n<p>C\u2019est certainement l\u2019\u00e9l\u00e9ment le plus difficile \u00e0 changer dans nos habitudes de consommation quotidiennes. Les couches lavables sont-elles r\u00e9ellement efficaces contre les fuites, et pratiques au quotidien ? Nous permettent-elles r\u00e9ellement de r\u00e9duire les d\u00e9chets de b\u00e9b\u00e9 ? Faisons le point.<\/p>\n<h4><strong>Composition des couches jetables : un sujet \u00e9pineux<\/strong><\/h4>\n<p>L\u2019argument principal qui motive les parents de faire le choix des couches jetables est la composition de ces derni\u00e8res. En effet, la partie absorbante des couches, en contact avec les fesses de b\u00e9b\u00e9, est blanchi au chlore ou \u00e0 l\u2019oxyg\u00e8ne : deux composants reconnus comme agressifs pour la peau. Cette partie renferme par ailleurs un gel absorbant, permettant de garder b\u00e9b\u00e9 au sec, compos\u00e9 de polym\u00e8res superabsorbants jusqu\u2019alors interdits dans les tampons hygi\u00e9niques car responsables des syndromes de chocs toxiques.<\/p>\n<p>D\u2019autres \u00e9tudes men\u00e9es par le magazine 60 millions de consommateurs ou l\u2019ANSES font \u00e9tat de couches renfermant des r\u00e9sidus potentiellement toxiques. Depuis 2019 toutefois, des recommandations ont \u00e9t\u00e9 formul\u00e9es pour supprimer les substances parfumantes sensibilisantes, mieux ma\u00eetriser l\u2019origine des mati\u00e8res premi\u00e8res et am\u00e9liorer les proc\u00e9d\u00e9s de fabrication des couches. Ainsi, certaines marques de couches jetables arrivent \u00e0 tirer leur \u00e9pingle du jeu lorsque l&rsquo;on parle composition.<\/p>\n<h4><strong>Les couches lavables, un investissement financier ?<\/strong><\/h4>\n<p>On estime qu\u2019un enfant aura besoin de 4 500 couches jetables entre ses 0 et ses 2 ans et demi, pour un co\u00fbt global de 925 \u00e0 2250 euros en fonction de la qualit\u00e9 des couches achet\u00e9es.<br \/>\nLes couches lavables, elles, co\u00fbteraient entre 490 et 740 euros au foyer sur la m\u00eame dur\u00e9e d\u2019utilisation, pour 24 \u00e0 40 unit\u00e9s achet\u00e9es. Une \u00e9tude men\u00e9e par l\u2019ADEME r\u00e9sume par ailleurs bien l\u2019impact environnemental de ces deux types de couches.<\/p>\n<figure id=\"attachment_1298\" aria-describedby=\"caption-attachment-1298\" style=\"width: 557px\" class=\"wp-caption aligncenter\"><img loading=\"lazy\" decoding=\"async\" class=\"wp-image-1298 lazyload\" data-src=\"https:\/\/www.lechoixdesbebes.com\/blog\/wp-content\/uploads\/2022\/08\/Etude-ADEME.jpg\" alt=\"R\u00e9duire les d\u00e9chets de b\u00e9b\u00e9 : \u00e9tude comparative de l'ADEME \" width=\"557\" height=\"286\" data-srcset=\"https:\/\/www.lechoixdesbebes.com\/blog\/wp-content\/uploads\/2022\/08\/Etude-ADEME.jpg 688w, https:\/\/www.lechoixdesbebes.com\/blog\/wp-content\/uploads\/2022\/08\/Etude-ADEME-120x62.jpg 120w\" data-sizes=\"(max-width: 557px) 100vw, 557px\" src=\"data:image\/gif;base64,R0lGODlhAQABAAAAACH5BAEKAAEALAAAAAABAAEAAAICTAEAOw==\" style=\"--smush-placeholder-width: 557px; --smush-placeholder-aspect-ratio: 557\/286;\" \/><noscript><img loading=\"lazy\" decoding=\"async\" class=\"wp-image-1298\" src=\"https:\/\/www.lechoixdesbebes.com\/blog\/wp-content\/uploads\/2022\/08\/Etude-ADEME.jpg\" alt=\"R\u00e9duire les d\u00e9chets de b\u00e9b\u00e9 : \u00e9tude comparative de l'ADEME \" width=\"557\" height=\"286\" srcset=\"https:\/\/www.lechoixdesbebes.com\/blog\/wp-content\/uploads\/2022\/08\/Etude-ADEME.jpg 688w, https:\/\/www.lechoixdesbebes.com\/blog\/wp-content\/uploads\/2022\/08\/Etude-ADEME-120x62.jpg 120w\" sizes=\"(max-width: 557px) 100vw, 557px\" \/><\/noscript><figcaption id=\"caption-attachment-1298\" class=\"wp-caption-text\">Comparaison entre l\u2019impact des couches jetables et des lavables (source :\u00a0ADEME 2012)<\/figcaption><\/figure>\n<p>&nbsp;<\/p>\n<h3><strong>3 id\u00e9es re\u00e7ues sur les couches lavables<\/strong><\/h3>\n<p>Les couches lavables ont souvent mauvaise r\u00e9putation dans l\u2019imaginaire collectif. Attardons-nous donc sur 3 grandes id\u00e9es re\u00e7ues li\u00e9es \u00e0 ces derni\u00e8res.<\/p>\n<h4><strong>Avec les couches lavables, le risque de fuites est augment\u00e9<\/strong><\/h4>\n<p>C\u2019est faux ! Avec les couches lavables, la capacit\u00e9 d\u2019absorption s\u2019adapte aux besoins de b\u00e9b\u00e9. Aussi, les \u00e9lastiques pr\u00e9sents sur ces couches limitent fortement les fuites. Tant que vous respectez le d\u00e9lai normal entre 2 changes et que vous choisissez des couches \u00e0 la bonne taille pour b\u00e9b\u00e9, vous ne devriez pas \u00eatre emb\u00eat\u00e9.<\/p>\n<figure id=\"attachment_1297\" aria-describedby=\"caption-attachment-1297\" style=\"width: 611px\" class=\"wp-caption aligncenter\"><img loading=\"lazy\" decoding=\"async\" class=\"wp-image-1297 lazyload\" data-src=\"https:\/\/www.lechoixdesbebes.com\/blog\/wp-content\/uploads\/2022\/08\/Capture.jpg\" alt=\"Fonctionnement d\u2019une couche jetable pour r\u00e9duire les d\u00e9chets de b\u00e9b\u00e9\" width=\"611\" height=\"373\" data-srcset=\"https:\/\/www.lechoixdesbebes.com\/blog\/wp-content\/uploads\/2022\/08\/Capture.jpg 890w, https:\/\/www.lechoixdesbebes.com\/blog\/wp-content\/uploads\/2022\/08\/Capture-768x469.jpg 768w, https:\/\/www.lechoixdesbebes.com\/blog\/wp-content\/uploads\/2022\/08\/Capture-120x73.jpg 120w\" data-sizes=\"(max-width: 611px) 100vw, 611px\" src=\"data:image\/gif;base64,R0lGODlhAQABAAAAACH5BAEKAAEALAAAAAABAAEAAAICTAEAOw==\" style=\"--smush-placeholder-width: 611px; --smush-placeholder-aspect-ratio: 611\/373;\" \/><noscript><img loading=\"lazy\" decoding=\"async\" class=\"wp-image-1297\" src=\"https:\/\/www.lechoixdesbebes.com\/blog\/wp-content\/uploads\/2022\/08\/Capture.jpg\" alt=\"Fonctionnement d\u2019une couche jetable pour r\u00e9duire les d\u00e9chets de b\u00e9b\u00e9\" width=\"611\" height=\"373\" srcset=\"https:\/\/www.lechoixdesbebes.com\/blog\/wp-content\/uploads\/2022\/08\/Capture.jpg 890w, https:\/\/www.lechoixdesbebes.com\/blog\/wp-content\/uploads\/2022\/08\/Capture-768x469.jpg 768w, https:\/\/www.lechoixdesbebes.com\/blog\/wp-content\/uploads\/2022\/08\/Capture-120x73.jpg 120w\" sizes=\"(max-width: 611px) 100vw, 611px\" \/><\/noscript><figcaption id=\"caption-attachment-1297\" class=\"wp-caption-text\">Pr\u00e9sentation du fonctionnement d\u2019une couche jetable par <a href=\"https:\/\/www.eco-bebe.com\/guides\/comment-ca-marche-couche-lavable\/#:~:text=Principe%20de%20base%20%3A%20un%20absorbant%20dans%20une%20enveloppe%20imperm%C3%A9able,-Quel%20que%20soit&amp;text=Une%20partie%20imperm%C3%A9able%20qui%20emp%C3%AAche,est%20ind%C3%A9pendante%20de%20l'absorbant\">eco-bebe.com<\/a><\/figcaption><\/figure>\n<p>&nbsp;<\/p>\n<h4><strong>Au quotidien, l\u2019utilisation des couches lavables est plus contraignante<\/strong><\/h4>\n<p>Vrai et faux ! Effectivement les couches lavables n\u00e9cessitent plus de manipulations que les couches jetables mais une fois l\u2019habitude prise, elles ne repr\u00e9sentent pas de r\u00e9elle difficult\u00e9 d\u2019organisation au quotidien. Voici d\u2019ailleurs quelques astuces pour vous organiser plus facilement :<\/p>\n<ul style=\"list-style-type: disc !important; margin-left: 2em;\">\n<li>pr\u00e9parez la couche propre de votre b\u00e9b\u00e9 avec doublure et papier de protection ;<\/li>\n<li>changez votre enfant et jetez le voile polaire qui contient les selles aux toilettes ;<\/li>\n<li>au bout de 3 jours maximum, effectuez une machine de votre stock de couches souill\u00e9es ;<\/li>\n<li>s\u00e9chez-les \u00e0 l\u2019air libre<\/li>\n<\/ul>\n<h4><strong>Le lavable, \u00e7a sent mauvais<\/strong><\/h4>\n<p>Les couches jetables n\u00e9cessitent des poubelles \u00e0 couches pour \u00e9viter les mauvaises odeurs. Les lavables, elles, poss\u00e8dent un voile de protection jetable, permettant d\u2019\u00e9vacuer les selles. L\u2019odeur est donc bien moins d\u00e9sagr\u00e9able !<\/p>\n<p>&nbsp;<\/p>\n<h2>Pour vous \u00e9quiper, pensez \u00e0 l\u2019occasion<\/h2>\n<p>On le sait, s\u2019\u00e9quiper pour l\u2019arriv\u00e9e de b\u00e9b\u00e9 co\u00fbte cher. Comptez en moyenne 1560 euros pour un premier enfant si vous optez pour du neuf. Mais il est d\u00e9sormais tr\u00e8s facile de r\u00e9duire la facture gr\u00e2ce au march\u00e9 exponentiel de l\u2019occasion.<\/p>\n<p>Leboncoin, Vinted, Facebook\u2026 De nombreux site permettent de vous \u00e9quiper \u00e0 moindre co\u00fbt gr\u00e2ce \u00e0 des articles de seconde main. Lit, jeux, livres, v\u00eatements\u2026 Vous pouvez tout trouver d\u2019occasion. Attention toutefois \u00e0 certains articles qu\u2019il n\u2019est pas recommand\u00e9 d\u2019acheter sur ces sites :<\/p>\n<ul style=\"list-style-type: disc !important; margin-left: 2em;\">\n<li>Les si\u00e8ges auto : il est tr\u00e8s peu probable que vous ayez l\u2019historique de l\u2019article. Aucun moyen de savoir si le si\u00e8ge auto a d\u00e9j\u00e0 subit un accident, s\u2019il a \u00e9t\u00e9 bien entretenu ou encore s\u2019il est conforme aux derni\u00e8res normes Europ\u00e9ennes.<\/li>\n<li>Le matelas : encore une fois, nous ne pouvez avoir la garantie de l\u2019entretien de ce dernier, ni de ses conditions r\u00e9elles d\u2019utilisation. Ainsi, vous pouvez rapidement vous retrouver avec un matelas dont le garnissage est en mauvais \u00e9tat et ne garantit plus un maintien suffisant de la colonne vert\u00e9brale de b\u00e9b\u00e9. Pr\u00e9f\u00e9rez donc<span style=\"color: #aa95af;\"><strong><a style=\"color: #aa95af;\" href=\"https:\/\/www.lechoixdesbebes.com\/fr\/21-matelas-bebe\"><span style=\"color: #aa95af;\"> un matelas neuf<\/span><\/a><\/strong><\/span>, de bonne qualit\u00e9.<\/li>\n<li>Les meubles vintage comme les berceaux ou chaises hautes : certes tr\u00e8s jolis, ces derniers peuvent s\u2019av\u00e9rer dangereux pour b\u00e9b\u00e9 puisqu\u2019ils ne r\u00e9pondent plus aux normes aujourd\u2019hui en vigueur.<\/li>\n<\/ul>\n<p>Pour le reste des \u00e9quipements, il suffit simplement de faire preuve de bon sens en n\u2019achetant rien de cass\u00e9, coupant ou moisi.<\/p>\n<p>Aussi, prenez le r\u00e9flexe de r\u00e9parer avant de jeter. Votre enfant rentre de chez la nounou avec un trou dans son pantalon ? Au lieu de le jeter, collez-y un patch avec son animal pr\u00e9f\u00e9r\u00e9 ! Un barreau de lit est cass\u00e9 ? Prenez le r\u00e9flexe de demander une pi\u00e8ce de rechange au fabriquant, ou rapprochez-vous d\u2019un artisan pour en refaire un. Cela vous \u00e9vitera de jeter un meuble pouvant encore servir des ann\u00e9es.<\/p>\n<h3><strong>Et la location ? Y avez-vous pens\u00e9 ?<\/strong><\/h3>\n<p>Pour certains \u00e9quipements, il est possible d\u2019opter pour la location. Tire lait, p\u00e8se b\u00e9b\u00e9, poussette, \u2026 De nombreux articles de pu\u00e9riculture sont disponibles \u00e0 la location. Certains sont m\u00eame rembours\u00e9s par la s\u00e9curit\u00e9 sociale en cas de prescription. Une excellente alternative pour r\u00e9duire les d\u00e9chets de b\u00e9b\u00e9, mais \u00e9galement les co\u00fbts autour d\u2019objets que nous utilisons tr\u00e8s p\u00e9riodiquement.<\/p>\n<p>Derni\u00e8rement, des sites proposent m\u00eame de la location de v\u00eatements pour b\u00e9b\u00e9s afin d\u2019\u00e9viter l\u2019accumulation de pi\u00e8ces devenus rapidement trop petites dans vos placards.<\/p>\n<h3><strong>Les v\u00eatements \u00e9volutifs, l\u2019alternative id\u00e9ale \u00e0 la seconde main<\/strong><\/h3>\n<p>Si vous pr\u00e9f\u00e9rez habiller b\u00e9b\u00e9 avec des v\u00eatements neufs, de plus en plus d\u2019habits \u00e9volutifs sont disponibles \u00e0 la vente. De ses premiers jours \u00e0 ses 6 ans, il est possible de r\u00e9duire le nombre de v\u00eatements achet\u00e9s pour b\u00e9b\u00e9 gr\u00e2ce \u00e0 des astuces simples :<\/p>\n<ul style=\"list-style-type: disc !important; margin-left: 2em;\">\n<li>Boutons pressions<\/li>\n<li>Ouvertures larges<\/li>\n<li>\u00c9lastiques<\/li>\n<li>Mati\u00e8res extensibles<\/li>\n<\/ul>\n<p>Ainsi, vous pourrez trouver tout type de v\u00eatements : de la <span style=\"color: #aa95af;\"><a style=\"color: #aa95af;\" href=\"https:\/\/www.lechoixdesbebes.com\/fr\/51-gigoteuse-0-36-mois\"><strong>gigoteuse \u00e9volutive<\/strong><\/a><\/span> \u00e0 la salopette en jean.<\/p>\n<p>&nbsp;<\/p>\n<h2>Faites vos produits du quotidien pour r\u00e9duire vos d\u00e9chets !<\/h2>\n<p>Plus \u00e9conomique sur le long terme, le fait maison vous permet de conna\u00eetre ce qui se cache dans vos produits du quotidien. Avec seulement quelques ingr\u00e9dients, il vous sera possible de r\u00e9aliser une multitude de produits de soin, mais \u00e9galement d\u2019entretien pour la maison. Voici d\u2019ailleurs 2 recettes faciles, rapides et peu on\u00e9reuses :<\/p>\n<h3><strong>Recette de poudre de bain apaisante pour b\u00e9b\u00e9<\/strong><\/h3>\n<p>Cette poudre de bain permet d\u2019adoucir l\u2019eau et de prendre soin de la peau d\u00e9licate de votre b\u00e9b\u00e9.<\/p>\n<p>Il vous faudra :<\/p>\n<ul style=\"list-style-type: disc !important; margin-left: 2em;\">\n<li>6 cuill\u00e8res \u00e0 soupe d\u2019extrait de plante Avoine collo\u00efdale BIO en poudre<\/li>\n<li>3 cuill\u00e8res \u00e0 soupe d\u2019actif cosm\u00e9tique Lait d\u2019amande douce BIO en poudre<\/li>\n<\/ul>\n<p>M\u00e9langez tous les ingr\u00e9dients et transvasez la pr\u00e9paration dans un pot de 200ml. Versez 1 \u00e0 2 cuill\u00e8res \u00e0 caf\u00e9 dans l\u2019eau. Conservez 6 mois \u00e0 l\u2019abris de la lumi\u00e8re.<\/p>\n<h3><strong>Recette de lessive pour peau d\u00e9licate<\/strong><\/h3>\n<p>Sans parfum, sans colorant, ni allerg\u00e8ne, cette lessive sera id\u00e9ale pour la peau fragile de b\u00e9b\u00e9.<\/p>\n<p>Il vous faudra :<\/p>\n<ul style=\"list-style-type: disc !important; margin-left: 2em;\">\n<li>940g d\u2019eau du robinet<\/li>\n<li>40g de savon de Marseille en paillettes<\/li>\n<li>20g d\u2019actif cosm\u00e9tique Provitamines B5<\/li>\n<\/ul>\n<p>Faites chauffer l\u2019eau jusqu\u2019\u00e0 80 degr\u00e9s. Plongez-y les paillettes de savon de Marseille et m\u00e9langez bien. Laissez refroidir le m\u00e9lange pendant 12 \u00e0 24 heures. Lorsque le m\u00e9lange a refroidi, mixez l&rsquo;ensemble jusqu&rsquo;\u00e0 obtenir une pr\u00e9paration homog\u00e8ne. Ajoutez ensuite la\u00a0provitamine B5\u00a0en m\u00e9langeant bien. Transf\u00e9rez la pr\u00e9paration dans votre flacon. Conservez 6 mois \u00e0 l\u2019abri de la lumi\u00e8re et de la chaleur.<\/p>\n<p>Pour r\u00e9duire ses d\u00e9chets avec un b\u00e9b\u00e9, cuisiner maison et congeler ses pr\u00e9parations est \u00e9galement une r\u00e8gle d\u2019or. En cuisinant les repas de b\u00e9b\u00e9 vous-m\u00eame, vous lui permettez de manger des aliments souvent plus int\u00e9ressants nutritivement, mais \u00e9vitez aussi les suremballages. Le graal ? Que les ingr\u00e9dients utilis\u00e9s proviennent d\u2019un circuit court ! Internet regorge par ailleurs de recettes pour b\u00e9b\u00e9 toutes meilleures les unes que les autres. Vous y trouverez facilement votre bonheur.<\/p>\n<p>Vous venez de d\u00e9couvrir diff\u00e9rentes astuces pour r\u00e9duire les d\u00e9chets de b\u00e9b\u00e9. N\u2019h\u00e9sitez pas \u00e0 nous partager les v\u00f4tres !<\/p>\n","protected":false},"excerpt":{"rendered":"<span class=\"rt-reading-time\" style=\"display: block;\"><span class=\"rt-label rt-prefix\">Temps de lecture\u00a0: <\/span> <span class=\"rt-time\">10<\/span> <span class=\"rt-label rt-postfix\">minutes<\/span><\/span> 6500, c\u2019est le nombre moyen de couches qu\u2019utilise un b\u00e9b\u00e9 les trois premi\u00e8res ann\u00e9es de sa vie\u2026 1 tonne de d\u00e9chets et il aura fallu 55 000 litres pour produire ces 1000kg de couches. \u00c0 cela, il faut ajouter les autres d\u00e9chets du quotidien : les nombreux produits de soin, cotons, d\u00e9chets organiques, v\u00eatements et&#8230; <a class=\"view-article\" href=\"https:\/\/www.lechoixdesbebes.com\/blog\/reduire-les-dechets-de-bebe\/\">View Article<\/a>","protected":false},"author":2,"featured_media":1299,"comment_status":"open","ping_status":"closed","sticky":false,"template":"","format":"standard","meta":{"footnotes":""},"categories":[28],"tags":[],"class_list":["post-1296","post","type-post","status-publish","format-standard","has-post-thumbnail","hentry","category-astuces-avec-bebe"],"yoast_head":"<!-- This site is optimized with the Yoast SEO plugin v23.5 - https:\/\/yoast.com\/wordpress\/plugins\/seo\/ -->\n<title>Comment r\u00e9duire les d\u00e9chets de b\u00e9b\u00e9 ?<\/title>\n<meta name=\"description\" content=\"Jusqu&#039;\u00e0 ses 3 ans, votre b\u00e9b\u00e9 utilisera plus d&#039;une tonne de couches. D\u00e9couvrez nos conseils pour r\u00e9duire les d\u00e9chets de b\u00e9b\u00e9.\" \/>\n<meta name=\"robots\" content=\"index, follow, max-snippet:-1, max-image-preview:large, max-video-preview:-1\" \/>\n<link rel=\"canonical\" href=\"https:\/\/www.lechoixdesbebes.com\/blog\/reduire-les-dechets-de-bebe\/\" \/>\n<meta property=\"og:locale\" content=\"fr_FR\" \/>\n<meta property=\"og:type\" content=\"article\" \/>\n<meta property=\"og:title\" content=\"Comment r\u00e9duire les d\u00e9chets de b\u00e9b\u00e9 ?\" \/>\n<meta property=\"og:description\" content=\"Jusqu&#039;\u00e0 ses 3 ans, votre b\u00e9b\u00e9 utilisera plus d&#039;une tonne de couches. D\u00e9couvrez nos conseils pour r\u00e9duire les d\u00e9chets de b\u00e9b\u00e9.\" \/>\n<meta property=\"og:url\" content=\"https:\/\/www.lechoixdesbebes.com\/blog\/reduire-les-dechets-de-bebe\/\" \/>\n<meta property=\"og:site_name\" content=\"Actualit\u00e9 de la Pu\u00e9riculture : Blog le Choix des B\u00e9b\u00e9s\" \/>\n<meta property=\"article:publisher\" content=\"https:\/\/www.facebook.com\/Lechoixdesbebes\" \/>\n<meta property=\"article:published_time\" content=\"2022-08-23T13:28:10+00:00\" \/>\n<meta property=\"article:modified_time\" content=\"2022-10-18T13:46:01+00:00\" \/>\n<meta property=\"og:image\" content=\"https:\/\/www.lechoixdesbebes.com\/blog\/wp-content\/uploads\/2022\/08\/pexels-helena-lopes-4409277-scaled-e1661261224620.jpg\" \/>\n\t<meta property=\"og:image:width\" content=\"1945\" \/>\n\t<meta property=\"og:image:height\" content=\"1707\" \/>\n\t<meta property=\"og:image:type\" content=\"image\/jpeg\" \/>\n<meta name=\"author\" content=\"Le Choix Des B\u00e9b\u00e9s\" \/>\n<meta name=\"twitter:card\" content=\"summary_large_image\" \/>\n<meta name=\"twitter:label1\" content=\"\u00c9crit par\" \/>\n\t<meta name=\"twitter:data1\" content=\"Le Choix Des B\u00e9b\u00e9s\" \/>\n\t<meta name=\"twitter:label2\" content=\"Dur\u00e9e de lecture estim\u00e9e\" \/>\n\t<meta name=\"twitter:data2\" content=\"10 minutes\" \/>\n<script type=\"application\/ld+json\" class=\"yoast-schema-graph\">{\"@context\":\"https:\/\/schema.org\",\"@graph\":[{\"@type\":\"Article\",\"@id\":\"https:\/\/www.lechoixdesbebes.com\/blog\/reduire-les-dechets-de-bebe\/#article\",\"isPartOf\":{\"@id\":\"https:\/\/www.lechoixdesbebes.com\/blog\/reduire-les-dechets-de-bebe\/\"},\"author\":{\"name\":\"Le Choix Des B\u00e9b\u00e9s\",\"@id\":\"https:\/\/www.lechoixdesbebes.com\/blog\/#\/schema\/person\/296076ecd4371ded7a75a238703a0ad1\"},\"headline\":\"Comment r\u00e9duire les d\u00e9chets de b\u00e9b\u00e9 ?\",\"datePublished\":\"2022-08-23T13:28:10+00:00\",\"dateModified\":\"2022-10-18T13:46:01+00:00\",\"mainEntityOfPage\":{\"@id\":\"https:\/\/www.lechoixdesbebes.com\/blog\/reduire-les-dechets-de-bebe\/\"},\"wordCount\":2068,\"commentCount\":0,\"publisher\":{\"@id\":\"https:\/\/www.lechoixdesbebes.com\/blog\/#organization\"},\"image\":{\"@id\":\"https:\/\/www.lechoixdesbebes.com\/blog\/reduire-les-dechets-de-bebe\/#primaryimage\"},\"thumbnailUrl\":\"https:\/\/www.lechoixdesbebes.com\/blog\/wp-content\/uploads\/2022\/08\/pexels-helena-lopes-4409277-scaled-e1661261224620.jpg\",\"articleSection\":[\"Astuces avec b\u00e9b\u00e9\"],\"inLanguage\":\"fr-FR\",\"potentialAction\":[{\"@type\":\"CommentAction\",\"name\":\"Comment\",\"target\":[\"https:\/\/www.lechoixdesbebes.com\/blog\/reduire-les-dechets-de-bebe\/#respond\"]}]},{\"@type\":\"WebPage\",\"@id\":\"https:\/\/www.lechoixdesbebes.com\/blog\/reduire-les-dechets-de-bebe\/\",\"url\":\"https:\/\/www.lechoixdesbebes.com\/blog\/reduire-les-dechets-de-bebe\/\",\"name\":\"Comment r\u00e9duire les d\u00e9chets de b\u00e9b\u00e9 ?\",\"isPartOf\":{\"@id\":\"https:\/\/www.lechoixdesbebes.com\/blog\/#website\"},\"primaryImageOfPage\":{\"@id\":\"https:\/\/www.lechoixdesbebes.com\/blog\/reduire-les-dechets-de-bebe\/#primaryimage\"},\"image\":{\"@id\":\"https:\/\/www.lechoixdesbebes.com\/blog\/reduire-les-dechets-de-bebe\/#primaryimage\"},\"thumbnailUrl\":\"https:\/\/www.lechoixdesbebes.com\/blog\/wp-content\/uploads\/2022\/08\/pexels-helena-lopes-4409277-scaled-e1661261224620.jpg\",\"datePublished\":\"2022-08-23T13:28:10+00:00\",\"dateModified\":\"2022-10-18T13:46:01+00:00\",\"description\":\"Jusqu'\u00e0 ses 3 ans, votre b\u00e9b\u00e9 utilisera plus d'une tonne de couches. D\u00e9couvrez nos conseils pour r\u00e9duire les d\u00e9chets de b\u00e9b\u00e9.\",\"breadcrumb\":{\"@id\":\"https:\/\/www.lechoixdesbebes.com\/blog\/reduire-les-dechets-de-bebe\/#breadcrumb\"},\"inLanguage\":\"fr-FR\",\"potentialAction\":[{\"@type\":\"ReadAction\",\"target\":[\"https:\/\/www.lechoixdesbebes.com\/blog\/reduire-les-dechets-de-bebe\/\"]}]},{\"@type\":\"ImageObject\",\"inLanguage\":\"fr-FR\",\"@id\":\"https:\/\/www.lechoixdesbebes.com\/blog\/reduire-les-dechets-de-bebe\/#primaryimage\",\"url\":\"https:\/\/www.lechoixdesbebes.com\/blog\/wp-content\/uploads\/2022\/08\/pexels-helena-lopes-4409277-scaled-e1661261224620.jpg\",\"contentUrl\":\"https:\/\/www.lechoixdesbebes.com\/blog\/wp-content\/uploads\/2022\/08\/pexels-helena-lopes-4409277-scaled-e1661261224620.jpg\",\"width\":1945,\"height\":1707,\"caption\":\"R\u00e9duire les d\u00e9chets de b\u00e9b\u00e9\"},{\"@type\":\"BreadcrumbList\",\"@id\":\"https:\/\/www.lechoixdesbebes.com\/blog\/reduire-les-dechets-de-bebe\/#breadcrumb\",\"itemListElement\":[{\"@type\":\"ListItem\",\"position\":1,\"name\":\"Accueil\",\"item\":\"https:\/\/www.lechoixdesbebes.com\/blog\/\"},{\"@type\":\"ListItem\",\"position\":2,\"name\":\"Comment r\u00e9duire les d\u00e9chets de b\u00e9b\u00e9 ?\"}]},{\"@type\":\"WebSite\",\"@id\":\"https:\/\/www.lechoixdesbebes.com\/blog\/#website\",\"url\":\"https:\/\/www.lechoixdesbebes.com\/blog\/\",\"name\":\"Actualit\u00e9 de la Pu\u00e9riculture : Blog le Choix des B\u00e9b\u00e9s\",\"description\":\"Suivez nos conseils bien-\u00eatre pour un b\u00e9b\u00e9 heureux et des parents \u00e9panouis. Le Choix des b\u00e9b\u00e9s : sp\u00e9cialiste de la pu\u00e9riculture\",\"publisher\":{\"@id\":\"https:\/\/www.lechoixdesbebes.com\/blog\/#organization\"},\"potentialAction\":[{\"@type\":\"SearchAction\",\"target\":{\"@type\":\"EntryPoint\",\"urlTemplate\":\"https:\/\/www.lechoixdesbebes.com\/blog\/?s={search_term_string}\"},\"query-input\":{\"@type\":\"PropertyValueSpecification\",\"valueRequired\":true,\"valueName\":\"search_term_string\"}}],\"inLanguage\":\"fr-FR\"},{\"@type\":\"Organization\",\"@id\":\"https:\/\/www.lechoixdesbebes.com\/blog\/#organization\",\"name\":\"Le Choix Des B\u00e9b\u00e9s\",\"url\":\"https:\/\/www.lechoixdesbebes.com\/blog\/\",\"logo\":{\"@type\":\"ImageObject\",\"inLanguage\":\"fr-FR\",\"@id\":\"https:\/\/www.lechoixdesbebes.com\/blog\/#\/schema\/logo\/image\/\",\"url\":\"https:\/\/www.lechoixdesbebes.com\/blog\/wp-content\/uploads\/2021\/06\/Logo-MyShop-Cdiscount.jpg\",\"contentUrl\":\"https:\/\/www.lechoixdesbebes.com\/blog\/wp-content\/uploads\/2021\/06\/Logo-MyShop-Cdiscount.jpg\",\"width\":350,\"height\":80,\"caption\":\"Le Choix Des B\u00e9b\u00e9s\"},\"image\":{\"@id\":\"https:\/\/www.lechoixdesbebes.com\/blog\/#\/schema\/logo\/image\/\"},\"sameAs\":[\"https:\/\/www.facebook.com\/Lechoixdesbebes\"]},{\"@type\":\"Person\",\"@id\":\"https:\/\/www.lechoixdesbebes.com\/blog\/#\/schema\/person\/296076ecd4371ded7a75a238703a0ad1\",\"name\":\"Le Choix Des B\u00e9b\u00e9s\"}]}<\/script>\n<!-- \/ Yoast SEO plugin. -->","yoast_head_json":{"title":"Comment r\u00e9duire les d\u00e9chets de b\u00e9b\u00e9 ?","description":"Jusqu'\u00e0 ses 3 ans, votre b\u00e9b\u00e9 utilisera plus d'une tonne de couches. D\u00e9couvrez nos conseils pour r\u00e9duire les d\u00e9chets de b\u00e9b\u00e9.","robots":{"index":"index","follow":"follow","max-snippet":"max-snippet:-1","max-image-preview":"max-image-preview:large","max-video-preview":"max-video-preview:-1"},"canonical":"https:\/\/www.lechoixdesbebes.com\/blog\/reduire-les-dechets-de-bebe\/","og_locale":"fr_FR","og_type":"article","og_title":"Comment r\u00e9duire les d\u00e9chets de b\u00e9b\u00e9 ?","og_description":"Jusqu'\u00e0 ses 3 ans, votre b\u00e9b\u00e9 utilisera plus d'une tonne de couches. D\u00e9couvrez nos conseils pour r\u00e9duire les d\u00e9chets de b\u00e9b\u00e9.","og_url":"https:\/\/www.lechoixdesbebes.com\/blog\/reduire-les-dechets-de-bebe\/","og_site_name":"Actualit\u00e9 de la Pu\u00e9riculture : Blog le Choix des B\u00e9b\u00e9s","article_publisher":"https:\/\/www.facebook.com\/Lechoixdesbebes","article_published_time":"2022-08-23T13:28:10+00:00","article_modified_time":"2022-10-18T13:46:01+00:00","og_image":[{"width":1945,"height":1707,"url":"https:\/\/www.lechoixdesbebes.com\/blog\/wp-content\/uploads\/2022\/08\/pexels-helena-lopes-4409277-scaled-e1661261224620.jpg","type":"image\/jpeg"}],"author":"Le Choix Des B\u00e9b\u00e9s","twitter_card":"summary_large_image","twitter_misc":{"\u00c9crit par":"Le Choix Des B\u00e9b\u00e9s","Dur\u00e9e de lecture estim\u00e9e":"10 minutes"},"schema":{"@context":"https:\/\/schema.org","@graph":[{"@type":"Article","@id":"https:\/\/www.lechoixdesbebes.com\/blog\/reduire-les-dechets-de-bebe\/#article","isPartOf":{"@id":"https:\/\/www.lechoixdesbebes.com\/blog\/reduire-les-dechets-de-bebe\/"},"author":{"name":"Le Choix Des B\u00e9b\u00e9s","@id":"https:\/\/www.lechoixdesbebes.com\/blog\/#\/schema\/person\/296076ecd4371ded7a75a238703a0ad1"},"headline":"Comment r\u00e9duire les d\u00e9chets de b\u00e9b\u00e9 ?","datePublished":"2022-08-23T13:28:10+00:00","dateModified":"2022-10-18T13:46:01+00:00","mainEntityOfPage":{"@id":"https:\/\/www.lechoixdesbebes.com\/blog\/reduire-les-dechets-de-bebe\/"},"wordCount":2068,"commentCount":0,"publisher":{"@id":"https:\/\/www.lechoixdesbebes.com\/blog\/#organization"},"image":{"@id":"https:\/\/www.lechoixdesbebes.com\/blog\/reduire-les-dechets-de-bebe\/#primaryimage"},"thumbnailUrl":"https:\/\/www.lechoixdesbebes.com\/blog\/wp-content\/uploads\/2022\/08\/pexels-helena-lopes-4409277-scaled-e1661261224620.jpg","articleSection":["Astuces avec b\u00e9b\u00e9"],"inLanguage":"fr-FR","potentialAction":[{"@type":"CommentAction","name":"Comment","target":["https:\/\/www.lechoixdesbebes.com\/blog\/reduire-les-dechets-de-bebe\/#respond"]}]},{"@type":"WebPage","@id":"https:\/\/www.lechoixdesbebes.com\/blog\/reduire-les-dechets-de-bebe\/","url":"https:\/\/www.lechoixdesbebes.com\/blog\/reduire-les-dechets-de-bebe\/","name":"Comment r\u00e9duire les d\u00e9chets de b\u00e9b\u00e9 ?","isPartOf":{"@id":"https:\/\/www.lechoixdesbebes.com\/blog\/#website"},"primaryImageOfPage":{"@id":"https:\/\/www.lechoixdesbebes.com\/blog\/reduire-les-dechets-de-bebe\/#primaryimage"},"image":{"@id":"https:\/\/www.lechoixdesbebes.com\/blog\/reduire-les-dechets-de-bebe\/#primaryimage"},"thumbnailUrl":"https:\/\/www.lechoixdesbebes.com\/blog\/wp-content\/uploads\/2022\/08\/pexels-helena-lopes-4409277-scaled-e1661261224620.jpg","datePublished":"2022-08-23T13:28:10+00:00","dateModified":"2022-10-18T13:46:01+00:00","description":"Jusqu'\u00e0 ses 3 ans, votre b\u00e9b\u00e9 utilisera plus d'une tonne de couches. D\u00e9couvrez nos conseils pour r\u00e9duire les d\u00e9chets de b\u00e9b\u00e9.","breadcrumb":{"@id":"https:\/\/www.lechoixdesbebes.com\/blog\/reduire-les-dechets-de-bebe\/#breadcrumb"},"inLanguage":"fr-FR","potentialAction":[{"@type":"ReadAction","target":["https:\/\/www.lechoixdesbebes.com\/blog\/reduire-les-dechets-de-bebe\/"]}]},{"@type":"ImageObject","inLanguage":"fr-FR","@id":"https:\/\/www.lechoixdesbebes.com\/blog\/reduire-les-dechets-de-bebe\/#primaryimage","url":"https:\/\/www.lechoixdesbebes.com\/blog\/wp-content\/uploads\/2022\/08\/pexels-helena-lopes-4409277-scaled-e1661261224620.jpg","contentUrl":"https:\/\/www.lechoixdesbebes.com\/blog\/wp-content\/uploads\/2022\/08\/pexels-helena-lopes-4409277-scaled-e1661261224620.jpg","width":1945,"height":1707,"caption":"R\u00e9duire les d\u00e9chets de b\u00e9b\u00e9"},{"@type":"BreadcrumbList","@id":"https:\/\/www.lechoixdesbebes.com\/blog\/reduire-les-dechets-de-bebe\/#breadcrumb","itemListElement":[{"@type":"ListItem","position":1,"name":"Accueil","item":"https:\/\/www.lechoixdesbebes.com\/blog\/"},{"@type":"ListItem","position":2,"name":"Comment r\u00e9duire les d\u00e9chets de b\u00e9b\u00e9 ?"}]},{"@type":"WebSite","@id":"https:\/\/www.lechoixdesbebes.com\/blog\/#website","url":"https:\/\/www.lechoixdesbebes.com\/blog\/","name":"Actualit\u00e9 de la Pu\u00e9riculture : Blog le Choix des B\u00e9b\u00e9s","description":"Suivez nos conseils bien-\u00eatre pour un b\u00e9b\u00e9 heureux et des parents \u00e9panouis. Le Choix des b\u00e9b\u00e9s : sp\u00e9cialiste de la pu\u00e9riculture","publisher":{"@id":"https:\/\/www.lechoixdesbebes.com\/blog\/#organization"},"potentialAction":[{"@type":"SearchAction","target":{"@type":"EntryPoint","urlTemplate":"https:\/\/www.lechoixdesbebes.com\/blog\/?s={search_term_string}"},"query-input":{"@type":"PropertyValueSpecification","valueRequired":true,"valueName":"search_term_string"}}],"inLanguage":"fr-FR"},{"@type":"Organization","@id":"https:\/\/www.lechoixdesbebes.com\/blog\/#organization","name":"Le Choix Des B\u00e9b\u00e9s","url":"https:\/\/www.lechoixdesbebes.com\/blog\/","logo":{"@type":"ImageObject","inLanguage":"fr-FR","@id":"https:\/\/www.lechoixdesbebes.com\/blog\/#\/schema\/logo\/image\/","url":"https:\/\/www.lechoixdesbebes.com\/blog\/wp-content\/uploads\/2021\/06\/Logo-MyShop-Cdiscount.jpg","contentUrl":"https:\/\/www.lechoixdesbebes.com\/blog\/wp-content\/uploads\/2021\/06\/Logo-MyShop-Cdiscount.jpg","width":350,"height":80,"caption":"Le Choix Des B\u00e9b\u00e9s"},"image":{"@id":"https:\/\/www.lechoixdesbebes.com\/blog\/#\/schema\/logo\/image\/"},"sameAs":["https:\/\/www.facebook.com\/Lechoixdesbebes"]},{"@type":"Person","@id":"https:\/\/www.lechoixdesbebes.com\/blog\/#\/schema\/person\/296076ecd4371ded7a75a238703a0ad1","name":"Le Choix Des B\u00e9b\u00e9s"}]}},"_links":{"self":[{"href":"https:\/\/www.lechoixdesbebes.com\/blog\/wp-json\/wp\/v2\/posts\/1296"}],"collection":[{"href":"https:\/\/www.lechoixdesbebes.com\/blog\/wp-json\/wp\/v2\/posts"}],"about":[{"href":"https:\/\/www.lechoixdesbebes.com\/blog\/wp-json\/wp\/v2\/types\/post"}],"author":[{"embeddable":true,"href":"https:\/\/www.lechoixdesbebes.com\/blog\/wp-json\/wp\/v2\/users\/2"}],"replies":[{"embeddable":true,"href":"https:\/\/www.lechoixdesbebes.com\/blog\/wp-json\/wp\/v2\/comments?post=1296"}],"version-history":[{"count":22,"href":"https:\/\/www.lechoixdesbebes.com\/blog\/wp-json\/wp\/v2\/posts\/1296\/revisions"}],"predecessor-version":[{"id":1321,"href":"https:\/\/www.lechoixdesbebes.com\/blog\/wp-json\/wp\/v2\/posts\/1296\/revisions\/1321"}],"wp:featuredmedia":[{"embeddable":true,"href":"https:\/\/www.lechoixdesbebes.com\/blog\/wp-json\/wp\/v2\/media\/1299"}],"wp:attachment":[{"href":"https:\/\/www.lechoixdesbebes.com\/blog\/wp-json\/wp\/v2\/media?parent=1296"}],"wp:term":[{"taxonomy":"category","embeddable":true,"href":"https:\/\/www.lechoixdesbebes.com\/blog\/wp-json\/wp\/v2\/categories?post=1296"},{"taxonomy":"post_tag","embeddable":true,"href":"https:\/\/www.lechoixdesbebes.com\/blog\/wp-json\/wp\/v2\/tags?post=1296"}],"curies":[{"name":"wp","href":"https:\/\/api.w.org\/{rel}","templated":true}]}}