{"id":1331,"date":"2022-09-12T15:23:16","date_gmt":"2022-09-12T13:23:16","guid":{"rendered":"https:\/\/www.lechoixdesbebes.com\/blog\/?p=1331"},"modified":"2023-03-23T16:39:23","modified_gmt":"2023-03-23T15:39:23","slug":"violences-educatives-ordinaires-veo-parlons-en","status":"publish","type":"post","link":"https:\/\/www.lechoixdesbebes.com\/blog\/violences-educatives-ordinaires-veo-parlons-en\/","title":{"rendered":"Violences \u00e9ducatives ordinaires (VEO) : parlons-en"},"content":{"rendered":"<span class=\"rt-reading-time\" style=\"display: block;\"><span class=\"rt-label rt-prefix\">Temps de lecture\u00a0: <\/span> <span class=\"rt-time\">8<\/span> <span class=\"rt-label rt-postfix\">minutes<\/span><\/span><p>On en parle de plus en plus, depuis une dizaine d\u2019ann\u00e9es la lumi\u00e8re est faite autour des violences \u00e9ducatives ordinaires, aussi nomm\u00e9es VEO. Culturellement banalis\u00e9es depuis de nombreuses ann\u00e9es, les professionnels de la petite enfance sensibilisent le grand public \u00e0 l\u2019arr\u00eat de ces pratiques pouvant affecter durablement les enfants physiquement et psychologiquement.<\/p>\n<h2>Violences \u00e9ducatives ordinaires ou VEO, qu\u2019est-ce que cela veut dire ?<\/h2>\n<p>Les VEO sont des violences exerc\u00e9es physiquement ou psychologiquement. Voici une liste non exhaustive des diff\u00e9rentes formes sous lesquelles elles s\u2019exercent : la gifle, la fess\u00e9e, tirer les oreilles ou les cheveux, donner des coups de pieds, saisir brutalement, pincer, bousculer, pousser, contraindre un enfant \u00e0 rester dans une position inconfortable, cris, hurlements, humiliation, injures, menaces, chantage affectif, rejet ou culpabilisation des enfants. Les VEO peuvent \u00eatre administr\u00e9es par le corps \u00e9ducatif et m\u00e9dical proche de l\u2019enfant, mais \u00e9galement par son cercle familial.<\/p>\n<p>Violences \u00e9ducatives oui, mais pourquoi ordinaires ? Pour le comprendre, il est n\u00e9cessaire de remonter \u00e0 travers l\u2019histoire et d\u2019\u00e9tudier la banalisation et l\u2019acceptation de ces violences \u00e9ducatives par notre soci\u00e9t\u00e9.<\/p>\n<h2>Les VEO \u00e0 travers l\u2019histoire<\/h2>\n<h3>Les VEO, un comportement instinctif ou social ?<\/h3>\n<p>La violence \u00e9ducative n\u2019est-elle finalement pas un ph\u00e9nom\u00e8ne naturel, presque instinctif ? Et bien la r\u00e9ponse est non. En observant les bonobos, esp\u00e8ce de singes la plus proche de l\u2019homme, Sarah Blaffer Hrdy (primatologue et anthropologue) a constat\u00e9 que les m\u00e8res ne punissaient pas leurs enfants. Frapper du plat de la main n\u2019est d\u2019ailleurs pas un geste connu des primates.<\/p>\n<p>Les seuls moments o\u00f9 les m\u00e8res ont recours \u00e0 des ch\u00e2timents corporels violents contre leurs petits ont lieu lorsque ceux-ci sont adolescents et importunent leurs cadets.<\/p>\n<p>Frapper les enfants n\u2019a donc rien d\u2019instinctif. C\u2019est un comportement social, acquis par imitation.<\/p>\n<h3>La violence envers les enfants \u00e0 travers le temps<\/h3>\n<p>Pour comprendre les racines de ces pratiques, revenons au temps des civilisations grecques et latines. Dans les \u00e9crits des grandes figures philosophiques et litt\u00e9raires, l\u2019\u00e9ducation \u00e9tait d\u00e9j\u00e0 synonyme de violence. Aristote d\u00e9clarait d\u2019ailleurs que l\u2019\u00e9ducation se devait d\u2019\u00eatre \u201caccompagn\u00e9e de douleur\u201d et que l\u2019enfant qui a un comportement ind\u00e9sirable se devait d\u2019\u00eatre \u201cbattu\u201d. M\u00e9nandre, auteur comique Grec, affirme dans une de ses com\u00e9dies \u201cQui n\u2019a pas \u00e9t\u00e9 bien fouett\u00e9, n\u2019a pas \u00e9t\u00e9 bien \u00e9lev\u00e9\u201d.<\/p>\n<p>\u00c0 la Renaissance, les \u00e9crits pr\u00e9conisent des m\u00e9thodes d\u2019\u00e9ducation plus douces, bien qu\u2019il n\u2019est pas pour autant question de renoncer aux ch\u00e2timents corporels. Montaigne notamment \u00e9crit au sujet des coll\u00e8ges \u00ab Combien leurs classes seraient plus d\u00e9cemment jonch\u00e9es de fleurs et de feuilles que de tron\u00e7ons d&rsquo;osier sanglants \u00bb. Pour autant, ses propos \u00e9taient une exception, dans cette soci\u00e9t\u00e9 encore tr\u00e8s empreinte d&rsquo;adultisme. Citons notamment John Wesley, qui conseillait aux parents de briser la volont\u00e9 de leur enfant en le fouettant jusqu\u2019\u00e0 dix fois.<\/p>\n<p>Le premier vrai d\u00e9clic eu lieu bien plus tard au XVIII\u00e8me si\u00e8cle, gr\u00e2ce \u00e0 Rousseau. L\u2019auteur d\u00e9crit le coll\u00e8ge comme \u00e9tant \u201cune vraie ge\u00f4le de jeunesse captive.\u201d Il f\u00fbt l\u2019un des premiers \u00e0 t\u00e9moigner ouvertement d\u2019un sentiment de r\u00e9volte, \u00e9prouv\u00e9 apr\u00e8s avoir \u00e9t\u00e9 violemment et injustement battu.<\/p>\n<p>Gr\u00e2ce \u00e0 <em>Confessions<\/em>, il permettra une certaine lib\u00e9ration de la parole autour du sujet de la maltraitance des enfants, encore tabou \u00e0 cette \u00e9poque. Les nombreux t\u00e9moignages qui d\u00e9couleront de la lecture de son livre, inspireront d\u2019ailleurs de grands th\u00e9oriciens de la p\u00e9dagogie comme Froebel ou Montessori.<\/p>\n<h2>VEO : que dit la loi ?<\/h2>\n<p>Malheureusement, au fur et \u00e0 mesure des ann\u00e9es, les diff\u00e9rentes actions men\u00e9es en faveur de l\u2019interdiction des VEO trouvent tr\u00e8s peu d\u2019\u00e9cho. Il faut attendre les ann\u00e9es 1920, \u201cpour que la r\u00e9pression des violences faites \u00e0 l\u2019encontre des enfants connaisse une prise en compte grandissante. Et encore, les condamnations restent l\u00e9g\u00e8res\u201d \u00e9crit J-C Caron.<\/p>\n<p>En 1989, les Nations Unies votent la Convention relative aux droits de l\u2019enfant. L\u2019article 19, notamment, demande \u00e0 tous les \u00e9tats de prot\u00e9ger l\u2019enfant contre toute forme de violence.<\/p>\n<p>En 2019, la France enfonce un nouveau clou dans la longue et lente lutte contre les VEO et publie le 11 juillet la loi relative \u00e0 l\u2019interdiction des violences \u00e9ducatives ordinaires, plus connue sous le nom de \u201cloi anti-fess\u00e9e\u201d.<\/p>\n<p><strong>Mais qu\u2019en est-il r\u00e9ellement aujourd\u2019hui ?<\/strong><\/p>\n<p>Selon la Fondation pour l\u2019enfance , 85% des parents ont recours \u00e0 des violences dites \u00e9ducatives. 9 parents sur 10 ont d\u2019ailleurs recours \u00e0 la \u201ctape sur les fesses\u201d, et 2\/3 des parents d\u00e9clarent \u201cdonner des petites gifles\u201d au quotidien.<\/p>\n<p>Violence conjugale, violence entre adultes ou actes de cruaut\u00e9 envers les animaux\u2026 Le code p\u00e9nal fran\u00e7ais condamne fermement tout acte de violence pr\u00e9c\u00e9demment cit\u00e9. Seules les VEO subies par l\u2019enfant de la part d\u2019un adulte sont encore tol\u00e9r\u00e9es dans notre soci\u00e9t\u00e9.<\/p>\n<h2>Qu\u2019entend-on par Violences Educatives Ordinaires (VEO) ?<\/h2>\n<p>Les violences \u00e9ducatives ordinaires prennent 5 formes diff\u00e9rentes :<\/p>\n<ul>\n<li>Les violences physiques<\/li>\n<li>Les violences psychologiques<\/li>\n<li>Les violences culturelles<\/li>\n<li>Les douces violences<\/li>\n<li>Les maltraitances<\/li>\n<\/ul>\n<p>D\u00e9couvrez les listes non-exhaustives des diff\u00e9rentes actions consid\u00e9r\u00e9es comme des VEO.<\/p>\n<h3>Les violences physiques<\/h3>\n<p>Gifler, donner une tape sur la main, secouer, tenir les joues, mordre, pincer, laisser pleurer seul, forcer \u00e0 go\u00fbter, manger ou finir son assiette, emp\u00eacher d\u2019aller aux toilettes\u2026<\/p>\n<p><img loading=\"lazy\" decoding=\"async\" data-src=\"https:\/\/www.fondation-enfance.org\/wp-content\/uploads\/2021\/07\/BAT_FPD_DECAUX_HD_DOOLA-1_Page_2-466x688-1.png\" alt=\"Violences \u00e9ducatives ordinaires (VEO) | Fondation pour l'Enfance\" width=\"254\" height=\"375\" src=\"data:image\/gif;base64,R0lGODlhAQABAAAAACH5BAEKAAEALAAAAAABAAEAAAICTAEAOw==\" class=\"lazyload\" style=\"--smush-placeholder-width: 254px; --smush-placeholder-aspect-ratio: 254\/375;\" \/><noscript><img loading=\"lazy\" decoding=\"async\" src=\"https:\/\/www.fondation-enfance.org\/wp-content\/uploads\/2021\/07\/BAT_FPD_DECAUX_HD_DOOLA-1_Page_2-466x688-1.png\" alt=\"Violences \u00e9ducatives ordinaires (VEO) | Fondation pour l'Enfance\" width=\"254\" height=\"375\" \/><\/noscript><\/p>\n<h3>Les violences psychologiques<\/h3>\n<p>Crier, faire les gros yeux, effrayer, mettre au coin, le laxisme, l\u2019indiff\u00e9rence, punir, menacer, faire du chantage, rabaisser, humilier, se moquer, rire de l\u2019enfant en d\u00e9tresse, mentir, comparer les enfants, donner des r\u00e9compenses, critiquer ses amis ou ses go\u00fbts, ne pas arr\u00eater de chahuter l\u2019enfant lorsqu\u2019il le demande, l\u2019adultisme, \u2026<\/p>\n<h3>Les violences culturelles<\/h3>\n<p>Donner des surnoms, faire \u00e0 la place de l\u2019enfant car il est trop lent, le mettre devant la t\u00e9l\u00e9vision pour avoir la paix, \u2026<\/p>\n<h3>Les maltraitances<\/h3>\n<p>Porter des coups avec un objet, douche froide, coups de pied, privation de nourriture, privation de soin, privation d\u2019affection, humiliation, insultes, \u2026<\/p>\n<p>La liste des diff\u00e9rentes VEO est encore longue. Mais quels sont les effets de ces actes sur le d\u00e9veloppement de l\u2019enfant, de l\u2019adolescent et m\u00eame de l\u2019adulte ?<\/p>\n<h2>Les effets des violences \u00e9ducatives ordinaires (VEO) sur le d\u00e9veloppement de l\u2019enfant<\/h2>\n<p><strong>Chez l\u2019enfant, les VEO peuvent engendrer :<\/strong><\/p>\n<ul>\n<li>Un risque d\u2019agressivit\u00e9 d\u00fb \u00e0 l\u2019internalisation et l\u2019externalisation de la violence par mim\u00e9tisme d\u00e8s 3 ans<\/li>\n<li>Un risque d&rsquo;anxi\u00e9t\u00e9 ou de d\u00e9prime d\u00e8s 5 ans<\/li>\n<\/ul>\n<p><strong>\u00c0 cela s\u2019ajoute chez l\u2019adolescent :<\/strong><\/p>\n<ul>\n<li>Un risque d\u2019inscription de la violence dans le patrimoine g\u00e9n\u00e9tique<\/li>\n<li>Un risque de r\u00e9duction du quotient intellectuel et de d\u00e9crochage scolaire<\/li>\n<li>Un risque d\u2019apparition de troubles psychiatriques (troubles d\u2019humeur, anxi\u00e9t\u00e9, addictions, tendance suicidaire,&#8230;)<\/li>\n<li>Et un risque de harc\u00e8lement scolaire<\/li>\n<\/ul>\n<p><strong>Et les effets ne s\u2019arr\u00eatent pas l\u00e0 puisque chez l\u2019adulte s\u2019ajoute encore des effets secondaires :<\/strong><\/p>\n<ul>\n<li>Risque de maladies somatiques et d\u2019atteinte de la m\u00e9moire<\/li>\n<li>Risque de probl\u00e8mes sexuels et de pratiques sexuelles d\u00e9viantes<\/li>\n<li>Risque d\u2019hyperactivit\u00e9 et de troubles du langage<\/li>\n<li>Sentiment d\u2019ins\u00e9curit\u00e9 et de stress<\/li>\n<li>Risque de troubles de la personnalit\u00e9<\/li>\n<li>Risque de perte de l\u2019estime de soi et d\u2019isolement social<\/li>\n<\/ul>\n<h2>Nos conseils pour changer de regard sur l\u2019\u00e9ducation, et s\u2019orienter vers une \u00e9ducation NVEO<\/h2>\n<p>Si vous souhaitez \u00e9voluer vers plus de bienveillance au quotidien et vous diriger vers une \u00e9ducation NVEO (sans violences \u00e9ducatives ordinaires), voici 5 conseils pour changer de regard, entrevoir et accepter un autre mode de fonctionnement avec votre enfant :<\/p>\n<h3>\u00catre \u00e0 l\u2019\u00e9coute et accompagner<\/h3>\n<p>Caprices, provocations, \u2026 Soyez \u00e0 l\u2019\u00e9coute lorsque votre enfant s\u2019exprime. Aidez-le \u00e0 mettre des mots sur ses sentiments, et accompagnez-le dans son d\u00e9veloppement.<\/p>\n<h3>Parler autrement<\/h3>\n<p>Apprenez \u00e0 \u00eatre plus positif lorsque vous \u00e9changez avec votre enfant. Cela permet de d\u00e9velopper sa personnalit\u00e9 et sa confiance. Le sentiment de s\u00e9curit\u00e9 est essentiel \u00e0 son d\u00e9veloppement.<\/p>\n<p>On dira \u201cJe pr\u00e9f\u00e8re que tu me donnes la main pour ta s\u00e9curit\u00e9\u201d plut\u00f4t que \u201cNe marche pas tout seul sur le bord de la route\u201d. Petit bonus : vous verrez rapidement que vous serez vous aussi bien plus positif au quotidien !<\/p>\n<h3>Accepter les al\u00e9as du quotidien<\/h3>\n<p>L\u2019enfant a sans cesse besoin d\u2019exp\u00e9rimenter, de tester ! \u00c0 ce titre, il ne fait pas de \u201cb\u00eatises\u201d, mais exp\u00e9rimente plein de choses chaque jour avec plus ou moins de succ\u00e8s. Cette qu\u00eate de savoirs induit des petits incidents : un verre d\u2019eau renvers\u00e9, de la nourriture par terre\u2026 Cela fait parti du \u201cpackage enfant\u201d, il faut les accepter.<\/p>\n<h3>\u00c9noncer clairement les r\u00e8gles de vie<\/h3>\n<p>Pour maintenir un cadre de vie harmonieux, il est primordial de transmettre des r\u00e8gles de vie \u00e0 votre enfant. Ces derni\u00e8res doivent \u00eatre \u00e9nonc\u00e9es clairement, sans avoir recours \u00e0 la menace, au chantage ou encore \u00e0 la punition. La compr\u00e9hension de ces r\u00e8gles est faite de succ\u00e8s, d\u2019erreurs et d\u2019exp\u00e9rience. Dans tous les cas, rappelez-vous que votre enfant apprend.<\/p>\n<h3>G\u00e9rer sa propre col\u00e8re<\/h3>\n<p>Un enfant qui pleure, qui crie, qui se roule par terre\u2026 D\u00e8s que les premiers signes de col\u00e8re et les premi\u00e8res pens\u00e9es violentes vous envahissent, prenez imm\u00e9diatement du recul sur la situation. Respirez, \u00e9loignez vous si besoin, et essayez de comprendre pourquoi votre enfant a eu ce comportement.<\/p>\n<p>Si vous vous sentez en difficult\u00e9, surtout, demandez de l\u2019aide.<\/p>\n<p>Ayez recours \u00e0 de l\u2019aide externe gr\u00e2ce \u00e0 votre famille ou vos amis qui pourraient vous soulager en gardant votre enfant quelques heures, faites appel \u00e0 la PMI (service de Protection Maternelle et Infantile) la plus proche de chez vous pour des conseils, et n\u2019h\u00e9sitez pas \u00e0 consulter un psychologue si vous en ressentez le besoin. \u00catre accompagn\u00e9 et soutenu peut vous \u00e9viter un burn-out parental, ou des gestes regrettables.<\/p>\n<p>Aussi, si le sommeil de b\u00e9b\u00e9 est compliqu\u00e9, retrouvez tous nos conseils, <a href=\"https:\/\/www.lechoixdesbebes.com\/blog\/rituel-du-coucher\/\" target=\"_blank\" rel=\"noopener noreferrer\">juste ici<\/a>.<\/p>\n<hr \/>\n<p>Sources :<br \/>\n<a href=\"https:\/\/www.oveo.org\/histoire-de-la-violence-educative\/\">https:\/\/www.oveo.org\/histoire-de-la-violence-educative\/<\/a><\/p>\n<p><a href=\"https:\/\/www.fondation-enfance.org\/\">https:\/\/www.fondation-enfance.org\/<\/a><\/p>\n","protected":false},"excerpt":{"rendered":"<span class=\"rt-reading-time\" style=\"display: block;\"><span class=\"rt-label rt-prefix\">Temps de lecture\u00a0: <\/span> <span class=\"rt-time\">8<\/span> <span class=\"rt-label rt-postfix\">minutes<\/span><\/span> On en parle de plus en plus, depuis une dizaine d\u2019ann\u00e9es la lumi\u00e8re est faite autour des violences \u00e9ducatives ordinaires, aussi nomm\u00e9es VEO. Culturellement banalis\u00e9es depuis de nombreuses ann\u00e9es, les professionnels de la petite enfance sensibilisent le grand public \u00e0 l\u2019arr\u00eat de ces pratiques pouvant affecter durablement les enfants physiquement et psychologiquement. Violences \u00e9ducatives ordinaires&#8230; <a class=\"view-article\" href=\"https:\/\/www.lechoixdesbebes.com\/blog\/violences-educatives-ordinaires-veo-parlons-en\/\">View Article<\/a>","protected":false},"author":2,"featured_media":1336,"comment_status":"open","ping_status":"closed","sticky":false,"template":"","format":"standard","meta":{"footnotes":""},"categories":[2],"tags":[],"class_list":["post-1331","post","type-post","status-publish","format-standard","has-post-thumbnail","hentry","category-actualites"],"yoast_head":"<!-- This site is optimized with the Yoast SEO plugin v23.5 - https:\/\/yoast.com\/wordpress\/plugins\/seo\/ -->\n<title>Violences \u00e9ducatives ordinaires (VEO) : parlons-en<\/title>\n<meta name=\"description\" content=\"Quelles sont les Violences \u00e9ducatives ordinaires (VEO) ? Comment adopter une \u00e9ducation bienveillante ? D\u00e9couvrez tous nos conseils.\" \/>\n<meta name=\"robots\" content=\"index, follow, max-snippet:-1, max-image-preview:large, max-video-preview:-1\" \/>\n<link rel=\"canonical\" href=\"https:\/\/www.lechoixdesbebes.com\/blog\/violences-educatives-ordinaires-veo-parlons-en\/\" \/>\n<meta property=\"og:locale\" content=\"fr_FR\" \/>\n<meta property=\"og:type\" content=\"article\" \/>\n<meta property=\"og:title\" content=\"Violences \u00e9ducatives ordinaires (VEO) : parlons-en\" \/>\n<meta property=\"og:description\" content=\"Quelles sont les Violences \u00e9ducatives ordinaires (VEO) ? Comment adopter une \u00e9ducation bienveillante ? D\u00e9couvrez tous nos conseils.\" \/>\n<meta property=\"og:url\" content=\"https:\/\/www.lechoixdesbebes.com\/blog\/violences-educatives-ordinaires-veo-parlons-en\/\" \/>\n<meta property=\"og:site_name\" content=\"Actualit\u00e9 de la Pu\u00e9riculture : Blog le Choix des B\u00e9b\u00e9s\" \/>\n<meta property=\"article:publisher\" content=\"https:\/\/www.facebook.com\/Lechoixdesbebes\" \/>\n<meta property=\"article:published_time\" content=\"2022-09-12T13:23:16+00:00\" \/>\n<meta property=\"article:modified_time\" content=\"2023-03-23T15:39:23+00:00\" \/>\n<meta property=\"og:image\" content=\"https:\/\/www.lechoixdesbebes.com\/blog\/wp-content\/uploads\/2022\/09\/Veo-parlons-en-scaled.jpg\" \/>\n\t<meta property=\"og:image:width\" content=\"2560\" \/>\n\t<meta property=\"og:image:height\" content=\"1709\" \/>\n\t<meta property=\"og:image:type\" content=\"image\/jpeg\" \/>\n<meta name=\"author\" content=\"Le Choix Des B\u00e9b\u00e9s\" \/>\n<meta name=\"twitter:card\" content=\"summary_large_image\" \/>\n<meta name=\"twitter:label1\" content=\"\u00c9crit par\" \/>\n\t<meta name=\"twitter:data1\" content=\"Le Choix Des B\u00e9b\u00e9s\" \/>\n\t<meta name=\"twitter:label2\" content=\"Dur\u00e9e de lecture estim\u00e9e\" \/>\n\t<meta name=\"twitter:data2\" content=\"9 minutes\" \/>\n<script type=\"application\/ld+json\" class=\"yoast-schema-graph\">{\"@context\":\"https:\/\/schema.org\",\"@graph\":[{\"@type\":\"Article\",\"@id\":\"https:\/\/www.lechoixdesbebes.com\/blog\/violences-educatives-ordinaires-veo-parlons-en\/#article\",\"isPartOf\":{\"@id\":\"https:\/\/www.lechoixdesbebes.com\/blog\/violences-educatives-ordinaires-veo-parlons-en\/\"},\"author\":{\"name\":\"Le Choix Des B\u00e9b\u00e9s\",\"@id\":\"https:\/\/www.lechoixdesbebes.com\/blog\/#\/schema\/person\/296076ecd4371ded7a75a238703a0ad1\"},\"headline\":\"Violences \u00e9ducatives ordinaires (VEO) : parlons-en\",\"datePublished\":\"2022-09-12T13:23:16+00:00\",\"dateModified\":\"2023-03-23T15:39:23+00:00\",\"mainEntityOfPage\":{\"@id\":\"https:\/\/www.lechoixdesbebes.com\/blog\/violences-educatives-ordinaires-veo-parlons-en\/\"},\"wordCount\":1720,\"commentCount\":0,\"publisher\":{\"@id\":\"https:\/\/www.lechoixdesbebes.com\/blog\/#organization\"},\"image\":{\"@id\":\"https:\/\/www.lechoixdesbebes.com\/blog\/violences-educatives-ordinaires-veo-parlons-en\/#primaryimage\"},\"thumbnailUrl\":\"https:\/\/www.lechoixdesbebes.com\/blog\/wp-content\/uploads\/2022\/09\/Veo-parlons-en-scaled.jpg\",\"articleSection\":[\"Actualit\u00e9s\"],\"inLanguage\":\"fr-FR\",\"potentialAction\":[{\"@type\":\"CommentAction\",\"name\":\"Comment\",\"target\":[\"https:\/\/www.lechoixdesbebes.com\/blog\/violences-educatives-ordinaires-veo-parlons-en\/#respond\"]}]},{\"@type\":\"WebPage\",\"@id\":\"https:\/\/www.lechoixdesbebes.com\/blog\/violences-educatives-ordinaires-veo-parlons-en\/\",\"url\":\"https:\/\/www.lechoixdesbebes.com\/blog\/violences-educatives-ordinaires-veo-parlons-en\/\",\"name\":\"Violences \u00e9ducatives ordinaires (VEO) : parlons-en\",\"isPartOf\":{\"@id\":\"https:\/\/www.lechoixdesbebes.com\/blog\/#website\"},\"primaryImageOfPage\":{\"@id\":\"https:\/\/www.lechoixdesbebes.com\/blog\/violences-educatives-ordinaires-veo-parlons-en\/#primaryimage\"},\"image\":{\"@id\":\"https:\/\/www.lechoixdesbebes.com\/blog\/violences-educatives-ordinaires-veo-parlons-en\/#primaryimage\"},\"thumbnailUrl\":\"https:\/\/www.lechoixdesbebes.com\/blog\/wp-content\/uploads\/2022\/09\/Veo-parlons-en-scaled.jpg\",\"datePublished\":\"2022-09-12T13:23:16+00:00\",\"dateModified\":\"2023-03-23T15:39:23+00:00\",\"description\":\"Quelles sont les Violences \u00e9ducatives ordinaires (VEO) ? Comment adopter une \u00e9ducation bienveillante ? D\u00e9couvrez tous nos conseils.\",\"breadcrumb\":{\"@id\":\"https:\/\/www.lechoixdesbebes.com\/blog\/violences-educatives-ordinaires-veo-parlons-en\/#breadcrumb\"},\"inLanguage\":\"fr-FR\",\"potentialAction\":[{\"@type\":\"ReadAction\",\"target\":[\"https:\/\/www.lechoixdesbebes.com\/blog\/violences-educatives-ordinaires-veo-parlons-en\/\"]}]},{\"@type\":\"ImageObject\",\"inLanguage\":\"fr-FR\",\"@id\":\"https:\/\/www.lechoixdesbebes.com\/blog\/violences-educatives-ordinaires-veo-parlons-en\/#primaryimage\",\"url\":\"https:\/\/www.lechoixdesbebes.com\/blog\/wp-content\/uploads\/2022\/09\/Veo-parlons-en-scaled.jpg\",\"contentUrl\":\"https:\/\/www.lechoixdesbebes.com\/blog\/wp-content\/uploads\/2022\/09\/Veo-parlons-en-scaled.jpg\",\"width\":2560,\"height\":1709,\"caption\":\"VEO, parlons-en\"},{\"@type\":\"BreadcrumbList\",\"@id\":\"https:\/\/www.lechoixdesbebes.com\/blog\/violences-educatives-ordinaires-veo-parlons-en\/#breadcrumb\",\"itemListElement\":[{\"@type\":\"ListItem\",\"position\":1,\"name\":\"Accueil\",\"item\":\"https:\/\/www.lechoixdesbebes.com\/blog\/\"},{\"@type\":\"ListItem\",\"position\":2,\"name\":\"Violences \u00e9ducatives ordinaires (VEO) : parlons-en\"}]},{\"@type\":\"WebSite\",\"@id\":\"https:\/\/www.lechoixdesbebes.com\/blog\/#website\",\"url\":\"https:\/\/www.lechoixdesbebes.com\/blog\/\",\"name\":\"Actualit\u00e9 de la Pu\u00e9riculture : Blog le Choix des B\u00e9b\u00e9s\",\"description\":\"Suivez nos conseils bien-\u00eatre pour un b\u00e9b\u00e9 heureux et des parents \u00e9panouis. Le Choix des b\u00e9b\u00e9s : sp\u00e9cialiste de la pu\u00e9riculture\",\"publisher\":{\"@id\":\"https:\/\/www.lechoixdesbebes.com\/blog\/#organization\"},\"potentialAction\":[{\"@type\":\"SearchAction\",\"target\":{\"@type\":\"EntryPoint\",\"urlTemplate\":\"https:\/\/www.lechoixdesbebes.com\/blog\/?s={search_term_string}\"},\"query-input\":{\"@type\":\"PropertyValueSpecification\",\"valueRequired\":true,\"valueName\":\"search_term_string\"}}],\"inLanguage\":\"fr-FR\"},{\"@type\":\"Organization\",\"@id\":\"https:\/\/www.lechoixdesbebes.com\/blog\/#organization\",\"name\":\"Le Choix Des B\u00e9b\u00e9s\",\"url\":\"https:\/\/www.lechoixdesbebes.com\/blog\/\",\"logo\":{\"@type\":\"ImageObject\",\"inLanguage\":\"fr-FR\",\"@id\":\"https:\/\/www.lechoixdesbebes.com\/blog\/#\/schema\/logo\/image\/\",\"url\":\"https:\/\/www.lechoixdesbebes.com\/blog\/wp-content\/uploads\/2021\/06\/Logo-MyShop-Cdiscount.jpg\",\"contentUrl\":\"https:\/\/www.lechoixdesbebes.com\/blog\/wp-content\/uploads\/2021\/06\/Logo-MyShop-Cdiscount.jpg\",\"width\":350,\"height\":80,\"caption\":\"Le Choix Des B\u00e9b\u00e9s\"},\"image\":{\"@id\":\"https:\/\/www.lechoixdesbebes.com\/blog\/#\/schema\/logo\/image\/\"},\"sameAs\":[\"https:\/\/www.facebook.com\/Lechoixdesbebes\"]},{\"@type\":\"Person\",\"@id\":\"https:\/\/www.lechoixdesbebes.com\/blog\/#\/schema\/person\/296076ecd4371ded7a75a238703a0ad1\",\"name\":\"Le Choix Des B\u00e9b\u00e9s\"}]}<\/script>\n<!-- \/ Yoast SEO plugin. -->","yoast_head_json":{"title":"Violences \u00e9ducatives ordinaires (VEO) : parlons-en","description":"Quelles sont les Violences \u00e9ducatives ordinaires (VEO) ? Comment adopter une \u00e9ducation bienveillante ? D\u00e9couvrez tous nos conseils.","robots":{"index":"index","follow":"follow","max-snippet":"max-snippet:-1","max-image-preview":"max-image-preview:large","max-video-preview":"max-video-preview:-1"},"canonical":"https:\/\/www.lechoixdesbebes.com\/blog\/violences-educatives-ordinaires-veo-parlons-en\/","og_locale":"fr_FR","og_type":"article","og_title":"Violences \u00e9ducatives ordinaires (VEO) : parlons-en","og_description":"Quelles sont les Violences \u00e9ducatives ordinaires (VEO) ? Comment adopter une \u00e9ducation bienveillante ? D\u00e9couvrez tous nos conseils.","og_url":"https:\/\/www.lechoixdesbebes.com\/blog\/violences-educatives-ordinaires-veo-parlons-en\/","og_site_name":"Actualit\u00e9 de la Pu\u00e9riculture : Blog le Choix des B\u00e9b\u00e9s","article_publisher":"https:\/\/www.facebook.com\/Lechoixdesbebes","article_published_time":"2022-09-12T13:23:16+00:00","article_modified_time":"2023-03-23T15:39:23+00:00","og_image":[{"width":2560,"height":1709,"url":"https:\/\/www.lechoixdesbebes.com\/blog\/wp-content\/uploads\/2022\/09\/Veo-parlons-en-scaled.jpg","type":"image\/jpeg"}],"author":"Le Choix Des B\u00e9b\u00e9s","twitter_card":"summary_large_image","twitter_misc":{"\u00c9crit par":"Le Choix Des B\u00e9b\u00e9s","Dur\u00e9e de lecture estim\u00e9e":"9 minutes"},"schema":{"@context":"https:\/\/schema.org","@graph":[{"@type":"Article","@id":"https:\/\/www.lechoixdesbebes.com\/blog\/violences-educatives-ordinaires-veo-parlons-en\/#article","isPartOf":{"@id":"https:\/\/www.lechoixdesbebes.com\/blog\/violences-educatives-ordinaires-veo-parlons-en\/"},"author":{"name":"Le Choix Des B\u00e9b\u00e9s","@id":"https:\/\/www.lechoixdesbebes.com\/blog\/#\/schema\/person\/296076ecd4371ded7a75a238703a0ad1"},"headline":"Violences \u00e9ducatives ordinaires (VEO) : parlons-en","datePublished":"2022-09-12T13:23:16+00:00","dateModified":"2023-03-23T15:39:23+00:00","mainEntityOfPage":{"@id":"https:\/\/www.lechoixdesbebes.com\/blog\/violences-educatives-ordinaires-veo-parlons-en\/"},"wordCount":1720,"commentCount":0,"publisher":{"@id":"https:\/\/www.lechoixdesbebes.com\/blog\/#organization"},"image":{"@id":"https:\/\/www.lechoixdesbebes.com\/blog\/violences-educatives-ordinaires-veo-parlons-en\/#primaryimage"},"thumbnailUrl":"https:\/\/www.lechoixdesbebes.com\/blog\/wp-content\/uploads\/2022\/09\/Veo-parlons-en-scaled.jpg","articleSection":["Actualit\u00e9s"],"inLanguage":"fr-FR","potentialAction":[{"@type":"CommentAction","name":"Comment","target":["https:\/\/www.lechoixdesbebes.com\/blog\/violences-educatives-ordinaires-veo-parlons-en\/#respond"]}]},{"@type":"WebPage","@id":"https:\/\/www.lechoixdesbebes.com\/blog\/violences-educatives-ordinaires-veo-parlons-en\/","url":"https:\/\/www.lechoixdesbebes.com\/blog\/violences-educatives-ordinaires-veo-parlons-en\/","name":"Violences \u00e9ducatives ordinaires (VEO) : parlons-en","isPartOf":{"@id":"https:\/\/www.lechoixdesbebes.com\/blog\/#website"},"primaryImageOfPage":{"@id":"https:\/\/www.lechoixdesbebes.com\/blog\/violences-educatives-ordinaires-veo-parlons-en\/#primaryimage"},"image":{"@id":"https:\/\/www.lechoixdesbebes.com\/blog\/violences-educatives-ordinaires-veo-parlons-en\/#primaryimage"},"thumbnailUrl":"https:\/\/www.lechoixdesbebes.com\/blog\/wp-content\/uploads\/2022\/09\/Veo-parlons-en-scaled.jpg","datePublished":"2022-09-12T13:23:16+00:00","dateModified":"2023-03-23T15:39:23+00:00","description":"Quelles sont les Violences \u00e9ducatives ordinaires (VEO) ? Comment adopter une \u00e9ducation bienveillante ? D\u00e9couvrez tous nos conseils.","breadcrumb":{"@id":"https:\/\/www.lechoixdesbebes.com\/blog\/violences-educatives-ordinaires-veo-parlons-en\/#breadcrumb"},"inLanguage":"fr-FR","potentialAction":[{"@type":"ReadAction","target":["https:\/\/www.lechoixdesbebes.com\/blog\/violences-educatives-ordinaires-veo-parlons-en\/"]}]},{"@type":"ImageObject","inLanguage":"fr-FR","@id":"https:\/\/www.lechoixdesbebes.com\/blog\/violences-educatives-ordinaires-veo-parlons-en\/#primaryimage","url":"https:\/\/www.lechoixdesbebes.com\/blog\/wp-content\/uploads\/2022\/09\/Veo-parlons-en-scaled.jpg","contentUrl":"https:\/\/www.lechoixdesbebes.com\/blog\/wp-content\/uploads\/2022\/09\/Veo-parlons-en-scaled.jpg","width":2560,"height":1709,"caption":"VEO, parlons-en"},{"@type":"BreadcrumbList","@id":"https:\/\/www.lechoixdesbebes.com\/blog\/violences-educatives-ordinaires-veo-parlons-en\/#breadcrumb","itemListElement":[{"@type":"ListItem","position":1,"name":"Accueil","item":"https:\/\/www.lechoixdesbebes.com\/blog\/"},{"@type":"ListItem","position":2,"name":"Violences \u00e9ducatives ordinaires (VEO) : parlons-en"}]},{"@type":"WebSite","@id":"https:\/\/www.lechoixdesbebes.com\/blog\/#website","url":"https:\/\/www.lechoixdesbebes.com\/blog\/","name":"Actualit\u00e9 de la Pu\u00e9riculture : Blog le Choix des B\u00e9b\u00e9s","description":"Suivez nos conseils bien-\u00eatre pour un b\u00e9b\u00e9 heureux et des parents \u00e9panouis. Le Choix des b\u00e9b\u00e9s : sp\u00e9cialiste de la pu\u00e9riculture","publisher":{"@id":"https:\/\/www.lechoixdesbebes.com\/blog\/#organization"},"potentialAction":[{"@type":"SearchAction","target":{"@type":"EntryPoint","urlTemplate":"https:\/\/www.lechoixdesbebes.com\/blog\/?s={search_term_string}"},"query-input":{"@type":"PropertyValueSpecification","valueRequired":true,"valueName":"search_term_string"}}],"inLanguage":"fr-FR"},{"@type":"Organization","@id":"https:\/\/www.lechoixdesbebes.com\/blog\/#organization","name":"Le Choix Des B\u00e9b\u00e9s","url":"https:\/\/www.lechoixdesbebes.com\/blog\/","logo":{"@type":"ImageObject","inLanguage":"fr-FR","@id":"https:\/\/www.lechoixdesbebes.com\/blog\/#\/schema\/logo\/image\/","url":"https:\/\/www.lechoixdesbebes.com\/blog\/wp-content\/uploads\/2021\/06\/Logo-MyShop-Cdiscount.jpg","contentUrl":"https:\/\/www.lechoixdesbebes.com\/blog\/wp-content\/uploads\/2021\/06\/Logo-MyShop-Cdiscount.jpg","width":350,"height":80,"caption":"Le Choix Des B\u00e9b\u00e9s"},"image":{"@id":"https:\/\/www.lechoixdesbebes.com\/blog\/#\/schema\/logo\/image\/"},"sameAs":["https:\/\/www.facebook.com\/Lechoixdesbebes"]},{"@type":"Person","@id":"https:\/\/www.lechoixdesbebes.com\/blog\/#\/schema\/person\/296076ecd4371ded7a75a238703a0ad1","name":"Le Choix Des B\u00e9b\u00e9s"}]}},"_links":{"self":[{"href":"https:\/\/www.lechoixdesbebes.com\/blog\/wp-json\/wp\/v2\/posts\/1331"}],"collection":[{"href":"https:\/\/www.lechoixdesbebes.com\/blog\/wp-json\/wp\/v2\/posts"}],"about":[{"href":"https:\/\/www.lechoixdesbebes.com\/blog\/wp-json\/wp\/v2\/types\/post"}],"author":[{"embeddable":true,"href":"https:\/\/www.lechoixdesbebes.com\/blog\/wp-json\/wp\/v2\/users\/2"}],"replies":[{"embeddable":true,"href":"https:\/\/www.lechoixdesbebes.com\/blog\/wp-json\/wp\/v2\/comments?post=1331"}],"version-history":[{"count":15,"href":"https:\/\/www.lechoixdesbebes.com\/blog\/wp-json\/wp\/v2\/posts\/1331\/revisions"}],"predecessor-version":[{"id":1518,"href":"https:\/\/www.lechoixdesbebes.com\/blog\/wp-json\/wp\/v2\/posts\/1331\/revisions\/1518"}],"wp:featuredmedia":[{"embeddable":true,"href":"https:\/\/www.lechoixdesbebes.com\/blog\/wp-json\/wp\/v2\/media\/1336"}],"wp:attachment":[{"href":"https:\/\/www.lechoixdesbebes.com\/blog\/wp-json\/wp\/v2\/media?parent=1331"}],"wp:term":[{"taxonomy":"category","embeddable":true,"href":"https:\/\/www.lechoixdesbebes.com\/blog\/wp-json\/wp\/v2\/categories?post=1331"},{"taxonomy":"post_tag","embeddable":true,"href":"https:\/\/www.lechoixdesbebes.com\/blog\/wp-json\/wp\/v2\/tags?post=1331"}],"curies":[{"name":"wp","href":"https:\/\/api.w.org\/{rel}","templated":true}]}}