{"id":1350,"date":"2022-09-22T11:57:04","date_gmt":"2022-09-22T09:57:04","guid":{"rendered":"https:\/\/www.lechoixdesbebes.com\/blog\/?p=1350"},"modified":"2022-12-14T14:26:32","modified_gmt":"2022-12-14T13:26:32","slug":"habiller-bebe-en-automne","status":"publish","type":"post","link":"https:\/\/www.lechoixdesbebes.com\/blog\/habiller-bebe-en-automne\/","title":{"rendered":"Comment habiller b\u00e9b\u00e9 en automne ?"},"content":{"rendered":"<span class=\"rt-reading-time\" style=\"display: block;\"><span class=\"rt-label rt-prefix\">Temps de lecture\u00a0: <\/span> <span class=\"rt-time\">4<\/span> <span class=\"rt-label rt-postfix\">minutes<\/span><\/span><p>Ah l\u2019automne\u2026 Son \u00e9t\u00e9 indien, ses jolies couleurs et\u2026 sa m\u00e9t\u00e9o versatile ! Froid le matin, chaud l\u2019apr\u00e8s-midi\u2026 C\u2018est un vrai casse t\u00eate pour v\u00eatir b\u00e9b\u00e9. Mais ne vous inqui\u00e9tez pas, on vous a r\u00e9sum\u00e9 ici toutes nos astuces pour vous aider au quotidien \u00e0 habiller b\u00e9b\u00e9 en automne.<\/p>\n<h2>Habiller b\u00e9b\u00e9 en automne : adoptez la technique de l\u2019oignon<\/h2>\n<p>Avec un temps aussi instable, il est primordial de pr\u00e9voir des tenues s\u2019adaptant \u00e0 toutes les situations, et toutes les temp\u00e9ratures ! Alors on ne l\u00e9sine pas sur les diff\u00e9rentes couches et on met \u00e0 b\u00e9b\u00e9 :<\/p>\n<ul style=\"list-style-type: disc !important; margin-left: 2em;\">\n<li>un body (v\u00e9rifiez au cours de la journ\u00e9e si celui-ci n\u2019est pas humide \u00e0 cause des variations de temp\u00e9rature. Si c\u2019est le cas, pensez \u00e0 en avoir un de rechange sous la main)<\/li>\n<li>un t-shirt \u00e0 manches longues<\/li>\n<li>un pantalon ou une combinaison, de pr\u00e9f\u00e9rence en coton<\/li>\n<li>un joli pull ou un gilet<\/li>\n<li>un coupe-vent, pour parer \u00e0 tout impair \ud83d\ude09<\/li>\n<li>des chaussettes toutes douces, mais aussi un peu \u00e9paisses<\/li>\n<li>et des chaussures (pr\u00e9f\u00e9rez des petites bottes en caoutchouc si votre enfant commence \u00e0 marcher et \u00e0 sauter dans des flaques d\u2019eau !)<\/li>\n<\/ul>\n<p>Au fil de la journ\u00e9e, il vous sera ainsi plus facile de d\u00e9couvrir b\u00e9b\u00e9 si le temps se r\u00e9chauffe. Pensez par ailleurs \u00e0 opter pour des v\u00eatements faciles \u00e0 mettre et \u00e0 enlever, avec des fermetures \u00e9clair ou des boutons pression.<\/p>\n<h2>En automne, ayez le r\u00e9flexe \u201cune couche de plus\u201d=<\/h2>\n<p>B\u00e9b\u00e9 est bien plus sensible aux variations de temp\u00e9rature que vous ! Pour savoir facilement comment l\u2019habiller, pensez \u00e0 votre tenue + une couche. Si vous portez par exemple un t-shirt, pensez \u00e0 ajouter un gilet \u00e0 votre b\u00e9b\u00e9. Bien s\u00fbr, ce conseil s\u2019adapte \u00e0 l\u2019\u00e2ge de votre enfant. Plus ils grandissent, plus ils bougent et plus ils se r\u00e9chauffent.<\/p>\n<p><strong>Petite astuce qui vous sera bien pratique pour habiller b\u00e9b\u00e9 en automne ! \ud83d\udca1<\/strong><br \/>\nPour savoir si votre enfant \u00e0 chaud ou froid, touchez sa nuque. Si elle est froide, il faudra alors ajouter une couche \u00e0 la tenue de b\u00e9b\u00e9. Au contraire, si elle est chaude, il faudra alors en retirer une.<\/p>\n<h2>Pour habiller b\u00e9b\u00e9 en automne, faites attention aux mati\u00e8res<\/h2>\n<p>Pour le confort et le respect de la peau de b\u00e9b\u00e9, privil\u00e9giez les mati\u00e8res naturelles comme le lin, la popeline ou le gaz de coton, la viscose de bambou, le 100% coton ou la laine. Celles-ci sont souvent bien plus douces que les mati\u00e8res synth\u00e9tiques et \u00e9viteront les irritations de la peau de votre b\u00e9b\u00e9.<\/p>\n<h2>Peu importe la saison, pensez confort<\/h2>\n<p>Les tout-petits ont besoin d\u2019explorer, de bouger, et de faire tout un tas de mouvements incongrus. Privil\u00e9giez ainsi leur confort et \u00e9vitez les jeans, souvent tr\u00e8s peu extensibles. Tournez-vous plut\u00f4t vers des bloomers, des pantalons en molleton ou encore des combinaisons en maille, \u00e0 la fois chaudes et tellement confortables.<\/p>\n<h2>Et la nuit ?<\/h2>\n<p>Habiller b\u00e9b\u00e9 en automne la nuit n&rsquo;est pas si complexe. Tout d&rsquo;abord, gardez en t\u00eate que peu importe la temp\u00e9rature ext\u00e9rieure, la chambre de b\u00e9b\u00e9 doit \u00eatre a\u00e9r\u00e9e quotidiennement. Ne la surchauffez pas, et pr\u00e9f\u00e9rez une temp\u00e9rature moyenne entre 18\u00b0 et 20\u00b0C.<\/p>\n<ul style=\"list-style-type: disc !important; margin-left: 2em;\">\n<li>Si la temp\u00e9rature de la chambre de b\u00e9b\u00e9 se situe entre 18 et 19\u00b0, pr\u00e9f\u00e9rez : un body manches longues, un pyjama et une gigoteuse.<\/li>\n<li>Si la temp\u00e9rature est un peu plus \u00e9lev\u00e9e et se situe entre 20 et 21\u00b0C, optez plut\u00f4t pour un body manches courtes avec un pyjama et une gigoteuse.<\/li>\n<\/ul>\n<p>Quoiqu&rsquo;il en soit, gardez bien en t\u00eate qu&rsquo;il n&rsquo;est pas recommand\u00e9 de mettre des couvertures dans le lit de b\u00e9b\u00e9. S&rsquo;il est bien habill\u00e9 pour la nuit, ces derni\u00e8res ne sont pas n\u00e9cessaires.<\/p>\n<p>Et si vous souhaitez d\u00e9couvrir notre s\u00e9lection de jolies gigoteuses \u00e9volutives, <a href=\"https:\/\/www.lechoixdesbebes.com\/fr\/51-gigoteuse-6-36-mois\">cliquez-ici<\/a>.<\/p>\n<p>&nbsp;<\/p>\n<p><img loading=\"lazy\" decoding=\"async\" class=\"wp-image-1359 aligncenter lazyload\" data-src=\"https:\/\/www.lechoixdesbebes.com\/blog\/wp-content\/uploads\/2022\/09\/Pinterest-Pin.jpg\" alt=\"Habiller b\u00e9b\u00e9 en automne infographie\" width=\"406\" height=\"609\" data-srcset=\"https:\/\/www.lechoixdesbebes.com\/blog\/wp-content\/uploads\/2022\/09\/Pinterest-Pin.jpg 1000w, https:\/\/www.lechoixdesbebes.com\/blog\/wp-content\/uploads\/2022\/09\/Pinterest-Pin-768x1152.jpg 768w, https:\/\/www.lechoixdesbebes.com\/blog\/wp-content\/uploads\/2022\/09\/Pinterest-Pin-120x180.jpg 120w\" data-sizes=\"(max-width: 406px) 100vw, 406px\" src=\"data:image\/gif;base64,R0lGODlhAQABAAAAACH5BAEKAAEALAAAAAABAAEAAAICTAEAOw==\" style=\"--smush-placeholder-width: 406px; --smush-placeholder-aspect-ratio: 406\/609;\" \/><noscript><img loading=\"lazy\" decoding=\"async\" class=\"wp-image-1359 aligncenter\" src=\"https:\/\/www.lechoixdesbebes.com\/blog\/wp-content\/uploads\/2022\/09\/Pinterest-Pin.jpg\" alt=\"Habiller b\u00e9b\u00e9 en automne infographie\" width=\"406\" height=\"609\" srcset=\"https:\/\/www.lechoixdesbebes.com\/blog\/wp-content\/uploads\/2022\/09\/Pinterest-Pin.jpg 1000w, https:\/\/www.lechoixdesbebes.com\/blog\/wp-content\/uploads\/2022\/09\/Pinterest-Pin-768x1152.jpg 768w, https:\/\/www.lechoixdesbebes.com\/blog\/wp-content\/uploads\/2022\/09\/Pinterest-Pin-120x180.jpg 120w\" sizes=\"(max-width: 406px) 100vw, 406px\" \/><\/noscript><\/p>\n<h2><\/h2>\n<p>&nbsp;<\/p>\n","protected":false},"excerpt":{"rendered":"<span class=\"rt-reading-time\" style=\"display: block;\"><span class=\"rt-label rt-prefix\">Temps de lecture\u00a0: <\/span> <span class=\"rt-time\">4<\/span> <span class=\"rt-label rt-postfix\">minutes<\/span><\/span> Ah l\u2019automne\u2026 Son \u00e9t\u00e9 indien, ses jolies couleurs et\u2026 sa m\u00e9t\u00e9o versatile ! Froid le matin, chaud l\u2019apr\u00e8s-midi\u2026 C\u2018est un vrai casse t\u00eate pour v\u00eatir b\u00e9b\u00e9. Mais ne vous inqui\u00e9tez pas, on vous a r\u00e9sum\u00e9 ici toutes nos astuces pour vous aider au quotidien \u00e0 habiller b\u00e9b\u00e9 en automne. Habiller b\u00e9b\u00e9 en automne : adoptez&#8230; <a class=\"view-article\" href=\"https:\/\/www.lechoixdesbebes.com\/blog\/habiller-bebe-en-automne\/\">View Article<\/a>","protected":false},"author":2,"featured_media":1362,"comment_status":"open","ping_status":"closed","sticky":false,"template":"","format":"standard","meta":{"footnotes":""},"categories":[2],"tags":[],"class_list":["post-1350","post","type-post","status-publish","format-standard","has-post-thumbnail","hentry","category-actualites"],"yoast_head":"<!-- This site is optimized with the Yoast SEO plugin v23.5 - https:\/\/yoast.com\/wordpress\/plugins\/seo\/ -->\n<title>Comment habiller b\u00e9b\u00e9 en automne ?<\/title>\n<meta name=\"description\" content=\"D\u00e9couvrez tous nos conseils pour habiller b\u00e9b\u00e9 en automne. Mati\u00e8res, coupes, astuces pour rep\u00e9rer si b\u00e9b\u00e9 a froid... On vous dit tout !\" \/>\n<meta name=\"robots\" content=\"index, follow, max-snippet:-1, max-image-preview:large, max-video-preview:-1\" \/>\n<link rel=\"canonical\" href=\"https:\/\/www.lechoixdesbebes.com\/blog\/habiller-bebe-en-automne\/\" \/>\n<meta property=\"og:locale\" content=\"fr_FR\" \/>\n<meta property=\"og:type\" content=\"article\" \/>\n<meta property=\"og:title\" content=\"Comment habiller b\u00e9b\u00e9 en automne ?\" \/>\n<meta property=\"og:description\" content=\"D\u00e9couvrez tous nos conseils pour habiller b\u00e9b\u00e9 en automne. Mati\u00e8res, coupes, astuces pour rep\u00e9rer si b\u00e9b\u00e9 a froid... On vous dit tout !\" \/>\n<meta property=\"og:url\" content=\"https:\/\/www.lechoixdesbebes.com\/blog\/habiller-bebe-en-automne\/\" \/>\n<meta property=\"og:site_name\" content=\"Actualit\u00e9 de la Pu\u00e9riculture : Blog le Choix des B\u00e9b\u00e9s\" \/>\n<meta property=\"article:publisher\" content=\"https:\/\/www.facebook.com\/Lechoixdesbebes\" \/>\n<meta property=\"article:published_time\" content=\"2022-09-22T09:57:04+00:00\" \/>\n<meta property=\"article:modified_time\" content=\"2022-12-14T13:26:32+00:00\" \/>\n<meta property=\"og:image\" content=\"https:\/\/www.lechoixdesbebes.com\/blog\/wp-content\/uploads\/2022\/09\/Habiller-bebe-automne-1-700x700.png\" \/>\n\t<meta property=\"og:image:width\" content=\"700\" \/>\n\t<meta property=\"og:image:height\" content=\"700\" \/>\n\t<meta property=\"og:image:type\" content=\"image\/png\" \/>\n<meta name=\"author\" content=\"Le Choix Des B\u00e9b\u00e9s\" \/>\n<meta name=\"twitter:card\" content=\"summary_large_image\" \/>\n<meta name=\"twitter:label1\" content=\"\u00c9crit par\" \/>\n\t<meta name=\"twitter:data1\" content=\"Le Choix Des B\u00e9b\u00e9s\" \/>\n\t<meta name=\"twitter:label2\" content=\"Dur\u00e9e de lecture estim\u00e9e\" \/>\n\t<meta name=\"twitter:data2\" content=\"4 minutes\" \/>\n<script type=\"application\/ld+json\" class=\"yoast-schema-graph\">{\"@context\":\"https:\/\/schema.org\",\"@graph\":[{\"@type\":\"Article\",\"@id\":\"https:\/\/www.lechoixdesbebes.com\/blog\/habiller-bebe-en-automne\/#article\",\"isPartOf\":{\"@id\":\"https:\/\/www.lechoixdesbebes.com\/blog\/habiller-bebe-en-automne\/\"},\"author\":{\"name\":\"Le Choix Des B\u00e9b\u00e9s\",\"@id\":\"https:\/\/www.lechoixdesbebes.com\/blog\/#\/schema\/person\/296076ecd4371ded7a75a238703a0ad1\"},\"headline\":\"Comment habiller b\u00e9b\u00e9 en automne ?\",\"datePublished\":\"2022-09-22T09:57:04+00:00\",\"dateModified\":\"2022-12-14T13:26:32+00:00\",\"mainEntityOfPage\":{\"@id\":\"https:\/\/www.lechoixdesbebes.com\/blog\/habiller-bebe-en-automne\/\"},\"wordCount\":669,\"commentCount\":0,\"publisher\":{\"@id\":\"https:\/\/www.lechoixdesbebes.com\/blog\/#organization\"},\"image\":{\"@id\":\"https:\/\/www.lechoixdesbebes.com\/blog\/habiller-bebe-en-automne\/#primaryimage\"},\"thumbnailUrl\":\"https:\/\/www.lechoixdesbebes.com\/blog\/wp-content\/uploads\/2022\/09\/Habiller-bebe-automne-1.png\",\"articleSection\":[\"Actualit\u00e9s\"],\"inLanguage\":\"fr-FR\",\"potentialAction\":[{\"@type\":\"CommentAction\",\"name\":\"Comment\",\"target\":[\"https:\/\/www.lechoixdesbebes.com\/blog\/habiller-bebe-en-automne\/#respond\"]}]},{\"@type\":\"WebPage\",\"@id\":\"https:\/\/www.lechoixdesbebes.com\/blog\/habiller-bebe-en-automne\/\",\"url\":\"https:\/\/www.lechoixdesbebes.com\/blog\/habiller-bebe-en-automne\/\",\"name\":\"Comment habiller b\u00e9b\u00e9 en automne ?\",\"isPartOf\":{\"@id\":\"https:\/\/www.lechoixdesbebes.com\/blog\/#website\"},\"primaryImageOfPage\":{\"@id\":\"https:\/\/www.lechoixdesbebes.com\/blog\/habiller-bebe-en-automne\/#primaryimage\"},\"image\":{\"@id\":\"https:\/\/www.lechoixdesbebes.com\/blog\/habiller-bebe-en-automne\/#primaryimage\"},\"thumbnailUrl\":\"https:\/\/www.lechoixdesbebes.com\/blog\/wp-content\/uploads\/2022\/09\/Habiller-bebe-automne-1.png\",\"datePublished\":\"2022-09-22T09:57:04+00:00\",\"dateModified\":\"2022-12-14T13:26:32+00:00\",\"description\":\"D\u00e9couvrez tous nos conseils pour habiller b\u00e9b\u00e9 en automne. Mati\u00e8res, coupes, astuces pour rep\u00e9rer si b\u00e9b\u00e9 a froid... On vous dit tout !\",\"breadcrumb\":{\"@id\":\"https:\/\/www.lechoixdesbebes.com\/blog\/habiller-bebe-en-automne\/#breadcrumb\"},\"inLanguage\":\"fr-FR\",\"potentialAction\":[{\"@type\":\"ReadAction\",\"target\":[\"https:\/\/www.lechoixdesbebes.com\/blog\/habiller-bebe-en-automne\/\"]}]},{\"@type\":\"ImageObject\",\"inLanguage\":\"fr-FR\",\"@id\":\"https:\/\/www.lechoixdesbebes.com\/blog\/habiller-bebe-en-automne\/#primaryimage\",\"url\":\"https:\/\/www.lechoixdesbebes.com\/blog\/wp-content\/uploads\/2022\/09\/Habiller-bebe-automne-1.png\",\"contentUrl\":\"https:\/\/www.lechoixdesbebes.com\/blog\/wp-content\/uploads\/2022\/09\/Habiller-bebe-automne-1.png\",\"width\":2240,\"height\":1260,\"caption\":\"Habiller b\u00e9b\u00e9 automne\"},{\"@type\":\"BreadcrumbList\",\"@id\":\"https:\/\/www.lechoixdesbebes.com\/blog\/habiller-bebe-en-automne\/#breadcrumb\",\"itemListElement\":[{\"@type\":\"ListItem\",\"position\":1,\"name\":\"Accueil\",\"item\":\"https:\/\/www.lechoixdesbebes.com\/blog\/\"},{\"@type\":\"ListItem\",\"position\":2,\"name\":\"Comment habiller b\u00e9b\u00e9 en automne ?\"}]},{\"@type\":\"WebSite\",\"@id\":\"https:\/\/www.lechoixdesbebes.com\/blog\/#website\",\"url\":\"https:\/\/www.lechoixdesbebes.com\/blog\/\",\"name\":\"Actualit\u00e9 de la Pu\u00e9riculture : Blog le Choix des B\u00e9b\u00e9s\",\"description\":\"Suivez nos conseils bien-\u00eatre pour un b\u00e9b\u00e9 heureux et des parents \u00e9panouis. Le Choix des b\u00e9b\u00e9s : sp\u00e9cialiste de la pu\u00e9riculture\",\"publisher\":{\"@id\":\"https:\/\/www.lechoixdesbebes.com\/blog\/#organization\"},\"potentialAction\":[{\"@type\":\"SearchAction\",\"target\":{\"@type\":\"EntryPoint\",\"urlTemplate\":\"https:\/\/www.lechoixdesbebes.com\/blog\/?s={search_term_string}\"},\"query-input\":{\"@type\":\"PropertyValueSpecification\",\"valueRequired\":true,\"valueName\":\"search_term_string\"}}],\"inLanguage\":\"fr-FR\"},{\"@type\":\"Organization\",\"@id\":\"https:\/\/www.lechoixdesbebes.com\/blog\/#organization\",\"name\":\"Le Choix Des B\u00e9b\u00e9s\",\"url\":\"https:\/\/www.lechoixdesbebes.com\/blog\/\",\"logo\":{\"@type\":\"ImageObject\",\"inLanguage\":\"fr-FR\",\"@id\":\"https:\/\/www.lechoixdesbebes.com\/blog\/#\/schema\/logo\/image\/\",\"url\":\"https:\/\/www.lechoixdesbebes.com\/blog\/wp-content\/uploads\/2021\/06\/Logo-MyShop-Cdiscount.jpg\",\"contentUrl\":\"https:\/\/www.lechoixdesbebes.com\/blog\/wp-content\/uploads\/2021\/06\/Logo-MyShop-Cdiscount.jpg\",\"width\":350,\"height\":80,\"caption\":\"Le Choix Des B\u00e9b\u00e9s\"},\"image\":{\"@id\":\"https:\/\/www.lechoixdesbebes.com\/blog\/#\/schema\/logo\/image\/\"},\"sameAs\":[\"https:\/\/www.facebook.com\/Lechoixdesbebes\"]},{\"@type\":\"Person\",\"@id\":\"https:\/\/www.lechoixdesbebes.com\/blog\/#\/schema\/person\/296076ecd4371ded7a75a238703a0ad1\",\"name\":\"Le Choix Des B\u00e9b\u00e9s\"}]}<\/script>\n<!-- \/ Yoast SEO plugin. -->","yoast_head_json":{"title":"Comment habiller b\u00e9b\u00e9 en automne ?","description":"D\u00e9couvrez tous nos conseils pour habiller b\u00e9b\u00e9 en automne. Mati\u00e8res, coupes, astuces pour rep\u00e9rer si b\u00e9b\u00e9 a froid... On vous dit tout !","robots":{"index":"index","follow":"follow","max-snippet":"max-snippet:-1","max-image-preview":"max-image-preview:large","max-video-preview":"max-video-preview:-1"},"canonical":"https:\/\/www.lechoixdesbebes.com\/blog\/habiller-bebe-en-automne\/","og_locale":"fr_FR","og_type":"article","og_title":"Comment habiller b\u00e9b\u00e9 en automne ?","og_description":"D\u00e9couvrez tous nos conseils pour habiller b\u00e9b\u00e9 en automne. Mati\u00e8res, coupes, astuces pour rep\u00e9rer si b\u00e9b\u00e9 a froid... On vous dit tout !","og_url":"https:\/\/www.lechoixdesbebes.com\/blog\/habiller-bebe-en-automne\/","og_site_name":"Actualit\u00e9 de la Pu\u00e9riculture : Blog le Choix des B\u00e9b\u00e9s","article_publisher":"https:\/\/www.facebook.com\/Lechoixdesbebes","article_published_time":"2022-09-22T09:57:04+00:00","article_modified_time":"2022-12-14T13:26:32+00:00","og_image":[{"width":700,"height":700,"url":"https:\/\/www.lechoixdesbebes.com\/blog\/wp-content\/uploads\/2022\/09\/Habiller-bebe-automne-1-700x700.png","type":"image\/png"}],"author":"Le Choix Des B\u00e9b\u00e9s","twitter_card":"summary_large_image","twitter_misc":{"\u00c9crit par":"Le Choix Des B\u00e9b\u00e9s","Dur\u00e9e de lecture estim\u00e9e":"4 minutes"},"schema":{"@context":"https:\/\/schema.org","@graph":[{"@type":"Article","@id":"https:\/\/www.lechoixdesbebes.com\/blog\/habiller-bebe-en-automne\/#article","isPartOf":{"@id":"https:\/\/www.lechoixdesbebes.com\/blog\/habiller-bebe-en-automne\/"},"author":{"name":"Le Choix Des B\u00e9b\u00e9s","@id":"https:\/\/www.lechoixdesbebes.com\/blog\/#\/schema\/person\/296076ecd4371ded7a75a238703a0ad1"},"headline":"Comment habiller b\u00e9b\u00e9 en automne ?","datePublished":"2022-09-22T09:57:04+00:00","dateModified":"2022-12-14T13:26:32+00:00","mainEntityOfPage":{"@id":"https:\/\/www.lechoixdesbebes.com\/blog\/habiller-bebe-en-automne\/"},"wordCount":669,"commentCount":0,"publisher":{"@id":"https:\/\/www.lechoixdesbebes.com\/blog\/#organization"},"image":{"@id":"https:\/\/www.lechoixdesbebes.com\/blog\/habiller-bebe-en-automne\/#primaryimage"},"thumbnailUrl":"https:\/\/www.lechoixdesbebes.com\/blog\/wp-content\/uploads\/2022\/09\/Habiller-bebe-automne-1.png","articleSection":["Actualit\u00e9s"],"inLanguage":"fr-FR","potentialAction":[{"@type":"CommentAction","name":"Comment","target":["https:\/\/www.lechoixdesbebes.com\/blog\/habiller-bebe-en-automne\/#respond"]}]},{"@type":"WebPage","@id":"https:\/\/www.lechoixdesbebes.com\/blog\/habiller-bebe-en-automne\/","url":"https:\/\/www.lechoixdesbebes.com\/blog\/habiller-bebe-en-automne\/","name":"Comment habiller b\u00e9b\u00e9 en automne ?","isPartOf":{"@id":"https:\/\/www.lechoixdesbebes.com\/blog\/#website"},"primaryImageOfPage":{"@id":"https:\/\/www.lechoixdesbebes.com\/blog\/habiller-bebe-en-automne\/#primaryimage"},"image":{"@id":"https:\/\/www.lechoixdesbebes.com\/blog\/habiller-bebe-en-automne\/#primaryimage"},"thumbnailUrl":"https:\/\/www.lechoixdesbebes.com\/blog\/wp-content\/uploads\/2022\/09\/Habiller-bebe-automne-1.png","datePublished":"2022-09-22T09:57:04+00:00","dateModified":"2022-12-14T13:26:32+00:00","description":"D\u00e9couvrez tous nos conseils pour habiller b\u00e9b\u00e9 en automne. Mati\u00e8res, coupes, astuces pour rep\u00e9rer si b\u00e9b\u00e9 a froid... On vous dit tout !","breadcrumb":{"@id":"https:\/\/www.lechoixdesbebes.com\/blog\/habiller-bebe-en-automne\/#breadcrumb"},"inLanguage":"fr-FR","potentialAction":[{"@type":"ReadAction","target":["https:\/\/www.lechoixdesbebes.com\/blog\/habiller-bebe-en-automne\/"]}]},{"@type":"ImageObject","inLanguage":"fr-FR","@id":"https:\/\/www.lechoixdesbebes.com\/blog\/habiller-bebe-en-automne\/#primaryimage","url":"https:\/\/www.lechoixdesbebes.com\/blog\/wp-content\/uploads\/2022\/09\/Habiller-bebe-automne-1.png","contentUrl":"https:\/\/www.lechoixdesbebes.com\/blog\/wp-content\/uploads\/2022\/09\/Habiller-bebe-automne-1.png","width":2240,"height":1260,"caption":"Habiller b\u00e9b\u00e9 automne"},{"@type":"BreadcrumbList","@id":"https:\/\/www.lechoixdesbebes.com\/blog\/habiller-bebe-en-automne\/#breadcrumb","itemListElement":[{"@type":"ListItem","position":1,"name":"Accueil","item":"https:\/\/www.lechoixdesbebes.com\/blog\/"},{"@type":"ListItem","position":2,"name":"Comment habiller b\u00e9b\u00e9 en automne ?"}]},{"@type":"WebSite","@id":"https:\/\/www.lechoixdesbebes.com\/blog\/#website","url":"https:\/\/www.lechoixdesbebes.com\/blog\/","name":"Actualit\u00e9 de la Pu\u00e9riculture : Blog le Choix des B\u00e9b\u00e9s","description":"Suivez nos conseils bien-\u00eatre pour un b\u00e9b\u00e9 heureux et des parents \u00e9panouis. Le Choix des b\u00e9b\u00e9s : sp\u00e9cialiste de la pu\u00e9riculture","publisher":{"@id":"https:\/\/www.lechoixdesbebes.com\/blog\/#organization"},"potentialAction":[{"@type":"SearchAction","target":{"@type":"EntryPoint","urlTemplate":"https:\/\/www.lechoixdesbebes.com\/blog\/?s={search_term_string}"},"query-input":{"@type":"PropertyValueSpecification","valueRequired":true,"valueName":"search_term_string"}}],"inLanguage":"fr-FR"},{"@type":"Organization","@id":"https:\/\/www.lechoixdesbebes.com\/blog\/#organization","name":"Le Choix Des B\u00e9b\u00e9s","url":"https:\/\/www.lechoixdesbebes.com\/blog\/","logo":{"@type":"ImageObject","inLanguage":"fr-FR","@id":"https:\/\/www.lechoixdesbebes.com\/blog\/#\/schema\/logo\/image\/","url":"https:\/\/www.lechoixdesbebes.com\/blog\/wp-content\/uploads\/2021\/06\/Logo-MyShop-Cdiscount.jpg","contentUrl":"https:\/\/www.lechoixdesbebes.com\/blog\/wp-content\/uploads\/2021\/06\/Logo-MyShop-Cdiscount.jpg","width":350,"height":80,"caption":"Le Choix Des B\u00e9b\u00e9s"},"image":{"@id":"https:\/\/www.lechoixdesbebes.com\/blog\/#\/schema\/logo\/image\/"},"sameAs":["https:\/\/www.facebook.com\/Lechoixdesbebes"]},{"@type":"Person","@id":"https:\/\/www.lechoixdesbebes.com\/blog\/#\/schema\/person\/296076ecd4371ded7a75a238703a0ad1","name":"Le Choix Des B\u00e9b\u00e9s"}]}},"_links":{"self":[{"href":"https:\/\/www.lechoixdesbebes.com\/blog\/wp-json\/wp\/v2\/posts\/1350"}],"collection":[{"href":"https:\/\/www.lechoixdesbebes.com\/blog\/wp-json\/wp\/v2\/posts"}],"about":[{"href":"https:\/\/www.lechoixdesbebes.com\/blog\/wp-json\/wp\/v2\/types\/post"}],"author":[{"embeddable":true,"href":"https:\/\/www.lechoixdesbebes.com\/blog\/wp-json\/wp\/v2\/users\/2"}],"replies":[{"embeddable":true,"href":"https:\/\/www.lechoixdesbebes.com\/blog\/wp-json\/wp\/v2\/comments?post=1350"}],"version-history":[{"count":6,"href":"https:\/\/www.lechoixdesbebes.com\/blog\/wp-json\/wp\/v2\/posts\/1350\/revisions"}],"predecessor-version":[{"id":1360,"href":"https:\/\/www.lechoixdesbebes.com\/blog\/wp-json\/wp\/v2\/posts\/1350\/revisions\/1360"}],"wp:featuredmedia":[{"embeddable":true,"href":"https:\/\/www.lechoixdesbebes.com\/blog\/wp-json\/wp\/v2\/media\/1362"}],"wp:attachment":[{"href":"https:\/\/www.lechoixdesbebes.com\/blog\/wp-json\/wp\/v2\/media?parent=1350"}],"wp:term":[{"taxonomy":"category","embeddable":true,"href":"https:\/\/www.lechoixdesbebes.com\/blog\/wp-json\/wp\/v2\/categories?post=1350"},{"taxonomy":"post_tag","embeddable":true,"href":"https:\/\/www.lechoixdesbebes.com\/blog\/wp-json\/wp\/v2\/tags?post=1350"}],"curies":[{"name":"wp","href":"https:\/\/api.w.org\/{rel}","templated":true}]}}