{"id":1412,"date":"2022-12-16T16:19:43","date_gmt":"2022-12-16T15:19:43","guid":{"rendered":"https:\/\/www.lechoixdesbebes.com\/blog\/?p=1412"},"modified":"2022-12-16T16:25:44","modified_gmt":"2022-12-16T15:25:44","slug":"choisir-un-prenom-non-genre-pour-bebe","status":"publish","type":"post","link":"https:\/\/www.lechoixdesbebes.com\/blog\/choisir-un-prenom-non-genre-pour-bebe\/","title":{"rendered":"Choisir un pr\u00e9nom non genr\u00e9 pour b\u00e9b\u00e9"},"content":{"rendered":"<span class=\"rt-reading-time\" style=\"display: block;\"><span class=\"rt-label rt-prefix\">Temps de lecture\u00a0: <\/span> <span class=\"rt-time\">4<\/span> <span class=\"rt-label rt-postfix\">minutes<\/span><\/span><p>Vous attendez un enfant et vous posez la question du pr\u00e9nom ? Et si vous choisissiez un pr\u00e9nom mixte, non genr\u00e9 pour b\u00e9b\u00e9 ? De plus en plus tendances, ces pr\u00e9noms seront parfaits pour les couples d\u00e9sireux de ne pas conna\u00eetre le sexe de b\u00e9b\u00e9 avant la naissance.<\/p>\n<h2>Pourquoi choisir un pr\u00e9nom non genr\u00e9 pour b\u00e9b\u00e9 ?<\/h2>\n<p>Les pr\u00e9noms mixtes, ou non genr\u00e9s, sont de plus en plus populaires au fil des ann\u00e9es. Beaucoup de parents choisissent un pr\u00e9nom mixte pour b\u00e9b\u00e9 par soucis de modernit\u00e9. En effet, beaucoup pr\u00e9f\u00e8rent offrir la possibilit\u00e9 \u00e0 leur enfant de pouvoir choisir comment il se d\u00e9finit, et l&#8217;emploi d&rsquo;un pr\u00e9nom non-binaire offre une v\u00e9ritable chance \u00e0 l&rsquo;enfant de pouvoir se d\u00e9finir comme il l&rsquo;entend. Aussi, si vous ne souhaitez pas d\u00e9couvrir le sexe de b\u00e9b\u00e9 avant la naissance, les pr\u00e9noms non genr\u00e9s sont compl\u00e8tement adapt\u00e9s \u00e0 votre projet.<\/p>\n<h2>25 id\u00e9es de pr\u00e9noms non genr\u00e9s pour b\u00e9b\u00e9<\/h2>\n<p>Il existe de nombreux <a href=\"https:\/\/www.pinterest.fr\/Lechoixdesbebes\/pr%C3%A9noms-enfants\/\">pr\u00e9noms mixtes<\/a>, certains \u00e9tant plus populaires que d&rsquo;autres. Dans tous les cas, nous pouvons les classer en plusieurs cat\u00e9gories :<\/p>\n<h3>Les pr\u00e9noms mixtes \u00e9pic\u00e8nes pour b\u00e9b\u00e9<\/h3>\n<p>Les pr\u00e9noms mixtes \u00e9pic\u00e8nes sont des pr\u00e9noms qui s\u2019\u00e9crivent exactement de la m\u00eame fa\u00e7on, peu importe le sexe. Parmi les pr\u00e9noms mixtes \u00e9pic\u00e8nes les plus populaires, nous avons :<\/p>\n<ul style=\"list-style-type: disc !important; margin-left: 2em;\">\n<li>Camille : les Camille sont des passionn\u00e9s ! \u00c0 la fois id\u00e9alistes et croyant fortement en leurs convictions, ils ne font jamais les choses \u00e0 moiti\u00e9, quitte \u00e0 \u00eatre dans l&rsquo;exc\u00e8s.<\/li>\n<li>Maxime : rigoureux, consciencieux, exigeants\u2026 Les Maxime sont vifs d&rsquo;esprit et prennent plaisir \u00e0 incarner une position de leader.<\/li>\n<li>Noa : Noa est d&rsquo;un temp\u00e9rament combatif. Les Noa n&rsquo;h\u00e9sitent pas \u00e0 prendre tous les risques pour aller au bout de leurs convictions.<\/li>\n<li>Charlie : Charlie, c&rsquo;est la joie de vivre incarn\u00e9e ! Tr\u00e8s sociables au quotidien, ils n&rsquo;ont aucun mal \u00e0 s&rsquo;int\u00e9grer dans diff\u00e9rents groupes.<\/li>\n<li>Louison : Louison, c&rsquo;est la douceur incarn\u00e9e. \u00c0 la fois tendres et romantiques, ils n&rsquo;appr\u00e9cient pas le conflit.<\/li>\n<li>Alexis : toujours tr\u00e8s calmes et r\u00e9fl\u00e9chis, les Alexis se d\u00e9marquent au quotidien gr\u00e2ce \u00e0 leur charisme et leur sens de la diplomatie.<\/li>\n<li>Alix : gr\u00e2ce \u00e0 leur fort temp\u00e9rament et leur volont\u00e9 \u00e0 toute \u00e9preuve, les Alix sont particuli\u00e8rement dynamiques ! Ils n&rsquo;abandonnent jamais leurs projets.<\/li>\n<li>Lou : souvent leaders, les Lou se remarquent par leur grande cr\u00e9ativit\u00e9 et leur capacit\u00e9 \u00e0 se faire entendre tr\u00e8s facilement. Tr\u00e8s bons communicants, ils sont souvent des \u00e9l\u00e9ments moteurs dans une fratrie.<\/li>\n<li>Morgan : de nature tr\u00e8s ambitieuse, les Morgan seront toujours volontaires pour r\u00e9aliser des d\u00e9fis ! D\u00e9termin\u00e9s, ils mettront tout en \u0153uvre pour atteindre leurs objectifs.<\/li>\n<li>Sacha : sensibles et romantiques, les Sacha auront tout des leaders charismatiques. <span class=\"spellverupdated\">\u00c9<\/span>nergiques, audacieux, fascinants\u2026 Les Sacha ne laissent pas indiff\u00e9rents.<\/li>\n<li>Olympe : ce qui motive Olympe ? L&rsquo;aventure ! Leur personnalit\u00e9 curieuse et audacieuse les pousse \u00e0 toujours \u00eatre en qu\u00eate de nouveaut\u00e9.<\/li>\n<li>C\u00e9leste : les C\u00e9leste sont en g\u00e9n\u00e9ral tr\u00e8s extravertis. Toujours enthousiastes et en demande d&rsquo;affection, ils sont tr\u00e8s ouverts d&rsquo;esprits.<\/li>\n<\/ul>\n<h3>Les pr\u00e9noms mixtes non-\u00e9pic\u00e8nes<\/h3>\n<p>Les pr\u00e9noms mixtes non-\u00e9pic\u00e8nes sont des pr\u00e9noms seulement homophones. Voici notre s\u00e9lection :<\/p>\n<ul style=\"list-style-type: disc !important; margin-left: 2em;\">\n<li>Axel \/ Axelle<\/li>\n<li>Aim\u00e9 \/ Aim\u00e9e<\/li>\n<li>Rapha\u00ebl \/ Rapha\u00eblle<\/li>\n<li>Gabriel \/ Gabrielle<\/li>\n<li>Ma\u00ebl \/ Ma\u00eblle<\/li>\n<li>Ana\u00ebl \/ Ana\u00eblle<\/li>\n<li>Ga\u00ebl \/ Ga\u00eblle<\/li>\n<li>Marcel \/ Marcelle<\/li>\n<li>Ren\u00e9 \/ Ren\u00e9e<\/li>\n<li>Ariel \/ Arielle<\/li>\n<\/ul>\n<h3>Les pr\u00e9noms non genr\u00e9s pour b\u00e9b\u00e9s, des usages qui \u00e9voluent<\/h3>\n<p>Il y a \u00e9galement de nombreux pr\u00e9noms qui sont traditionnellement donn\u00e9s pour un genre mais qui, avec le temps, sont de plus en plus utilis\u00e9s pour l&rsquo;autre sexe. Par exemple, Ashley est g\u00e9n\u00e9ralement un pr\u00e9nom utilis\u00e9 pour les filles, mais il est de plus en plus utilis\u00e9 pour les gar\u00e7ons. De m\u00eame pour Jordan principalement utilis\u00e9 pour les gar\u00e7ons, mais de plus en plus attribu\u00e9 aux filles.<\/p>\n<p>Il est \u00e9galement important de noter que certains pr\u00e9noms mixtes peuvent \u00eatre per\u00e7us comme \u00e9tant plus adapt\u00e9s pour un genre sp\u00e9cifique dans certains pays. Par exemple, Jamie peut \u00eatre per\u00e7u comme \u00e9tant plus adapt\u00e9 pour les filles aux \u00c9tats-Unis, tandis qu&rsquo;il peut \u00eatre per\u00e7u comme \u00e9tant plus un pr\u00e9nom de gar\u00e7on au Royaume-Uni.<\/p>\n<p>En fin de compte, le choix d&rsquo;un pr\u00e9nom non genr\u00e9 pour votre enfant est une d\u00e9cision personnelle. Elle d\u00e9pend de vos pr\u00e9f\u00e9rences et de vos valeurs.<\/p>\n<p>Si vous souhaitez d&rsquo;autres astuces et conseils pour trouver le pr\u00e9nom parfait pour b\u00e9b\u00e9, vous pouvez \u00e9galement consulter notre article <a href=\"https:\/\/www.lechoixdesbebes.com\/blog\/choisir-le-prenom-pour-bebe\/\">\u00ab\u00a0Choisir un pr\u00e9nom pour son b\u00e9b\u00e9\u00a0\u00bb<\/a>.<\/p>\n","protected":false},"excerpt":{"rendered":"<span class=\"rt-reading-time\" style=\"display: block;\"><span class=\"rt-label rt-prefix\">Temps de lecture\u00a0: <\/span> <span class=\"rt-time\">4<\/span> <span class=\"rt-label rt-postfix\">minutes<\/span><\/span> Vous attendez un enfant et vous posez la question du pr\u00e9nom ? Et si vous choisissiez un pr\u00e9nom mixte, non genr\u00e9 pour b\u00e9b\u00e9 ? De plus en plus tendances, ces pr\u00e9noms seront parfaits pour les couples d\u00e9sireux de ne pas conna\u00eetre le sexe de b\u00e9b\u00e9 avant la naissance. Pourquoi choisir un pr\u00e9nom non genr\u00e9 pour&#8230; <a class=\"view-article\" href=\"https:\/\/www.lechoixdesbebes.com\/blog\/choisir-un-prenom-non-genre-pour-bebe\/\">View Article<\/a>","protected":false},"author":2,"featured_media":1413,"comment_status":"open","ping_status":"closed","sticky":false,"template":"","format":"standard","meta":{"footnotes":""},"categories":[33],"tags":[],"class_list":["post-1412","post","type-post","status-publish","format-standard","has-post-thumbnail","hentry","category-grossesse"],"yoast_head":"<!-- This site is optimized with the Yoast SEO plugin v23.5 - https:\/\/yoast.com\/wordpress\/plugins\/seo\/ -->\n<title>Choisir un pr\u00e9nom non genr\u00e9 pour b\u00e9b\u00e9<\/title>\n<meta name=\"description\" content=\"Vous attendez un b\u00e9b\u00e9 et souhaitez trouver un pr\u00e9nom non genr\u00e9 ? D\u00e9couvrez notre s\u00e9lection de pr\u00e9noms mixtes.\" \/>\n<meta name=\"robots\" content=\"index, follow, max-snippet:-1, max-image-preview:large, max-video-preview:-1\" \/>\n<link rel=\"canonical\" href=\"https:\/\/www.lechoixdesbebes.com\/blog\/choisir-un-prenom-non-genre-pour-bebe\/\" \/>\n<meta property=\"og:locale\" content=\"fr_FR\" \/>\n<meta property=\"og:type\" content=\"article\" \/>\n<meta property=\"og:title\" content=\"Choisir un pr\u00e9nom non genr\u00e9 pour b\u00e9b\u00e9\" \/>\n<meta property=\"og:description\" content=\"Vous attendez un b\u00e9b\u00e9 et souhaitez trouver un pr\u00e9nom non genr\u00e9 ? D\u00e9couvrez notre s\u00e9lection de pr\u00e9noms mixtes.\" \/>\n<meta property=\"og:url\" content=\"https:\/\/www.lechoixdesbebes.com\/blog\/choisir-un-prenom-non-genre-pour-bebe\/\" \/>\n<meta property=\"og:site_name\" content=\"Actualit\u00e9 de la Pu\u00e9riculture : Blog le Choix des B\u00e9b\u00e9s\" \/>\n<meta property=\"article:publisher\" content=\"https:\/\/www.facebook.com\/Lechoixdesbebes\" \/>\n<meta property=\"article:published_time\" content=\"2022-12-16T15:19:43+00:00\" \/>\n<meta property=\"article:modified_time\" content=\"2022-12-16T15:25:44+00:00\" \/>\n<meta property=\"og:image\" content=\"https:\/\/www.lechoixdesbebes.com\/blog\/wp-content\/uploads\/2022\/12\/pexels-kei-scampa-3013668-scaled.jpg\" \/>\n\t<meta property=\"og:image:width\" content=\"2560\" \/>\n\t<meta property=\"og:image:height\" content=\"1707\" \/>\n\t<meta property=\"og:image:type\" content=\"image\/jpeg\" \/>\n<meta name=\"author\" content=\"Le Choix Des B\u00e9b\u00e9s\" \/>\n<meta name=\"twitter:card\" content=\"summary_large_image\" \/>\n<meta name=\"twitter:label1\" content=\"\u00c9crit par\" \/>\n\t<meta name=\"twitter:data1\" content=\"Le Choix Des B\u00e9b\u00e9s\" \/>\n\t<meta name=\"twitter:label2\" content=\"Dur\u00e9e de lecture estim\u00e9e\" \/>\n\t<meta name=\"twitter:data2\" content=\"4 minutes\" \/>\n<script type=\"application\/ld+json\" class=\"yoast-schema-graph\">{\"@context\":\"https:\/\/schema.org\",\"@graph\":[{\"@type\":\"Article\",\"@id\":\"https:\/\/www.lechoixdesbebes.com\/blog\/choisir-un-prenom-non-genre-pour-bebe\/#article\",\"isPartOf\":{\"@id\":\"https:\/\/www.lechoixdesbebes.com\/blog\/choisir-un-prenom-non-genre-pour-bebe\/\"},\"author\":{\"name\":\"Le Choix Des B\u00e9b\u00e9s\",\"@id\":\"https:\/\/www.lechoixdesbebes.com\/blog\/#\/schema\/person\/296076ecd4371ded7a75a238703a0ad1\"},\"headline\":\"Choisir un pr\u00e9nom non genr\u00e9 pour b\u00e9b\u00e9\",\"datePublished\":\"2022-12-16T15:19:43+00:00\",\"dateModified\":\"2022-12-16T15:25:44+00:00\",\"mainEntityOfPage\":{\"@id\":\"https:\/\/www.lechoixdesbebes.com\/blog\/choisir-un-prenom-non-genre-pour-bebe\/\"},\"wordCount\":811,\"commentCount\":0,\"publisher\":{\"@id\":\"https:\/\/www.lechoixdesbebes.com\/blog\/#organization\"},\"image\":{\"@id\":\"https:\/\/www.lechoixdesbebes.com\/blog\/choisir-un-prenom-non-genre-pour-bebe\/#primaryimage\"},\"thumbnailUrl\":\"https:\/\/www.lechoixdesbebes.com\/blog\/wp-content\/uploads\/2022\/12\/pexels-kei-scampa-3013668-scaled.jpg\",\"articleSection\":[\"Grossesse\"],\"inLanguage\":\"fr-FR\",\"potentialAction\":[{\"@type\":\"CommentAction\",\"name\":\"Comment\",\"target\":[\"https:\/\/www.lechoixdesbebes.com\/blog\/choisir-un-prenom-non-genre-pour-bebe\/#respond\"]}]},{\"@type\":\"WebPage\",\"@id\":\"https:\/\/www.lechoixdesbebes.com\/blog\/choisir-un-prenom-non-genre-pour-bebe\/\",\"url\":\"https:\/\/www.lechoixdesbebes.com\/blog\/choisir-un-prenom-non-genre-pour-bebe\/\",\"name\":\"Choisir un pr\u00e9nom non genr\u00e9 pour b\u00e9b\u00e9\",\"isPartOf\":{\"@id\":\"https:\/\/www.lechoixdesbebes.com\/blog\/#website\"},\"primaryImageOfPage\":{\"@id\":\"https:\/\/www.lechoixdesbebes.com\/blog\/choisir-un-prenom-non-genre-pour-bebe\/#primaryimage\"},\"image\":{\"@id\":\"https:\/\/www.lechoixdesbebes.com\/blog\/choisir-un-prenom-non-genre-pour-bebe\/#primaryimage\"},\"thumbnailUrl\":\"https:\/\/www.lechoixdesbebes.com\/blog\/wp-content\/uploads\/2022\/12\/pexels-kei-scampa-3013668-scaled.jpg\",\"datePublished\":\"2022-12-16T15:19:43+00:00\",\"dateModified\":\"2022-12-16T15:25:44+00:00\",\"description\":\"Vous attendez un b\u00e9b\u00e9 et souhaitez trouver un pr\u00e9nom non genr\u00e9 ? D\u00e9couvrez notre s\u00e9lection de pr\u00e9noms mixtes.\",\"breadcrumb\":{\"@id\":\"https:\/\/www.lechoixdesbebes.com\/blog\/choisir-un-prenom-non-genre-pour-bebe\/#breadcrumb\"},\"inLanguage\":\"fr-FR\",\"potentialAction\":[{\"@type\":\"ReadAction\",\"target\":[\"https:\/\/www.lechoixdesbebes.com\/blog\/choisir-un-prenom-non-genre-pour-bebe\/\"]}]},{\"@type\":\"ImageObject\",\"inLanguage\":\"fr-FR\",\"@id\":\"https:\/\/www.lechoixdesbebes.com\/blog\/choisir-un-prenom-non-genre-pour-bebe\/#primaryimage\",\"url\":\"https:\/\/www.lechoixdesbebes.com\/blog\/wp-content\/uploads\/2022\/12\/pexels-kei-scampa-3013668-scaled.jpg\",\"contentUrl\":\"https:\/\/www.lechoixdesbebes.com\/blog\/wp-content\/uploads\/2022\/12\/pexels-kei-scampa-3013668-scaled.jpg\",\"width\":2560,\"height\":1707,\"caption\":\"Choisir un pr\u00e9nom non genr\u00e9 pour b\u00e9b\u00e9\"},{\"@type\":\"BreadcrumbList\",\"@id\":\"https:\/\/www.lechoixdesbebes.com\/blog\/choisir-un-prenom-non-genre-pour-bebe\/#breadcrumb\",\"itemListElement\":[{\"@type\":\"ListItem\",\"position\":1,\"name\":\"Accueil\",\"item\":\"https:\/\/www.lechoixdesbebes.com\/blog\/\"},{\"@type\":\"ListItem\",\"position\":2,\"name\":\"Choisir un pr\u00e9nom non genr\u00e9 pour b\u00e9b\u00e9\"}]},{\"@type\":\"WebSite\",\"@id\":\"https:\/\/www.lechoixdesbebes.com\/blog\/#website\",\"url\":\"https:\/\/www.lechoixdesbebes.com\/blog\/\",\"name\":\"Actualit\u00e9 de la Pu\u00e9riculture : Blog le Choix des B\u00e9b\u00e9s\",\"description\":\"Suivez nos conseils bien-\u00eatre pour un b\u00e9b\u00e9 heureux et des parents \u00e9panouis. Le Choix des b\u00e9b\u00e9s : sp\u00e9cialiste de la pu\u00e9riculture\",\"publisher\":{\"@id\":\"https:\/\/www.lechoixdesbebes.com\/blog\/#organization\"},\"potentialAction\":[{\"@type\":\"SearchAction\",\"target\":{\"@type\":\"EntryPoint\",\"urlTemplate\":\"https:\/\/www.lechoixdesbebes.com\/blog\/?s={search_term_string}\"},\"query-input\":{\"@type\":\"PropertyValueSpecification\",\"valueRequired\":true,\"valueName\":\"search_term_string\"}}],\"inLanguage\":\"fr-FR\"},{\"@type\":\"Organization\",\"@id\":\"https:\/\/www.lechoixdesbebes.com\/blog\/#organization\",\"name\":\"Le Choix Des B\u00e9b\u00e9s\",\"url\":\"https:\/\/www.lechoixdesbebes.com\/blog\/\",\"logo\":{\"@type\":\"ImageObject\",\"inLanguage\":\"fr-FR\",\"@id\":\"https:\/\/www.lechoixdesbebes.com\/blog\/#\/schema\/logo\/image\/\",\"url\":\"https:\/\/www.lechoixdesbebes.com\/blog\/wp-content\/uploads\/2021\/06\/Logo-MyShop-Cdiscount.jpg\",\"contentUrl\":\"https:\/\/www.lechoixdesbebes.com\/blog\/wp-content\/uploads\/2021\/06\/Logo-MyShop-Cdiscount.jpg\",\"width\":350,\"height\":80,\"caption\":\"Le Choix Des B\u00e9b\u00e9s\"},\"image\":{\"@id\":\"https:\/\/www.lechoixdesbebes.com\/blog\/#\/schema\/logo\/image\/\"},\"sameAs\":[\"https:\/\/www.facebook.com\/Lechoixdesbebes\"]},{\"@type\":\"Person\",\"@id\":\"https:\/\/www.lechoixdesbebes.com\/blog\/#\/schema\/person\/296076ecd4371ded7a75a238703a0ad1\",\"name\":\"Le Choix Des B\u00e9b\u00e9s\"}]}<\/script>\n<!-- \/ Yoast SEO plugin. -->","yoast_head_json":{"title":"Choisir un pr\u00e9nom non genr\u00e9 pour b\u00e9b\u00e9","description":"Vous attendez un b\u00e9b\u00e9 et souhaitez trouver un pr\u00e9nom non genr\u00e9 ? D\u00e9couvrez notre s\u00e9lection de pr\u00e9noms mixtes.","robots":{"index":"index","follow":"follow","max-snippet":"max-snippet:-1","max-image-preview":"max-image-preview:large","max-video-preview":"max-video-preview:-1"},"canonical":"https:\/\/www.lechoixdesbebes.com\/blog\/choisir-un-prenom-non-genre-pour-bebe\/","og_locale":"fr_FR","og_type":"article","og_title":"Choisir un pr\u00e9nom non genr\u00e9 pour b\u00e9b\u00e9","og_description":"Vous attendez un b\u00e9b\u00e9 et souhaitez trouver un pr\u00e9nom non genr\u00e9 ? D\u00e9couvrez notre s\u00e9lection de pr\u00e9noms mixtes.","og_url":"https:\/\/www.lechoixdesbebes.com\/blog\/choisir-un-prenom-non-genre-pour-bebe\/","og_site_name":"Actualit\u00e9 de la Pu\u00e9riculture : Blog le Choix des B\u00e9b\u00e9s","article_publisher":"https:\/\/www.facebook.com\/Lechoixdesbebes","article_published_time":"2022-12-16T15:19:43+00:00","article_modified_time":"2022-12-16T15:25:44+00:00","og_image":[{"width":2560,"height":1707,"url":"https:\/\/www.lechoixdesbebes.com\/blog\/wp-content\/uploads\/2022\/12\/pexels-kei-scampa-3013668-scaled.jpg","type":"image\/jpeg"}],"author":"Le Choix Des B\u00e9b\u00e9s","twitter_card":"summary_large_image","twitter_misc":{"\u00c9crit par":"Le Choix Des B\u00e9b\u00e9s","Dur\u00e9e de lecture estim\u00e9e":"4 minutes"},"schema":{"@context":"https:\/\/schema.org","@graph":[{"@type":"Article","@id":"https:\/\/www.lechoixdesbebes.com\/blog\/choisir-un-prenom-non-genre-pour-bebe\/#article","isPartOf":{"@id":"https:\/\/www.lechoixdesbebes.com\/blog\/choisir-un-prenom-non-genre-pour-bebe\/"},"author":{"name":"Le Choix Des B\u00e9b\u00e9s","@id":"https:\/\/www.lechoixdesbebes.com\/blog\/#\/schema\/person\/296076ecd4371ded7a75a238703a0ad1"},"headline":"Choisir un pr\u00e9nom non genr\u00e9 pour b\u00e9b\u00e9","datePublished":"2022-12-16T15:19:43+00:00","dateModified":"2022-12-16T15:25:44+00:00","mainEntityOfPage":{"@id":"https:\/\/www.lechoixdesbebes.com\/blog\/choisir-un-prenom-non-genre-pour-bebe\/"},"wordCount":811,"commentCount":0,"publisher":{"@id":"https:\/\/www.lechoixdesbebes.com\/blog\/#organization"},"image":{"@id":"https:\/\/www.lechoixdesbebes.com\/blog\/choisir-un-prenom-non-genre-pour-bebe\/#primaryimage"},"thumbnailUrl":"https:\/\/www.lechoixdesbebes.com\/blog\/wp-content\/uploads\/2022\/12\/pexels-kei-scampa-3013668-scaled.jpg","articleSection":["Grossesse"],"inLanguage":"fr-FR","potentialAction":[{"@type":"CommentAction","name":"Comment","target":["https:\/\/www.lechoixdesbebes.com\/blog\/choisir-un-prenom-non-genre-pour-bebe\/#respond"]}]},{"@type":"WebPage","@id":"https:\/\/www.lechoixdesbebes.com\/blog\/choisir-un-prenom-non-genre-pour-bebe\/","url":"https:\/\/www.lechoixdesbebes.com\/blog\/choisir-un-prenom-non-genre-pour-bebe\/","name":"Choisir un pr\u00e9nom non genr\u00e9 pour b\u00e9b\u00e9","isPartOf":{"@id":"https:\/\/www.lechoixdesbebes.com\/blog\/#website"},"primaryImageOfPage":{"@id":"https:\/\/www.lechoixdesbebes.com\/blog\/choisir-un-prenom-non-genre-pour-bebe\/#primaryimage"},"image":{"@id":"https:\/\/www.lechoixdesbebes.com\/blog\/choisir-un-prenom-non-genre-pour-bebe\/#primaryimage"},"thumbnailUrl":"https:\/\/www.lechoixdesbebes.com\/blog\/wp-content\/uploads\/2022\/12\/pexels-kei-scampa-3013668-scaled.jpg","datePublished":"2022-12-16T15:19:43+00:00","dateModified":"2022-12-16T15:25:44+00:00","description":"Vous attendez un b\u00e9b\u00e9 et souhaitez trouver un pr\u00e9nom non genr\u00e9 ? D\u00e9couvrez notre s\u00e9lection de pr\u00e9noms mixtes.","breadcrumb":{"@id":"https:\/\/www.lechoixdesbebes.com\/blog\/choisir-un-prenom-non-genre-pour-bebe\/#breadcrumb"},"inLanguage":"fr-FR","potentialAction":[{"@type":"ReadAction","target":["https:\/\/www.lechoixdesbebes.com\/blog\/choisir-un-prenom-non-genre-pour-bebe\/"]}]},{"@type":"ImageObject","inLanguage":"fr-FR","@id":"https:\/\/www.lechoixdesbebes.com\/blog\/choisir-un-prenom-non-genre-pour-bebe\/#primaryimage","url":"https:\/\/www.lechoixdesbebes.com\/blog\/wp-content\/uploads\/2022\/12\/pexels-kei-scampa-3013668-scaled.jpg","contentUrl":"https:\/\/www.lechoixdesbebes.com\/blog\/wp-content\/uploads\/2022\/12\/pexels-kei-scampa-3013668-scaled.jpg","width":2560,"height":1707,"caption":"Choisir un pr\u00e9nom non genr\u00e9 pour b\u00e9b\u00e9"},{"@type":"BreadcrumbList","@id":"https:\/\/www.lechoixdesbebes.com\/blog\/choisir-un-prenom-non-genre-pour-bebe\/#breadcrumb","itemListElement":[{"@type":"ListItem","position":1,"name":"Accueil","item":"https:\/\/www.lechoixdesbebes.com\/blog\/"},{"@type":"ListItem","position":2,"name":"Choisir un pr\u00e9nom non genr\u00e9 pour b\u00e9b\u00e9"}]},{"@type":"WebSite","@id":"https:\/\/www.lechoixdesbebes.com\/blog\/#website","url":"https:\/\/www.lechoixdesbebes.com\/blog\/","name":"Actualit\u00e9 de la Pu\u00e9riculture : Blog le Choix des B\u00e9b\u00e9s","description":"Suivez nos conseils bien-\u00eatre pour un b\u00e9b\u00e9 heureux et des parents \u00e9panouis. Le Choix des b\u00e9b\u00e9s : sp\u00e9cialiste de la pu\u00e9riculture","publisher":{"@id":"https:\/\/www.lechoixdesbebes.com\/blog\/#organization"},"potentialAction":[{"@type":"SearchAction","target":{"@type":"EntryPoint","urlTemplate":"https:\/\/www.lechoixdesbebes.com\/blog\/?s={search_term_string}"},"query-input":{"@type":"PropertyValueSpecification","valueRequired":true,"valueName":"search_term_string"}}],"inLanguage":"fr-FR"},{"@type":"Organization","@id":"https:\/\/www.lechoixdesbebes.com\/blog\/#organization","name":"Le Choix Des B\u00e9b\u00e9s","url":"https:\/\/www.lechoixdesbebes.com\/blog\/","logo":{"@type":"ImageObject","inLanguage":"fr-FR","@id":"https:\/\/www.lechoixdesbebes.com\/blog\/#\/schema\/logo\/image\/","url":"https:\/\/www.lechoixdesbebes.com\/blog\/wp-content\/uploads\/2021\/06\/Logo-MyShop-Cdiscount.jpg","contentUrl":"https:\/\/www.lechoixdesbebes.com\/blog\/wp-content\/uploads\/2021\/06\/Logo-MyShop-Cdiscount.jpg","width":350,"height":80,"caption":"Le Choix Des B\u00e9b\u00e9s"},"image":{"@id":"https:\/\/www.lechoixdesbebes.com\/blog\/#\/schema\/logo\/image\/"},"sameAs":["https:\/\/www.facebook.com\/Lechoixdesbebes"]},{"@type":"Person","@id":"https:\/\/www.lechoixdesbebes.com\/blog\/#\/schema\/person\/296076ecd4371ded7a75a238703a0ad1","name":"Le Choix Des B\u00e9b\u00e9s"}]}},"_links":{"self":[{"href":"https:\/\/www.lechoixdesbebes.com\/blog\/wp-json\/wp\/v2\/posts\/1412"}],"collection":[{"href":"https:\/\/www.lechoixdesbebes.com\/blog\/wp-json\/wp\/v2\/posts"}],"about":[{"href":"https:\/\/www.lechoixdesbebes.com\/blog\/wp-json\/wp\/v2\/types\/post"}],"author":[{"embeddable":true,"href":"https:\/\/www.lechoixdesbebes.com\/blog\/wp-json\/wp\/v2\/users\/2"}],"replies":[{"embeddable":true,"href":"https:\/\/www.lechoixdesbebes.com\/blog\/wp-json\/wp\/v2\/comments?post=1412"}],"version-history":[{"count":8,"href":"https:\/\/www.lechoixdesbebes.com\/blog\/wp-json\/wp\/v2\/posts\/1412\/revisions"}],"predecessor-version":[{"id":1422,"href":"https:\/\/www.lechoixdesbebes.com\/blog\/wp-json\/wp\/v2\/posts\/1412\/revisions\/1422"}],"wp:featuredmedia":[{"embeddable":true,"href":"https:\/\/www.lechoixdesbebes.com\/blog\/wp-json\/wp\/v2\/media\/1413"}],"wp:attachment":[{"href":"https:\/\/www.lechoixdesbebes.com\/blog\/wp-json\/wp\/v2\/media?parent=1412"}],"wp:term":[{"taxonomy":"category","embeddable":true,"href":"https:\/\/www.lechoixdesbebes.com\/blog\/wp-json\/wp\/v2\/categories?post=1412"},{"taxonomy":"post_tag","embeddable":true,"href":"https:\/\/www.lechoixdesbebes.com\/blog\/wp-json\/wp\/v2\/tags?post=1412"}],"curies":[{"name":"wp","href":"https:\/\/api.w.org\/{rel}","templated":true}]}}