{"id":1435,"date":"2023-01-09T10:50:37","date_gmt":"2023-01-09T09:50:37","guid":{"rendered":"https:\/\/www.lechoixdesbebes.com\/blog\/?p=1435"},"modified":"2025-05-05T16:27:57","modified_gmt":"2025-05-05T14:27:57","slug":"comment-habiller-bebe-en-hiver","status":"publish","type":"post","link":"https:\/\/www.lechoixdesbebes.com\/blog\/comment-habiller-bebe-en-hiver\/","title":{"rendered":"Comment habiller b\u00e9b\u00e9 en hiver ?"},"content":{"rendered":"<span class=\"rt-reading-time\" style=\"display: block;\"><span class=\"rt-label rt-prefix\">Temps de lecture\u00a0: <\/span> <span class=\"rt-time\">5<\/span> <span class=\"rt-label rt-postfix\">minutes<\/span><\/span><p>L&rsquo;hiver peut \u00eatre une p\u00e9riode difficile pour habiller les b\u00e9b\u00e9s\u2026 Entre le froid, la pluie, le vent et parfois la neige, on craint toujours que b\u00e9b\u00e9 ne soit pas assez couvert ! Face \u00e0 tous ces al\u00e9as m\u00e9t\u00e9orologiques, il est important de s&rsquo;assurer que votre b\u00e9b\u00e9 reste au chaud et soit confortable, tout en \u00e9tant \u00e0 l&rsquo;aise pour bouger et jouer toute la journ\u00e9e. Alors, comment habiller b\u00e9b\u00e9 en hiver ? On vous dit tout dans cet article.<\/p>\n<h2>5 conseils pour habiller b\u00e9b\u00e9 en hiver<\/h2>\n<p>Voici quelques conseils pour habiller votre b\u00e9b\u00e9 en hiver de mani\u00e8re \u00e0 le prot\u00e9ger du froid :<\/p>\n<h3>1. Pensez au body \u00e0 manches longues<\/h3>\n<p>Commencez par une couche de base. Cela peut \u00eatre un body en coton ou en laine qui permettra \u00e0 votre b\u00e9b\u00e9 de rester au chaud et au sec. Choisissez des mati\u00e8res douces et confortables pour \u00e9viter de lui irriter la peau. Bien s\u00fbr, avec les temp\u00e9ratures qui baissent, privil\u00e9giez des bodys manches longues !<\/p>\n<h3>2. Ajoutez une couche de chaleur<\/h3>\n<p>Ajoutez une couche de chaleur. Cela peut \u00eatre un pyjama en molleton, un sweat-shirt ou un gilet en laine. Assurez-vous que la couche de chaleur soit suffisamment \u00e9paisse pour maintenir la chaleur de votre b\u00e9b\u00e9, mais \u00e9galement assez stretch pour lui permettre de bouger librement. Vous pouvez \u00e9galement opter pour des v\u00eatements en laine m\u00e9rinos, qui sont doux et chauds, mais qui ne provoquent pas d&rsquo;irritations. Petit conseil : entre un pull et un gilet, le gilet se r\u00e9v\u00e8lera bien plus pratique au quotidien. Vous pourrez lui enfiler facilement sans avoir \u00e0 passer par la t\u00eate, mais il sera \u00e9galement plus facile de lui enlever en cas de transition entre l\u2019int\u00e9rieur et l\u2019ext\u00e9rieur.<\/p>\n<h3>3. Couvrez b\u00e9b\u00e9 pour l&rsquo;ext\u00e9rieur<\/h3>\n<p>Enfilez un manteau ou une veste chaude. Assurez-vous que le manteau ou la veste soit imperm\u00e9able pour prot\u00e9ger votre b\u00e9b\u00e9 de la neige et de la pluie et pensez \u00e9galement \u00e0 la capuche. V\u00e9rifiez \u00e9galement qu&rsquo;il y a suffisamment de rembourrage pour emp\u00eacher le vent de p\u00e9n\u00e9trer \u00e0 l&rsquo;int\u00e9rieur. Si vous optez pour une veste, vous pouvez la mettre par-dessus une autre couche chaude, comme un pull en laine.<\/p>\n<h3>4. Portez attention aux mati\u00e8res pour ses pieds<\/h3>\n<p>Mettez des chaussettes et des chaussures chaudes. Des chaussettes en laine et des chaussures en cuir ou en toile imperm\u00e9able aideront \u00e0 maintenir les pieds de votre b\u00e9b\u00e9 au chaud et au sec. En temps de pluie, les bottes peuvent se r\u00e9v\u00e9ler super utiles et permettront \u00e0 b\u00e9b\u00e9 de sauter dans les flaques sans risquer de finir tremp\u00e9. V\u00e9rifiez que les chaussures soient bien ajust\u00e9es et qu&rsquo;elles ne serrent pas trop les pieds de votre b\u00e9b\u00e9.<\/p>\n<h3>5. Accessoirisez sa tenue pour un maximum de chaleur<\/h3>\n<p>Enfin, n&rsquo;oubliez pas les accessoires. Un bonnet, des gants et une \u00e9charpe peuvent aider \u00e0 prot\u00e9ger votre b\u00e9b\u00e9 du froid. Assurez-vous que ces accessoires soient suffisamment grands pour couvrir les oreilles et le cou de votre b\u00e9b\u00e9 sans \u00eatre trop serr\u00e9s. Vous pouvez \u00e9galement opter pour un tour de cou en laine ou en polaire, qui prot\u00e9gera le cou de votre b\u00e9b\u00e9 tout en lui permettant de bouger librement.<\/p>\n<p>En r\u00e8gle g\u00e9n\u00e9rale, gardez bien en t\u00eate que b\u00e9b\u00e9 a besoin d\u2019une couche suppl\u00e9mentaire de v\u00eatements par rapport \u00e0 un adulte. En effet, celui-ci bougeant moins que vous, il se refroidit tr\u00e8s vite ! Bien s\u00fbr, ce principe s\u2019adapte \u00e0 l\u2019\u00e2ge de votre enfant. Plus ils grandissent, plus ils bougent et plus ils se r\u00e9chauffent. Autre petite astuce qui vous sera bien pratique pour habiller b\u00e9b\u00e9 en hiver : pour savoir si votre enfant \u00e0 chaud ou froid, touchez sa nuque. Si elle est froide, il faudra alors ajouter une couche \u00e0 la tenue de b\u00e9b\u00e9. Au contraire, si elle est chaude, il faudra alors en retirer une.<\/p>\n<h2>Comment habiller b\u00e9b\u00e9 la nuit en hiver ?<\/h2>\n<p>La nuit, vous pourriez \u00eatre tent\u00e9s de couvrir b\u00e9b\u00e9 en fonction de la temp\u00e9rature ext\u00e9rieure\u2026 Mais c\u2019est une erreur ! En effet, il est important de couvrir b\u00e9b\u00e9 en fonction de la temp\u00e9rature de sa chambre. Nous vous pr\u00e9conisons une temp\u00e9rature entre 18 et 20\u00b0C.<\/p>\n<p>&#8211; Si la temp\u00e9rature de la chambre de b\u00e9b\u00e9 se situe entre 18 et 19\u00b0, pr\u00e9f\u00e9rez : un body manches longues, un pyjama et une gigoteuse.<br \/>&#8211; Si la temp\u00e9rature est un peu plus \u00e9lev\u00e9e et se situe entre 20 et 21\u00b0C, optez plut\u00f4t pour un body manches courtes avec un pyjama et une gigoteuse.<\/p>\n<p>Quoiqu\u2019il en soit, gardez bien en t\u00eate qu\u2019il n\u2019est pas recommand\u00e9 de mettre des couvertures dans le lit de b\u00e9b\u00e9. Mais ne vous en faites pas, s\u2019il est bien habill\u00e9 pour la nuit, ces derni\u00e8res ne sont pas n\u00e9cessaires. On vous recommande plut\u00f4t de porter votre attention sur le TOG de votre gigoteuse, comme nous vous expliquions dans l\u2019infographie ci-dessous :<\/p>\n<p><a href=\"https:\/\/www.pinterest.fr\/pin\/883690758109336701\/\"><img loading=\"lazy\" decoding=\"async\" class=\"aligncenter wp-image-1438 lazyload\" data-src=\"https:\/\/www.lechoixdesbebes.com\/blog\/wp-content\/uploads\/2023\/01\/Novembre-Social-Media-29.png\" alt=\"Comment habiller b\u00e9b\u00e9 en hiver ? \" width=\"481\" height=\"481\" data-srcset=\"https:\/\/www.lechoixdesbebes.com\/blog\/wp-content\/uploads\/2023\/01\/Novembre-Social-Media-29.png 2700w, https:\/\/www.lechoixdesbebes.com\/blog\/wp-content\/uploads\/2023\/01\/Novembre-Social-Media-29-300x300.png 300w, https:\/\/www.lechoixdesbebes.com\/blog\/wp-content\/uploads\/2023\/01\/Novembre-Social-Media-29-700x700.png 700w, https:\/\/www.lechoixdesbebes.com\/blog\/wp-content\/uploads\/2023\/01\/Novembre-Social-Media-29-150x150.png 150w, https:\/\/www.lechoixdesbebes.com\/blog\/wp-content\/uploads\/2023\/01\/Novembre-Social-Media-29-768x768.png 768w, https:\/\/www.lechoixdesbebes.com\/blog\/wp-content\/uploads\/2023\/01\/Novembre-Social-Media-29-1536x1536.png 1536w, https:\/\/www.lechoixdesbebes.com\/blog\/wp-content\/uploads\/2023\/01\/Novembre-Social-Media-29-2048x2048.png 2048w, https:\/\/www.lechoixdesbebes.com\/blog\/wp-content\/uploads\/2023\/01\/Novembre-Social-Media-29-120x120.png 120w\" data-sizes=\"(max-width: 481px) 100vw, 481px\" src=\"data:image\/gif;base64,R0lGODlhAQABAAAAACH5BAEKAAEALAAAAAABAAEAAAICTAEAOw==\" style=\"--smush-placeholder-width: 481px; --smush-placeholder-aspect-ratio: 481\/481;\" \/><noscript><img loading=\"lazy\" decoding=\"async\" class=\"aligncenter wp-image-1438\" src=\"https:\/\/www.lechoixdesbebes.com\/blog\/wp-content\/uploads\/2023\/01\/Novembre-Social-Media-29.png\" alt=\"Comment habiller b\u00e9b\u00e9 en hiver ? \" width=\"481\" height=\"481\" srcset=\"https:\/\/www.lechoixdesbebes.com\/blog\/wp-content\/uploads\/2023\/01\/Novembre-Social-Media-29.png 2700w, https:\/\/www.lechoixdesbebes.com\/blog\/wp-content\/uploads\/2023\/01\/Novembre-Social-Media-29-300x300.png 300w, https:\/\/www.lechoixdesbebes.com\/blog\/wp-content\/uploads\/2023\/01\/Novembre-Social-Media-29-700x700.png 700w, https:\/\/www.lechoixdesbebes.com\/blog\/wp-content\/uploads\/2023\/01\/Novembre-Social-Media-29-150x150.png 150w, https:\/\/www.lechoixdesbebes.com\/blog\/wp-content\/uploads\/2023\/01\/Novembre-Social-Media-29-768x768.png 768w, https:\/\/www.lechoixdesbebes.com\/blog\/wp-content\/uploads\/2023\/01\/Novembre-Social-Media-29-1536x1536.png 1536w, https:\/\/www.lechoixdesbebes.com\/blog\/wp-content\/uploads\/2023\/01\/Novembre-Social-Media-29-2048x2048.png 2048w, https:\/\/www.lechoixdesbebes.com\/blog\/wp-content\/uploads\/2023\/01\/Novembre-Social-Media-29-120x120.png 120w\" sizes=\"(max-width: 481px) 100vw, 481px\" \/><\/noscript><\/a><\/p>\n<p>Et pour retrouver <a href=\"https:\/\/www.lechoixdesbebes.com\/fr\/212-gigoteuse-hiver\">toutes nos gigoteuses id\u00e9ales pour l\u2019hiver<\/a>, rendez-vous sur notre boutique.<\/p>\n\n\n<div class=\"wp-block-columns alignwide are-vertically-aligned-top is-layout-flex wp-container-core-columns-is-layout-1 wp-block-columns-is-layout-flex\" style=\"margin-bottom:0\">\n<div class=\"wp-block-column is-vertically-aligned-top has-text-color has-background has-link-color wp-elements-1df2af1e7e7105c118b836d36c507615 is-layout-flow wp-block-column-is-layout-flow\" style=\"color:#000000;background-color:#f6f6f6;padding-top:2em;padding-right:2em;padding-bottom:2em;padding-left:2em\">\n<figure class=\"wp-block-image size-full\"><a href=\"https:\/\/www.lechoixdesbebes.com\/fr\/leo-maya-candide\/795-candide-mini-gigoteuse-leo-maya.html\"><img loading=\"lazy\" decoding=\"async\" width=\"500\" height=\"500\" data-src=\"https:\/\/www.lechoixdesbebes.com\/blog\/wp-content\/uploads\/2023\/01\/6-removebg-preview.png\" alt=\"Gigoteuse hiver 3 \u00e0 9 mois L\u00e9o &amp; Maya - Candide\" class=\"wp-image-2468 lazyload\" data-srcset=\"https:\/\/www.lechoixdesbebes.com\/blog\/wp-content\/uploads\/2023\/01\/6-removebg-preview.png 500w, https:\/\/www.lechoixdesbebes.com\/blog\/wp-content\/uploads\/2023\/01\/6-removebg-preview-300x300.png 300w, https:\/\/www.lechoixdesbebes.com\/blog\/wp-content\/uploads\/2023\/01\/6-removebg-preview-150x150.png 150w, https:\/\/www.lechoixdesbebes.com\/blog\/wp-content\/uploads\/2023\/01\/6-removebg-preview-120x120.png 120w\" data-sizes=\"(max-width: 500px) 100vw, 500px\" src=\"data:image\/gif;base64,R0lGODlhAQABAAAAACH5BAEKAAEALAAAAAABAAEAAAICTAEAOw==\" style=\"--smush-placeholder-width: 500px; --smush-placeholder-aspect-ratio: 500\/500;\" \/><noscript><img loading=\"lazy\" decoding=\"async\" width=\"500\" height=\"500\" data-src=\"https:\/\/www.lechoixdesbebes.com\/blog\/wp-content\/uploads\/2023\/01\/6-removebg-preview.png\" alt=\"Gigoteuse hiver 3 \u00e0 9 mois L\u00e9o &amp; Maya - Candide\" class=\"wp-image-2468 lazyload\" data-srcset=\"https:\/\/www.lechoixdesbebes.com\/blog\/wp-content\/uploads\/2023\/01\/6-removebg-preview.png 500w, https:\/\/www.lechoixdesbebes.com\/blog\/wp-content\/uploads\/2023\/01\/6-removebg-preview-300x300.png 300w, https:\/\/www.lechoixdesbebes.com\/blog\/wp-content\/uploads\/2023\/01\/6-removebg-preview-150x150.png 150w, https:\/\/www.lechoixdesbebes.com\/blog\/wp-content\/uploads\/2023\/01\/6-removebg-preview-120x120.png 120w\" data-sizes=\"(max-width: 500px) 100vw, 500px\" src=\"data:image\/gif;base64,R0lGODlhAQABAAAAACH5BAEKAAEALAAAAAABAAEAAAICTAEAOw==\" style=\"--smush-placeholder-width: 500px; --smush-placeholder-aspect-ratio: 500\/500;\" \/><noscript><img loading=\"lazy\" decoding=\"async\" width=\"500\" height=\"500\" src=\"https:\/\/www.lechoixdesbebes.com\/blog\/wp-content\/uploads\/2023\/01\/6-removebg-preview.png\" alt=\"Gigoteuse hiver 3 \u00e0 9 mois L\u00e9o &amp; Maya - Candide\" class=\"wp-image-2468\" srcset=\"https:\/\/www.lechoixdesbebes.com\/blog\/wp-content\/uploads\/2023\/01\/6-removebg-preview.png 500w, https:\/\/www.lechoixdesbebes.com\/blog\/wp-content\/uploads\/2023\/01\/6-removebg-preview-300x300.png 300w, https:\/\/www.lechoixdesbebes.com\/blog\/wp-content\/uploads\/2023\/01\/6-removebg-preview-150x150.png 150w, https:\/\/www.lechoixdesbebes.com\/blog\/wp-content\/uploads\/2023\/01\/6-removebg-preview-120x120.png 120w\" sizes=\"(max-width: 500px) 100vw, 500px\" \/><\/noscript><\/noscript><\/a><\/figure>\n\n\n\n<p class=\"has-text-align-center\" style=\"font-size:15px;line-height:1.5\"><strong>Gigoteuse hiver 0 \u00e0 3 mois<\/strong><\/p>\n\n\n\n<div class=\"wp-block-buttons alignfull is-horizontal is-content-justification-center is-layout-flex wp-container-core-buttons-is-layout-1 wp-block-buttons-is-layout-flex\">\n<div class=\"wp-block-button has-custom-width wp-block-button__width-100 has-custom-font-size\" style=\"font-size:18px\"><a class=\"wp-block-button__link has-white-color has-cyan-bluish-gray-background-color has-text-color has-background wp-element-button\" href=\"https:\/\/www.lechoixdesbebes.com\/fr\/leo-maya-candide\/795-candide-mini-gigoteuse-leo-maya.html\" style=\"border-radius:50px\"><strong>D\u00e9couvrir<\/strong><\/a><\/div>\n<\/div>\n<\/div>\n\n\n\n<div class=\"wp-block-column is-vertically-aligned-top has-text-color has-background has-link-color wp-elements-b9a181b28b95baeb13c155a7270d7354 is-layout-flow wp-block-column-is-layout-flow\" style=\"color:#000000;background-color:#f6f6f6;padding-top:2em;padding-right:2em;padding-bottom:2em;padding-left:2em\">\n<figure class=\"wp-block-image size-full\"><a href=\"https:\/\/www.lechoixdesbebes.com\/fr\/gigoteuse-0-3-mois\/729-mini-gigoteuse-gaspard-lily.html\"><img loading=\"lazy\" decoding=\"async\" width=\"500\" height=\"500\" data-src=\"https:\/\/www.lechoixdesbebes.com\/blog\/wp-content\/uploads\/2023\/01\/11-removebg-preview.png\" alt=\"Gigoteuse hiver 3 \u00e0 9 mois Gaspard &amp; Lily - Candide\" class=\"wp-image-2471 lazyload\" data-srcset=\"https:\/\/www.lechoixdesbebes.com\/blog\/wp-content\/uploads\/2023\/01\/11-removebg-preview.png 500w, https:\/\/www.lechoixdesbebes.com\/blog\/wp-content\/uploads\/2023\/01\/11-removebg-preview-300x300.png 300w, https:\/\/www.lechoixdesbebes.com\/blog\/wp-content\/uploads\/2023\/01\/11-removebg-preview-150x150.png 150w, https:\/\/www.lechoixdesbebes.com\/blog\/wp-content\/uploads\/2023\/01\/11-removebg-preview-120x120.png 120w\" data-sizes=\"(max-width: 500px) 100vw, 500px\" src=\"data:image\/gif;base64,R0lGODlhAQABAAAAACH5BAEKAAEALAAAAAABAAEAAAICTAEAOw==\" style=\"--smush-placeholder-width: 500px; --smush-placeholder-aspect-ratio: 500\/500;\" \/><noscript><img loading=\"lazy\" decoding=\"async\" width=\"500\" height=\"500\" data-src=\"https:\/\/www.lechoixdesbebes.com\/blog\/wp-content\/uploads\/2023\/01\/11-removebg-preview.png\" alt=\"Gigoteuse hiver 3 \u00e0 9 mois Gaspard &amp; Lily - Candide\" class=\"wp-image-2471 lazyload\" data-srcset=\"https:\/\/www.lechoixdesbebes.com\/blog\/wp-content\/uploads\/2023\/01\/11-removebg-preview.png 500w, https:\/\/www.lechoixdesbebes.com\/blog\/wp-content\/uploads\/2023\/01\/11-removebg-preview-300x300.png 300w, https:\/\/www.lechoixdesbebes.com\/blog\/wp-content\/uploads\/2023\/01\/11-removebg-preview-150x150.png 150w, https:\/\/www.lechoixdesbebes.com\/blog\/wp-content\/uploads\/2023\/01\/11-removebg-preview-120x120.png 120w\" data-sizes=\"(max-width: 500px) 100vw, 500px\" src=\"data:image\/gif;base64,R0lGODlhAQABAAAAACH5BAEKAAEALAAAAAABAAEAAAICTAEAOw==\" style=\"--smush-placeholder-width: 500px; --smush-placeholder-aspect-ratio: 500\/500;\" \/><noscript><img loading=\"lazy\" decoding=\"async\" width=\"500\" height=\"500\" src=\"https:\/\/www.lechoixdesbebes.com\/blog\/wp-content\/uploads\/2023\/01\/11-removebg-preview.png\" alt=\"Gigoteuse hiver 3 \u00e0 9 mois Gaspard &amp; Lily - Candide\" class=\"wp-image-2471\" srcset=\"https:\/\/www.lechoixdesbebes.com\/blog\/wp-content\/uploads\/2023\/01\/11-removebg-preview.png 500w, https:\/\/www.lechoixdesbebes.com\/blog\/wp-content\/uploads\/2023\/01\/11-removebg-preview-300x300.png 300w, https:\/\/www.lechoixdesbebes.com\/blog\/wp-content\/uploads\/2023\/01\/11-removebg-preview-150x150.png 150w, https:\/\/www.lechoixdesbebes.com\/blog\/wp-content\/uploads\/2023\/01\/11-removebg-preview-120x120.png 120w\" sizes=\"(max-width: 500px) 100vw, 500px\" \/><\/noscript><\/noscript><\/a><\/figure>\n\n\n\n<p class=\"has-text-align-center\" style=\"font-size:15px;line-height:1.5\"><strong>Gigoteuse hiver 0 \u00e0 3 mois<\/strong><\/p>\n\n\n\n<div class=\"wp-block-buttons alignfull is-horizontal is-content-justification-center is-layout-flex wp-container-core-buttons-is-layout-2 wp-block-buttons-is-layout-flex\">\n<div class=\"wp-block-button has-custom-width wp-block-button__width-100 has-custom-font-size\" style=\"font-size:18px\"><a class=\"wp-block-button__link has-white-color has-cyan-bluish-gray-background-color has-text-color has-background wp-element-button\" href=\"https:\/\/www.lechoixdesbebes.com\/fr\/gigoteuse-0-3-mois\/729-mini-gigoteuse-gaspard-lily.html\" style=\"border-radius:50px\"><strong>D\u00e9couvrir<\/strong><\/a><\/div>\n<\/div>\n<\/div>\n<\/div>\n\n\n\n<div class=\"wp-block-columns alignwide are-vertically-aligned-top is-layout-flex wp-container-core-columns-is-layout-2 wp-block-columns-is-layout-flex\" style=\"margin-bottom:0\">\n<div class=\"wp-block-column is-vertically-aligned-top has-text-color has-background has-link-color wp-elements-5bf44ce51dde5684e9ea708da9cad604 is-layout-flow wp-block-column-is-layout-flow\" style=\"color:#000000;background-color:#f6f6f6;padding-top:2em;padding-right:2em;padding-bottom:2em;padding-left:2em\">\n<figure class=\"wp-block-image size-full\"><a href=\"https:\/\/www.lechoixdesbebes.com\/fr\/gigoteuse-3-9-mois\/800-candide-gigoteuse-naissance-gaspard-lily.html\"><img loading=\"lazy\" decoding=\"async\" width=\"500\" height=\"500\" data-src=\"https:\/\/www.lechoixdesbebes.com\/blog\/wp-content\/uploads\/2023\/01\/11-removebg-preview.png\" alt=\"Gigoteuse hiver 3 \u00e0 9 mois Gaspard &amp; Lily - Candide\" class=\"wp-image-2471 lazyload\" data-srcset=\"https:\/\/www.lechoixdesbebes.com\/blog\/wp-content\/uploads\/2023\/01\/11-removebg-preview.png 500w, https:\/\/www.lechoixdesbebes.com\/blog\/wp-content\/uploads\/2023\/01\/11-removebg-preview-300x300.png 300w, https:\/\/www.lechoixdesbebes.com\/blog\/wp-content\/uploads\/2023\/01\/11-removebg-preview-150x150.png 150w, https:\/\/www.lechoixdesbebes.com\/blog\/wp-content\/uploads\/2023\/01\/11-removebg-preview-120x120.png 120w\" data-sizes=\"(max-width: 500px) 100vw, 500px\" src=\"data:image\/gif;base64,R0lGODlhAQABAAAAACH5BAEKAAEALAAAAAABAAEAAAICTAEAOw==\" style=\"--smush-placeholder-width: 500px; --smush-placeholder-aspect-ratio: 500\/500;\" \/><noscript><img loading=\"lazy\" decoding=\"async\" width=\"500\" height=\"500\" data-src=\"https:\/\/www.lechoixdesbebes.com\/blog\/wp-content\/uploads\/2023\/01\/11-removebg-preview.png\" alt=\"Gigoteuse hiver 3 \u00e0 9 mois Gaspard &amp; Lily - Candide\" class=\"wp-image-2471 lazyload\" data-srcset=\"https:\/\/www.lechoixdesbebes.com\/blog\/wp-content\/uploads\/2023\/01\/11-removebg-preview.png 500w, https:\/\/www.lechoixdesbebes.com\/blog\/wp-content\/uploads\/2023\/01\/11-removebg-preview-300x300.png 300w, https:\/\/www.lechoixdesbebes.com\/blog\/wp-content\/uploads\/2023\/01\/11-removebg-preview-150x150.png 150w, https:\/\/www.lechoixdesbebes.com\/blog\/wp-content\/uploads\/2023\/01\/11-removebg-preview-120x120.png 120w\" data-sizes=\"(max-width: 500px) 100vw, 500px\" src=\"data:image\/gif;base64,R0lGODlhAQABAAAAACH5BAEKAAEALAAAAAABAAEAAAICTAEAOw==\" style=\"--smush-placeholder-width: 500px; --smush-placeholder-aspect-ratio: 500\/500;\" \/><noscript><img loading=\"lazy\" decoding=\"async\" width=\"500\" height=\"500\" src=\"https:\/\/www.lechoixdesbebes.com\/blog\/wp-content\/uploads\/2023\/01\/11-removebg-preview.png\" alt=\"Gigoteuse hiver 3 \u00e0 9 mois Gaspard &amp; Lily - Candide\" class=\"wp-image-2471\" srcset=\"https:\/\/www.lechoixdesbebes.com\/blog\/wp-content\/uploads\/2023\/01\/11-removebg-preview.png 500w, https:\/\/www.lechoixdesbebes.com\/blog\/wp-content\/uploads\/2023\/01\/11-removebg-preview-300x300.png 300w, https:\/\/www.lechoixdesbebes.com\/blog\/wp-content\/uploads\/2023\/01\/11-removebg-preview-150x150.png 150w, https:\/\/www.lechoixdesbebes.com\/blog\/wp-content\/uploads\/2023\/01\/11-removebg-preview-120x120.png 120w\" sizes=\"(max-width: 500px) 100vw, 500px\" \/><\/noscript><\/noscript><\/a><\/figure>\n\n\n\n<p class=\"has-text-align-center\" style=\"font-size:15px;line-height:1.5\"><strong>Gigoteuse hiver 3 \u00e0 9 mois<\/strong><\/p>\n\n\n\n<div class=\"wp-block-buttons alignfull is-horizontal is-content-justification-center is-layout-flex wp-container-core-buttons-is-layout-3 wp-block-buttons-is-layout-flex\">\n<div class=\"wp-block-button has-custom-width wp-block-button__width-100 has-custom-font-size\" style=\"font-size:18px\"><a class=\"wp-block-button__link has-white-color has-cyan-bluish-gray-background-color has-text-color has-background wp-element-button\" href=\"https:\/\/www.lechoixdesbebes.com\/fr\/gigoteuse-3-9-mois\/800-candide-gigoteuse-naissance-gaspard-lily.html\" style=\"border-radius:50px\"><strong>D\u00e9couvrir<\/strong><\/a><\/div>\n<\/div>\n<\/div>\n\n\n\n<div class=\"wp-block-column is-vertically-aligned-top has-text-color has-background has-link-color wp-elements-cb7b202b3579bd9c7c9ca34d9c26d6a6 is-layout-flow wp-block-column-is-layout-flow\" style=\"color:#000000;background-color:#f6f6f6;padding-top:2em;padding-right:2em;padding-bottom:2em;padding-left:2em\">\n<figure class=\"wp-block-image size-full\"><a href=\"https:\/\/www.lechoixdesbebes.com\/fr\/leo-maya-candide\/798-candide-gigoteuse-naissance-leo-maya.html\"><img loading=\"lazy\" decoding=\"async\" width=\"500\" height=\"500\" data-src=\"https:\/\/www.lechoixdesbebes.com\/blog\/wp-content\/uploads\/2023\/01\/6-removebg-preview.png\" alt=\"Gigoteuse hiver 3 \u00e0 9 mois L\u00e9o &amp; Maya - Candide\" class=\"wp-image-2468 lazyload\" data-srcset=\"https:\/\/www.lechoixdesbebes.com\/blog\/wp-content\/uploads\/2023\/01\/6-removebg-preview.png 500w, https:\/\/www.lechoixdesbebes.com\/blog\/wp-content\/uploads\/2023\/01\/6-removebg-preview-300x300.png 300w, https:\/\/www.lechoixdesbebes.com\/blog\/wp-content\/uploads\/2023\/01\/6-removebg-preview-150x150.png 150w, https:\/\/www.lechoixdesbebes.com\/blog\/wp-content\/uploads\/2023\/01\/6-removebg-preview-120x120.png 120w\" data-sizes=\"(max-width: 500px) 100vw, 500px\" src=\"data:image\/gif;base64,R0lGODlhAQABAAAAACH5BAEKAAEALAAAAAABAAEAAAICTAEAOw==\" style=\"--smush-placeholder-width: 500px; --smush-placeholder-aspect-ratio: 500\/500;\" \/><noscript><img loading=\"lazy\" decoding=\"async\" width=\"500\" height=\"500\" data-src=\"https:\/\/www.lechoixdesbebes.com\/blog\/wp-content\/uploads\/2023\/01\/6-removebg-preview.png\" alt=\"Gigoteuse hiver 3 \u00e0 9 mois L\u00e9o &amp; Maya - Candide\" class=\"wp-image-2468 lazyload\" data-srcset=\"https:\/\/www.lechoixdesbebes.com\/blog\/wp-content\/uploads\/2023\/01\/6-removebg-preview.png 500w, https:\/\/www.lechoixdesbebes.com\/blog\/wp-content\/uploads\/2023\/01\/6-removebg-preview-300x300.png 300w, https:\/\/www.lechoixdesbebes.com\/blog\/wp-content\/uploads\/2023\/01\/6-removebg-preview-150x150.png 150w, https:\/\/www.lechoixdesbebes.com\/blog\/wp-content\/uploads\/2023\/01\/6-removebg-preview-120x120.png 120w\" data-sizes=\"(max-width: 500px) 100vw, 500px\" src=\"data:image\/gif;base64,R0lGODlhAQABAAAAACH5BAEKAAEALAAAAAABAAEAAAICTAEAOw==\" style=\"--smush-placeholder-width: 500px; --smush-placeholder-aspect-ratio: 500\/500;\" \/><noscript><img loading=\"lazy\" decoding=\"async\" width=\"500\" height=\"500\" src=\"https:\/\/www.lechoixdesbebes.com\/blog\/wp-content\/uploads\/2023\/01\/6-removebg-preview.png\" alt=\"Gigoteuse hiver 3 \u00e0 9 mois L\u00e9o &amp; Maya - Candide\" class=\"wp-image-2468\" srcset=\"https:\/\/www.lechoixdesbebes.com\/blog\/wp-content\/uploads\/2023\/01\/6-removebg-preview.png 500w, https:\/\/www.lechoixdesbebes.com\/blog\/wp-content\/uploads\/2023\/01\/6-removebg-preview-300x300.png 300w, https:\/\/www.lechoixdesbebes.com\/blog\/wp-content\/uploads\/2023\/01\/6-removebg-preview-150x150.png 150w, https:\/\/www.lechoixdesbebes.com\/blog\/wp-content\/uploads\/2023\/01\/6-removebg-preview-120x120.png 120w\" sizes=\"(max-width: 500px) 100vw, 500px\" \/><\/noscript><\/noscript><\/a><\/figure>\n\n\n\n<p class=\"has-text-align-center\" style=\"font-size:15px;line-height:1.5\"><strong>Gigoteuse hiver 3 \u00e0 9 mois<\/strong><\/p>\n\n\n\n<div class=\"wp-block-buttons alignfull is-horizontal is-content-justification-center is-layout-flex wp-container-core-buttons-is-layout-4 wp-block-buttons-is-layout-flex\">\n<div class=\"wp-block-button has-custom-width wp-block-button__width-100 has-custom-font-size\" style=\"font-size:18px\"><a class=\"wp-block-button__link has-white-color has-cyan-bluish-gray-background-color has-text-color has-background wp-element-button\" href=\"https:\/\/www.lechoixdesbebes.com\/fr\/leo-maya-candide\/798-candide-gigoteuse-naissance-leo-maya.html\" style=\"border-radius:50px\"><strong>D\u00e9couvrir<\/strong><\/a><\/div>\n<\/div>\n<\/div>\n<\/div>\n\n\n\n<div class=\"wp-block-columns alignwide are-vertically-aligned-top is-layout-flex wp-container-core-columns-is-layout-3 wp-block-columns-is-layout-flex\" style=\"margin-bottom:0\">\n<div class=\"wp-block-column is-vertically-aligned-top has-text-color has-background has-link-color wp-elements-492f5ade1a741c8990315b1b6a277b11 is-layout-flow wp-block-column-is-layout-flow\" style=\"color:#000000;background-color:#f6f6f6;padding-top:2em;padding-right:2em;padding-bottom:2em;padding-left:2em\">\n<figure class=\"wp-block-image size-full\"><a href=\"https:\/\/www.lechoixdesbebes.com\/fr\/leo-maya-candide\/799-gigoteuse-nomade-candide-leo-maya.html\"><img loading=\"lazy\" decoding=\"async\" width=\"500\" height=\"500\" data-src=\"https:\/\/www.lechoixdesbebes.com\/blog\/wp-content\/uploads\/2023\/01\/5-removebg-preview.png\" alt=\"Gigoteuse hiver L\u00e9o &amp; Maya - Candide\" class=\"wp-image-2466 lazyload\" data-srcset=\"https:\/\/www.lechoixdesbebes.com\/blog\/wp-content\/uploads\/2023\/01\/5-removebg-preview.png 500w, https:\/\/www.lechoixdesbebes.com\/blog\/wp-content\/uploads\/2023\/01\/5-removebg-preview-300x300.png 300w, https:\/\/www.lechoixdesbebes.com\/blog\/wp-content\/uploads\/2023\/01\/5-removebg-preview-150x150.png 150w, https:\/\/www.lechoixdesbebes.com\/blog\/wp-content\/uploads\/2023\/01\/5-removebg-preview-120x120.png 120w\" data-sizes=\"(max-width: 500px) 100vw, 500px\" src=\"data:image\/gif;base64,R0lGODlhAQABAAAAACH5BAEKAAEALAAAAAABAAEAAAICTAEAOw==\" style=\"--smush-placeholder-width: 500px; --smush-placeholder-aspect-ratio: 500\/500;\" \/><noscript><img loading=\"lazy\" decoding=\"async\" width=\"500\" height=\"500\" src=\"https:\/\/www.lechoixdesbebes.com\/blog\/wp-content\/uploads\/2023\/01\/5-removebg-preview.png\" alt=\"Gigoteuse hiver L\u00e9o &amp; Maya - Candide\" class=\"wp-image-2466\" srcset=\"https:\/\/www.lechoixdesbebes.com\/blog\/wp-content\/uploads\/2023\/01\/5-removebg-preview.png 500w, https:\/\/www.lechoixdesbebes.com\/blog\/wp-content\/uploads\/2023\/01\/5-removebg-preview-300x300.png 300w, https:\/\/www.lechoixdesbebes.com\/blog\/wp-content\/uploads\/2023\/01\/5-removebg-preview-150x150.png 150w, https:\/\/www.lechoixdesbebes.com\/blog\/wp-content\/uploads\/2023\/01\/5-removebg-preview-120x120.png 120w\" sizes=\"(max-width: 500px) 100vw, 500px\" \/><\/noscript><\/a><\/figure>\n\n\n\n<p class=\"has-text-align-center\" style=\"font-size:15px;line-height:1.5\"><strong>Gigoteuse hiver 9 \u00e0 24 mois<\/strong><\/p>\n\n\n\n<div class=\"wp-block-buttons alignfull is-horizontal is-content-justification-center is-layout-flex wp-container-core-buttons-is-layout-5 wp-block-buttons-is-layout-flex\">\n<div class=\"wp-block-button has-custom-width wp-block-button__width-100 has-custom-font-size\" style=\"font-size:18px\"><a class=\"wp-block-button__link has-white-color has-cyan-bluish-gray-background-color has-text-color has-background wp-element-button\" href=\"https:\/\/www.lechoixdesbebes.com\/fr\/leo-maya-candide\/799-gigoteuse-nomade-candide-leo-maya.html\" style=\"border-radius:50px\"><strong>D\u00e9couvrir<\/strong><\/a><\/div>\n<\/div>\n<\/div>\n\n\n\n<div class=\"wp-block-column is-vertically-aligned-top has-text-color has-background has-link-color wp-elements-1b1708aa17595c743f23ab112619bf72 is-layout-flow wp-block-column-is-layout-flow\" style=\"color:#000000;background-color:#f6f6f6;padding-top:2em;padding-right:2em;padding-bottom:2em;padding-left:2em\">\n<figure class=\"wp-block-image size-full\"><a href=\"https:\/\/www.lechoixdesbebes.com\/fr\/gigoteuse-9-36-mois\/732-gigoteuse-nomade-candide-gaspard-lily.html\"><img loading=\"lazy\" decoding=\"async\" width=\"500\" height=\"500\" data-src=\"https:\/\/www.lechoixdesbebes.com\/blog\/wp-content\/uploads\/2023\/01\/10-removebg-preview.png\" alt=\"Gigoteuse hiver 9 \u00e0 24 mois Gaspard &amp; Lily - Candide\" class=\"wp-image-2470 lazyload\" data-srcset=\"https:\/\/www.lechoixdesbebes.com\/blog\/wp-content\/uploads\/2023\/01\/10-removebg-preview.png 500w, https:\/\/www.lechoixdesbebes.com\/blog\/wp-content\/uploads\/2023\/01\/10-removebg-preview-300x300.png 300w, https:\/\/www.lechoixdesbebes.com\/blog\/wp-content\/uploads\/2023\/01\/10-removebg-preview-150x150.png 150w, https:\/\/www.lechoixdesbebes.com\/blog\/wp-content\/uploads\/2023\/01\/10-removebg-preview-120x120.png 120w\" data-sizes=\"(max-width: 500px) 100vw, 500px\" src=\"data:image\/gif;base64,R0lGODlhAQABAAAAACH5BAEKAAEALAAAAAABAAEAAAICTAEAOw==\" style=\"--smush-placeholder-width: 500px; --smush-placeholder-aspect-ratio: 500\/500;\" \/><noscript><img loading=\"lazy\" decoding=\"async\" width=\"500\" height=\"500\" src=\"https:\/\/www.lechoixdesbebes.com\/blog\/wp-content\/uploads\/2023\/01\/10-removebg-preview.png\" alt=\"Gigoteuse hiver 9 \u00e0 24 mois Gaspard &amp; Lily - Candide\" class=\"wp-image-2470\" srcset=\"https:\/\/www.lechoixdesbebes.com\/blog\/wp-content\/uploads\/2023\/01\/10-removebg-preview.png 500w, https:\/\/www.lechoixdesbebes.com\/blog\/wp-content\/uploads\/2023\/01\/10-removebg-preview-300x300.png 300w, https:\/\/www.lechoixdesbebes.com\/blog\/wp-content\/uploads\/2023\/01\/10-removebg-preview-150x150.png 150w, https:\/\/www.lechoixdesbebes.com\/blog\/wp-content\/uploads\/2023\/01\/10-removebg-preview-120x120.png 120w\" sizes=\"(max-width: 500px) 100vw, 500px\" \/><\/noscript><\/a><\/figure>\n\n\n\n<p class=\"has-text-align-center\" style=\"font-size:15px;line-height:1.5\"><strong>Gigoteuse hiver 9 \u00e0 24 mois<\/strong><\/p>\n\n\n\n<div class=\"wp-block-buttons alignfull is-horizontal is-content-justification-center is-layout-flex wp-container-core-buttons-is-layout-6 wp-block-buttons-is-layout-flex\">\n<div class=\"wp-block-button has-custom-width wp-block-button__width-100 has-custom-font-size\" style=\"font-size:18px\"><a class=\"wp-block-button__link has-white-color has-cyan-bluish-gray-background-color has-text-color has-background wp-element-button\" href=\"https:\/\/www.lechoixdesbebes.com\/fr\/gigoteuse-9-36-mois\/732-gigoteuse-nomade-candide-gaspard-lily.html\" style=\"border-radius:50px\"><strong>D\u00e9couvrir<\/strong><\/a><\/div>\n<\/div>\n<\/div>\n<\/div>\n","protected":false},"excerpt":{"rendered":"<span class=\"rt-reading-time\" style=\"display: block;\"><span class=\"rt-label rt-prefix\">Temps de lecture\u00a0: <\/span> <span class=\"rt-time\">5<\/span> <span class=\"rt-label rt-postfix\">minutes<\/span><\/span> L&rsquo;hiver peut \u00eatre une p\u00e9riode difficile pour habiller les b\u00e9b\u00e9s\u2026 Entre le froid, la pluie, le vent et parfois la neige, on craint toujours que b\u00e9b\u00e9 ne soit pas assez couvert ! Face \u00e0 tous ces al\u00e9as m\u00e9t\u00e9orologiques, il est important de s&rsquo;assurer que votre b\u00e9b\u00e9 reste au chaud et soit confortable, tout en \u00e9tant&#8230; <a class=\"view-article\" href=\"https:\/\/www.lechoixdesbebes.com\/blog\/comment-habiller-bebe-en-hiver\/\">View Article<\/a>","protected":false},"author":2,"featured_media":1442,"comment_status":"open","ping_status":"closed","sticky":false,"template":"","format":"standard","meta":{"footnotes":""},"categories":[28],"tags":[],"class_list":["post-1435","post","type-post","status-publish","format-standard","has-post-thumbnail","hentry","category-astuces-avec-bebe"],"yoast_head":"<!-- This site is optimized with the Yoast SEO plugin v23.5 - https:\/\/yoast.com\/wordpress\/plugins\/seo\/ -->\n<title>Comment habiller b\u00e9b\u00e9 en hiver ?<\/title>\n<meta name=\"description\" content=\"Vent, pluie, neige, froid... Vous vous demandez comment habiller b\u00e9b\u00e9 en hiver ? Ne bougez pas, on vous donne nos meilleurs conseils !\" \/>\n<meta name=\"robots\" content=\"index, follow, max-snippet:-1, max-image-preview:large, max-video-preview:-1\" \/>\n<link rel=\"canonical\" href=\"https:\/\/www.lechoixdesbebes.com\/blog\/comment-habiller-bebe-en-hiver\/\" \/>\n<meta property=\"og:locale\" content=\"fr_FR\" \/>\n<meta property=\"og:type\" content=\"article\" \/>\n<meta property=\"og:title\" content=\"Comment habiller b\u00e9b\u00e9 en hiver ?\" \/>\n<meta property=\"og:description\" content=\"Vent, pluie, neige, froid... Vous vous demandez comment habiller b\u00e9b\u00e9 en hiver ? Ne bougez pas, on vous donne nos meilleurs conseils !\" \/>\n<meta property=\"og:url\" content=\"https:\/\/www.lechoixdesbebes.com\/blog\/comment-habiller-bebe-en-hiver\/\" \/>\n<meta property=\"og:site_name\" content=\"Actualit\u00e9 de la Pu\u00e9riculture : Blog le Choix des B\u00e9b\u00e9s\" \/>\n<meta property=\"article:publisher\" content=\"https:\/\/www.facebook.com\/Lechoixdesbebes\" \/>\n<meta property=\"article:published_time\" content=\"2023-01-09T09:50:37+00:00\" \/>\n<meta property=\"article:modified_time\" content=\"2025-05-05T14:27:57+00:00\" \/>\n<meta property=\"og:image\" content=\"https:\/\/www.lechoixdesbebes.com\/blog\/wp-content\/uploads\/2023\/01\/Blue-Gold-Festive-Happy-New-Year-Banner-Landscape-1-scaled.jpg\" \/>\n\t<meta property=\"og:image:width\" content=\"2560\" \/>\n\t<meta property=\"og:image:height\" content=\"1280\" \/>\n\t<meta property=\"og:image:type\" content=\"image\/jpeg\" \/>\n<meta name=\"author\" content=\"Le Choix Des B\u00e9b\u00e9s\" \/>\n<meta name=\"twitter:card\" content=\"summary_large_image\" \/>\n<meta name=\"twitter:label1\" content=\"\u00c9crit par\" \/>\n\t<meta name=\"twitter:data1\" content=\"Le Choix Des B\u00e9b\u00e9s\" \/>\n\t<meta name=\"twitter:label2\" content=\"Dur\u00e9e de lecture estim\u00e9e\" \/>\n\t<meta name=\"twitter:data2\" content=\"6 minutes\" \/>\n<script type=\"application\/ld+json\" class=\"yoast-schema-graph\">{\"@context\":\"https:\/\/schema.org\",\"@graph\":[{\"@type\":\"Article\",\"@id\":\"https:\/\/www.lechoixdesbebes.com\/blog\/comment-habiller-bebe-en-hiver\/#article\",\"isPartOf\":{\"@id\":\"https:\/\/www.lechoixdesbebes.com\/blog\/comment-habiller-bebe-en-hiver\/\"},\"author\":{\"name\":\"Le Choix Des B\u00e9b\u00e9s\",\"@id\":\"https:\/\/www.lechoixdesbebes.com\/blog\/#\/schema\/person\/296076ecd4371ded7a75a238703a0ad1\"},\"headline\":\"Comment habiller b\u00e9b\u00e9 en hiver ?\",\"datePublished\":\"2023-01-09T09:50:37+00:00\",\"dateModified\":\"2025-05-05T14:27:57+00:00\",\"mainEntityOfPage\":{\"@id\":\"https:\/\/www.lechoixdesbebes.com\/blog\/comment-habiller-bebe-en-hiver\/\"},\"wordCount\":906,\"commentCount\":0,\"publisher\":{\"@id\":\"https:\/\/www.lechoixdesbebes.com\/blog\/#organization\"},\"image\":{\"@id\":\"https:\/\/www.lechoixdesbebes.com\/blog\/comment-habiller-bebe-en-hiver\/#primaryimage\"},\"thumbnailUrl\":\"https:\/\/www.lechoixdesbebes.com\/blog\/wp-content\/uploads\/2023\/01\/Blue-Gold-Festive-Happy-New-Year-Banner-Landscape-1-scaled.jpg\",\"articleSection\":[\"Astuces avec b\u00e9b\u00e9\"],\"inLanguage\":\"fr-FR\",\"potentialAction\":[{\"@type\":\"CommentAction\",\"name\":\"Comment\",\"target\":[\"https:\/\/www.lechoixdesbebes.com\/blog\/comment-habiller-bebe-en-hiver\/#respond\"]}]},{\"@type\":\"WebPage\",\"@id\":\"https:\/\/www.lechoixdesbebes.com\/blog\/comment-habiller-bebe-en-hiver\/\",\"url\":\"https:\/\/www.lechoixdesbebes.com\/blog\/comment-habiller-bebe-en-hiver\/\",\"name\":\"Comment habiller b\u00e9b\u00e9 en hiver ?\",\"isPartOf\":{\"@id\":\"https:\/\/www.lechoixdesbebes.com\/blog\/#website\"},\"primaryImageOfPage\":{\"@id\":\"https:\/\/www.lechoixdesbebes.com\/blog\/comment-habiller-bebe-en-hiver\/#primaryimage\"},\"image\":{\"@id\":\"https:\/\/www.lechoixdesbebes.com\/blog\/comment-habiller-bebe-en-hiver\/#primaryimage\"},\"thumbnailUrl\":\"https:\/\/www.lechoixdesbebes.com\/blog\/wp-content\/uploads\/2023\/01\/Blue-Gold-Festive-Happy-New-Year-Banner-Landscape-1-scaled.jpg\",\"datePublished\":\"2023-01-09T09:50:37+00:00\",\"dateModified\":\"2025-05-05T14:27:57+00:00\",\"description\":\"Vent, pluie, neige, froid... Vous vous demandez comment habiller b\u00e9b\u00e9 en hiver ? Ne bougez pas, on vous donne nos meilleurs conseils !\",\"breadcrumb\":{\"@id\":\"https:\/\/www.lechoixdesbebes.com\/blog\/comment-habiller-bebe-en-hiver\/#breadcrumb\"},\"inLanguage\":\"fr-FR\",\"potentialAction\":[{\"@type\":\"ReadAction\",\"target\":[\"https:\/\/www.lechoixdesbebes.com\/blog\/comment-habiller-bebe-en-hiver\/\"]}]},{\"@type\":\"ImageObject\",\"inLanguage\":\"fr-FR\",\"@id\":\"https:\/\/www.lechoixdesbebes.com\/blog\/comment-habiller-bebe-en-hiver\/#primaryimage\",\"url\":\"https:\/\/www.lechoixdesbebes.com\/blog\/wp-content\/uploads\/2023\/01\/Blue-Gold-Festive-Happy-New-Year-Banner-Landscape-1-scaled.jpg\",\"contentUrl\":\"https:\/\/www.lechoixdesbebes.com\/blog\/wp-content\/uploads\/2023\/01\/Blue-Gold-Festive-Happy-New-Year-Banner-Landscape-1-scaled.jpg\",\"width\":2560,\"height\":1280,\"caption\":\"Comment habiller b\u00e9b\u00e9 en hiver ?\"},{\"@type\":\"BreadcrumbList\",\"@id\":\"https:\/\/www.lechoixdesbebes.com\/blog\/comment-habiller-bebe-en-hiver\/#breadcrumb\",\"itemListElement\":[{\"@type\":\"ListItem\",\"position\":1,\"name\":\"Accueil\",\"item\":\"https:\/\/www.lechoixdesbebes.com\/blog\/\"},{\"@type\":\"ListItem\",\"position\":2,\"name\":\"Comment habiller b\u00e9b\u00e9 en hiver ?\"}]},{\"@type\":\"WebSite\",\"@id\":\"https:\/\/www.lechoixdesbebes.com\/blog\/#website\",\"url\":\"https:\/\/www.lechoixdesbebes.com\/blog\/\",\"name\":\"Actualit\u00e9 de la Pu\u00e9riculture : Blog le Choix des B\u00e9b\u00e9s\",\"description\":\"Suivez nos conseils bien-\u00eatre pour un b\u00e9b\u00e9 heureux et des parents \u00e9panouis. Le Choix des b\u00e9b\u00e9s : sp\u00e9cialiste de la pu\u00e9riculture\",\"publisher\":{\"@id\":\"https:\/\/www.lechoixdesbebes.com\/blog\/#organization\"},\"potentialAction\":[{\"@type\":\"SearchAction\",\"target\":{\"@type\":\"EntryPoint\",\"urlTemplate\":\"https:\/\/www.lechoixdesbebes.com\/blog\/?s={search_term_string}\"},\"query-input\":{\"@type\":\"PropertyValueSpecification\",\"valueRequired\":true,\"valueName\":\"search_term_string\"}}],\"inLanguage\":\"fr-FR\"},{\"@type\":\"Organization\",\"@id\":\"https:\/\/www.lechoixdesbebes.com\/blog\/#organization\",\"name\":\"Le Choix Des B\u00e9b\u00e9s\",\"url\":\"https:\/\/www.lechoixdesbebes.com\/blog\/\",\"logo\":{\"@type\":\"ImageObject\",\"inLanguage\":\"fr-FR\",\"@id\":\"https:\/\/www.lechoixdesbebes.com\/blog\/#\/schema\/logo\/image\/\",\"url\":\"https:\/\/www.lechoixdesbebes.com\/blog\/wp-content\/uploads\/2021\/06\/Logo-MyShop-Cdiscount.jpg\",\"contentUrl\":\"https:\/\/www.lechoixdesbebes.com\/blog\/wp-content\/uploads\/2021\/06\/Logo-MyShop-Cdiscount.jpg\",\"width\":350,\"height\":80,\"caption\":\"Le Choix Des B\u00e9b\u00e9s\"},\"image\":{\"@id\":\"https:\/\/www.lechoixdesbebes.com\/blog\/#\/schema\/logo\/image\/\"},\"sameAs\":[\"https:\/\/www.facebook.com\/Lechoixdesbebes\"]},{\"@type\":\"Person\",\"@id\":\"https:\/\/www.lechoixdesbebes.com\/blog\/#\/schema\/person\/296076ecd4371ded7a75a238703a0ad1\",\"name\":\"Le Choix Des B\u00e9b\u00e9s\"}]}<\/script>\n<!-- \/ Yoast SEO plugin. -->","yoast_head_json":{"title":"Comment habiller b\u00e9b\u00e9 en hiver ?","description":"Vent, pluie, neige, froid... Vous vous demandez comment habiller b\u00e9b\u00e9 en hiver ? Ne bougez pas, on vous donne nos meilleurs conseils !","robots":{"index":"index","follow":"follow","max-snippet":"max-snippet:-1","max-image-preview":"max-image-preview:large","max-video-preview":"max-video-preview:-1"},"canonical":"https:\/\/www.lechoixdesbebes.com\/blog\/comment-habiller-bebe-en-hiver\/","og_locale":"fr_FR","og_type":"article","og_title":"Comment habiller b\u00e9b\u00e9 en hiver ?","og_description":"Vent, pluie, neige, froid... Vous vous demandez comment habiller b\u00e9b\u00e9 en hiver ? Ne bougez pas, on vous donne nos meilleurs conseils !","og_url":"https:\/\/www.lechoixdesbebes.com\/blog\/comment-habiller-bebe-en-hiver\/","og_site_name":"Actualit\u00e9 de la Pu\u00e9riculture : Blog le Choix des B\u00e9b\u00e9s","article_publisher":"https:\/\/www.facebook.com\/Lechoixdesbebes","article_published_time":"2023-01-09T09:50:37+00:00","article_modified_time":"2025-05-05T14:27:57+00:00","og_image":[{"width":2560,"height":1280,"url":"https:\/\/www.lechoixdesbebes.com\/blog\/wp-content\/uploads\/2023\/01\/Blue-Gold-Festive-Happy-New-Year-Banner-Landscape-1-scaled.jpg","type":"image\/jpeg"}],"author":"Le Choix Des B\u00e9b\u00e9s","twitter_card":"summary_large_image","twitter_misc":{"\u00c9crit par":"Le Choix Des B\u00e9b\u00e9s","Dur\u00e9e de lecture estim\u00e9e":"6 minutes"},"schema":{"@context":"https:\/\/schema.org","@graph":[{"@type":"Article","@id":"https:\/\/www.lechoixdesbebes.com\/blog\/comment-habiller-bebe-en-hiver\/#article","isPartOf":{"@id":"https:\/\/www.lechoixdesbebes.com\/blog\/comment-habiller-bebe-en-hiver\/"},"author":{"name":"Le Choix Des B\u00e9b\u00e9s","@id":"https:\/\/www.lechoixdesbebes.com\/blog\/#\/schema\/person\/296076ecd4371ded7a75a238703a0ad1"},"headline":"Comment habiller b\u00e9b\u00e9 en hiver ?","datePublished":"2023-01-09T09:50:37+00:00","dateModified":"2025-05-05T14:27:57+00:00","mainEntityOfPage":{"@id":"https:\/\/www.lechoixdesbebes.com\/blog\/comment-habiller-bebe-en-hiver\/"},"wordCount":906,"commentCount":0,"publisher":{"@id":"https:\/\/www.lechoixdesbebes.com\/blog\/#organization"},"image":{"@id":"https:\/\/www.lechoixdesbebes.com\/blog\/comment-habiller-bebe-en-hiver\/#primaryimage"},"thumbnailUrl":"https:\/\/www.lechoixdesbebes.com\/blog\/wp-content\/uploads\/2023\/01\/Blue-Gold-Festive-Happy-New-Year-Banner-Landscape-1-scaled.jpg","articleSection":["Astuces avec b\u00e9b\u00e9"],"inLanguage":"fr-FR","potentialAction":[{"@type":"CommentAction","name":"Comment","target":["https:\/\/www.lechoixdesbebes.com\/blog\/comment-habiller-bebe-en-hiver\/#respond"]}]},{"@type":"WebPage","@id":"https:\/\/www.lechoixdesbebes.com\/blog\/comment-habiller-bebe-en-hiver\/","url":"https:\/\/www.lechoixdesbebes.com\/blog\/comment-habiller-bebe-en-hiver\/","name":"Comment habiller b\u00e9b\u00e9 en hiver ?","isPartOf":{"@id":"https:\/\/www.lechoixdesbebes.com\/blog\/#website"},"primaryImageOfPage":{"@id":"https:\/\/www.lechoixdesbebes.com\/blog\/comment-habiller-bebe-en-hiver\/#primaryimage"},"image":{"@id":"https:\/\/www.lechoixdesbebes.com\/blog\/comment-habiller-bebe-en-hiver\/#primaryimage"},"thumbnailUrl":"https:\/\/www.lechoixdesbebes.com\/blog\/wp-content\/uploads\/2023\/01\/Blue-Gold-Festive-Happy-New-Year-Banner-Landscape-1-scaled.jpg","datePublished":"2023-01-09T09:50:37+00:00","dateModified":"2025-05-05T14:27:57+00:00","description":"Vent, pluie, neige, froid... Vous vous demandez comment habiller b\u00e9b\u00e9 en hiver ? Ne bougez pas, on vous donne nos meilleurs conseils !","breadcrumb":{"@id":"https:\/\/www.lechoixdesbebes.com\/blog\/comment-habiller-bebe-en-hiver\/#breadcrumb"},"inLanguage":"fr-FR","potentialAction":[{"@type":"ReadAction","target":["https:\/\/www.lechoixdesbebes.com\/blog\/comment-habiller-bebe-en-hiver\/"]}]},{"@type":"ImageObject","inLanguage":"fr-FR","@id":"https:\/\/www.lechoixdesbebes.com\/blog\/comment-habiller-bebe-en-hiver\/#primaryimage","url":"https:\/\/www.lechoixdesbebes.com\/blog\/wp-content\/uploads\/2023\/01\/Blue-Gold-Festive-Happy-New-Year-Banner-Landscape-1-scaled.jpg","contentUrl":"https:\/\/www.lechoixdesbebes.com\/blog\/wp-content\/uploads\/2023\/01\/Blue-Gold-Festive-Happy-New-Year-Banner-Landscape-1-scaled.jpg","width":2560,"height":1280,"caption":"Comment habiller b\u00e9b\u00e9 en hiver ?"},{"@type":"BreadcrumbList","@id":"https:\/\/www.lechoixdesbebes.com\/blog\/comment-habiller-bebe-en-hiver\/#breadcrumb","itemListElement":[{"@type":"ListItem","position":1,"name":"Accueil","item":"https:\/\/www.lechoixdesbebes.com\/blog\/"},{"@type":"ListItem","position":2,"name":"Comment habiller b\u00e9b\u00e9 en hiver ?"}]},{"@type":"WebSite","@id":"https:\/\/www.lechoixdesbebes.com\/blog\/#website","url":"https:\/\/www.lechoixdesbebes.com\/blog\/","name":"Actualit\u00e9 de la Pu\u00e9riculture : Blog le Choix des B\u00e9b\u00e9s","description":"Suivez nos conseils bien-\u00eatre pour un b\u00e9b\u00e9 heureux et des parents \u00e9panouis. Le Choix des b\u00e9b\u00e9s : sp\u00e9cialiste de la pu\u00e9riculture","publisher":{"@id":"https:\/\/www.lechoixdesbebes.com\/blog\/#organization"},"potentialAction":[{"@type":"SearchAction","target":{"@type":"EntryPoint","urlTemplate":"https:\/\/www.lechoixdesbebes.com\/blog\/?s={search_term_string}"},"query-input":{"@type":"PropertyValueSpecification","valueRequired":true,"valueName":"search_term_string"}}],"inLanguage":"fr-FR"},{"@type":"Organization","@id":"https:\/\/www.lechoixdesbebes.com\/blog\/#organization","name":"Le Choix Des B\u00e9b\u00e9s","url":"https:\/\/www.lechoixdesbebes.com\/blog\/","logo":{"@type":"ImageObject","inLanguage":"fr-FR","@id":"https:\/\/www.lechoixdesbebes.com\/blog\/#\/schema\/logo\/image\/","url":"https:\/\/www.lechoixdesbebes.com\/blog\/wp-content\/uploads\/2021\/06\/Logo-MyShop-Cdiscount.jpg","contentUrl":"https:\/\/www.lechoixdesbebes.com\/blog\/wp-content\/uploads\/2021\/06\/Logo-MyShop-Cdiscount.jpg","width":350,"height":80,"caption":"Le Choix Des B\u00e9b\u00e9s"},"image":{"@id":"https:\/\/www.lechoixdesbebes.com\/blog\/#\/schema\/logo\/image\/"},"sameAs":["https:\/\/www.facebook.com\/Lechoixdesbebes"]},{"@type":"Person","@id":"https:\/\/www.lechoixdesbebes.com\/blog\/#\/schema\/person\/296076ecd4371ded7a75a238703a0ad1","name":"Le Choix Des B\u00e9b\u00e9s"}]}},"_links":{"self":[{"href":"https:\/\/www.lechoixdesbebes.com\/blog\/wp-json\/wp\/v2\/posts\/1435"}],"collection":[{"href":"https:\/\/www.lechoixdesbebes.com\/blog\/wp-json\/wp\/v2\/posts"}],"about":[{"href":"https:\/\/www.lechoixdesbebes.com\/blog\/wp-json\/wp\/v2\/types\/post"}],"author":[{"embeddable":true,"href":"https:\/\/www.lechoixdesbebes.com\/blog\/wp-json\/wp\/v2\/users\/2"}],"replies":[{"embeddable":true,"href":"https:\/\/www.lechoixdesbebes.com\/blog\/wp-json\/wp\/v2\/comments?post=1435"}],"version-history":[{"count":9,"href":"https:\/\/www.lechoixdesbebes.com\/blog\/wp-json\/wp\/v2\/posts\/1435\/revisions"}],"predecessor-version":[{"id":2480,"href":"https:\/\/www.lechoixdesbebes.com\/blog\/wp-json\/wp\/v2\/posts\/1435\/revisions\/2480"}],"wp:featuredmedia":[{"embeddable":true,"href":"https:\/\/www.lechoixdesbebes.com\/blog\/wp-json\/wp\/v2\/media\/1442"}],"wp:attachment":[{"href":"https:\/\/www.lechoixdesbebes.com\/blog\/wp-json\/wp\/v2\/media?parent=1435"}],"wp:term":[{"taxonomy":"category","embeddable":true,"href":"https:\/\/www.lechoixdesbebes.com\/blog\/wp-json\/wp\/v2\/categories?post=1435"},{"taxonomy":"post_tag","embeddable":true,"href":"https:\/\/www.lechoixdesbebes.com\/blog\/wp-json\/wp\/v2\/tags?post=1435"}],"curies":[{"name":"wp","href":"https:\/\/api.w.org\/{rel}","templated":true}]}}