{"id":1476,"date":"2023-02-24T17:00:30","date_gmt":"2023-02-24T16:00:30","guid":{"rendered":"https:\/\/www.lechoixdesbebes.com\/blog\/?p=1476"},"modified":"2023-03-01T16:48:26","modified_gmt":"2023-03-01T15:48:26","slug":"les-premiers-jours-a-la-maison-avec-bebe","status":"publish","type":"post","link":"https:\/\/www.lechoixdesbebes.com\/blog\/les-premiers-jours-a-la-maison-avec-bebe\/","title":{"rendered":"Les premiers jours \u00e0 la maison avec b\u00e9b\u00e9"},"content":{"rendered":"<span class=\"rt-reading-time\" style=\"display: block;\"><span class=\"rt-label rt-prefix\">Temps de lecture\u00a0: <\/span> <span class=\"rt-time\">9<\/span> <span class=\"rt-label rt-postfix\">minutes<\/span><\/span><p>L&rsquo;arriv\u00e9e d&rsquo;un nouveau-n\u00e9 est un \u00e9v\u00e9nement incroyablement joyeux et \u00e9mouvant pour les parents. Les premiers jours avec b\u00e9b\u00e9 \u00e0 la maison sont souvent les plus m\u00e9morables et remplis d&rsquo;\u00e9motions. Cependant, ils peuvent \u00e9galement \u00eatre tr\u00e8s intenses et \u00e9puisants.<\/p>\n<p>Ne vous inqui\u00e9tez pas, il est tout \u00e0 fait normal de ressentir un m\u00e9lange d&rsquo;\u00e9motions intenses apr\u00e8s l&rsquo;arriv\u00e9e d&rsquo;un b\u00e9b\u00e9. Le coup de c\u0153ur\u00a0n&rsquo;arrive pas n\u00e9cessairement d\u00e8s la naissance, et la chute d&rsquo;hormones est souvent abrupte ! Aussi, trouver un nouveau rythme avec b\u00e9b\u00e9 bouscule l&rsquo;\u00e9quilibre familial. Vous pouvez vous sentir \u00e0 la fois heureux et anxieux, ou excit\u00e9s et effray\u00e9s. Rajoutez \u00e0 cela la fatigue, et vous obtiendrez un cocktail explosif ! Difficult\u00e9s \u00e0 dormir, \u00e0 manger correctement, \u00e0 entretenir la maison ou encore \u00e0 prendre une douche\u2026 Les premiers jours avec b\u00e9b\u00e9 sont souvent mouvement\u00e9s.<\/p>\n<p>B\u00e9b\u00e9 a besoin de soins constants, de manger toutes les deux \u00e0 trois heures, puis de faire la sieste\u2026 Rendant difficile la planification d&rsquo;autres activit\u00e9s. Votre vie est chamboul\u00e9e\u2026 \u00e0 juste titre !<\/p>\n<p>Dans cet article, nous aborderons les grands changements que vous pouvez rencontrer lors des premiers jours de vie de b\u00e9b\u00e9. Nous esp\u00e9rons que ces conseils vous aideront \u00e0 vous sentir plus pr\u00e9par\u00e9s \u00e0 cette grande \u00e9tape du retour \u00e0 la maison.<\/p>\n<h2>Le sommeil<\/h2>\n<h3>Trouvez un rythme les premiers jours avec b\u00e9b\u00e9<\/h3>\n<p>Il est vrai que la recherche de sommeil est souvent un v\u00e9ritable d\u00e9fi pour les nouveaux parents. En effet, b\u00e9b\u00e9 sort d&rsquo;un cocon sans lumi\u00e8re, bruit ou autre stimulation, et arrive dans un monde pleins de stimuli avec un nouveau rythme \u00e0 trouver. Avec un besoin de se nourrir toutes 2 \u00e0 3 quelques heures, le rythme des b\u00e9b\u00e9s est saccad\u00e9. Bien qu&rsquo;il soit un gros dormeur avec 16 \u00e0 20h de dodo par jour&#8230; B\u00e9b\u00e9 ne dormira que par tranches de 2 \u00e0 4 heures ! Cela peut laisser les parents \u00e9puis\u00e9s et frustr\u00e9s de ne pas pouvoir dormir suffisamment. Pour vous aider \u00e0 minimiser la fatigue, vous pouvez essayer de dormir en m\u00eame temps que leur b\u00e9b\u00e9 pendant la journ\u00e9e. Vous pouvez \u00e9galement demander de l&rsquo;aide \u00e0 des amis ou \u00e0 des membres de la famille pour vous soulager.<br \/>\nAussi, pensez \u00e0 observer votre b\u00e9b\u00e9 pour d\u00e9tecter et anticiper les premiers signes de fatigue et ainsi le coucher au bon moment. Plus tard, vous pourrez <a href=\"https:\/\/www.lechoixdesbebes.com\/blog\/comment-aider-bebe-a-dormir\/\">adopter une routine de sommeil<\/a> pour b\u00e9b\u00e9. Ce peut \u00eatre un bain chaud avant le coucher ou une berceuse douce pour aider \u00e0 le calmer et l&rsquo;apaiser. Il ne sert \u00e0 rien de mettre en place une routine avant puisque b\u00e9b\u00e9 ne distingue pas le jour de la nuit. La notion d&rsquo;horloge biologique ne fera son apparition qu&rsquo;\u00e0 la 8\u00e8me semaine environ.<\/p>\n<h3>Anticipez vos besoins avant d&rsquo;accoucher<\/h3>\n<p>Pour \u00e9viter de vous retrouver d\u00e9bord\u00e9s, pensez \u00e0 anticiper vos besoins. En effet, vous pouvez pr\u00e9parer \u00e0 l&rsquo;avance des petits plats et les congeler pour ne pas avoir \u00e0 cuisiner pendant tout le mois d&rsquo;or. Aussi, n&rsquo;h\u00e9sitez pas \u00e0 mettre des heures de m\u00e9nage sur votre liste de naissance, cela vous soulagera les premiers jours de vie de votre b\u00e9b\u00e9. Si vous n&rsquo;\u00eates pas \u00e0 l&rsquo;aise avec cela, organisez-vous avec votre partenaire pour tout ce qui est li\u00e9 \u00e0 la gestion des t\u00e2ches quotidiennes. En effet, lors du mois d&rsquo;or, la maman a besoin de se consacrer \u00e0 100% \u00e0 b\u00e9b\u00e9. Usez et abusez de votre entourage pour d\u00e9l\u00e9guer au maximum.<\/p>\n<h2>Prendre soin de b\u00e9b\u00e9 pendant les premiers jours avec b\u00e9b\u00e9<\/h2>\n<p>Forc\u00e9ment, un nouveau-n\u00e9 vous demandera beaucoup (beaucoup) d&rsquo;attention. Il sera peut-\u00eatre difficile au d\u00e9but d&rsquo;int\u00e9grer tous les bons r\u00e9flexes au quotidien, mais ne vous inqui\u00e9tez pas, vous deviendrez rapidement un sp\u00e9cialiste de bains et couches pour b\u00e9b\u00e9 !<\/p>\n<h3>Le bain pour b\u00e9b\u00e9<\/h3>\n<p>Votre b\u00e9b\u00e9 n&rsquo;aura pas besoin d&rsquo;\u00eatre baign\u00e9 quotidiennement. 2 \u00e0 3 bains par semaine suffiront. Mais vous verrez, ces moments deviendront rapidement ses pr\u00e9f\u00e9r\u00e9s ! La sensation de flottaison lui rappellera des sensations in-utero r\u00e9confortantes. Fr\u00e9quence, temp\u00e9rature&#8230; N&rsquo;h\u00e9sitez pas \u00e0 poser toutes vos questions aux sages-femmes qui vous accompagneront \u00e0 la maternit\u00e9. Elles prendront le temps de vous apprendre les bons gestes avant de vous l\u00e2cher dans le grand bain (litt\u00e9ralement). Bien que b\u00e9b\u00e9 n&rsquo;ai pas besoin de prendre son bain tous les jours, la toilette quotidienne, elle, doit \u00eatre respect\u00e9e. Yeux, nombril, oreilles et tous les petits plis du corps de b\u00e9b\u00e9 doivent y passer, faute de quoi b\u00e9b\u00e9 pourrait avoir la peau toute irrit\u00e9e. N&rsquo;oubliez pas d&rsquo;utiliser des produits aux peaux fragiles et sensibles de tous petits.<\/p>\n<h3>Changer les couches de b\u00e9b\u00e9<\/h3>\n<p>C&rsquo;est une partie souvent redout\u00e9e des jeunes parents&#8230; le changement de couche. Mais rassurez-vous, vous deviendrez bient\u00f4t un expert en couches puisque vous devrez changer votre petit entre 6 et 10 fois par jour ! Changez b\u00e9b\u00e9 d\u00e8s qu&rsquo;il n&rsquo;est plus au sec et avant ou apr\u00e8s chaque repas. Apr\u00e8s chaque changement, pensez bien \u00e0 s\u00e9cher chaque petit plis de peau pour \u00e9viter les irritations. Aussi, privil\u00e9giez des couches douces et respectueuses de la peau des plus petits.<\/p>\n<h3>Prendre l&rsquo;air, pour b\u00e9b\u00e9 et vous<\/h3>\n<p>Certains parents en ressentiront le besoin, d&rsquo;autres non. Dans tous les cas, il n&rsquo;y a aucune obligation. Le mois d&rsquo;or se doit d&rsquo;\u00eatre un cocon pour b\u00e9b\u00e9 et vous. Prenez le temps qu&rsquo;il vous faut, et surtout : \u00e9coutez-vous. Si toutefois vous ressentez le besoin de sortir, privil\u00e9giez de courtes balades. 10 \u00e0 15 minutes dans un premier temps, et plut\u00f4t dans des endroits calmes. Evitez les transports en commun, trop bruyants et expos\u00e9s aux virus. Si vous accouchez l&rsquo;\u00e9t\u00e9, privil\u00e9giez des balades quand la chaleur ne se fait pas encore trop ressentir. L&rsquo;hiver, vous devrez penser \u00e0 bien couvrir votre enfant.<\/p>\n<h3>L&rsquo;allaitement<\/h3>\n<p>Bien que naturel, l&rsquo;allaitement peut \u00eatre difficile pour certaines m\u00e8res \u00e0 mettre en place. En effet, les 3 premiers jours apr\u00e8s l&rsquo;accouchement sont cruciaux pour l&rsquo;allaitement car la production de lait maternel n&rsquo;a pas encore atteint un niveau \u00e9lev\u00e9. Vos mamelons peuvent \u00eatre douloureux et faire des crevasses. Pensez alors \u00e0 vous munir de cr\u00e8mes adapt\u00e9es ou \u00e0 des coquillages, qui pourront vous soulager. N&rsquo;h\u00e9sitez pas non plus \u00e0 demander de l&rsquo;aide d&rsquo;une sage-femme ou d&rsquo;une consultante en lactation pour obtenir des conseils sur la fa\u00e7on de bien allaiter, et les positions \u00e0 privil\u00e9gier. Pensez \u00e9galement \u00e0 vous reposer autant que possible, cela aidera \u00e0 r\u00e9duire le stress et l&rsquo;anxi\u00e9t\u00e9 li\u00e9s \u00e0 l&rsquo;allaitement.<\/p>\n<p>Surtout, ne vous d\u00e9couragez pas dans l&rsquo;allaitement, et dites-vous que si cela ne fonctionne pas pour vous : ce n&rsquo;est pas un \u00e9chec. Vous aurez fait de votre mieux, et prendrez \u00e0 coup s\u00fbr la meilleure d\u00e9cision pour votre b\u00e9b\u00e9.<\/p>\n<p>Si vous choisissez plut\u00f4t le biberon pour b\u00e9b\u00e9, vous verrez qu&rsquo;il sera n\u00e9cessaire de faire du stock de lait en poudre ! Votre petit glouton boira entre 6 et 8 biberons par jour.. Un sacr\u00e9 rythme ! L&rsquo;avantage du biberon est que vous pourrez vous partager la t\u00e2che avec votre partenaire. N&rsquo;h\u00e9sitez alors pas \u00e0 alterner celui qui fera les biberons de nuit pour laisser l&rsquo;autre se reposer tranquillement.<\/p>\n<h2>Prendre soin de vous<\/h2>\n<p>Lors de la naissance de b\u00e9b\u00e9, l&rsquo;attention se concentre surtout sur le petit dernier. Mais il est primordial que vous pensiez \u00e0 vous.<\/p>\n<h3>Les \u00e9motions<\/h3>\n<p>Vos premiers jours avec un nouveau-n\u00e9 \u00e0 la maison seront remplis d&rsquo;\u00e9motions. Les parents peuvent se sentir tr\u00e8s heureux et \u00e9merveill\u00e9s, mais aussi anxieux et stress\u00e9s, et il est important de se rappeler que ces \u00e9motions sont tout \u00e0 fait normales. Chute d&rsquo;hormones, changement de priorit\u00e9s, nouveau rythme\u2026 Il est compl\u00e8tement normal de se sentir d\u00e9pass\u00e9 par toutes ces nouvelles responsabilit\u00e9s et les changements dans votre vie. Pour \u00e9viter une d\u00e9pression post-partum ou un baby clash, n&rsquo;h\u00e9sitez pas \u00e0 en parler \u00e0 votre m\u00e9decin ou votre sage-femme. Les professionnels de sant\u00e9 seront l\u00e0 pour vous \u00e9couter et vous orienter en cas de besoin. Aussi, pensez \u00e0 vous reposer d\u00e8s que vous le pouvez ! Le m\u00e9nage peut attendre.. Votre sieste doit passer avant.<\/p>\n<h3>Formez une \u00e9quipe<\/h3>\n<p>On parle souvent du lien maman &#8211; b\u00e9b\u00e9 les jours apr\u00e8s l&rsquo;accouchement. Si celui-ci est primordial, il ne faut pas pour autant oublier le troisi\u00e8me membre de votre \u00e9quipe : votre partenaire. Pour \u00e9viter qu&rsquo;il se sente \u00e0 l&rsquo;\u00e9cart, n&rsquo;h\u00e9sitez pas \u00e0 lui confier b\u00e9b\u00e9 le plus souvent possible pour qu&rsquo;ils puissent, eux aussi, cr\u00e9er du lien. Privil\u00e9giez au maximum le peau \u00e0 peau, il stimule toujours beaucoup la s\u00e9cr\u00e9tion d&rsquo;ocytocine et boost l&rsquo;attachement de votre partenaire \u00e0 votre b\u00e9b\u00e9 !<br \/>\nAussi, n&rsquo;h\u00e9sitez pas \u00e0 vous relayer au maximum pour soulager l&rsquo;autre et lui permettre de dormir. Quelques tensions peuvent appara\u00eetre \u00e0 cause de la fatigue&#8230; C&rsquo;est normal. La cl\u00e9 est alors de communiquer un maximum et de partager ses besoins et ses ressentis \u00e0 l&rsquo;autre.<\/p>\n<h3>Les visites de la famille<\/h3>\n<p>Les visites de la famille peuvent \u00eatre tr\u00e8s agr\u00e9ables pour les nouveaux parents, mais elles peuvent \u00e9galement \u00eatre stressantes. Il est important pour vous et votre bien-\u00eatre de fixer des limites, et de communiquer vos besoins aux membres de votre famille. Vous avez le droit de dire non \u00e0 une visite, peu importe la raison : trop t\u00f4t, trop fatigu\u00e9s, besoin de rester dans votre cocon&#8230; Votre entourage se doit de respecter vos volont\u00e9s.\u00a0Il est recommand\u00e9 aux parents de pr\u00e9voir des moments sp\u00e9cifiques pour les visites de la famille afin de ne pas \u00eatre d\u00e9pass\u00e9s par un nombre excessif de visiteurs et donc de vous fatiguer plus que de raison. Si votre entourage peine \u00e0 comprendre un refus, n&rsquo;h\u00e9sitez pas \u00e0 leur dire que b\u00e9b\u00e9 est l\u00e0, et qu&rsquo;il ne partira pas d&rsquo;ici t\u00f4t.<\/p>\n<h2>Conclusion<\/h2>\n<p>Les premiers jours\u00a0 \u00e0 la maison avec un nouveau-n\u00e9 peuvent \u00eatre tr\u00e8s stressants et remplis d&rsquo;\u00e9motions. Les parents doivent se rappeler que communiquer avec leur partenaire et leur entourage est la cl\u00e9 pour obtenir de l&rsquo;aide et du soutien. Ils doivent \u00e9galement se rappeler que leur b\u00e9b\u00e9 a besoin de beaucoup d&rsquo;attention et de soins, mais qu&rsquo;il est primordial de ne pas s&rsquo;oublier. Profitez de ce \u00ab\u00a0mois d&rsquo;or\u00a0\u00bb pour prendre vos marques avec votre b\u00e9b\u00e9, et vous habituer \u00e0 ce nouveau rythme. Soyez cool avec vous-m\u00eame. Vous apprenez un nouveau r\u00f4le, ferez des erreurs mais surtout, vous ferez de votre mieux !<\/p>\n<p>En fin de compte, il faut garder en t\u00eate que chaque famille est unique, et que ce qui fonctionne pour une famille ne fonctionne pas n\u00e9cessairement pour une autre. Prenez les conseils dont vous avez besoin mais surtout, faites-vous confiance. Consulter des experts de la petite enfance peut \u00e9galement \u00eatre salvateur, dans les premiers mois de l&rsquo;enfant.<\/p>\n<p><a href=\"https:\/\/www.pinterest.fr\/Lechoixdesbebes\/\"><img loading=\"lazy\" decoding=\"async\" class=\"wp-image-1477 aligncenter lazyload\" data-src=\"https:\/\/www.lechoixdesbebes.com\/blog\/wp-content\/uploads\/2023\/02\/Blog-10.png\" alt=\"Les premiers jours avec b\u00e9b\u00e9\" width=\"534\" height=\"534\" data-srcset=\"https:\/\/www.lechoixdesbebes.com\/blog\/wp-content\/uploads\/2023\/02\/Blog-10.png 1080w, https:\/\/www.lechoixdesbebes.com\/blog\/wp-content\/uploads\/2023\/02\/Blog-10-300x300.png 300w, https:\/\/www.lechoixdesbebes.com\/blog\/wp-content\/uploads\/2023\/02\/Blog-10-700x700.png 700w, https:\/\/www.lechoixdesbebes.com\/blog\/wp-content\/uploads\/2023\/02\/Blog-10-150x150.png 150w, https:\/\/www.lechoixdesbebes.com\/blog\/wp-content\/uploads\/2023\/02\/Blog-10-768x768.png 768w, https:\/\/www.lechoixdesbebes.com\/blog\/wp-content\/uploads\/2023\/02\/Blog-10-120x120.png 120w\" data-sizes=\"(max-width: 534px) 100vw, 534px\" src=\"data:image\/gif;base64,R0lGODlhAQABAAAAACH5BAEKAAEALAAAAAABAAEAAAICTAEAOw==\" style=\"--smush-placeholder-width: 534px; --smush-placeholder-aspect-ratio: 534\/534;\" \/><noscript><img loading=\"lazy\" decoding=\"async\" class=\"wp-image-1477 aligncenter\" src=\"https:\/\/www.lechoixdesbebes.com\/blog\/wp-content\/uploads\/2023\/02\/Blog-10.png\" alt=\"Les premiers jours avec b\u00e9b\u00e9\" width=\"534\" height=\"534\" srcset=\"https:\/\/www.lechoixdesbebes.com\/blog\/wp-content\/uploads\/2023\/02\/Blog-10.png 1080w, https:\/\/www.lechoixdesbebes.com\/blog\/wp-content\/uploads\/2023\/02\/Blog-10-300x300.png 300w, https:\/\/www.lechoixdesbebes.com\/blog\/wp-content\/uploads\/2023\/02\/Blog-10-700x700.png 700w, https:\/\/www.lechoixdesbebes.com\/blog\/wp-content\/uploads\/2023\/02\/Blog-10-150x150.png 150w, https:\/\/www.lechoixdesbebes.com\/blog\/wp-content\/uploads\/2023\/02\/Blog-10-768x768.png 768w, https:\/\/www.lechoixdesbebes.com\/blog\/wp-content\/uploads\/2023\/02\/Blog-10-120x120.png 120w\" sizes=\"(max-width: 534px) 100vw, 534px\" \/><\/noscript><\/a><\/p>\n","protected":false},"excerpt":{"rendered":"<span class=\"rt-reading-time\" style=\"display: block;\"><span class=\"rt-label rt-prefix\">Temps de lecture\u00a0: <\/span> <span class=\"rt-time\">9<\/span> <span class=\"rt-label rt-postfix\">minutes<\/span><\/span> L&rsquo;arriv\u00e9e d&rsquo;un nouveau-n\u00e9 est un \u00e9v\u00e9nement incroyablement joyeux et \u00e9mouvant pour les parents. Les premiers jours avec b\u00e9b\u00e9 \u00e0 la maison sont souvent les plus m\u00e9morables et remplis d&rsquo;\u00e9motions. Cependant, ils peuvent \u00e9galement \u00eatre tr\u00e8s intenses et \u00e9puisants. Ne vous inqui\u00e9tez pas, il est tout \u00e0 fait normal de ressentir un m\u00e9lange d&rsquo;\u00e9motions intenses apr\u00e8s&#8230; <a class=\"view-article\" href=\"https:\/\/www.lechoixdesbebes.com\/blog\/les-premiers-jours-a-la-maison-avec-bebe\/\">View Article<\/a>","protected":false},"author":2,"featured_media":1492,"comment_status":"open","ping_status":"closed","sticky":false,"template":"","format":"standard","meta":{"footnotes":""},"categories":[2],"tags":[],"class_list":["post-1476","post","type-post","status-publish","format-standard","has-post-thumbnail","hentry","category-actualites"],"yoast_head":"<!-- This site is optimized with the Yoast SEO plugin v23.5 - https:\/\/yoast.com\/wordpress\/plugins\/seo\/ -->\n<title>Les premiers jours \u00e0 la maison avec b\u00e9b\u00e9<\/title>\n<meta name=\"description\" content=\"Les premiers jours avec b\u00e9b\u00e9 sont souvent v\u00e9cus comme un chamboulement : nouvelle organisation, \u00e9motions, sommeil\u2026 On vous en dit plus.\" \/>\n<meta name=\"robots\" content=\"index, follow, max-snippet:-1, max-image-preview:large, max-video-preview:-1\" \/>\n<link rel=\"canonical\" href=\"https:\/\/www.lechoixdesbebes.com\/blog\/les-premiers-jours-a-la-maison-avec-bebe\/\" \/>\n<meta property=\"og:locale\" content=\"fr_FR\" \/>\n<meta property=\"og:type\" content=\"article\" \/>\n<meta property=\"og:title\" content=\"Les premiers jours \u00e0 la maison avec b\u00e9b\u00e9\" \/>\n<meta property=\"og:description\" content=\"Les premiers jours avec b\u00e9b\u00e9 sont souvent v\u00e9cus comme un chamboulement : nouvelle organisation, \u00e9motions, sommeil\u2026 On vous en dit plus.\" \/>\n<meta property=\"og:url\" content=\"https:\/\/www.lechoixdesbebes.com\/blog\/les-premiers-jours-a-la-maison-avec-bebe\/\" \/>\n<meta property=\"og:site_name\" content=\"Actualit\u00e9 de la Pu\u00e9riculture : Blog le Choix des B\u00e9b\u00e9s\" \/>\n<meta property=\"article:publisher\" content=\"https:\/\/www.facebook.com\/Lechoixdesbebes\" \/>\n<meta property=\"article:published_time\" content=\"2023-02-24T16:00:30+00:00\" \/>\n<meta property=\"article:modified_time\" content=\"2023-03-01T15:48:26+00:00\" \/>\n<meta property=\"og:image\" content=\"https:\/\/www.lechoixdesbebes.com\/blog\/wp-content\/uploads\/2023\/02\/Habiller-bebe-automne-700x700.png\" \/>\n\t<meta property=\"og:image:width\" content=\"700\" \/>\n\t<meta property=\"og:image:height\" content=\"700\" \/>\n\t<meta property=\"og:image:type\" content=\"image\/png\" \/>\n<meta name=\"author\" content=\"Le Choix Des B\u00e9b\u00e9s\" \/>\n<meta name=\"twitter:card\" content=\"summary_large_image\" \/>\n<meta name=\"twitter:label1\" content=\"\u00c9crit par\" \/>\n\t<meta name=\"twitter:data1\" content=\"Le Choix Des B\u00e9b\u00e9s\" \/>\n\t<meta name=\"twitter:label2\" content=\"Dur\u00e9e de lecture estim\u00e9e\" \/>\n\t<meta name=\"twitter:data2\" content=\"10 minutes\" \/>\n<script type=\"application\/ld+json\" class=\"yoast-schema-graph\">{\"@context\":\"https:\/\/schema.org\",\"@graph\":[{\"@type\":\"Article\",\"@id\":\"https:\/\/www.lechoixdesbebes.com\/blog\/les-premiers-jours-a-la-maison-avec-bebe\/#article\",\"isPartOf\":{\"@id\":\"https:\/\/www.lechoixdesbebes.com\/blog\/les-premiers-jours-a-la-maison-avec-bebe\/\"},\"author\":{\"name\":\"Le Choix Des B\u00e9b\u00e9s\",\"@id\":\"https:\/\/www.lechoixdesbebes.com\/blog\/#\/schema\/person\/296076ecd4371ded7a75a238703a0ad1\"},\"headline\":\"Les premiers jours \u00e0 la maison avec b\u00e9b\u00e9\",\"datePublished\":\"2023-02-24T16:00:30+00:00\",\"dateModified\":\"2023-03-01T15:48:26+00:00\",\"mainEntityOfPage\":{\"@id\":\"https:\/\/www.lechoixdesbebes.com\/blog\/les-premiers-jours-a-la-maison-avec-bebe\/\"},\"wordCount\":1821,\"commentCount\":0,\"publisher\":{\"@id\":\"https:\/\/www.lechoixdesbebes.com\/blog\/#organization\"},\"image\":{\"@id\":\"https:\/\/www.lechoixdesbebes.com\/blog\/les-premiers-jours-a-la-maison-avec-bebe\/#primaryimage\"},\"thumbnailUrl\":\"https:\/\/www.lechoixdesbebes.com\/blog\/wp-content\/uploads\/2023\/02\/Habiller-bebe-automne.png\",\"articleSection\":[\"Actualit\u00e9s\"],\"inLanguage\":\"fr-FR\",\"potentialAction\":[{\"@type\":\"CommentAction\",\"name\":\"Comment\",\"target\":[\"https:\/\/www.lechoixdesbebes.com\/blog\/les-premiers-jours-a-la-maison-avec-bebe\/#respond\"]}]},{\"@type\":\"WebPage\",\"@id\":\"https:\/\/www.lechoixdesbebes.com\/blog\/les-premiers-jours-a-la-maison-avec-bebe\/\",\"url\":\"https:\/\/www.lechoixdesbebes.com\/blog\/les-premiers-jours-a-la-maison-avec-bebe\/\",\"name\":\"Les premiers jours \u00e0 la maison avec b\u00e9b\u00e9\",\"isPartOf\":{\"@id\":\"https:\/\/www.lechoixdesbebes.com\/blog\/#website\"},\"primaryImageOfPage\":{\"@id\":\"https:\/\/www.lechoixdesbebes.com\/blog\/les-premiers-jours-a-la-maison-avec-bebe\/#primaryimage\"},\"image\":{\"@id\":\"https:\/\/www.lechoixdesbebes.com\/blog\/les-premiers-jours-a-la-maison-avec-bebe\/#primaryimage\"},\"thumbnailUrl\":\"https:\/\/www.lechoixdesbebes.com\/blog\/wp-content\/uploads\/2023\/02\/Habiller-bebe-automne.png\",\"datePublished\":\"2023-02-24T16:00:30+00:00\",\"dateModified\":\"2023-03-01T15:48:26+00:00\",\"description\":\"Les premiers jours avec b\u00e9b\u00e9 sont souvent v\u00e9cus comme un chamboulement : nouvelle organisation, \u00e9motions, sommeil\u2026 On vous en dit plus.\",\"breadcrumb\":{\"@id\":\"https:\/\/www.lechoixdesbebes.com\/blog\/les-premiers-jours-a-la-maison-avec-bebe\/#breadcrumb\"},\"inLanguage\":\"fr-FR\",\"potentialAction\":[{\"@type\":\"ReadAction\",\"target\":[\"https:\/\/www.lechoixdesbebes.com\/blog\/les-premiers-jours-a-la-maison-avec-bebe\/\"]}]},{\"@type\":\"ImageObject\",\"inLanguage\":\"fr-FR\",\"@id\":\"https:\/\/www.lechoixdesbebes.com\/blog\/les-premiers-jours-a-la-maison-avec-bebe\/#primaryimage\",\"url\":\"https:\/\/www.lechoixdesbebes.com\/blog\/wp-content\/uploads\/2023\/02\/Habiller-bebe-automne.png\",\"contentUrl\":\"https:\/\/www.lechoixdesbebes.com\/blog\/wp-content\/uploads\/2023\/02\/Habiller-bebe-automne.png\",\"width\":2240,\"height\":1260,\"caption\":\"Les premiers jours \u00e0 la maison avec b\u00e9b\u00e9\"},{\"@type\":\"BreadcrumbList\",\"@id\":\"https:\/\/www.lechoixdesbebes.com\/blog\/les-premiers-jours-a-la-maison-avec-bebe\/#breadcrumb\",\"itemListElement\":[{\"@type\":\"ListItem\",\"position\":1,\"name\":\"Accueil\",\"item\":\"https:\/\/www.lechoixdesbebes.com\/blog\/\"},{\"@type\":\"ListItem\",\"position\":2,\"name\":\"Les premiers jours \u00e0 la maison avec b\u00e9b\u00e9\"}]},{\"@type\":\"WebSite\",\"@id\":\"https:\/\/www.lechoixdesbebes.com\/blog\/#website\",\"url\":\"https:\/\/www.lechoixdesbebes.com\/blog\/\",\"name\":\"Actualit\u00e9 de la Pu\u00e9riculture : Blog le Choix des B\u00e9b\u00e9s\",\"description\":\"Suivez nos conseils bien-\u00eatre pour un b\u00e9b\u00e9 heureux et des parents \u00e9panouis. Le Choix des b\u00e9b\u00e9s : sp\u00e9cialiste de la pu\u00e9riculture\",\"publisher\":{\"@id\":\"https:\/\/www.lechoixdesbebes.com\/blog\/#organization\"},\"potentialAction\":[{\"@type\":\"SearchAction\",\"target\":{\"@type\":\"EntryPoint\",\"urlTemplate\":\"https:\/\/www.lechoixdesbebes.com\/blog\/?s={search_term_string}\"},\"query-input\":{\"@type\":\"PropertyValueSpecification\",\"valueRequired\":true,\"valueName\":\"search_term_string\"}}],\"inLanguage\":\"fr-FR\"},{\"@type\":\"Organization\",\"@id\":\"https:\/\/www.lechoixdesbebes.com\/blog\/#organization\",\"name\":\"Le Choix Des B\u00e9b\u00e9s\",\"url\":\"https:\/\/www.lechoixdesbebes.com\/blog\/\",\"logo\":{\"@type\":\"ImageObject\",\"inLanguage\":\"fr-FR\",\"@id\":\"https:\/\/www.lechoixdesbebes.com\/blog\/#\/schema\/logo\/image\/\",\"url\":\"https:\/\/www.lechoixdesbebes.com\/blog\/wp-content\/uploads\/2021\/06\/Logo-MyShop-Cdiscount.jpg\",\"contentUrl\":\"https:\/\/www.lechoixdesbebes.com\/blog\/wp-content\/uploads\/2021\/06\/Logo-MyShop-Cdiscount.jpg\",\"width\":350,\"height\":80,\"caption\":\"Le Choix Des B\u00e9b\u00e9s\"},\"image\":{\"@id\":\"https:\/\/www.lechoixdesbebes.com\/blog\/#\/schema\/logo\/image\/\"},\"sameAs\":[\"https:\/\/www.facebook.com\/Lechoixdesbebes\"]},{\"@type\":\"Person\",\"@id\":\"https:\/\/www.lechoixdesbebes.com\/blog\/#\/schema\/person\/296076ecd4371ded7a75a238703a0ad1\",\"name\":\"Le Choix Des B\u00e9b\u00e9s\"}]}<\/script>\n<!-- \/ Yoast SEO plugin. -->","yoast_head_json":{"title":"Les premiers jours \u00e0 la maison avec b\u00e9b\u00e9","description":"Les premiers jours avec b\u00e9b\u00e9 sont souvent v\u00e9cus comme un chamboulement : nouvelle organisation, \u00e9motions, sommeil\u2026 On vous en dit plus.","robots":{"index":"index","follow":"follow","max-snippet":"max-snippet:-1","max-image-preview":"max-image-preview:large","max-video-preview":"max-video-preview:-1"},"canonical":"https:\/\/www.lechoixdesbebes.com\/blog\/les-premiers-jours-a-la-maison-avec-bebe\/","og_locale":"fr_FR","og_type":"article","og_title":"Les premiers jours \u00e0 la maison avec b\u00e9b\u00e9","og_description":"Les premiers jours avec b\u00e9b\u00e9 sont souvent v\u00e9cus comme un chamboulement : nouvelle organisation, \u00e9motions, sommeil\u2026 On vous en dit plus.","og_url":"https:\/\/www.lechoixdesbebes.com\/blog\/les-premiers-jours-a-la-maison-avec-bebe\/","og_site_name":"Actualit\u00e9 de la Pu\u00e9riculture : Blog le Choix des B\u00e9b\u00e9s","article_publisher":"https:\/\/www.facebook.com\/Lechoixdesbebes","article_published_time":"2023-02-24T16:00:30+00:00","article_modified_time":"2023-03-01T15:48:26+00:00","og_image":[{"width":700,"height":700,"url":"https:\/\/www.lechoixdesbebes.com\/blog\/wp-content\/uploads\/2023\/02\/Habiller-bebe-automne-700x700.png","type":"image\/png"}],"author":"Le Choix Des B\u00e9b\u00e9s","twitter_card":"summary_large_image","twitter_misc":{"\u00c9crit par":"Le Choix Des B\u00e9b\u00e9s","Dur\u00e9e de lecture estim\u00e9e":"10 minutes"},"schema":{"@context":"https:\/\/schema.org","@graph":[{"@type":"Article","@id":"https:\/\/www.lechoixdesbebes.com\/blog\/les-premiers-jours-a-la-maison-avec-bebe\/#article","isPartOf":{"@id":"https:\/\/www.lechoixdesbebes.com\/blog\/les-premiers-jours-a-la-maison-avec-bebe\/"},"author":{"name":"Le Choix Des B\u00e9b\u00e9s","@id":"https:\/\/www.lechoixdesbebes.com\/blog\/#\/schema\/person\/296076ecd4371ded7a75a238703a0ad1"},"headline":"Les premiers jours \u00e0 la maison avec b\u00e9b\u00e9","datePublished":"2023-02-24T16:00:30+00:00","dateModified":"2023-03-01T15:48:26+00:00","mainEntityOfPage":{"@id":"https:\/\/www.lechoixdesbebes.com\/blog\/les-premiers-jours-a-la-maison-avec-bebe\/"},"wordCount":1821,"commentCount":0,"publisher":{"@id":"https:\/\/www.lechoixdesbebes.com\/blog\/#organization"},"image":{"@id":"https:\/\/www.lechoixdesbebes.com\/blog\/les-premiers-jours-a-la-maison-avec-bebe\/#primaryimage"},"thumbnailUrl":"https:\/\/www.lechoixdesbebes.com\/blog\/wp-content\/uploads\/2023\/02\/Habiller-bebe-automne.png","articleSection":["Actualit\u00e9s"],"inLanguage":"fr-FR","potentialAction":[{"@type":"CommentAction","name":"Comment","target":["https:\/\/www.lechoixdesbebes.com\/blog\/les-premiers-jours-a-la-maison-avec-bebe\/#respond"]}]},{"@type":"WebPage","@id":"https:\/\/www.lechoixdesbebes.com\/blog\/les-premiers-jours-a-la-maison-avec-bebe\/","url":"https:\/\/www.lechoixdesbebes.com\/blog\/les-premiers-jours-a-la-maison-avec-bebe\/","name":"Les premiers jours \u00e0 la maison avec b\u00e9b\u00e9","isPartOf":{"@id":"https:\/\/www.lechoixdesbebes.com\/blog\/#website"},"primaryImageOfPage":{"@id":"https:\/\/www.lechoixdesbebes.com\/blog\/les-premiers-jours-a-la-maison-avec-bebe\/#primaryimage"},"image":{"@id":"https:\/\/www.lechoixdesbebes.com\/blog\/les-premiers-jours-a-la-maison-avec-bebe\/#primaryimage"},"thumbnailUrl":"https:\/\/www.lechoixdesbebes.com\/blog\/wp-content\/uploads\/2023\/02\/Habiller-bebe-automne.png","datePublished":"2023-02-24T16:00:30+00:00","dateModified":"2023-03-01T15:48:26+00:00","description":"Les premiers jours avec b\u00e9b\u00e9 sont souvent v\u00e9cus comme un chamboulement : nouvelle organisation, \u00e9motions, sommeil\u2026 On vous en dit plus.","breadcrumb":{"@id":"https:\/\/www.lechoixdesbebes.com\/blog\/les-premiers-jours-a-la-maison-avec-bebe\/#breadcrumb"},"inLanguage":"fr-FR","potentialAction":[{"@type":"ReadAction","target":["https:\/\/www.lechoixdesbebes.com\/blog\/les-premiers-jours-a-la-maison-avec-bebe\/"]}]},{"@type":"ImageObject","inLanguage":"fr-FR","@id":"https:\/\/www.lechoixdesbebes.com\/blog\/les-premiers-jours-a-la-maison-avec-bebe\/#primaryimage","url":"https:\/\/www.lechoixdesbebes.com\/blog\/wp-content\/uploads\/2023\/02\/Habiller-bebe-automne.png","contentUrl":"https:\/\/www.lechoixdesbebes.com\/blog\/wp-content\/uploads\/2023\/02\/Habiller-bebe-automne.png","width":2240,"height":1260,"caption":"Les premiers jours \u00e0 la maison avec b\u00e9b\u00e9"},{"@type":"BreadcrumbList","@id":"https:\/\/www.lechoixdesbebes.com\/blog\/les-premiers-jours-a-la-maison-avec-bebe\/#breadcrumb","itemListElement":[{"@type":"ListItem","position":1,"name":"Accueil","item":"https:\/\/www.lechoixdesbebes.com\/blog\/"},{"@type":"ListItem","position":2,"name":"Les premiers jours \u00e0 la maison avec b\u00e9b\u00e9"}]},{"@type":"WebSite","@id":"https:\/\/www.lechoixdesbebes.com\/blog\/#website","url":"https:\/\/www.lechoixdesbebes.com\/blog\/","name":"Actualit\u00e9 de la Pu\u00e9riculture : Blog le Choix des B\u00e9b\u00e9s","description":"Suivez nos conseils bien-\u00eatre pour un b\u00e9b\u00e9 heureux et des parents \u00e9panouis. Le Choix des b\u00e9b\u00e9s : sp\u00e9cialiste de la pu\u00e9riculture","publisher":{"@id":"https:\/\/www.lechoixdesbebes.com\/blog\/#organization"},"potentialAction":[{"@type":"SearchAction","target":{"@type":"EntryPoint","urlTemplate":"https:\/\/www.lechoixdesbebes.com\/blog\/?s={search_term_string}"},"query-input":{"@type":"PropertyValueSpecification","valueRequired":true,"valueName":"search_term_string"}}],"inLanguage":"fr-FR"},{"@type":"Organization","@id":"https:\/\/www.lechoixdesbebes.com\/blog\/#organization","name":"Le Choix Des B\u00e9b\u00e9s","url":"https:\/\/www.lechoixdesbebes.com\/blog\/","logo":{"@type":"ImageObject","inLanguage":"fr-FR","@id":"https:\/\/www.lechoixdesbebes.com\/blog\/#\/schema\/logo\/image\/","url":"https:\/\/www.lechoixdesbebes.com\/blog\/wp-content\/uploads\/2021\/06\/Logo-MyShop-Cdiscount.jpg","contentUrl":"https:\/\/www.lechoixdesbebes.com\/blog\/wp-content\/uploads\/2021\/06\/Logo-MyShop-Cdiscount.jpg","width":350,"height":80,"caption":"Le Choix Des B\u00e9b\u00e9s"},"image":{"@id":"https:\/\/www.lechoixdesbebes.com\/blog\/#\/schema\/logo\/image\/"},"sameAs":["https:\/\/www.facebook.com\/Lechoixdesbebes"]},{"@type":"Person","@id":"https:\/\/www.lechoixdesbebes.com\/blog\/#\/schema\/person\/296076ecd4371ded7a75a238703a0ad1","name":"Le Choix Des B\u00e9b\u00e9s"}]}},"_links":{"self":[{"href":"https:\/\/www.lechoixdesbebes.com\/blog\/wp-json\/wp\/v2\/posts\/1476"}],"collection":[{"href":"https:\/\/www.lechoixdesbebes.com\/blog\/wp-json\/wp\/v2\/posts"}],"about":[{"href":"https:\/\/www.lechoixdesbebes.com\/blog\/wp-json\/wp\/v2\/types\/post"}],"author":[{"embeddable":true,"href":"https:\/\/www.lechoixdesbebes.com\/blog\/wp-json\/wp\/v2\/users\/2"}],"replies":[{"embeddable":true,"href":"https:\/\/www.lechoixdesbebes.com\/blog\/wp-json\/wp\/v2\/comments?post=1476"}],"version-history":[{"count":1,"href":"https:\/\/www.lechoixdesbebes.com\/blog\/wp-json\/wp\/v2\/posts\/1476\/revisions"}],"predecessor-version":[{"id":1479,"href":"https:\/\/www.lechoixdesbebes.com\/blog\/wp-json\/wp\/v2\/posts\/1476\/revisions\/1479"}],"wp:featuredmedia":[{"embeddable":true,"href":"https:\/\/www.lechoixdesbebes.com\/blog\/wp-json\/wp\/v2\/media\/1492"}],"wp:attachment":[{"href":"https:\/\/www.lechoixdesbebes.com\/blog\/wp-json\/wp\/v2\/media?parent=1476"}],"wp:term":[{"taxonomy":"category","embeddable":true,"href":"https:\/\/www.lechoixdesbebes.com\/blog\/wp-json\/wp\/v2\/categories?post=1476"},{"taxonomy":"post_tag","embeddable":true,"href":"https:\/\/www.lechoixdesbebes.com\/blog\/wp-json\/wp\/v2\/tags?post=1476"}],"curies":[{"name":"wp","href":"https:\/\/api.w.org\/{rel}","templated":true}]}}