{"id":1484,"date":"2023-03-01T16:27:27","date_gmt":"2023-03-01T15:27:27","guid":{"rendered":"https:\/\/www.lechoixdesbebes.com\/blog\/?p=1484"},"modified":"2023-04-07T16:50:04","modified_gmt":"2023-04-07T14:50:04","slug":"la-motricite-chez-les-bebes","status":"publish","type":"post","link":"https:\/\/www.lechoixdesbebes.com\/blog\/la-motricite-chez-les-bebes\/","title":{"rendered":"La motricit\u00e9 chez les b\u00e9b\u00e9s"},"content":{"rendered":"<span class=\"rt-reading-time\" style=\"display: block;\"><span class=\"rt-label rt-prefix\">Temps de lecture\u00a0: <\/span> <span class=\"rt-time\">5<\/span> <span class=\"rt-label rt-postfix\">minutes<\/span><\/span><p>La motricit\u00e9 chez les b\u00e9b\u00e9s est un domaine d&rsquo;\u00e9tude fascinant int\u00e9ressant de nombreux parents, soignants et \u00e9ducateurs. En effet, la motricit\u00e9 est l&rsquo;un des premiers domaines de d\u00e9veloppement chez les nouveau-n\u00e9s, et elle est essentielle pour leur d\u00e9veloppement aussi bien physique que cognitif. Mais alors, qu&rsquo;est-ce que la motricit\u00e9 chez les b\u00e9b\u00e9s ? Qu&rsquo;appelle-t-on le r\u00e9flexe de Moro ? On vous explique tout.<\/p>\n<h2>Qu&rsquo;est-ce que la motricit\u00e9 chez les b\u00e9b\u00e9s ?<\/h2>\n<p>La motricit\u00e9 chez votre b\u00e9b\u00e9 est d\u00e9finie comme la capacit\u00e9 de mouvoir son corps et de contr\u00f4ler ses mouvements. Chez les b\u00e9b\u00e9s, la motricit\u00e9 se d\u00e9veloppe progressivement au fil de la croissance des tout-petits. Ces derniers naissent avec un certain nombre de r\u00e9flexes inn\u00e9s, leur permettant de bouger et de se nourrir. Ces r\u00e9flexes, tels que la succion et le r\u00e9flexe de Moro, sont pr\u00e9sents d\u00e8s la naissance et disparaissent g\u00e9n\u00e9ralement apr\u00e8s quelques mois. Ils sont pour autant primordiaux pour le d\u00e9veloppement de la motricit\u00e9 chez les b\u00e9b\u00e9s, puisqu&rsquo;ils stimulent les mouvements du corps.<\/p>\n<h2>Le r\u00e9flexe de Moro<\/h2>\n<p>Le r\u00e9flexe de Moro est un r\u00e9flexe inn\u00e9 chez les nouveau-n\u00e9s. Lorsqu&rsquo;une sensation de chute, de sursaut ou de surprise se produit, le r\u00e9flexe de Moro se d\u00e9clenche, ce qui en fait souvent un indicateur du bon fonctionnement du syst\u00e8me nerveux central chez votre nourrisson. Lorsque le r\u00e9flexe est d\u00e9clench\u00e9, votre b\u00e9b\u00e9 \u00e9carte ses bras et ses jambes, puis les ram\u00e8ne rapidement contre son corps. Ce mouvement peut s&rsquo;accompagner d&rsquo;un cri ou d&rsquo;une agitation. Le r\u00e9flexe de Moro dispara\u00eet g\u00e9n\u00e9ralement avant les 6 mois de b\u00e9b\u00e9, au fur et \u00e0 mesure qu&rsquo;il d\u00e9veloppe un meilleur contr\u00f4le de ses mouvements.<\/p>\n<p>Ce r\u00e9flexe permet aux b\u00e9b\u00e9s de r\u00e9agir rapidement \u00e0 un danger potentiel, ce qui le classe d&rsquo;ailleurs comme un r\u00e9flexe de survie. Le d\u00e9veloppement de ce r\u00e9flexe est intimement li\u00e9 \u00e0 la maturation du syst\u00e8me nerveux central, et il peut \u00eatre affect\u00e9 si le d\u00e9veloppement neurologique est retard\u00e9 ou alt\u00e9r\u00e9. Diff\u00e9rentes m\u00e9thodes, telles que laisser tomber le b\u00e9b\u00e9 d&rsquo;une hauteur tr\u00e8s faible ou frapper doucement la surface sur laquelle il repose, peuvent d\u00e9clencher le r\u00e9flexe de Moro. Il est important de noter que seuls les professionnels de la sant\u00e9 qualifi\u00e9s et form\u00e9s \u00e0 cette pratique doivent utiliser ces m\u00e9thodes.<\/p>\n<h2>Le d\u00e9veloppement de la motricit\u00e9 chez les b\u00e9b\u00e9s au fil des mois<\/h2>\n<p>Vers l&rsquo;\u00e2ge de 2 mois, les b\u00e9b\u00e9s commencent \u00e0 contr\u00f4ler leurs mouvements de mani\u00e8re plus intentionnelle. Ils peuvent alors suivre des objets avec leurs yeux, sourire et m\u00eame se tourner sur le ventre. Au cours des mois suivants, ils commencent \u00e0 se d\u00e9velopper plus de force musculaire et de coordination. Ils peuvent attraper des objets, rouler, s&rsquo;asseoir et ramper.<\/p>\n<p>\u00c0 l&rsquo;\u00e2ge de neuf mois environ, les b\u00e9b\u00e9s commencent \u00e0 se tenir debout en s&rsquo;appuyant sur les meubles et les murs. Ils apprennent \u00e9galement \u00e0 marcher en se tenant \u00e0 deux mains, puis en prenant des pas incertains. \u00c0 l&rsquo;\u00e2ge d&rsquo;un an, la plupart des b\u00e9b\u00e9s ont d\u00e9velopp\u00e9 suffisamment de force et de coordination pour commencer \u00e0 marcher seuls.<\/p>\n<p>Au-del\u00e0 de l&rsquo;\u00e2ge d&rsquo;un an, la motricit\u00e9 continue de se d\u00e9velopper, avec des progr\u00e8s tels que le saut, la course, l&rsquo;escalade et la coordination des mouvements. Les enfants atteignent en g\u00e9n\u00e9ralement leur maturit\u00e9 motrice entre leurs 7 et leurs 10 ans. Toutefois, votre enfant continuera \u00e0 faire de progr\u00e8s en motricit\u00e9 et motricit\u00e9 fine tout au long de sa vie !<\/p>\n<p>Il est important pour les parents et les soignants de soutenir le d\u00e9veloppement de la motricit\u00e9 chez les b\u00e9b\u00e9s. Cela peut se faire en fournissant des jouets et des activit\u00e9s qui encouragent le mouvement et la coordination, en encourageant les b\u00e9b\u00e9s \u00e0 explorer leur environnement en toute s\u00e9curit\u00e9 \u00e0 l&rsquo;aide, par exemple,<a href=\"https:\/\/www.lechoixdesbebes.com\/fr\/31-tapis-de-motricite\"> d&rsquo;un tapis de motricit\u00e9<\/a>.\u00a0En cas de doute ou de pr\u00e9occupation concernant le d\u00e9veloppement de la motricit\u00e9 d&rsquo;un b\u00e9b\u00e9, il est important de consulter un professionnel de la sant\u00e9 pour obtenir des conseils et un suivi appropri\u00e9.<\/p>\n<h2>Et la motricit\u00e9 fine alors ?<\/h2>\n<p>La motricit\u00e9 fine est la capacit\u00e9 de contr\u00f4ler les mouvements fins des muscles des mains, des doigts et des poignets pour accomplir des t\u00e2ches pr\u00e9cises. Elle implique la coordination entre les yeux et les mains, ainsi que la capacit\u00e9 de manipuler de petits objets et de faire des gestes pr\u00e9cis.<\/p>\n<p>Les activit\u00e9s de motricit\u00e9 fine incluent des t\u00e2ches telles que l&rsquo;\u00e9criture, le coloriage, la couture, la d\u00e9coupe, la manipulation de pi\u00e8ces de puzzle et la construction de mod\u00e8les r\u00e9duits. D&rsquo;ailleurs, le d\u00e9veloppement de la motricit\u00e9 fine commence d\u00e8s la naissance, lorsque les b\u00e9b\u00e9s commencent \u00e0 serrer et \u00e0 agripper les objets. \u00c0 mesure qu&rsquo;ils grandissent, ils d\u00e9veloppent la coordination et la pr\u00e9cision de leurs mouvements, ainsi que la force de leurs muscles. Les activit\u00e9s r\u00e9p\u00e9titives, telles que le dessin et le d\u00e9coupage, peuvent \u00e9galement aider \u00e0 renforcer les muscles et \u00e0 am\u00e9liorer la coordination.<\/p>\n<p>Il est important pour les enfants de pratiquer r\u00e9guli\u00e8rement des activit\u00e9s de motricit\u00e9 fine pour d\u00e9velopper ces comp\u00e9tences essentielles. Les activit\u00e9s de motricit\u00e9 fine peuvent \u00e9galement aider \u00e0 am\u00e9liorer la coordination \u0153il-main, la concentration et la patience.<\/p>\n<p><a href=\"https:\/\/www.pinterest.fr\/Lechoixdesbebes\/\"><img loading=\"lazy\" decoding=\"async\" class=\"wp-image-1485 aligncenter lazyload\" data-src=\"https:\/\/www.lechoixdesbebes.com\/blog\/wp-content\/uploads\/2023\/03\/Banniere-Tineo-4.png\" alt=\"La motricit\u00e9 chez b\u00e9b\u00e9\" width=\"844\" height=\"320\" data-srcset=\"https:\/\/www.lechoixdesbebes.com\/blog\/wp-content\/uploads\/2023\/03\/Banniere-Tineo-4.png 1240w, https:\/\/www.lechoixdesbebes.com\/blog\/wp-content\/uploads\/2023\/03\/Banniere-Tineo-4-768x291.png 768w, https:\/\/www.lechoixdesbebes.com\/blog\/wp-content\/uploads\/2023\/03\/Banniere-Tineo-4-120x45.png 120w\" data-sizes=\"(max-width: 844px) 100vw, 844px\" src=\"data:image\/gif;base64,R0lGODlhAQABAAAAACH5BAEKAAEALAAAAAABAAEAAAICTAEAOw==\" style=\"--smush-placeholder-width: 844px; --smush-placeholder-aspect-ratio: 844\/320;\" \/><noscript><img loading=\"lazy\" decoding=\"async\" class=\" wp-image-1485 aligncenter\" src=\"https:\/\/www.lechoixdesbebes.com\/blog\/wp-content\/uploads\/2023\/03\/Banniere-Tineo-4.png\" alt=\"La motricit\u00e9 chez b\u00e9b\u00e9\" width=\"844\" height=\"320\" srcset=\"https:\/\/www.lechoixdesbebes.com\/blog\/wp-content\/uploads\/2023\/03\/Banniere-Tineo-4.png 1240w, https:\/\/www.lechoixdesbebes.com\/blog\/wp-content\/uploads\/2023\/03\/Banniere-Tineo-4-768x291.png 768w, https:\/\/www.lechoixdesbebes.com\/blog\/wp-content\/uploads\/2023\/03\/Banniere-Tineo-4-120x45.png 120w\" sizes=\"(max-width: 844px) 100vw, 844px\" \/><\/noscript><\/a><\/p>\n","protected":false},"excerpt":{"rendered":"<span class=\"rt-reading-time\" style=\"display: block;\"><span class=\"rt-label rt-prefix\">Temps de lecture\u00a0: <\/span> <span class=\"rt-time\">5<\/span> <span class=\"rt-label rt-postfix\">minutes<\/span><\/span> La motricit\u00e9 chez les b\u00e9b\u00e9s est un domaine d&rsquo;\u00e9tude fascinant int\u00e9ressant de nombreux parents, soignants et \u00e9ducateurs. En effet, la motricit\u00e9 est l&rsquo;un des premiers domaines de d\u00e9veloppement chez les nouveau-n\u00e9s, et elle est essentielle pour leur d\u00e9veloppement aussi bien physique que cognitif. Mais alors, qu&rsquo;est-ce que la motricit\u00e9 chez les b\u00e9b\u00e9s ? Qu&rsquo;appelle-t-on le&#8230; <a class=\"view-article\" href=\"https:\/\/www.lechoixdesbebes.com\/blog\/la-motricite-chez-les-bebes\/\">View Article<\/a>","protected":false},"author":2,"featured_media":1493,"comment_status":"open","ping_status":"closed","sticky":false,"template":"","format":"standard","meta":{"footnotes":""},"categories":[2],"tags":[],"class_list":["post-1484","post","type-post","status-publish","format-standard","has-post-thumbnail","hentry","category-actualites"],"yoast_head":"<!-- This site is optimized with the Yoast SEO plugin v23.5 - https:\/\/yoast.com\/wordpress\/plugins\/seo\/ -->\n<title>Tout savoir sur la motricit\u00e9 chez les b\u00e9b\u00e9s<\/title>\n<meta name=\"description\" content=\"Qu&#039;est-ce que r\u00e9ellement la motricit\u00e9 chez les b\u00e9b\u00e9s ? Comment travailler la mobilit\u00e9 chez un nouveau-n\u00e9 ? On vous dit tout.\" \/>\n<meta name=\"robots\" content=\"index, follow, max-snippet:-1, max-image-preview:large, max-video-preview:-1\" \/>\n<link rel=\"canonical\" href=\"https:\/\/www.lechoixdesbebes.com\/blog\/la-motricite-chez-les-bebes\/\" \/>\n<meta property=\"og:locale\" content=\"fr_FR\" \/>\n<meta property=\"og:type\" content=\"article\" \/>\n<meta property=\"og:title\" content=\"Tout savoir sur la motricit\u00e9 chez les b\u00e9b\u00e9s\" \/>\n<meta property=\"og:description\" content=\"Qu&#039;est-ce que r\u00e9ellement la motricit\u00e9 chez les b\u00e9b\u00e9s ? Comment travailler la mobilit\u00e9 chez un nouveau-n\u00e9 ? On vous dit tout.\" \/>\n<meta property=\"og:url\" content=\"https:\/\/www.lechoixdesbebes.com\/blog\/la-motricite-chez-les-bebes\/\" \/>\n<meta property=\"og:site_name\" content=\"Actualit\u00e9 de la Pu\u00e9riculture : Blog le Choix des B\u00e9b\u00e9s\" \/>\n<meta property=\"article:publisher\" content=\"https:\/\/www.facebook.com\/Lechoixdesbebes\" \/>\n<meta property=\"article:published_time\" content=\"2023-03-01T15:27:27+00:00\" \/>\n<meta property=\"article:modified_time\" content=\"2023-04-07T14:50:04+00:00\" \/>\n<meta property=\"og:image\" content=\"https:\/\/www.lechoixdesbebes.com\/blog\/wp-content\/uploads\/2023\/03\/Habiller-bebe-automne-2-700x700.png\" \/>\n\t<meta property=\"og:image:width\" content=\"700\" \/>\n\t<meta property=\"og:image:height\" content=\"700\" \/>\n\t<meta property=\"og:image:type\" content=\"image\/png\" \/>\n<meta name=\"author\" content=\"Le Choix Des B\u00e9b\u00e9s\" \/>\n<meta name=\"twitter:card\" content=\"summary_large_image\" \/>\n<meta name=\"twitter:label1\" content=\"\u00c9crit par\" \/>\n\t<meta name=\"twitter:data1\" content=\"Le Choix Des B\u00e9b\u00e9s\" \/>\n\t<meta name=\"twitter:label2\" content=\"Dur\u00e9e de lecture estim\u00e9e\" \/>\n\t<meta name=\"twitter:data2\" content=\"5 minutes\" \/>\n<script type=\"application\/ld+json\" class=\"yoast-schema-graph\">{\"@context\":\"https:\/\/schema.org\",\"@graph\":[{\"@type\":\"Article\",\"@id\":\"https:\/\/www.lechoixdesbebes.com\/blog\/la-motricite-chez-les-bebes\/#article\",\"isPartOf\":{\"@id\":\"https:\/\/www.lechoixdesbebes.com\/blog\/la-motricite-chez-les-bebes\/\"},\"author\":{\"name\":\"Le Choix Des B\u00e9b\u00e9s\",\"@id\":\"https:\/\/www.lechoixdesbebes.com\/blog\/#\/schema\/person\/296076ecd4371ded7a75a238703a0ad1\"},\"headline\":\"La motricit\u00e9 chez les b\u00e9b\u00e9s\",\"datePublished\":\"2023-03-01T15:27:27+00:00\",\"dateModified\":\"2023-04-07T14:50:04+00:00\",\"mainEntityOfPage\":{\"@id\":\"https:\/\/www.lechoixdesbebes.com\/blog\/la-motricite-chez-les-bebes\/\"},\"wordCount\":940,\"commentCount\":0,\"publisher\":{\"@id\":\"https:\/\/www.lechoixdesbebes.com\/blog\/#organization\"},\"image\":{\"@id\":\"https:\/\/www.lechoixdesbebes.com\/blog\/la-motricite-chez-les-bebes\/#primaryimage\"},\"thumbnailUrl\":\"https:\/\/www.lechoixdesbebes.com\/blog\/wp-content\/uploads\/2023\/03\/Habiller-bebe-automne-2.png\",\"articleSection\":[\"Actualit\u00e9s\"],\"inLanguage\":\"fr-FR\",\"potentialAction\":[{\"@type\":\"CommentAction\",\"name\":\"Comment\",\"target\":[\"https:\/\/www.lechoixdesbebes.com\/blog\/la-motricite-chez-les-bebes\/#respond\"]}]},{\"@type\":\"WebPage\",\"@id\":\"https:\/\/www.lechoixdesbebes.com\/blog\/la-motricite-chez-les-bebes\/\",\"url\":\"https:\/\/www.lechoixdesbebes.com\/blog\/la-motricite-chez-les-bebes\/\",\"name\":\"Tout savoir sur la motricit\u00e9 chez les b\u00e9b\u00e9s\",\"isPartOf\":{\"@id\":\"https:\/\/www.lechoixdesbebes.com\/blog\/#website\"},\"primaryImageOfPage\":{\"@id\":\"https:\/\/www.lechoixdesbebes.com\/blog\/la-motricite-chez-les-bebes\/#primaryimage\"},\"image\":{\"@id\":\"https:\/\/www.lechoixdesbebes.com\/blog\/la-motricite-chez-les-bebes\/#primaryimage\"},\"thumbnailUrl\":\"https:\/\/www.lechoixdesbebes.com\/blog\/wp-content\/uploads\/2023\/03\/Habiller-bebe-automne-2.png\",\"datePublished\":\"2023-03-01T15:27:27+00:00\",\"dateModified\":\"2023-04-07T14:50:04+00:00\",\"description\":\"Qu'est-ce que r\u00e9ellement la motricit\u00e9 chez les b\u00e9b\u00e9s ? Comment travailler la mobilit\u00e9 chez un nouveau-n\u00e9 ? On vous dit tout.\",\"breadcrumb\":{\"@id\":\"https:\/\/www.lechoixdesbebes.com\/blog\/la-motricite-chez-les-bebes\/#breadcrumb\"},\"inLanguage\":\"fr-FR\",\"potentialAction\":[{\"@type\":\"ReadAction\",\"target\":[\"https:\/\/www.lechoixdesbebes.com\/blog\/la-motricite-chez-les-bebes\/\"]}]},{\"@type\":\"ImageObject\",\"inLanguage\":\"fr-FR\",\"@id\":\"https:\/\/www.lechoixdesbebes.com\/blog\/la-motricite-chez-les-bebes\/#primaryimage\",\"url\":\"https:\/\/www.lechoixdesbebes.com\/blog\/wp-content\/uploads\/2023\/03\/Habiller-bebe-automne-2.png\",\"contentUrl\":\"https:\/\/www.lechoixdesbebes.com\/blog\/wp-content\/uploads\/2023\/03\/Habiller-bebe-automne-2.png\",\"width\":2240,\"height\":1260,\"caption\":\"La motricit\u00e9 chez les b\u00e9b\u00e9s\"},{\"@type\":\"BreadcrumbList\",\"@id\":\"https:\/\/www.lechoixdesbebes.com\/blog\/la-motricite-chez-les-bebes\/#breadcrumb\",\"itemListElement\":[{\"@type\":\"ListItem\",\"position\":1,\"name\":\"Accueil\",\"item\":\"https:\/\/www.lechoixdesbebes.com\/blog\/\"},{\"@type\":\"ListItem\",\"position\":2,\"name\":\"La motricit\u00e9 chez les b\u00e9b\u00e9s\"}]},{\"@type\":\"WebSite\",\"@id\":\"https:\/\/www.lechoixdesbebes.com\/blog\/#website\",\"url\":\"https:\/\/www.lechoixdesbebes.com\/blog\/\",\"name\":\"Actualit\u00e9 de la Pu\u00e9riculture : Blog le Choix des B\u00e9b\u00e9s\",\"description\":\"Suivez nos conseils bien-\u00eatre pour un b\u00e9b\u00e9 heureux et des parents \u00e9panouis. Le Choix des b\u00e9b\u00e9s : sp\u00e9cialiste de la pu\u00e9riculture\",\"publisher\":{\"@id\":\"https:\/\/www.lechoixdesbebes.com\/blog\/#organization\"},\"potentialAction\":[{\"@type\":\"SearchAction\",\"target\":{\"@type\":\"EntryPoint\",\"urlTemplate\":\"https:\/\/www.lechoixdesbebes.com\/blog\/?s={search_term_string}\"},\"query-input\":{\"@type\":\"PropertyValueSpecification\",\"valueRequired\":true,\"valueName\":\"search_term_string\"}}],\"inLanguage\":\"fr-FR\"},{\"@type\":\"Organization\",\"@id\":\"https:\/\/www.lechoixdesbebes.com\/blog\/#organization\",\"name\":\"Le Choix Des B\u00e9b\u00e9s\",\"url\":\"https:\/\/www.lechoixdesbebes.com\/blog\/\",\"logo\":{\"@type\":\"ImageObject\",\"inLanguage\":\"fr-FR\",\"@id\":\"https:\/\/www.lechoixdesbebes.com\/blog\/#\/schema\/logo\/image\/\",\"url\":\"https:\/\/www.lechoixdesbebes.com\/blog\/wp-content\/uploads\/2021\/06\/Logo-MyShop-Cdiscount.jpg\",\"contentUrl\":\"https:\/\/www.lechoixdesbebes.com\/blog\/wp-content\/uploads\/2021\/06\/Logo-MyShop-Cdiscount.jpg\",\"width\":350,\"height\":80,\"caption\":\"Le Choix Des B\u00e9b\u00e9s\"},\"image\":{\"@id\":\"https:\/\/www.lechoixdesbebes.com\/blog\/#\/schema\/logo\/image\/\"},\"sameAs\":[\"https:\/\/www.facebook.com\/Lechoixdesbebes\"]},{\"@type\":\"Person\",\"@id\":\"https:\/\/www.lechoixdesbebes.com\/blog\/#\/schema\/person\/296076ecd4371ded7a75a238703a0ad1\",\"name\":\"Le Choix Des B\u00e9b\u00e9s\"}]}<\/script>\n<!-- \/ Yoast SEO plugin. -->","yoast_head_json":{"title":"Tout savoir sur la motricit\u00e9 chez les b\u00e9b\u00e9s","description":"Qu'est-ce que r\u00e9ellement la motricit\u00e9 chez les b\u00e9b\u00e9s ? Comment travailler la mobilit\u00e9 chez un nouveau-n\u00e9 ? On vous dit tout.","robots":{"index":"index","follow":"follow","max-snippet":"max-snippet:-1","max-image-preview":"max-image-preview:large","max-video-preview":"max-video-preview:-1"},"canonical":"https:\/\/www.lechoixdesbebes.com\/blog\/la-motricite-chez-les-bebes\/","og_locale":"fr_FR","og_type":"article","og_title":"Tout savoir sur la motricit\u00e9 chez les b\u00e9b\u00e9s","og_description":"Qu'est-ce que r\u00e9ellement la motricit\u00e9 chez les b\u00e9b\u00e9s ? Comment travailler la mobilit\u00e9 chez un nouveau-n\u00e9 ? On vous dit tout.","og_url":"https:\/\/www.lechoixdesbebes.com\/blog\/la-motricite-chez-les-bebes\/","og_site_name":"Actualit\u00e9 de la Pu\u00e9riculture : Blog le Choix des B\u00e9b\u00e9s","article_publisher":"https:\/\/www.facebook.com\/Lechoixdesbebes","article_published_time":"2023-03-01T15:27:27+00:00","article_modified_time":"2023-04-07T14:50:04+00:00","og_image":[{"width":700,"height":700,"url":"https:\/\/www.lechoixdesbebes.com\/blog\/wp-content\/uploads\/2023\/03\/Habiller-bebe-automne-2-700x700.png","type":"image\/png"}],"author":"Le Choix Des B\u00e9b\u00e9s","twitter_card":"summary_large_image","twitter_misc":{"\u00c9crit par":"Le Choix Des B\u00e9b\u00e9s","Dur\u00e9e de lecture estim\u00e9e":"5 minutes"},"schema":{"@context":"https:\/\/schema.org","@graph":[{"@type":"Article","@id":"https:\/\/www.lechoixdesbebes.com\/blog\/la-motricite-chez-les-bebes\/#article","isPartOf":{"@id":"https:\/\/www.lechoixdesbebes.com\/blog\/la-motricite-chez-les-bebes\/"},"author":{"name":"Le Choix Des B\u00e9b\u00e9s","@id":"https:\/\/www.lechoixdesbebes.com\/blog\/#\/schema\/person\/296076ecd4371ded7a75a238703a0ad1"},"headline":"La motricit\u00e9 chez les b\u00e9b\u00e9s","datePublished":"2023-03-01T15:27:27+00:00","dateModified":"2023-04-07T14:50:04+00:00","mainEntityOfPage":{"@id":"https:\/\/www.lechoixdesbebes.com\/blog\/la-motricite-chez-les-bebes\/"},"wordCount":940,"commentCount":0,"publisher":{"@id":"https:\/\/www.lechoixdesbebes.com\/blog\/#organization"},"image":{"@id":"https:\/\/www.lechoixdesbebes.com\/blog\/la-motricite-chez-les-bebes\/#primaryimage"},"thumbnailUrl":"https:\/\/www.lechoixdesbebes.com\/blog\/wp-content\/uploads\/2023\/03\/Habiller-bebe-automne-2.png","articleSection":["Actualit\u00e9s"],"inLanguage":"fr-FR","potentialAction":[{"@type":"CommentAction","name":"Comment","target":["https:\/\/www.lechoixdesbebes.com\/blog\/la-motricite-chez-les-bebes\/#respond"]}]},{"@type":"WebPage","@id":"https:\/\/www.lechoixdesbebes.com\/blog\/la-motricite-chez-les-bebes\/","url":"https:\/\/www.lechoixdesbebes.com\/blog\/la-motricite-chez-les-bebes\/","name":"Tout savoir sur la motricit\u00e9 chez les b\u00e9b\u00e9s","isPartOf":{"@id":"https:\/\/www.lechoixdesbebes.com\/blog\/#website"},"primaryImageOfPage":{"@id":"https:\/\/www.lechoixdesbebes.com\/blog\/la-motricite-chez-les-bebes\/#primaryimage"},"image":{"@id":"https:\/\/www.lechoixdesbebes.com\/blog\/la-motricite-chez-les-bebes\/#primaryimage"},"thumbnailUrl":"https:\/\/www.lechoixdesbebes.com\/blog\/wp-content\/uploads\/2023\/03\/Habiller-bebe-automne-2.png","datePublished":"2023-03-01T15:27:27+00:00","dateModified":"2023-04-07T14:50:04+00:00","description":"Qu'est-ce que r\u00e9ellement la motricit\u00e9 chez les b\u00e9b\u00e9s ? Comment travailler la mobilit\u00e9 chez un nouveau-n\u00e9 ? On vous dit tout.","breadcrumb":{"@id":"https:\/\/www.lechoixdesbebes.com\/blog\/la-motricite-chez-les-bebes\/#breadcrumb"},"inLanguage":"fr-FR","potentialAction":[{"@type":"ReadAction","target":["https:\/\/www.lechoixdesbebes.com\/blog\/la-motricite-chez-les-bebes\/"]}]},{"@type":"ImageObject","inLanguage":"fr-FR","@id":"https:\/\/www.lechoixdesbebes.com\/blog\/la-motricite-chez-les-bebes\/#primaryimage","url":"https:\/\/www.lechoixdesbebes.com\/blog\/wp-content\/uploads\/2023\/03\/Habiller-bebe-automne-2.png","contentUrl":"https:\/\/www.lechoixdesbebes.com\/blog\/wp-content\/uploads\/2023\/03\/Habiller-bebe-automne-2.png","width":2240,"height":1260,"caption":"La motricit\u00e9 chez les b\u00e9b\u00e9s"},{"@type":"BreadcrumbList","@id":"https:\/\/www.lechoixdesbebes.com\/blog\/la-motricite-chez-les-bebes\/#breadcrumb","itemListElement":[{"@type":"ListItem","position":1,"name":"Accueil","item":"https:\/\/www.lechoixdesbebes.com\/blog\/"},{"@type":"ListItem","position":2,"name":"La motricit\u00e9 chez les b\u00e9b\u00e9s"}]},{"@type":"WebSite","@id":"https:\/\/www.lechoixdesbebes.com\/blog\/#website","url":"https:\/\/www.lechoixdesbebes.com\/blog\/","name":"Actualit\u00e9 de la Pu\u00e9riculture : Blog le Choix des B\u00e9b\u00e9s","description":"Suivez nos conseils bien-\u00eatre pour un b\u00e9b\u00e9 heureux et des parents \u00e9panouis. Le Choix des b\u00e9b\u00e9s : sp\u00e9cialiste de la pu\u00e9riculture","publisher":{"@id":"https:\/\/www.lechoixdesbebes.com\/blog\/#organization"},"potentialAction":[{"@type":"SearchAction","target":{"@type":"EntryPoint","urlTemplate":"https:\/\/www.lechoixdesbebes.com\/blog\/?s={search_term_string}"},"query-input":{"@type":"PropertyValueSpecification","valueRequired":true,"valueName":"search_term_string"}}],"inLanguage":"fr-FR"},{"@type":"Organization","@id":"https:\/\/www.lechoixdesbebes.com\/blog\/#organization","name":"Le Choix Des B\u00e9b\u00e9s","url":"https:\/\/www.lechoixdesbebes.com\/blog\/","logo":{"@type":"ImageObject","inLanguage":"fr-FR","@id":"https:\/\/www.lechoixdesbebes.com\/blog\/#\/schema\/logo\/image\/","url":"https:\/\/www.lechoixdesbebes.com\/blog\/wp-content\/uploads\/2021\/06\/Logo-MyShop-Cdiscount.jpg","contentUrl":"https:\/\/www.lechoixdesbebes.com\/blog\/wp-content\/uploads\/2021\/06\/Logo-MyShop-Cdiscount.jpg","width":350,"height":80,"caption":"Le Choix Des B\u00e9b\u00e9s"},"image":{"@id":"https:\/\/www.lechoixdesbebes.com\/blog\/#\/schema\/logo\/image\/"},"sameAs":["https:\/\/www.facebook.com\/Lechoixdesbebes"]},{"@type":"Person","@id":"https:\/\/www.lechoixdesbebes.com\/blog\/#\/schema\/person\/296076ecd4371ded7a75a238703a0ad1","name":"Le Choix Des B\u00e9b\u00e9s"}]}},"_links":{"self":[{"href":"https:\/\/www.lechoixdesbebes.com\/blog\/wp-json\/wp\/v2\/posts\/1484"}],"collection":[{"href":"https:\/\/www.lechoixdesbebes.com\/blog\/wp-json\/wp\/v2\/posts"}],"about":[{"href":"https:\/\/www.lechoixdesbebes.com\/blog\/wp-json\/wp\/v2\/types\/post"}],"author":[{"embeddable":true,"href":"https:\/\/www.lechoixdesbebes.com\/blog\/wp-json\/wp\/v2\/users\/2"}],"replies":[{"embeddable":true,"href":"https:\/\/www.lechoixdesbebes.com\/blog\/wp-json\/wp\/v2\/comments?post=1484"}],"version-history":[{"count":3,"href":"https:\/\/www.lechoixdesbebes.com\/blog\/wp-json\/wp\/v2\/posts\/1484\/revisions"}],"predecessor-version":[{"id":1489,"href":"https:\/\/www.lechoixdesbebes.com\/blog\/wp-json\/wp\/v2\/posts\/1484\/revisions\/1489"}],"wp:featuredmedia":[{"embeddable":true,"href":"https:\/\/www.lechoixdesbebes.com\/blog\/wp-json\/wp\/v2\/media\/1493"}],"wp:attachment":[{"href":"https:\/\/www.lechoixdesbebes.com\/blog\/wp-json\/wp\/v2\/media?parent=1484"}],"wp:term":[{"taxonomy":"category","embeddable":true,"href":"https:\/\/www.lechoixdesbebes.com\/blog\/wp-json\/wp\/v2\/categories?post=1484"},{"taxonomy":"post_tag","embeddable":true,"href":"https:\/\/www.lechoixdesbebes.com\/blog\/wp-json\/wp\/v2\/tags?post=1484"}],"curies":[{"name":"wp","href":"https:\/\/api.w.org\/{rel}","templated":true}]}}