{"id":1616,"date":"2023-06-22T16:04:01","date_gmt":"2023-06-22T14:04:01","guid":{"rendered":"https:\/\/www.lechoixdesbebes.com\/blog\/?p=1616"},"modified":"2025-05-05T15:31:40","modified_gmt":"2025-05-05T13:31:40","slug":"comment-habiller-bebe-en-ete","status":"publish","type":"post","link":"https:\/\/www.lechoixdesbebes.com\/blog\/comment-habiller-bebe-en-ete\/","title":{"rendered":"Comment habiller b\u00e9b\u00e9 en \u00e9t\u00e9 ?"},"content":{"rendered":"<span class=\"rt-reading-time\" style=\"display: block;\"><span class=\"rt-label rt-prefix\">Temps de lecture\u00a0: <\/span> <span class=\"rt-time\">6<\/span> <span class=\"rt-label rt-postfix\">minutes<\/span><\/span><div style=\"text-align: justify;\">L&rsquo;\u00e9t\u00e9 pointe le bout de son nez et les fortes temp\u00e9ratures viennent accompagner cette saison. Si votre corps d&rsquo;adulte sait r\u00e9guler sa temp\u00e9rature ce n&rsquo;est pas encore le cas pour votre nouveau-n\u00e9. Pas d&rsquo;inqui\u00e9tude, notre \u00e9quipe vous conseille pour savoir <strong>comment habiller b\u00e9b\u00e9 en \u00e9t\u00e9<\/strong> et pour adopter les bons gestes.<\/div>\n<p>\u00a0<\/p>\n<h2>Quels sont les v\u00eatements \u00e0 privil\u00e9gier\u2009pour habiller b\u00e9b\u00e9 en \u00e9t\u00e9 ?<\/h2>\n<div style=\"text-align: justify;\">\n<p>Lorsque l&rsquo;\u00e9t\u00e9 arrive, nous avons tendance \u00e0 privil\u00e9gier logiquement des tenues plus l\u00e9g\u00e8res dans le dressing. Mais il faut savoir qu&rsquo;il est indispensable d&rsquo;adapter la tenue estivale de votre enfant selon son \u00e2ge.<\/p>\n<p>Apr\u00e8s 9 mois pass\u00e9s dans le ventre de sa maman, b\u00e9b\u00e9 va avoir du mal \u00e0 r\u00e9guler sa temp\u00e9rature. Et pendant les 6 premiers mois de sa vie, il passera la plupart de son temps assis ou allong\u00e9. Il convient alors de l&rsquo;habiller avec des v\u00eatements couvrants comme une salopette ou un body. Toutefois, pour \u00e9viter que ces habits ne retiennent trop la chaleur, pr\u00e9f\u00e9rez des tissus respirants comme le coton, le lin, le bambou dans des tons plut\u00f4t clairs (blanc, beige, pastel&#8230;).<\/p>\n<p>Quand b\u00e9b\u00e9 aura plus de 6 mois, vous pourrez alors l&rsquo;habiller avec des tenues d&rsquo;\u00e9t\u00e9 similaires aux v\u00f4tres comme des robes ou des ensembles shorts et t-shirt. Il sera ainsi possible d&rsquo;allier le plaisir d&rsquo;habiller votre enfant avec de jolis v\u00eatements et le confort n\u00e9cessaire pour qu&rsquo;il supporte ais\u00e9ment les fortes chaleurs.<\/p>\n<p>N&rsquo;oubliez pas cependant la r\u00e8gle d&rsquo;or en terme de tenues pour b\u00e9b\u00e9 : toujours pr\u00e9voir une couche suppl\u00e9mentaire \u00e0 la votre ! Les enfants ayant vite froid, il serait malheureux de ne pas avoir de quoi le couvrir en temps voulu. Pensez donc \u00e0 toujours lui<strong> couvrir le ventre, <\/strong>en apportant avec vous un petit body au cas o\u00f9 cela serait n\u00e9cessaire. Evidemment, en cas de fortes chaleurs, cette r\u00e8gle ne s&rsquo;applique pas. B\u00e9b\u00e9 risquerait d&rsquo;avoir un coup de chaud.<\/p>\n<\/div>\n<p>Enfin, pour parler plus en d\u00e9tail des v\u00eatements, nous ne pouvons que vous recommander des habits dans lesquels votre b\u00e9b\u00e9 pourra bouger facilement, ainsi que des mati\u00e8res confortables. En cas de grosse chaleur, pr\u00e9f\u00e9rez par exemple les bloomers, plus l\u00e9gers et confortables, aux shorts en jean !<\/p>\n<h2>Quelles mati\u00e8res privil\u00e9gier pour les v\u00eatements estivaux de b\u00e9b\u00e9 ?<\/h2>\n<div style=\"text-align: justify;\">\n<p>Comme il est recommand\u00e9 pour les adultes, les mati\u00e8res l\u00e9g\u00e8res et respirantes sont id\u00e9ales pour les v\u00eatements d&rsquo;\u00e9t\u00e9. <strong>Le coton<\/strong> est d&rsquo;ailleurs l&rsquo;une des mati\u00e8res les plus adapt\u00e9es. C&rsquo;est un tissu qui est l\u00e9ger, souple, agr\u00e9able au toucher et non irritant pour la peau fragile de votre nouveau-n\u00e9. Il permet aussi d&rsquo;\u00e9vacuer la chaleur sans la sensation de mouill\u00e9. On aimera et abusera de toutes ses d\u00e9clinaisons : mousseline de coton, gaze de coton, popeline de coton, &#8230;<\/p>\n<p><strong>Le lin <\/strong>est \u00e9galement une tr\u00e8s bonne alternative. Mati\u00e8re naturelle, le lin est l\u00e9ger et doux pour la peau sensible de vos petits b\u00e9b\u00e9s. Le bambou\u00a0 r\u00e9pond \u00e9galement aux m\u00eames caract\u00e9ristiques, on aimera particuli\u00e8rement la viscose de bambou pour ses propri\u00e9t\u00e9s absorbantes.<\/p>\n<p>\u00c0 l&rsquo;inverse, <strong>les mati\u00e8res synth\u00e9tiques sont \u00e0 \u00e9viter<\/strong>. Elles ont tendance \u00e0 favoriser la transpiration, mais aussi \u00e0 coller aux corps lors des fortes temp\u00e9ratures, ce qui est tr\u00e8s inconfortable.<\/p>\n<\/div>\n<p>\u00a0<\/p>\n<h2>Pr\u00e9voir les essentiels pour sortir b\u00e9b\u00e9 en \u00e9t\u00e9<\/h2>\n<div style=\"text-align: justify;\">\n<p>Lors des balades estivales, il faut penser \u00e0 bien prot\u00e9ger b\u00e9b\u00e9 des rayons du soleil. Pour cela, le port du<strong> chapeau<\/strong> ou d&rsquo;une <strong>casquette<\/strong> est vivement conseill\u00e9 pour ombrager le haut de sa t\u00eate. Pour prendre soin de ses yeux, des <strong>lunettes de soleil<\/strong> lui permettront de ne pas \u00eatre \u00e9blouie. Attention alors \u00e0 bien choisir des lunettes avec des verres cat\u00e9gorie 3, aux normes CE, couvrant parfaitement l&rsquo;oeil de l&rsquo;enfant et avec des filtres\u00a0Anti-UVA, Anti-UVB, Anti-UVC.<\/p>\n<p>Pour prot\u00e9ger la peau fragile de b\u00e9b\u00e9, la cr\u00e8me solaire sera votre meilleur alli\u00e9 ! La peau des b\u00e9b\u00e9s \u00e9tant tr\u00e8s sensible, munissez-vous d&rsquo;un indice de protection sup\u00e9rieur ou \u00e9gal \u00e0 50. Aussi, un brumisateur vous sera grandement utile pour le rafra\u00eechir tout au long de la journ\u00e9e.<\/p>\n<p>On voit encore de nombreux parents recouvrir la poussette d&rsquo;un lange pour pr\u00e9server b\u00e9b\u00e9 de la chaleur et des rayons UV&#8230; Mais c&rsquo;est plut\u00f4t le contraire ! L&rsquo;air ne pouvant circuler, l&rsquo;effet de surchauffe peut faire gagner jusqu&rsquo;\u00e0 7 degr\u00e9s \u00e0 b\u00e9b\u00e9. On vous conseille plut\u00f4t d&rsquo;appliquer une moustiquaire adapt\u00e9e \u00e0 votre poussette pour l&rsquo;immuniser contre les piq\u00fbres et de fixer une ombrelle pour ajuster l&rsquo;exposition au soleil.<\/p>\n<\/div>\n<p>\u00a0<\/p>\n<h2>Comment habiller b\u00e9b\u00e9 en \u00e9t\u00e9 pour la nuit ?<\/h2>\n<p><a href=\"https:\/\/www.pinterest.fr\/pin\/883690758107753277\/\"><img loading=\"lazy\" decoding=\"async\" class=\"alignleft lazyload\" title=\"Habiller b\u00e9b\u00e9 quand il fait chaud (\u00e9dition nuit) par le choix des b\u00e9b\u00e9s\" data-src=\"https:\/\/i.pinimg.com\/564x\/b0\/01\/56\/b001561949e0b1469b3ee551e8c18011.jpg\" alt=\"Habiller b\u00e9b\u00e9 quand il fait chaud (\u00e9dition nuit) par le choix des b\u00e9b\u00e9s\" width=\"386\" height=\"386\" src=\"data:image\/gif;base64,R0lGODlhAQABAAAAACH5BAEKAAEALAAAAAABAAEAAAICTAEAOw==\" style=\"--smush-placeholder-width: 386px; --smush-placeholder-aspect-ratio: 386\/386;\" \/><noscript><img loading=\"lazy\" decoding=\"async\" class=\"alignleft\" title=\"Habiller b\u00e9b\u00e9 quand il fait chaud (\u00e9dition nuit) par le choix des b\u00e9b\u00e9s\" src=\"https:\/\/i.pinimg.com\/564x\/b0\/01\/56\/b001561949e0b1469b3ee551e8c18011.jpg\" alt=\"Habiller b\u00e9b\u00e9 quand il fait chaud (\u00e9dition nuit) par le choix des b\u00e9b\u00e9s\" width=\"386\" height=\"386\" \/><\/noscript><\/a><\/p>\n<div style=\"text-align: justify;\">\n<p>\u00c0 cause des temp\u00e9ratures \u00e9lev\u00e9es de l&rsquo;\u00e9t\u00e9, le sommeil de votre enfant peut \u00eatre perturb\u00e9. Pr\u00e9f\u00e9rez alors installer b\u00e9b\u00e9 dans la pi\u00e8ce la plus fra\u00eeche pour les siestes durant la journ\u00e9e. La temp\u00e9rature id\u00e9ale pour une chambre de b\u00e9b\u00e9 se situe entre <strong>18\u00b0C et 20\u00b0C<\/strong>.<\/p>\n<p>En ce qui concerne la tenue de b\u00e9b\u00e9 pour dormir, vous pouvez opter pour un <strong>body \u00e0 manches courtes<\/strong> ou bien <strong><a href=\"https:\/\/www.lechoixdesbebes.com\/fr\/gigoteuse-evolutive-6-36-mois\/309-douillette-reglable-ete-comete-80-100-cm.html\">une turbulette l\u00e9g\u00e8re<\/a> sans manches<\/strong>. L&rsquo;avantage de la turbulette c&rsquo;est qu&rsquo;elle permet de rassurer votre nourrisson gr\u00e2ce \u00e0 son effet enveloppant.<\/p>\n<p>Si les temp\u00e9ratures grimpent cependant trop haut (28 degr\u00e9s et plus), vous pouvez tout \u00e0 fait faire dormir votre b\u00e9b\u00e9 en couche.<\/p>\n<\/div>\n<p>\u00a0<\/p>\n<h2 id=\"h2-comment-savoir-si-mon-bebe-a-trop-chaud\"><strong>Comment savoir si b\u00e9b\u00e9 a trop chaud\u00a0?<\/strong><\/h2>\n<div style=\"text-align: justify;\">\n<p>Apr\u00e8s l&rsquo;\u00e9num\u00e9ration de tous ces points cl\u00e9s pour faire en sorte que b\u00e9b\u00e9 supporte au mieux la chaleur, comment savoir malgr\u00e9 tout s&rsquo;il n&rsquo;a pas trop chaud ? Le meilleur moyen pour le savoir c&rsquo;est en passant <strong>votre main au niveau de sa nuque<\/strong>. Si vous sentez que cette zone est br\u00fblante, c&rsquo;est qu&rsquo;il faut l\u00e9g\u00e8rement le d\u00e9v\u00eatir. Ne vous fiez pas \u00e0 la temp\u00e9rature de ses mains ou de ses pieds, ils sont souvent trompeurs.<\/p>\n<p>B\u00e9b\u00e9 peut \u00e9galement exprimer sa g\u00eane et souffrance en pleurant, en criant et en se tortillant. Essayez alors de le rafra\u00eechir dans un bain d&rsquo;eau ti\u00e8de ou bien en le faisant boire de l&rsquo;eau. S&rsquo;il se calme, c&rsquo;est qu&rsquo;il avait bel et bien chaud.<\/p>\n<\/div>\n<p>\u00a0<\/p>\n<div style=\"text-align: justify;\">Vous avez \u00e0 pr\u00e9sent tous les \u00e9l\u00e9ments pour savoir comment habiller b\u00e9b\u00e9 en \u00e9t\u00e9. Il ne vous reste plus qu&rsquo;\u00e0 pleinement profiter de cette saison sous le soleil.<\/div>\n\n\n<div class=\"wp-block-columns alignwide are-vertically-aligned-top is-layout-flex wp-container-core-columns-is-layout-1 wp-block-columns-is-layout-flex\" style=\"margin-bottom:0\">\n<div class=\"wp-block-column is-vertically-aligned-top has-text-color has-background has-link-color wp-elements-224f7fa39d94a91bf8699e2cab79f670 is-layout-flow wp-block-column-is-layout-flow\" style=\"color:#000000;background-color:#f6f6f6;padding-top:2em;padding-right:2em;padding-bottom:2em;padding-left:2em\">\n<figure class=\"wp-block-image size-full\"><a href=\"https:\/\/www.lechoixdesbebes.com\/fr\/gigoteuse-9-36-mois\/811-gigoteuse-ete-9-24-mois-leo-maya-90-cm.html\"><img loading=\"lazy\" decoding=\"async\" width=\"500\" height=\"500\" data-src=\"https:\/\/www.lechoixdesbebes.com\/blog\/wp-content\/uploads\/2023\/06\/4-removebg-preview.png\" alt=\"Gigoteuse \u00e9t\u00e9 L\u00e9o &amp; Maya - Candide\" class=\"wp-image-2456 lazyload\" data-srcset=\"https:\/\/www.lechoixdesbebes.com\/blog\/wp-content\/uploads\/2023\/06\/4-removebg-preview.png 500w, https:\/\/www.lechoixdesbebes.com\/blog\/wp-content\/uploads\/2023\/06\/4-removebg-preview-300x300.png 300w, https:\/\/www.lechoixdesbebes.com\/blog\/wp-content\/uploads\/2023\/06\/4-removebg-preview-150x150.png 150w, https:\/\/www.lechoixdesbebes.com\/blog\/wp-content\/uploads\/2023\/06\/4-removebg-preview-120x120.png 120w\" data-sizes=\"(max-width: 500px) 100vw, 500px\" src=\"data:image\/gif;base64,R0lGODlhAQABAAAAACH5BAEKAAEALAAAAAABAAEAAAICTAEAOw==\" style=\"--smush-placeholder-width: 500px; --smush-placeholder-aspect-ratio: 500\/500;\" \/><noscript><img loading=\"lazy\" decoding=\"async\" width=\"500\" height=\"500\" src=\"https:\/\/www.lechoixdesbebes.com\/blog\/wp-content\/uploads\/2023\/06\/4-removebg-preview.png\" alt=\"Gigoteuse \u00e9t\u00e9 L\u00e9o &amp; Maya - Candide\" class=\"wp-image-2456\" srcset=\"https:\/\/www.lechoixdesbebes.com\/blog\/wp-content\/uploads\/2023\/06\/4-removebg-preview.png 500w, https:\/\/www.lechoixdesbebes.com\/blog\/wp-content\/uploads\/2023\/06\/4-removebg-preview-300x300.png 300w, https:\/\/www.lechoixdesbebes.com\/blog\/wp-content\/uploads\/2023\/06\/4-removebg-preview-150x150.png 150w, https:\/\/www.lechoixdesbebes.com\/blog\/wp-content\/uploads\/2023\/06\/4-removebg-preview-120x120.png 120w\" sizes=\"(max-width: 500px) 100vw, 500px\" \/><\/noscript><\/a><\/figure>\n\n\n\n<p class=\"has-text-align-center\" style=\"font-size:15px;line-height:1.5\"><strong>Gigoteuse \u00e9t\u00e9 &#8211; L\u00e9o &amp; Maya<\/strong><\/p>\n\n\n\n<div class=\"wp-block-buttons alignfull is-horizontal is-content-justification-center is-layout-flex wp-container-core-buttons-is-layout-1 wp-block-buttons-is-layout-flex\">\n<div class=\"wp-block-button has-custom-width wp-block-button__width-100 has-custom-font-size\" style=\"font-size:18px\"><a class=\"wp-block-button__link has-white-color has-cyan-bluish-gray-background-color has-text-color has-background wp-element-button\" href=\"https:\/\/www.lechoixdesbebes.com\/fr\/gigoteuse-9-36-mois\/811-gigoteuse-ete-9-24-mois-leo-maya-90-cm.html\" style=\"border-radius:50px\"><strong>D\u00e9couvrir<\/strong><\/a><\/div>\n<\/div>\n<\/div>\n\n\n\n<div class=\"wp-block-column is-vertically-aligned-top has-text-color has-background has-link-color wp-elements-d009e6bc551181c5acd7d7e90aca7cc8 is-layout-flow wp-block-column-is-layout-flow\" style=\"color:#000000;background-color:#f6f6f6;padding-top:2em;padding-right:2em;padding-bottom:2em;padding-left:2em\">\n<figure class=\"wp-block-image size-full\"><a href=\"https:\/\/www.lechoixdesbebes.com\/fr\/gigoteuse-9-36-mois\/731-gigoteuse-ete-24mois-candide-gaspard-lily.html\"><img loading=\"lazy\" decoding=\"async\" width=\"500\" height=\"500\" data-src=\"https:\/\/www.lechoixdesbebes.com\/blog\/wp-content\/uploads\/2023\/06\/3-removebg-preview.png\" alt=\"Gigoteuse \u00e9t\u00e9 Gaspard &amp; Lily - Candide\" class=\"wp-image-2457 lazyload\" data-srcset=\"https:\/\/www.lechoixdesbebes.com\/blog\/wp-content\/uploads\/2023\/06\/3-removebg-preview.png 500w, https:\/\/www.lechoixdesbebes.com\/blog\/wp-content\/uploads\/2023\/06\/3-removebg-preview-300x300.png 300w, https:\/\/www.lechoixdesbebes.com\/blog\/wp-content\/uploads\/2023\/06\/3-removebg-preview-150x150.png 150w, https:\/\/www.lechoixdesbebes.com\/blog\/wp-content\/uploads\/2023\/06\/3-removebg-preview-120x120.png 120w\" data-sizes=\"(max-width: 500px) 100vw, 500px\" src=\"data:image\/gif;base64,R0lGODlhAQABAAAAACH5BAEKAAEALAAAAAABAAEAAAICTAEAOw==\" style=\"--smush-placeholder-width: 500px; --smush-placeholder-aspect-ratio: 500\/500;\" \/><noscript><img loading=\"lazy\" decoding=\"async\" width=\"500\" height=\"500\" src=\"https:\/\/www.lechoixdesbebes.com\/blog\/wp-content\/uploads\/2023\/06\/3-removebg-preview.png\" alt=\"Gigoteuse \u00e9t\u00e9 Gaspard &amp; Lily - Candide\" class=\"wp-image-2457\" srcset=\"https:\/\/www.lechoixdesbebes.com\/blog\/wp-content\/uploads\/2023\/06\/3-removebg-preview.png 500w, https:\/\/www.lechoixdesbebes.com\/blog\/wp-content\/uploads\/2023\/06\/3-removebg-preview-300x300.png 300w, https:\/\/www.lechoixdesbebes.com\/blog\/wp-content\/uploads\/2023\/06\/3-removebg-preview-150x150.png 150w, https:\/\/www.lechoixdesbebes.com\/blog\/wp-content\/uploads\/2023\/06\/3-removebg-preview-120x120.png 120w\" sizes=\"(max-width: 500px) 100vw, 500px\" \/><\/noscript><\/a><\/figure>\n\n\n\n<p class=\"has-text-align-center\" style=\"font-size:15px;line-height:1.5\"><strong>Gigoteuse \u00e9t\u00e9 &#8211; Gaspard &amp; Lily<\/strong><\/p>\n\n\n\n<div class=\"wp-block-buttons alignfull is-horizontal is-content-justification-center is-layout-flex wp-container-core-buttons-is-layout-2 wp-block-buttons-is-layout-flex\">\n<div class=\"wp-block-button has-custom-width wp-block-button__width-100 has-custom-font-size\" style=\"font-size:18px\"><a class=\"wp-block-button__link has-white-color has-cyan-bluish-gray-background-color has-text-color has-background wp-element-button\" href=\"https:\/\/www.lechoixdesbebes.com\/fr\/gigoteuse-9-36-mois\/731-gigoteuse-ete-24mois-candide-gaspard-lily.html\" style=\"border-radius:50px\"><strong>D\u00e9couvrir<\/strong><\/a><\/div>\n<\/div>\n<\/div>\n<\/div>\n\n\n\n<div class=\"wp-block-columns alignwide are-vertically-aligned-top is-layout-flex wp-container-core-columns-is-layout-2 wp-block-columns-is-layout-flex\" style=\"margin-bottom:0\">\n<div class=\"wp-block-column is-vertically-aligned-top has-text-color has-background has-link-color wp-elements-28fe91c6caafba0f878ff667b78dfe59 is-layout-flow wp-block-column-is-layout-flow\" style=\"color:#000000;background-color:#f6f6f6;padding-top:2em;padding-right:2em;padding-bottom:2em;padding-left:2em\">\n<figure class=\"wp-block-image size-full\"><a href=\"https:\/\/www.lechoixdesbebes.com\/fr\/gigoteuse-9-36-mois\/809-gigoteuse-evolutive-9-36-mois-ete-over-the-sea.html\"><img loading=\"lazy\" decoding=\"async\" width=\"500\" height=\"500\" data-src=\"https:\/\/www.lechoixdesbebes.com\/blog\/wp-content\/uploads\/2023\/06\/2-removebg-preview.png\" alt=\"Gigoteuse \u00e9t\u00e9 over the sea - Tin\u00e9o\" class=\"wp-image-2458 lazyload\" data-srcset=\"https:\/\/www.lechoixdesbebes.com\/blog\/wp-content\/uploads\/2023\/06\/2-removebg-preview.png 500w, https:\/\/www.lechoixdesbebes.com\/blog\/wp-content\/uploads\/2023\/06\/2-removebg-preview-300x300.png 300w, https:\/\/www.lechoixdesbebes.com\/blog\/wp-content\/uploads\/2023\/06\/2-removebg-preview-150x150.png 150w, https:\/\/www.lechoixdesbebes.com\/blog\/wp-content\/uploads\/2023\/06\/2-removebg-preview-120x120.png 120w\" data-sizes=\"(max-width: 500px) 100vw, 500px\" src=\"data:image\/gif;base64,R0lGODlhAQABAAAAACH5BAEKAAEALAAAAAABAAEAAAICTAEAOw==\" style=\"--smush-placeholder-width: 500px; --smush-placeholder-aspect-ratio: 500\/500;\" \/><noscript><img loading=\"lazy\" decoding=\"async\" width=\"500\" height=\"500\" src=\"https:\/\/www.lechoixdesbebes.com\/blog\/wp-content\/uploads\/2023\/06\/2-removebg-preview.png\" alt=\"Gigoteuse \u00e9t\u00e9 over the sea - Tin\u00e9o\" class=\"wp-image-2458\" srcset=\"https:\/\/www.lechoixdesbebes.com\/blog\/wp-content\/uploads\/2023\/06\/2-removebg-preview.png 500w, https:\/\/www.lechoixdesbebes.com\/blog\/wp-content\/uploads\/2023\/06\/2-removebg-preview-300x300.png 300w, https:\/\/www.lechoixdesbebes.com\/blog\/wp-content\/uploads\/2023\/06\/2-removebg-preview-150x150.png 150w, https:\/\/www.lechoixdesbebes.com\/blog\/wp-content\/uploads\/2023\/06\/2-removebg-preview-120x120.png 120w\" sizes=\"(max-width: 500px) 100vw, 500px\" \/><\/noscript><\/a><\/figure>\n\n\n\n<p class=\"has-text-align-center\" style=\"font-size:15px;line-height:1.5\"><strong>Gigoteuse \u00e9t\u00e9 &#8211; Over the sea<\/strong><\/p>\n\n\n\n<div class=\"wp-block-buttons alignfull is-horizontal is-content-justification-center is-layout-flex wp-container-core-buttons-is-layout-3 wp-block-buttons-is-layout-flex\">\n<div class=\"wp-block-button has-custom-width wp-block-button__width-100 has-custom-font-size\" style=\"font-size:18px\"><a class=\"wp-block-button__link has-white-color has-cyan-bluish-gray-background-color has-text-color has-background wp-element-button\" href=\"https:\/\/www.lechoixdesbebes.com\/fr\/gigoteuse-9-36-mois\/809-gigoteuse-evolutive-9-36-mois-ete-over-the-sea.html\" style=\"border-radius:50px\"><strong>D\u00e9couvrir<\/strong><\/a><\/div>\n<\/div>\n<\/div>\n\n\n\n<div class=\"wp-block-column is-vertically-aligned-top has-text-color has-background has-link-color wp-elements-6e4c82d6df1c547ce690d4b8527278bb is-layout-flow wp-block-column-is-layout-flow\" style=\"color:#000000;background-color:#f6f6f6;padding-top:2em;padding-right:2em;padding-bottom:2em;padding-left:2em\">\n<figure class=\"wp-block-image size-full\"><a href=\"https:\/\/www.lechoixdesbebes.com\/fr\/gigoteuse-9-36-mois\/808-gigoteuse-evolutive-9-36-mois-ete-balloons.html\"><img loading=\"lazy\" decoding=\"async\" width=\"500\" height=\"500\" data-src=\"https:\/\/www.lechoixdesbebes.com\/blog\/wp-content\/uploads\/2023\/06\/1-removebg-preview.png\" alt=\"Gigoteuse \u00e9volutive balloons - Tin\u00e9o\" class=\"wp-image-2459 lazyload\" data-srcset=\"https:\/\/www.lechoixdesbebes.com\/blog\/wp-content\/uploads\/2023\/06\/1-removebg-preview.png 500w, https:\/\/www.lechoixdesbebes.com\/blog\/wp-content\/uploads\/2023\/06\/1-removebg-preview-300x300.png 300w, https:\/\/www.lechoixdesbebes.com\/blog\/wp-content\/uploads\/2023\/06\/1-removebg-preview-150x150.png 150w, https:\/\/www.lechoixdesbebes.com\/blog\/wp-content\/uploads\/2023\/06\/1-removebg-preview-120x120.png 120w\" data-sizes=\"(max-width: 500px) 100vw, 500px\" src=\"data:image\/gif;base64,R0lGODlhAQABAAAAACH5BAEKAAEALAAAAAABAAEAAAICTAEAOw==\" style=\"--smush-placeholder-width: 500px; --smush-placeholder-aspect-ratio: 500\/500;\" \/><noscript><img loading=\"lazy\" decoding=\"async\" width=\"500\" height=\"500\" src=\"https:\/\/www.lechoixdesbebes.com\/blog\/wp-content\/uploads\/2023\/06\/1-removebg-preview.png\" alt=\"Gigoteuse \u00e9volutive balloons - Tin\u00e9o\" class=\"wp-image-2459\" srcset=\"https:\/\/www.lechoixdesbebes.com\/blog\/wp-content\/uploads\/2023\/06\/1-removebg-preview.png 500w, https:\/\/www.lechoixdesbebes.com\/blog\/wp-content\/uploads\/2023\/06\/1-removebg-preview-300x300.png 300w, https:\/\/www.lechoixdesbebes.com\/blog\/wp-content\/uploads\/2023\/06\/1-removebg-preview-150x150.png 150w, https:\/\/www.lechoixdesbebes.com\/blog\/wp-content\/uploads\/2023\/06\/1-removebg-preview-120x120.png 120w\" sizes=\"(max-width: 500px) 100vw, 500px\" \/><\/noscript><\/a><\/figure>\n\n\n\n<p class=\"has-text-align-center\" style=\"font-size:15px;line-height:1.5\"><strong>Gigoteuse \u00e9t\u00e9 &#8211; Balloons<\/strong><\/p>\n\n\n\n<div class=\"wp-block-buttons alignfull is-horizontal is-content-justification-center is-layout-flex wp-container-core-buttons-is-layout-4 wp-block-buttons-is-layout-flex\">\n<div class=\"wp-block-button has-custom-width wp-block-button__width-100 has-custom-font-size\" style=\"font-size:18px\"><a class=\"wp-block-button__link has-white-color has-cyan-bluish-gray-background-color has-text-color has-background wp-element-button\" href=\"https:\/\/www.lechoixdesbebes.com\/fr\/gigoteuse-9-36-mois\/808-gigoteuse-evolutive-9-36-mois-ete-balloons.html\" style=\"border-radius:50px\"><strong>D\u00e9couvrir<\/strong><\/a><\/div>\n<\/div>\n<\/div>\n<\/div>\n","protected":false},"excerpt":{"rendered":"<span class=\"rt-reading-time\" style=\"display: block;\"><span class=\"rt-label rt-prefix\">Temps de lecture\u00a0: <\/span> <span class=\"rt-time\">6<\/span> <span class=\"rt-label rt-postfix\">minutes<\/span><\/span> L&rsquo;\u00e9t\u00e9 pointe le bout de son nez et les fortes temp\u00e9ratures viennent accompagner cette saison. Si votre corps d&rsquo;adulte sait r\u00e9guler sa temp\u00e9rature ce n&rsquo;est pas encore le cas pour votre nouveau-n\u00e9. Pas d&rsquo;inqui\u00e9tude, notre \u00e9quipe vous conseille pour savoir comment habiller b\u00e9b\u00e9 en \u00e9t\u00e9 et pour adopter les bons gestes. \u00a0 Quels sont les&#8230; <a class=\"view-article\" href=\"https:\/\/www.lechoixdesbebes.com\/blog\/comment-habiller-bebe-en-ete\/\">View Article<\/a>","protected":false},"author":2,"featured_media":1622,"comment_status":"open","ping_status":"closed","sticky":false,"template":"","format":"standard","meta":{"footnotes":""},"categories":[2],"tags":[],"class_list":["post-1616","post","type-post","status-publish","format-standard","has-post-thumbnail","hentry","category-actualites"],"yoast_head":"<!-- This site is optimized with the Yoast SEO plugin v23.5 - https:\/\/yoast.com\/wordpress\/plugins\/seo\/ -->\n<title>Comment habiller b\u00e9b\u00e9 en \u00e9t\u00e9 ?<\/title>\n<meta name=\"description\" content=\"Les temp\u00e9ratures grimpent et vous vous demandez comment habiller votre b\u00e9b\u00e9 ? D\u00e9couvrez nos conseils pour pr\u00e9server b\u00e9b\u00e9 de la chaleur\" \/>\n<meta name=\"robots\" content=\"index, follow, max-snippet:-1, max-image-preview:large, max-video-preview:-1\" \/>\n<link rel=\"canonical\" href=\"https:\/\/www.lechoixdesbebes.com\/blog\/comment-habiller-bebe-en-ete\/\" \/>\n<meta property=\"og:locale\" content=\"fr_FR\" \/>\n<meta property=\"og:type\" content=\"article\" \/>\n<meta property=\"og:title\" content=\"Comment habiller b\u00e9b\u00e9 en \u00e9t\u00e9 ?\" \/>\n<meta property=\"og:description\" content=\"Les temp\u00e9ratures grimpent et vous vous demandez comment habiller votre b\u00e9b\u00e9 ? D\u00e9couvrez nos conseils pour pr\u00e9server b\u00e9b\u00e9 de la chaleur\" \/>\n<meta property=\"og:url\" content=\"https:\/\/www.lechoixdesbebes.com\/blog\/comment-habiller-bebe-en-ete\/\" \/>\n<meta property=\"og:site_name\" content=\"Actualit\u00e9 de la Pu\u00e9riculture : Blog le Choix des B\u00e9b\u00e9s\" \/>\n<meta property=\"article:publisher\" content=\"https:\/\/www.facebook.com\/Lechoixdesbebes\" \/>\n<meta property=\"article:published_time\" content=\"2023-06-22T14:04:01+00:00\" \/>\n<meta property=\"article:modified_time\" content=\"2025-05-05T13:31:40+00:00\" \/>\n<meta property=\"og:image\" content=\"https:\/\/www.lechoixdesbebes.com\/blog\/wp-content\/uploads\/2023\/06\/Sommeil.png\" \/>\n\t<meta property=\"og:image:width\" content=\"1280\" \/>\n\t<meta property=\"og:image:height\" content=\"720\" \/>\n\t<meta property=\"og:image:type\" content=\"image\/png\" \/>\n<meta name=\"author\" content=\"Le Choix Des B\u00e9b\u00e9s\" \/>\n<meta name=\"twitter:card\" content=\"summary_large_image\" \/>\n<meta name=\"twitter:label1\" content=\"\u00c9crit par\" \/>\n\t<meta name=\"twitter:data1\" content=\"Le Choix Des B\u00e9b\u00e9s\" \/>\n\t<meta name=\"twitter:label2\" content=\"Dur\u00e9e de lecture estim\u00e9e\" \/>\n\t<meta name=\"twitter:data2\" content=\"7 minutes\" \/>\n<script type=\"application\/ld+json\" class=\"yoast-schema-graph\">{\"@context\":\"https:\/\/schema.org\",\"@graph\":[{\"@type\":\"Article\",\"@id\":\"https:\/\/www.lechoixdesbebes.com\/blog\/comment-habiller-bebe-en-ete\/#article\",\"isPartOf\":{\"@id\":\"https:\/\/www.lechoixdesbebes.com\/blog\/comment-habiller-bebe-en-ete\/\"},\"author\":{\"name\":\"Le Choix Des B\u00e9b\u00e9s\",\"@id\":\"https:\/\/www.lechoixdesbebes.com\/blog\/#\/schema\/person\/296076ecd4371ded7a75a238703a0ad1\"},\"headline\":\"Comment habiller b\u00e9b\u00e9 en \u00e9t\u00e9 ?\",\"datePublished\":\"2023-06-22T14:04:01+00:00\",\"dateModified\":\"2025-05-05T13:31:40+00:00\",\"mainEntityOfPage\":{\"@id\":\"https:\/\/www.lechoixdesbebes.com\/blog\/comment-habiller-bebe-en-ete\/\"},\"wordCount\":1127,\"commentCount\":0,\"publisher\":{\"@id\":\"https:\/\/www.lechoixdesbebes.com\/blog\/#organization\"},\"image\":{\"@id\":\"https:\/\/www.lechoixdesbebes.com\/blog\/comment-habiller-bebe-en-ete\/#primaryimage\"},\"thumbnailUrl\":\"https:\/\/www.lechoixdesbebes.com\/blog\/wp-content\/uploads\/2023\/06\/Sommeil.png\",\"articleSection\":[\"Actualit\u00e9s\"],\"inLanguage\":\"fr-FR\",\"potentialAction\":[{\"@type\":\"CommentAction\",\"name\":\"Comment\",\"target\":[\"https:\/\/www.lechoixdesbebes.com\/blog\/comment-habiller-bebe-en-ete\/#respond\"]}]},{\"@type\":\"WebPage\",\"@id\":\"https:\/\/www.lechoixdesbebes.com\/blog\/comment-habiller-bebe-en-ete\/\",\"url\":\"https:\/\/www.lechoixdesbebes.com\/blog\/comment-habiller-bebe-en-ete\/\",\"name\":\"Comment habiller b\u00e9b\u00e9 en \u00e9t\u00e9 ?\",\"isPartOf\":{\"@id\":\"https:\/\/www.lechoixdesbebes.com\/blog\/#website\"},\"primaryImageOfPage\":{\"@id\":\"https:\/\/www.lechoixdesbebes.com\/blog\/comment-habiller-bebe-en-ete\/#primaryimage\"},\"image\":{\"@id\":\"https:\/\/www.lechoixdesbebes.com\/blog\/comment-habiller-bebe-en-ete\/#primaryimage\"},\"thumbnailUrl\":\"https:\/\/www.lechoixdesbebes.com\/blog\/wp-content\/uploads\/2023\/06\/Sommeil.png\",\"datePublished\":\"2023-06-22T14:04:01+00:00\",\"dateModified\":\"2025-05-05T13:31:40+00:00\",\"description\":\"Les temp\u00e9ratures grimpent et vous vous demandez comment habiller votre b\u00e9b\u00e9 ? D\u00e9couvrez nos conseils pour pr\u00e9server b\u00e9b\u00e9 de la chaleur\",\"breadcrumb\":{\"@id\":\"https:\/\/www.lechoixdesbebes.com\/blog\/comment-habiller-bebe-en-ete\/#breadcrumb\"},\"inLanguage\":\"fr-FR\",\"potentialAction\":[{\"@type\":\"ReadAction\",\"target\":[\"https:\/\/www.lechoixdesbebes.com\/blog\/comment-habiller-bebe-en-ete\/\"]}]},{\"@type\":\"ImageObject\",\"inLanguage\":\"fr-FR\",\"@id\":\"https:\/\/www.lechoixdesbebes.com\/blog\/comment-habiller-bebe-en-ete\/#primaryimage\",\"url\":\"https:\/\/www.lechoixdesbebes.com\/blog\/wp-content\/uploads\/2023\/06\/Sommeil.png\",\"contentUrl\":\"https:\/\/www.lechoixdesbebes.com\/blog\/wp-content\/uploads\/2023\/06\/Sommeil.png\",\"width\":1280,\"height\":720,\"caption\":\"Comment habiller b\u00e9b\u00e9 l'\u00e9t\u00e9\"},{\"@type\":\"BreadcrumbList\",\"@id\":\"https:\/\/www.lechoixdesbebes.com\/blog\/comment-habiller-bebe-en-ete\/#breadcrumb\",\"itemListElement\":[{\"@type\":\"ListItem\",\"position\":1,\"name\":\"Accueil\",\"item\":\"https:\/\/www.lechoixdesbebes.com\/blog\/\"},{\"@type\":\"ListItem\",\"position\":2,\"name\":\"Comment habiller b\u00e9b\u00e9 en \u00e9t\u00e9 ?\"}]},{\"@type\":\"WebSite\",\"@id\":\"https:\/\/www.lechoixdesbebes.com\/blog\/#website\",\"url\":\"https:\/\/www.lechoixdesbebes.com\/blog\/\",\"name\":\"Actualit\u00e9 de la Pu\u00e9riculture : Blog le Choix des B\u00e9b\u00e9s\",\"description\":\"Suivez nos conseils bien-\u00eatre pour un b\u00e9b\u00e9 heureux et des parents \u00e9panouis. Le Choix des b\u00e9b\u00e9s : sp\u00e9cialiste de la pu\u00e9riculture\",\"publisher\":{\"@id\":\"https:\/\/www.lechoixdesbebes.com\/blog\/#organization\"},\"potentialAction\":[{\"@type\":\"SearchAction\",\"target\":{\"@type\":\"EntryPoint\",\"urlTemplate\":\"https:\/\/www.lechoixdesbebes.com\/blog\/?s={search_term_string}\"},\"query-input\":{\"@type\":\"PropertyValueSpecification\",\"valueRequired\":true,\"valueName\":\"search_term_string\"}}],\"inLanguage\":\"fr-FR\"},{\"@type\":\"Organization\",\"@id\":\"https:\/\/www.lechoixdesbebes.com\/blog\/#organization\",\"name\":\"Le Choix Des B\u00e9b\u00e9s\",\"url\":\"https:\/\/www.lechoixdesbebes.com\/blog\/\",\"logo\":{\"@type\":\"ImageObject\",\"inLanguage\":\"fr-FR\",\"@id\":\"https:\/\/www.lechoixdesbebes.com\/blog\/#\/schema\/logo\/image\/\",\"url\":\"https:\/\/www.lechoixdesbebes.com\/blog\/wp-content\/uploads\/2021\/06\/Logo-MyShop-Cdiscount.jpg\",\"contentUrl\":\"https:\/\/www.lechoixdesbebes.com\/blog\/wp-content\/uploads\/2021\/06\/Logo-MyShop-Cdiscount.jpg\",\"width\":350,\"height\":80,\"caption\":\"Le Choix Des B\u00e9b\u00e9s\"},\"image\":{\"@id\":\"https:\/\/www.lechoixdesbebes.com\/blog\/#\/schema\/logo\/image\/\"},\"sameAs\":[\"https:\/\/www.facebook.com\/Lechoixdesbebes\"]},{\"@type\":\"Person\",\"@id\":\"https:\/\/www.lechoixdesbebes.com\/blog\/#\/schema\/person\/296076ecd4371ded7a75a238703a0ad1\",\"name\":\"Le Choix Des B\u00e9b\u00e9s\"}]}<\/script>\n<!-- \/ Yoast SEO plugin. -->","yoast_head_json":{"title":"Comment habiller b\u00e9b\u00e9 en \u00e9t\u00e9 ?","description":"Les temp\u00e9ratures grimpent et vous vous demandez comment habiller votre b\u00e9b\u00e9 ? D\u00e9couvrez nos conseils pour pr\u00e9server b\u00e9b\u00e9 de la chaleur","robots":{"index":"index","follow":"follow","max-snippet":"max-snippet:-1","max-image-preview":"max-image-preview:large","max-video-preview":"max-video-preview:-1"},"canonical":"https:\/\/www.lechoixdesbebes.com\/blog\/comment-habiller-bebe-en-ete\/","og_locale":"fr_FR","og_type":"article","og_title":"Comment habiller b\u00e9b\u00e9 en \u00e9t\u00e9 ?","og_description":"Les temp\u00e9ratures grimpent et vous vous demandez comment habiller votre b\u00e9b\u00e9 ? D\u00e9couvrez nos conseils pour pr\u00e9server b\u00e9b\u00e9 de la chaleur","og_url":"https:\/\/www.lechoixdesbebes.com\/blog\/comment-habiller-bebe-en-ete\/","og_site_name":"Actualit\u00e9 de la Pu\u00e9riculture : Blog le Choix des B\u00e9b\u00e9s","article_publisher":"https:\/\/www.facebook.com\/Lechoixdesbebes","article_published_time":"2023-06-22T14:04:01+00:00","article_modified_time":"2025-05-05T13:31:40+00:00","og_image":[{"width":1280,"height":720,"url":"https:\/\/www.lechoixdesbebes.com\/blog\/wp-content\/uploads\/2023\/06\/Sommeil.png","type":"image\/png"}],"author":"Le Choix Des B\u00e9b\u00e9s","twitter_card":"summary_large_image","twitter_misc":{"\u00c9crit par":"Le Choix Des B\u00e9b\u00e9s","Dur\u00e9e de lecture estim\u00e9e":"7 minutes"},"schema":{"@context":"https:\/\/schema.org","@graph":[{"@type":"Article","@id":"https:\/\/www.lechoixdesbebes.com\/blog\/comment-habiller-bebe-en-ete\/#article","isPartOf":{"@id":"https:\/\/www.lechoixdesbebes.com\/blog\/comment-habiller-bebe-en-ete\/"},"author":{"name":"Le Choix Des B\u00e9b\u00e9s","@id":"https:\/\/www.lechoixdesbebes.com\/blog\/#\/schema\/person\/296076ecd4371ded7a75a238703a0ad1"},"headline":"Comment habiller b\u00e9b\u00e9 en \u00e9t\u00e9 ?","datePublished":"2023-06-22T14:04:01+00:00","dateModified":"2025-05-05T13:31:40+00:00","mainEntityOfPage":{"@id":"https:\/\/www.lechoixdesbebes.com\/blog\/comment-habiller-bebe-en-ete\/"},"wordCount":1127,"commentCount":0,"publisher":{"@id":"https:\/\/www.lechoixdesbebes.com\/blog\/#organization"},"image":{"@id":"https:\/\/www.lechoixdesbebes.com\/blog\/comment-habiller-bebe-en-ete\/#primaryimage"},"thumbnailUrl":"https:\/\/www.lechoixdesbebes.com\/blog\/wp-content\/uploads\/2023\/06\/Sommeil.png","articleSection":["Actualit\u00e9s"],"inLanguage":"fr-FR","potentialAction":[{"@type":"CommentAction","name":"Comment","target":["https:\/\/www.lechoixdesbebes.com\/blog\/comment-habiller-bebe-en-ete\/#respond"]}]},{"@type":"WebPage","@id":"https:\/\/www.lechoixdesbebes.com\/blog\/comment-habiller-bebe-en-ete\/","url":"https:\/\/www.lechoixdesbebes.com\/blog\/comment-habiller-bebe-en-ete\/","name":"Comment habiller b\u00e9b\u00e9 en \u00e9t\u00e9 ?","isPartOf":{"@id":"https:\/\/www.lechoixdesbebes.com\/blog\/#website"},"primaryImageOfPage":{"@id":"https:\/\/www.lechoixdesbebes.com\/blog\/comment-habiller-bebe-en-ete\/#primaryimage"},"image":{"@id":"https:\/\/www.lechoixdesbebes.com\/blog\/comment-habiller-bebe-en-ete\/#primaryimage"},"thumbnailUrl":"https:\/\/www.lechoixdesbebes.com\/blog\/wp-content\/uploads\/2023\/06\/Sommeil.png","datePublished":"2023-06-22T14:04:01+00:00","dateModified":"2025-05-05T13:31:40+00:00","description":"Les temp\u00e9ratures grimpent et vous vous demandez comment habiller votre b\u00e9b\u00e9 ? D\u00e9couvrez nos conseils pour pr\u00e9server b\u00e9b\u00e9 de la chaleur","breadcrumb":{"@id":"https:\/\/www.lechoixdesbebes.com\/blog\/comment-habiller-bebe-en-ete\/#breadcrumb"},"inLanguage":"fr-FR","potentialAction":[{"@type":"ReadAction","target":["https:\/\/www.lechoixdesbebes.com\/blog\/comment-habiller-bebe-en-ete\/"]}]},{"@type":"ImageObject","inLanguage":"fr-FR","@id":"https:\/\/www.lechoixdesbebes.com\/blog\/comment-habiller-bebe-en-ete\/#primaryimage","url":"https:\/\/www.lechoixdesbebes.com\/blog\/wp-content\/uploads\/2023\/06\/Sommeil.png","contentUrl":"https:\/\/www.lechoixdesbebes.com\/blog\/wp-content\/uploads\/2023\/06\/Sommeil.png","width":1280,"height":720,"caption":"Comment habiller b\u00e9b\u00e9 l'\u00e9t\u00e9"},{"@type":"BreadcrumbList","@id":"https:\/\/www.lechoixdesbebes.com\/blog\/comment-habiller-bebe-en-ete\/#breadcrumb","itemListElement":[{"@type":"ListItem","position":1,"name":"Accueil","item":"https:\/\/www.lechoixdesbebes.com\/blog\/"},{"@type":"ListItem","position":2,"name":"Comment habiller b\u00e9b\u00e9 en \u00e9t\u00e9 ?"}]},{"@type":"WebSite","@id":"https:\/\/www.lechoixdesbebes.com\/blog\/#website","url":"https:\/\/www.lechoixdesbebes.com\/blog\/","name":"Actualit\u00e9 de la Pu\u00e9riculture : Blog le Choix des B\u00e9b\u00e9s","description":"Suivez nos conseils bien-\u00eatre pour un b\u00e9b\u00e9 heureux et des parents \u00e9panouis. Le Choix des b\u00e9b\u00e9s : sp\u00e9cialiste de la pu\u00e9riculture","publisher":{"@id":"https:\/\/www.lechoixdesbebes.com\/blog\/#organization"},"potentialAction":[{"@type":"SearchAction","target":{"@type":"EntryPoint","urlTemplate":"https:\/\/www.lechoixdesbebes.com\/blog\/?s={search_term_string}"},"query-input":{"@type":"PropertyValueSpecification","valueRequired":true,"valueName":"search_term_string"}}],"inLanguage":"fr-FR"},{"@type":"Organization","@id":"https:\/\/www.lechoixdesbebes.com\/blog\/#organization","name":"Le Choix Des B\u00e9b\u00e9s","url":"https:\/\/www.lechoixdesbebes.com\/blog\/","logo":{"@type":"ImageObject","inLanguage":"fr-FR","@id":"https:\/\/www.lechoixdesbebes.com\/blog\/#\/schema\/logo\/image\/","url":"https:\/\/www.lechoixdesbebes.com\/blog\/wp-content\/uploads\/2021\/06\/Logo-MyShop-Cdiscount.jpg","contentUrl":"https:\/\/www.lechoixdesbebes.com\/blog\/wp-content\/uploads\/2021\/06\/Logo-MyShop-Cdiscount.jpg","width":350,"height":80,"caption":"Le Choix Des B\u00e9b\u00e9s"},"image":{"@id":"https:\/\/www.lechoixdesbebes.com\/blog\/#\/schema\/logo\/image\/"},"sameAs":["https:\/\/www.facebook.com\/Lechoixdesbebes"]},{"@type":"Person","@id":"https:\/\/www.lechoixdesbebes.com\/blog\/#\/schema\/person\/296076ecd4371ded7a75a238703a0ad1","name":"Le Choix Des B\u00e9b\u00e9s"}]}},"_links":{"self":[{"href":"https:\/\/www.lechoixdesbebes.com\/blog\/wp-json\/wp\/v2\/posts\/1616"}],"collection":[{"href":"https:\/\/www.lechoixdesbebes.com\/blog\/wp-json\/wp\/v2\/posts"}],"about":[{"href":"https:\/\/www.lechoixdesbebes.com\/blog\/wp-json\/wp\/v2\/types\/post"}],"author":[{"embeddable":true,"href":"https:\/\/www.lechoixdesbebes.com\/blog\/wp-json\/wp\/v2\/users\/2"}],"replies":[{"embeddable":true,"href":"https:\/\/www.lechoixdesbebes.com\/blog\/wp-json\/wp\/v2\/comments?post=1616"}],"version-history":[{"count":6,"href":"https:\/\/www.lechoixdesbebes.com\/blog\/wp-json\/wp\/v2\/posts\/1616\/revisions"}],"predecessor-version":[{"id":2463,"href":"https:\/\/www.lechoixdesbebes.com\/blog\/wp-json\/wp\/v2\/posts\/1616\/revisions\/2463"}],"wp:featuredmedia":[{"embeddable":true,"href":"https:\/\/www.lechoixdesbebes.com\/blog\/wp-json\/wp\/v2\/media\/1622"}],"wp:attachment":[{"href":"https:\/\/www.lechoixdesbebes.com\/blog\/wp-json\/wp\/v2\/media?parent=1616"}],"wp:term":[{"taxonomy":"category","embeddable":true,"href":"https:\/\/www.lechoixdesbebes.com\/blog\/wp-json\/wp\/v2\/categories?post=1616"},{"taxonomy":"post_tag","embeddable":true,"href":"https:\/\/www.lechoixdesbebes.com\/blog\/wp-json\/wp\/v2\/tags?post=1616"}],"curies":[{"name":"wp","href":"https:\/\/api.w.org\/{rel}","templated":true}]}}