{"id":1718,"date":"2023-12-05T10:07:53","date_gmt":"2023-12-05T09:07:53","guid":{"rendered":"https:\/\/www.lechoixdesbebes.com\/blog\/?p=1718"},"modified":"2023-12-05T10:07:53","modified_gmt":"2023-12-05T09:07:53","slug":"plan-incline-bebe-nuits-sereines","status":"publish","type":"post","link":"https:\/\/www.lechoixdesbebes.com\/blog\/plan-incline-bebe-nuits-sereines\/","title":{"rendered":"Plan inclin\u00e9 b\u00e9b\u00e9 : pour des nuits sereines"},"content":{"rendered":"<span class=\"rt-reading-time\" style=\"display: block;\"><span class=\"rt-label rt-prefix\">Temps de lecture\u00a0: <\/span> <span class=\"rt-time\">6<\/span> <span class=\"rt-label rt-postfix\">minutes<\/span><\/span><p>Saviez-vous que le <strong>plan inclin\u00e9 b\u00e9b\u00e9<\/strong> peut am\u00e9liorer le sommeil de votre enfant d\u00e8s la naissance ? En effet, la<strong> position sur\u00e9lev\u00e9e<\/strong> permet une meilleure digestion et d\u00e9gage les voies respiratoires de votre nourrisson. Comment cela fonctionne et quelles sont les r\u00e8gles de s\u00e9curit\u00e9 \u00e0 respecter pour coucher b\u00e9b\u00e9, Le Choix des B\u00e9b\u00e9s vous dit tout !<\/p>\n<p>En effet, votre nouveau n\u00e9 va passer de nombreuses heures \u00e0 dormir durant les premi\u00e8res semaines de son existence (Jusqu&rsquo;\u00e0 20 heures par jour). C&rsquo;est pourquoi il est important de lui assurer un maximum de confort et de s\u00e9curit\u00e9.<\/p>\n<h2>Le sommeil du nourrisson<\/h2>\n<p>Une bonne qualit\u00e9 de sommeil est tr\u00e8s importante pour un b\u00e9b\u00e9 car il permet, notamment, la maturation du cerveau. En effet, bien dormir est un besoin fondamental de l&rsquo;enfant. Cela lui assure un bon d\u00e9veloppement physique, psychique et cognitif. Lorsque votre enfant dort, il assimile tout ce qu&rsquo;il a appris durant la journ\u00e9e.<\/p>\n<p>Croissance, apprentissage, gestion des \u00e9motions, renforcement du syst\u00e8me immunitaire sont autant d&rsquo;avantages qu&rsquo;offre une bonne qualit\u00e9 de sommeil.<\/p>\n<p>Chez les tout-petits, le <a href=\"https:\/\/www.ameli.fr\/val-d-oise\/assure\/sante\/themes\/troubles-sommeil-enfant\/sommeil-enfant-evolution-etapes\">sommeil<\/a> diff\u00e8re de celui des enfants plus \u00e2g\u00e9s. Chez les nouveau-n\u00e9s, une p\u00e9riode de sommeil compl\u00e8te dure entre 50 minutes et 1 heure. Ce cycle se compose d&rsquo;une phase agit\u00e9e suivie d&rsquo;une phase calme plus courte. Environ 50 \u00e0 60 % de la dur\u00e9e totale du sommeil du b\u00e9b\u00e9 est occup\u00e9e par la phase agit\u00e9e.<\/p>\n<p><a href=\"https:\/\/www.lechoixdesbebes.com\/fr\/13-sommeil\"><img loading=\"lazy\" decoding=\"async\" class=\"aligncenter wp-image-1729 size-full lazyload\" data-src=\"https:\/\/www.lechoixdesbebes.com\/blog\/wp-content\/uploads\/2023\/12\/plan-incline-bebe-cycle-sommeil.jpg\" alt=\"plan inclin\u00e9 b\u00e9b\u00e9 : le sommeil du nouveau n\u00e9\" width=\"700\" height=\"350\" data-srcset=\"https:\/\/www.lechoixdesbebes.com\/blog\/wp-content\/uploads\/2023\/12\/plan-incline-bebe-cycle-sommeil.jpg 700w, https:\/\/www.lechoixdesbebes.com\/blog\/wp-content\/uploads\/2023\/12\/plan-incline-bebe-cycle-sommeil-120x60.jpg 120w\" data-sizes=\"(max-width: 700px) 100vw, 700px\" src=\"data:image\/gif;base64,R0lGODlhAQABAAAAACH5BAEKAAEALAAAAAABAAEAAAICTAEAOw==\" style=\"--smush-placeholder-width: 700px; --smush-placeholder-aspect-ratio: 700\/350;\" \/><noscript><img loading=\"lazy\" decoding=\"async\" class=\"aligncenter wp-image-1729 size-full\" src=\"https:\/\/www.lechoixdesbebes.com\/blog\/wp-content\/uploads\/2023\/12\/plan-incline-bebe-cycle-sommeil.jpg\" alt=\"plan inclin\u00e9 b\u00e9b\u00e9 : le sommeil du nouveau n\u00e9\" width=\"700\" height=\"350\" srcset=\"https:\/\/www.lechoixdesbebes.com\/blog\/wp-content\/uploads\/2023\/12\/plan-incline-bebe-cycle-sommeil.jpg 700w, https:\/\/www.lechoixdesbebes.com\/blog\/wp-content\/uploads\/2023\/12\/plan-incline-bebe-cycle-sommeil-120x60.jpg 120w\" sizes=\"(max-width: 700px) 100vw, 700px\" \/><\/noscript><\/a><\/p>\n<p>De la naissance jusqu&rsquo;\u00e0 ses 3 mois environ, votre enfant va dormir jusqu&rsquo;\u00e0 20 heures par jour. A partir du quatri\u00e8me mois, il commence \u00e0 avoir des phases d&rsquo;\u00e9veil plus longues et dort g\u00e9n\u00e9ralement jusqu&rsquo;\u00e0 16 heures par jour. Par ailleurs, jusqu&rsquo;\u00e0 l&rsquo;\u00e2ge de trois ans, il est important pour b\u00e9b\u00e9 de dormir durant la journ\u00e9e. Pour cela, une sieste quotidienne d&rsquo;approximativement deux heures lui est n\u00e9cessaire.<\/p>\n<p>Pour <a href=\"https:\/\/www.lechoixdesbebes.com\/blog\/comment-aider-bebe-a-dormir\/\">aider b\u00e9b\u00e9 \u00e0 dormir<\/a>, vous pouvez utiliser plusieurs astuces :<\/p>\n<ul>\n<li>Mettre en place des routines<\/li>\n<li>Apprendre \u00e0 rep\u00e9rer les signes de fatigue<\/li>\n<li>Soulager ses troubles digestifs<\/li>\n<li>Lui offrir un confort optimal, qui le r\u00e9conforte et lui apporte la s\u00e9curit\u00e9 n\u00e9cessaire<\/li>\n<\/ul>\n<h2>Comment bien coucher un b\u00e9b\u00e9 ?<\/h2>\n<p>Les autorit\u00e9s de sant\u00e9 ont \u00e9tabli une liste de recommandation pour coucher un b\u00e9b\u00e9 en toute s\u00e9curit\u00e9 et ainsi r\u00e9duire le risque de mort subite du nourrisson.<\/p>\n<h3>Les recommandations officielles<\/h3>\n<p>D\u00e8s sa naissance, votre b\u00e9b\u00e9 doit dormir dans son propre lit, sur le dos, sur un <a href=\"https:\/\/www.lechoixdesbebes.com\/fr\/21-matelas-bebe\">matelas ferme<\/a> et dans une <a href=\"https:\/\/www.lechoixdesbebes.com\/fr\/13-sommeil?q=Cat%C3%A9gories-Gigoteuse-Linge+de+lit+b%C3%A9b%C3%A9\">gigoteuse<\/a>. Vous pouvez recouvrir le matelas de b\u00e9b\u00e9 d&rsquo;un drap housse bien fix\u00e9.<\/p>\n<p>En revanche, tour de lit, oreiller, couverture et couette sont \u00e0 proscrire ! Par ailleurs, n&rsquo;oubliez pas que votre canap\u00e9, vos fauteuils ou m\u00eame votre lit ne sont pas adapt\u00e9s pour le sommeil de votre nouveau n\u00e9.<\/p>\n<h3>Zoom sur le matelas de b\u00e9b\u00e9<\/h3>\n<p>Le matelas de votre b\u00e9b\u00e9 doit, avant tout, \u00eatre d&rsquo;une taille adapt\u00e9e \u00e0 son lit (pas de marge entre les barreaux et le matelas) et il doit proposer un accueil ferme.<\/p>\n<p>Votre <a href=\"https:\/\/www.lechoixdesbebes.com\/fr\/21-matelas-bebe\"><strong>matelas b\u00e9b\u00e9<\/strong><\/a> doit absolument \u00eatre conforme \u00e0 la norme NF EN 16890. Cette norme europ\u00e9enne \u00e9tablit les crit\u00e8res de s\u00e9curit\u00e9 et les proc\u00e9dures d&rsquo;\u00e9valuation \u00e0 respecter pour les matelas, les matelas-sommiers et les sur-matelas destin\u00e9s aux berceaux, lits \u00e0 nacelle, lits parapluie et lits b\u00e9b\u00e9, qu&rsquo;ils soient utilis\u00e9s \u00e0 des fins domestiques ou collectives.<\/p>\n<p>Id\u00e9alement, faites le choix d&rsquo;un matelas fabriqu\u00e9 en France ou, \u00e0 d\u00e9faut, en Europe. N&rsquo;h\u00e9sitez pas \u00e0 choisir un matelas naturel et bien ventil\u00e9.<\/p>\n<p><a href=\"https:\/\/www.lechoixdesbebes.com\/fr\/21-matelas-bebe\"><img loading=\"lazy\" decoding=\"async\" class=\"aligncenter wp-image-1731 size-full lazyload\" data-src=\"https:\/\/www.lechoixdesbebes.com\/blog\/wp-content\/uploads\/2023\/12\/plan-incline-bebe-matelas.jpg\" alt=\"matelas b\u00e9b\u00e9 candide\" width=\"700\" height=\"350\" data-srcset=\"https:\/\/www.lechoixdesbebes.com\/blog\/wp-content\/uploads\/2023\/12\/plan-incline-bebe-matelas.jpg 700w, https:\/\/www.lechoixdesbebes.com\/blog\/wp-content\/uploads\/2023\/12\/plan-incline-bebe-matelas-120x60.jpg 120w\" data-sizes=\"(max-width: 700px) 100vw, 700px\" src=\"data:image\/gif;base64,R0lGODlhAQABAAAAACH5BAEKAAEALAAAAAABAAEAAAICTAEAOw==\" style=\"--smush-placeholder-width: 700px; --smush-placeholder-aspect-ratio: 700\/350;\" \/><noscript><img loading=\"lazy\" decoding=\"async\" class=\"aligncenter wp-image-1731 size-full\" src=\"https:\/\/www.lechoixdesbebes.com\/blog\/wp-content\/uploads\/2023\/12\/plan-incline-bebe-matelas.jpg\" alt=\"matelas b\u00e9b\u00e9 candide\" width=\"700\" height=\"350\" srcset=\"https:\/\/www.lechoixdesbebes.com\/blog\/wp-content\/uploads\/2023\/12\/plan-incline-bebe-matelas.jpg 700w, https:\/\/www.lechoixdesbebes.com\/blog\/wp-content\/uploads\/2023\/12\/plan-incline-bebe-matelas-120x60.jpg 120w\" sizes=\"(max-width: 700px) 100vw, 700px\" \/><\/noscript><\/a><\/p>\n<h2>Pourquoi utiliser un plan inclin\u00e9 b\u00e9b\u00e9 ?<\/h2>\n<p>L&rsquo;utilisation d&rsquo;un plan inclin\u00e9 b\u00e9b\u00e9 est souvent recommand\u00e9e pour plusieurs raisons. Premi\u00e8rement, cela peut aider \u00e0 am\u00e9liorer le confort digestif de votre b\u00e9b\u00e9. En effet, l&rsquo;inclinaison permet de maintenir le contenu de l&rsquo;estomac vers le bas, r\u00e9duisant ainsi les r\u00e9gurgitations.<\/p>\n<p>De plus, l&rsquo;inclinaison peut faciliter la respiration du b\u00e9b\u00e9. En positionnant la t\u00eate l\u00e9g\u00e8rement plus haute que le reste du corps, cela peut contribuer \u00e0 d\u00e9gager les voies respiratoires, ce qui est particuli\u00e8rement important pour les nourrissons qui peuvent avoir des voies nasales relativement \u00e9troites.<\/p>\n<h3>Faciliter la digestion<\/h3>\n<p>La digestion de votre nourrisson est influenc\u00e9e par divers facteurs comme la fr\u00e9quence de ses repas, le lait qu&rsquo;il boit ou encore sa position lors de la t\u00e9t\u00e9e. Il n&rsquo;est pas rare de constater que les tout-petits souffrent de troubles digestifs et des r\u00e9gurgitations. Le fait de sur\u00e9lever la t\u00eate par rapport au reste du corps, aide \u00e0 maintenir les aliments dans son estomac, r\u00e9duisant ainsi, le risque de r\u00e9gurgitation. Il est d&rsquo;ailleurs recommand\u00e9, pour les nourrissons ayant tendance \u00e0 r\u00e9gurgiter, de les maintenir en position verticale durant 15 minutes apr\u00e8s chaque t\u00e9t\u00e9e.<\/p>\n<h3>Plan inclin\u00e9 pour lit b\u00e9b\u00e9 : D\u00e9gager les voies respiratoires<\/h3>\n<div class=\"flex flex-grow flex-col max-w-full\">\n<div class=\"min-h-[20px] text-message flex flex-col items-start gap-3 whitespace-pre-wrap break-words [.text-message+&amp;]:mt-5 overflow-x-auto\" data-message-author-role=\"assistant\" data-message-id=\"47e291e7-77ee-48cf-b4d6-9dae2075fd98\">\n<div class=\"markdown prose w-full break-words dark:prose-invert light\">\n<p>L&rsquo;inclinaison du matelas de b\u00e9b\u00e9 peut contribuer \u00e0 d\u00e9gager les voies respiratoires de plusieurs mani\u00e8res. En effet, lorsque la t\u00eate du b\u00e9b\u00e9 est l\u00e9g\u00e8rement sur\u00e9lev\u00e9e par rapport au reste du corps, cela aide \u00e0 emp\u00eacher les s\u00e9cr\u00e9tions nasales de s&rsquo;accumuler dans les voies respiratoires sup\u00e9rieures.<\/p>\n<p>De plus, une l\u00e9g\u00e8re inclinaison peut favoriser une meilleure circulation de l&rsquo;air dans les voies respiratoires, facilitant ainsi la respiration. Cela peut \u00eatre b\u00e9n\u00e9fique, notamment en cas de rhumes l\u00e9gers ou d&rsquo;autres probl\u00e8mes respiratoires temporaires chez les b\u00e9b\u00e9s.<\/p>\n<p><a href=\"https:\/\/www.lechoixdesbebes.com\/fr\/63-plan-incline-bebe\"><img loading=\"lazy\" decoding=\"async\" class=\"aligncenter wp-image-1734 size-full lazyload\" data-src=\"https:\/\/www.lechoixdesbebes.com\/blog\/wp-content\/uploads\/2023\/12\/plan-incline-bebe-inclinaison.jpg\" alt=\"plan inclin\u00e9 pour d\u00e9gager les voies respiratoires\" width=\"700\" height=\"350\" data-srcset=\"https:\/\/www.lechoixdesbebes.com\/blog\/wp-content\/uploads\/2023\/12\/plan-incline-bebe-inclinaison.jpg 700w, https:\/\/www.lechoixdesbebes.com\/blog\/wp-content\/uploads\/2023\/12\/plan-incline-bebe-inclinaison-120x60.jpg 120w\" data-sizes=\"(max-width: 700px) 100vw, 700px\" src=\"data:image\/gif;base64,R0lGODlhAQABAAAAACH5BAEKAAEALAAAAAABAAEAAAICTAEAOw==\" style=\"--smush-placeholder-width: 700px; --smush-placeholder-aspect-ratio: 700\/350;\" \/><noscript><img loading=\"lazy\" decoding=\"async\" class=\"aligncenter wp-image-1734 size-full\" src=\"https:\/\/www.lechoixdesbebes.com\/blog\/wp-content\/uploads\/2023\/12\/plan-incline-bebe-inclinaison.jpg\" alt=\"plan inclin\u00e9 pour d\u00e9gager les voies respiratoires\" width=\"700\" height=\"350\" srcset=\"https:\/\/www.lechoixdesbebes.com\/blog\/wp-content\/uploads\/2023\/12\/plan-incline-bebe-inclinaison.jpg 700w, https:\/\/www.lechoixdesbebes.com\/blog\/wp-content\/uploads\/2023\/12\/plan-incline-bebe-inclinaison-120x60.jpg 120w\" sizes=\"(max-width: 700px) 100vw, 700px\" \/><\/noscript><\/a><\/p>\n<\/div>\n<\/div>\n<\/div>\n<p>Cependant, il est essentiel de noter que l&rsquo;inclinaison doit \u00eatre mod\u00e9r\u00e9e et qu&rsquo;il est crucial de suivre les recommandations de s\u00e9curit\u00e9 sp\u00e9cifiques. En cas de doute, consultez un professionnel de sant\u00e9 avant d&rsquo;utiliser un plan inclin\u00e9. En effet, une inclinaison excessive peut pr\u00e9senter des risques.<\/p>\n<h2>Quel plan inclin\u00e9 b\u00e9b\u00e9 choisir ?<\/h2>\n<p>Lorsque le temps est venu de choisir votre plan inclin\u00e9 b\u00e9b\u00e9, il est important de vous concentrer sur les \u00e9l\u00e9ments s\u00e9curitaires de ce dernier. En effet, <strong>son inclinaison doit \u00eatre de 10\u00b0<\/strong> afin de respecter les recommandations des experts du secteur. Les plans inclin\u00e9s proposant des degr\u00e9s d&rsquo;inclinaison sup\u00e9rieurs ne sont pas adapt\u00e9s pour le sommeil de b\u00e9b\u00e9. Ils peuvent toutefois \u00eatre utilis\u00e9s pour am\u00e9liorer le bien-\u00eatre de votre b\u00e9b\u00e9 durant ses phases d&rsquo;\u00e9veil.<\/p>\n<p>Par ailleurs, ses dimensions doivent \u00eatre adapt\u00e9es au lit de votre nourrisson et il doit proposer une densit\u00e9 suffisante afin d&rsquo;\u00eatre bien ferme : 20 kg\/m3 id\u00e9alement.<\/p>\n<p>Nous vous conseillons par ailleurs de le choisir d\u00e9houssable pour une meilleure hygi\u00e8ne. Enfin, l&rsquo;utilisation d&rsquo;une housse en maille 3D offre une meilleure circulation de l&rsquo;air, limite la transpiration et am\u00e9liore le sommeil.<\/p>\n<p><a href=\"https:\/\/www.lechoixdesbebes.com\/fr\/63-plan-incline-bebe\"><img loading=\"lazy\" decoding=\"async\" class=\"aligncenter wp-image-1742 size-full lazyload\" data-src=\"https:\/\/www.lechoixdesbebes.com\/blog\/wp-content\/uploads\/2023\/12\/plan-incline-bebe-candide.jpg\" alt=\"plan inclin\u00e9 bebe candide\" width=\"700\" height=\"350\" data-srcset=\"https:\/\/www.lechoixdesbebes.com\/blog\/wp-content\/uploads\/2023\/12\/plan-incline-bebe-candide.jpg 700w, https:\/\/www.lechoixdesbebes.com\/blog\/wp-content\/uploads\/2023\/12\/plan-incline-bebe-candide-120x60.jpg 120w\" data-sizes=\"(max-width: 700px) 100vw, 700px\" src=\"data:image\/gif;base64,R0lGODlhAQABAAAAACH5BAEKAAEALAAAAAABAAEAAAICTAEAOw==\" style=\"--smush-placeholder-width: 700px; --smush-placeholder-aspect-ratio: 700\/350;\" \/><noscript><img loading=\"lazy\" decoding=\"async\" class=\"aligncenter wp-image-1742 size-full\" src=\"https:\/\/www.lechoixdesbebes.com\/blog\/wp-content\/uploads\/2023\/12\/plan-incline-bebe-candide.jpg\" alt=\"plan inclin\u00e9 bebe candide\" width=\"700\" height=\"350\" srcset=\"https:\/\/www.lechoixdesbebes.com\/blog\/wp-content\/uploads\/2023\/12\/plan-incline-bebe-candide.jpg 700w, https:\/\/www.lechoixdesbebes.com\/blog\/wp-content\/uploads\/2023\/12\/plan-incline-bebe-candide-120x60.jpg 120w\" sizes=\"(max-width: 700px) 100vw, 700px\" \/><\/noscript><\/a><\/p>\n","protected":false},"excerpt":{"rendered":"<span class=\"rt-reading-time\" style=\"display: block;\"><span class=\"rt-label rt-prefix\">Temps de lecture\u00a0: <\/span> <span class=\"rt-time\">6<\/span> <span class=\"rt-label rt-postfix\">minutes<\/span><\/span> Saviez-vous que le plan inclin\u00e9 b\u00e9b\u00e9 peut am\u00e9liorer le sommeil de votre enfant d\u00e8s la naissance ? En effet, la position sur\u00e9lev\u00e9e permet une meilleure digestion et d\u00e9gage les voies respiratoires de votre nourrisson. Comment cela fonctionne et quelles sont les r\u00e8gles de s\u00e9curit\u00e9 \u00e0 respecter pour coucher b\u00e9b\u00e9, Le Choix des B\u00e9b\u00e9s vous dit&#8230; <a class=\"view-article\" href=\"https:\/\/www.lechoixdesbebes.com\/blog\/plan-incline-bebe-nuits-sereines\/\">View Article<\/a>","protected":false},"author":2,"featured_media":1744,"comment_status":"open","ping_status":"closed","sticky":false,"template":"","format":"standard","meta":{"footnotes":""},"categories":[28],"tags":[],"class_list":["post-1718","post","type-post","status-publish","format-standard","has-post-thumbnail","hentry","category-astuces-avec-bebe"],"yoast_head":"<!-- This site is optimized with the Yoast SEO plugin v23.5 - https:\/\/yoast.com\/wordpress\/plugins\/seo\/ -->\n<title>Plan inclin\u00e9 b\u00e9b\u00e9 : pour des nuits sereines<\/title>\n<meta name=\"description\" content=\"Le plan inclin\u00e9 b\u00e9b\u00e9 peut am\u00e9liorer le sommeil de votre enfant : il offre une meilleure digestion et des voies respiratoires d\u00e9gag\u00e9es.\" \/>\n<meta name=\"robots\" content=\"index, follow, max-snippet:-1, max-image-preview:large, max-video-preview:-1\" \/>\n<link rel=\"canonical\" href=\"https:\/\/www.lechoixdesbebes.com\/blog\/plan-incline-bebe-nuits-sereines\/\" \/>\n<meta property=\"og:locale\" content=\"fr_FR\" \/>\n<meta property=\"og:type\" content=\"article\" \/>\n<meta property=\"og:title\" content=\"Plan inclin\u00e9 b\u00e9b\u00e9 : pour des nuits sereines\" \/>\n<meta property=\"og:description\" content=\"Le plan inclin\u00e9 b\u00e9b\u00e9 peut am\u00e9liorer le sommeil de votre enfant : il offre une meilleure digestion et des voies respiratoires d\u00e9gag\u00e9es.\" \/>\n<meta property=\"og:url\" content=\"https:\/\/www.lechoixdesbebes.com\/blog\/plan-incline-bebe-nuits-sereines\/\" \/>\n<meta property=\"og:site_name\" content=\"Actualit\u00e9 de la Pu\u00e9riculture : Blog le Choix des B\u00e9b\u00e9s\" \/>\n<meta property=\"article:publisher\" content=\"https:\/\/www.facebook.com\/Lechoixdesbebes\" \/>\n<meta property=\"article:published_time\" content=\"2023-12-05T09:07:53+00:00\" \/>\n<meta property=\"og:image\" content=\"https:\/\/www.lechoixdesbebes.com\/blog\/wp-content\/uploads\/2023\/12\/plan-incline-bebe.jpg\" \/>\n\t<meta property=\"og:image:width\" content=\"1370\" \/>\n\t<meta property=\"og:image:height\" content=\"914\" \/>\n\t<meta property=\"og:image:type\" content=\"image\/jpeg\" \/>\n<meta name=\"author\" content=\"Le Choix Des B\u00e9b\u00e9s\" \/>\n<meta name=\"twitter:card\" content=\"summary_large_image\" \/>\n<meta name=\"twitter:label1\" content=\"\u00c9crit par\" \/>\n\t<meta name=\"twitter:data1\" content=\"Le Choix Des B\u00e9b\u00e9s\" \/>\n\t<meta name=\"twitter:label2\" content=\"Dur\u00e9e de lecture estim\u00e9e\" \/>\n\t<meta name=\"twitter:data2\" content=\"7 minutes\" \/>\n<script type=\"application\/ld+json\" class=\"yoast-schema-graph\">{\"@context\":\"https:\/\/schema.org\",\"@graph\":[{\"@type\":\"Article\",\"@id\":\"https:\/\/www.lechoixdesbebes.com\/blog\/plan-incline-bebe-nuits-sereines\/#article\",\"isPartOf\":{\"@id\":\"https:\/\/www.lechoixdesbebes.com\/blog\/plan-incline-bebe-nuits-sereines\/\"},\"author\":{\"name\":\"Le Choix Des B\u00e9b\u00e9s\",\"@id\":\"https:\/\/www.lechoixdesbebes.com\/blog\/#\/schema\/person\/296076ecd4371ded7a75a238703a0ad1\"},\"headline\":\"Plan inclin\u00e9 b\u00e9b\u00e9 : pour des nuits sereines\",\"datePublished\":\"2023-12-05T09:07:53+00:00\",\"dateModified\":\"2023-12-05T09:07:53+00:00\",\"mainEntityOfPage\":{\"@id\":\"https:\/\/www.lechoixdesbebes.com\/blog\/plan-incline-bebe-nuits-sereines\/\"},\"wordCount\":1135,\"commentCount\":0,\"publisher\":{\"@id\":\"https:\/\/www.lechoixdesbebes.com\/blog\/#organization\"},\"image\":{\"@id\":\"https:\/\/www.lechoixdesbebes.com\/blog\/plan-incline-bebe-nuits-sereines\/#primaryimage\"},\"thumbnailUrl\":\"https:\/\/www.lechoixdesbebes.com\/blog\/wp-content\/uploads\/2023\/12\/plan-incline-bebe.jpg\",\"articleSection\":[\"Astuces avec b\u00e9b\u00e9\"],\"inLanguage\":\"fr-FR\",\"potentialAction\":[{\"@type\":\"CommentAction\",\"name\":\"Comment\",\"target\":[\"https:\/\/www.lechoixdesbebes.com\/blog\/plan-incline-bebe-nuits-sereines\/#respond\"]}]},{\"@type\":\"WebPage\",\"@id\":\"https:\/\/www.lechoixdesbebes.com\/blog\/plan-incline-bebe-nuits-sereines\/\",\"url\":\"https:\/\/www.lechoixdesbebes.com\/blog\/plan-incline-bebe-nuits-sereines\/\",\"name\":\"Plan inclin\u00e9 b\u00e9b\u00e9 : pour des nuits sereines\",\"isPartOf\":{\"@id\":\"https:\/\/www.lechoixdesbebes.com\/blog\/#website\"},\"primaryImageOfPage\":{\"@id\":\"https:\/\/www.lechoixdesbebes.com\/blog\/plan-incline-bebe-nuits-sereines\/#primaryimage\"},\"image\":{\"@id\":\"https:\/\/www.lechoixdesbebes.com\/blog\/plan-incline-bebe-nuits-sereines\/#primaryimage\"},\"thumbnailUrl\":\"https:\/\/www.lechoixdesbebes.com\/blog\/wp-content\/uploads\/2023\/12\/plan-incline-bebe.jpg\",\"datePublished\":\"2023-12-05T09:07:53+00:00\",\"dateModified\":\"2023-12-05T09:07:53+00:00\",\"description\":\"Le plan inclin\u00e9 b\u00e9b\u00e9 peut am\u00e9liorer le sommeil de votre enfant : il offre une meilleure digestion et des voies respiratoires d\u00e9gag\u00e9es.\",\"breadcrumb\":{\"@id\":\"https:\/\/www.lechoixdesbebes.com\/blog\/plan-incline-bebe-nuits-sereines\/#breadcrumb\"},\"inLanguage\":\"fr-FR\",\"potentialAction\":[{\"@type\":\"ReadAction\",\"target\":[\"https:\/\/www.lechoixdesbebes.com\/blog\/plan-incline-bebe-nuits-sereines\/\"]}]},{\"@type\":\"ImageObject\",\"inLanguage\":\"fr-FR\",\"@id\":\"https:\/\/www.lechoixdesbebes.com\/blog\/plan-incline-bebe-nuits-sereines\/#primaryimage\",\"url\":\"https:\/\/www.lechoixdesbebes.com\/blog\/wp-content\/uploads\/2023\/12\/plan-incline-bebe.jpg\",\"contentUrl\":\"https:\/\/www.lechoixdesbebes.com\/blog\/wp-content\/uploads\/2023\/12\/plan-incline-bebe.jpg\",\"width\":1370,\"height\":914,\"caption\":\"plan inclin\u00e9 b\u00e9b\u00e9 : pour des nuits sereines\"},{\"@type\":\"BreadcrumbList\",\"@id\":\"https:\/\/www.lechoixdesbebes.com\/blog\/plan-incline-bebe-nuits-sereines\/#breadcrumb\",\"itemListElement\":[{\"@type\":\"ListItem\",\"position\":1,\"name\":\"Accueil\",\"item\":\"https:\/\/www.lechoixdesbebes.com\/blog\/\"},{\"@type\":\"ListItem\",\"position\":2,\"name\":\"Plan inclin\u00e9 b\u00e9b\u00e9 : pour des nuits sereines\"}]},{\"@type\":\"WebSite\",\"@id\":\"https:\/\/www.lechoixdesbebes.com\/blog\/#website\",\"url\":\"https:\/\/www.lechoixdesbebes.com\/blog\/\",\"name\":\"Actualit\u00e9 de la Pu\u00e9riculture : Blog le Choix des B\u00e9b\u00e9s\",\"description\":\"Suivez nos conseils bien-\u00eatre pour un b\u00e9b\u00e9 heureux et des parents \u00e9panouis. Le Choix des b\u00e9b\u00e9s : sp\u00e9cialiste de la pu\u00e9riculture\",\"publisher\":{\"@id\":\"https:\/\/www.lechoixdesbebes.com\/blog\/#organization\"},\"potentialAction\":[{\"@type\":\"SearchAction\",\"target\":{\"@type\":\"EntryPoint\",\"urlTemplate\":\"https:\/\/www.lechoixdesbebes.com\/blog\/?s={search_term_string}\"},\"query-input\":{\"@type\":\"PropertyValueSpecification\",\"valueRequired\":true,\"valueName\":\"search_term_string\"}}],\"inLanguage\":\"fr-FR\"},{\"@type\":\"Organization\",\"@id\":\"https:\/\/www.lechoixdesbebes.com\/blog\/#organization\",\"name\":\"Le Choix Des B\u00e9b\u00e9s\",\"url\":\"https:\/\/www.lechoixdesbebes.com\/blog\/\",\"logo\":{\"@type\":\"ImageObject\",\"inLanguage\":\"fr-FR\",\"@id\":\"https:\/\/www.lechoixdesbebes.com\/blog\/#\/schema\/logo\/image\/\",\"url\":\"https:\/\/www.lechoixdesbebes.com\/blog\/wp-content\/uploads\/2021\/06\/Logo-MyShop-Cdiscount.jpg\",\"contentUrl\":\"https:\/\/www.lechoixdesbebes.com\/blog\/wp-content\/uploads\/2021\/06\/Logo-MyShop-Cdiscount.jpg\",\"width\":350,\"height\":80,\"caption\":\"Le Choix Des B\u00e9b\u00e9s\"},\"image\":{\"@id\":\"https:\/\/www.lechoixdesbebes.com\/blog\/#\/schema\/logo\/image\/\"},\"sameAs\":[\"https:\/\/www.facebook.com\/Lechoixdesbebes\"]},{\"@type\":\"Person\",\"@id\":\"https:\/\/www.lechoixdesbebes.com\/blog\/#\/schema\/person\/296076ecd4371ded7a75a238703a0ad1\",\"name\":\"Le Choix Des B\u00e9b\u00e9s\"}]}<\/script>\n<!-- \/ Yoast SEO plugin. -->","yoast_head_json":{"title":"Plan inclin\u00e9 b\u00e9b\u00e9 : pour des nuits sereines","description":"Le plan inclin\u00e9 b\u00e9b\u00e9 peut am\u00e9liorer le sommeil de votre enfant : il offre une meilleure digestion et des voies respiratoires d\u00e9gag\u00e9es.","robots":{"index":"index","follow":"follow","max-snippet":"max-snippet:-1","max-image-preview":"max-image-preview:large","max-video-preview":"max-video-preview:-1"},"canonical":"https:\/\/www.lechoixdesbebes.com\/blog\/plan-incline-bebe-nuits-sereines\/","og_locale":"fr_FR","og_type":"article","og_title":"Plan inclin\u00e9 b\u00e9b\u00e9 : pour des nuits sereines","og_description":"Le plan inclin\u00e9 b\u00e9b\u00e9 peut am\u00e9liorer le sommeil de votre enfant : il offre une meilleure digestion et des voies respiratoires d\u00e9gag\u00e9es.","og_url":"https:\/\/www.lechoixdesbebes.com\/blog\/plan-incline-bebe-nuits-sereines\/","og_site_name":"Actualit\u00e9 de la Pu\u00e9riculture : Blog le Choix des B\u00e9b\u00e9s","article_publisher":"https:\/\/www.facebook.com\/Lechoixdesbebes","article_published_time":"2023-12-05T09:07:53+00:00","og_image":[{"width":1370,"height":914,"url":"https:\/\/www.lechoixdesbebes.com\/blog\/wp-content\/uploads\/2023\/12\/plan-incline-bebe.jpg","type":"image\/jpeg"}],"author":"Le Choix Des B\u00e9b\u00e9s","twitter_card":"summary_large_image","twitter_misc":{"\u00c9crit par":"Le Choix Des B\u00e9b\u00e9s","Dur\u00e9e de lecture estim\u00e9e":"7 minutes"},"schema":{"@context":"https:\/\/schema.org","@graph":[{"@type":"Article","@id":"https:\/\/www.lechoixdesbebes.com\/blog\/plan-incline-bebe-nuits-sereines\/#article","isPartOf":{"@id":"https:\/\/www.lechoixdesbebes.com\/blog\/plan-incline-bebe-nuits-sereines\/"},"author":{"name":"Le Choix Des B\u00e9b\u00e9s","@id":"https:\/\/www.lechoixdesbebes.com\/blog\/#\/schema\/person\/296076ecd4371ded7a75a238703a0ad1"},"headline":"Plan inclin\u00e9 b\u00e9b\u00e9 : pour des nuits sereines","datePublished":"2023-12-05T09:07:53+00:00","dateModified":"2023-12-05T09:07:53+00:00","mainEntityOfPage":{"@id":"https:\/\/www.lechoixdesbebes.com\/blog\/plan-incline-bebe-nuits-sereines\/"},"wordCount":1135,"commentCount":0,"publisher":{"@id":"https:\/\/www.lechoixdesbebes.com\/blog\/#organization"},"image":{"@id":"https:\/\/www.lechoixdesbebes.com\/blog\/plan-incline-bebe-nuits-sereines\/#primaryimage"},"thumbnailUrl":"https:\/\/www.lechoixdesbebes.com\/blog\/wp-content\/uploads\/2023\/12\/plan-incline-bebe.jpg","articleSection":["Astuces avec b\u00e9b\u00e9"],"inLanguage":"fr-FR","potentialAction":[{"@type":"CommentAction","name":"Comment","target":["https:\/\/www.lechoixdesbebes.com\/blog\/plan-incline-bebe-nuits-sereines\/#respond"]}]},{"@type":"WebPage","@id":"https:\/\/www.lechoixdesbebes.com\/blog\/plan-incline-bebe-nuits-sereines\/","url":"https:\/\/www.lechoixdesbebes.com\/blog\/plan-incline-bebe-nuits-sereines\/","name":"Plan inclin\u00e9 b\u00e9b\u00e9 : pour des nuits sereines","isPartOf":{"@id":"https:\/\/www.lechoixdesbebes.com\/blog\/#website"},"primaryImageOfPage":{"@id":"https:\/\/www.lechoixdesbebes.com\/blog\/plan-incline-bebe-nuits-sereines\/#primaryimage"},"image":{"@id":"https:\/\/www.lechoixdesbebes.com\/blog\/plan-incline-bebe-nuits-sereines\/#primaryimage"},"thumbnailUrl":"https:\/\/www.lechoixdesbebes.com\/blog\/wp-content\/uploads\/2023\/12\/plan-incline-bebe.jpg","datePublished":"2023-12-05T09:07:53+00:00","dateModified":"2023-12-05T09:07:53+00:00","description":"Le plan inclin\u00e9 b\u00e9b\u00e9 peut am\u00e9liorer le sommeil de votre enfant : il offre une meilleure digestion et des voies respiratoires d\u00e9gag\u00e9es.","breadcrumb":{"@id":"https:\/\/www.lechoixdesbebes.com\/blog\/plan-incline-bebe-nuits-sereines\/#breadcrumb"},"inLanguage":"fr-FR","potentialAction":[{"@type":"ReadAction","target":["https:\/\/www.lechoixdesbebes.com\/blog\/plan-incline-bebe-nuits-sereines\/"]}]},{"@type":"ImageObject","inLanguage":"fr-FR","@id":"https:\/\/www.lechoixdesbebes.com\/blog\/plan-incline-bebe-nuits-sereines\/#primaryimage","url":"https:\/\/www.lechoixdesbebes.com\/blog\/wp-content\/uploads\/2023\/12\/plan-incline-bebe.jpg","contentUrl":"https:\/\/www.lechoixdesbebes.com\/blog\/wp-content\/uploads\/2023\/12\/plan-incline-bebe.jpg","width":1370,"height":914,"caption":"plan inclin\u00e9 b\u00e9b\u00e9 : pour des nuits sereines"},{"@type":"BreadcrumbList","@id":"https:\/\/www.lechoixdesbebes.com\/blog\/plan-incline-bebe-nuits-sereines\/#breadcrumb","itemListElement":[{"@type":"ListItem","position":1,"name":"Accueil","item":"https:\/\/www.lechoixdesbebes.com\/blog\/"},{"@type":"ListItem","position":2,"name":"Plan inclin\u00e9 b\u00e9b\u00e9 : pour des nuits sereines"}]},{"@type":"WebSite","@id":"https:\/\/www.lechoixdesbebes.com\/blog\/#website","url":"https:\/\/www.lechoixdesbebes.com\/blog\/","name":"Actualit\u00e9 de la Pu\u00e9riculture : Blog le Choix des B\u00e9b\u00e9s","description":"Suivez nos conseils bien-\u00eatre pour un b\u00e9b\u00e9 heureux et des parents \u00e9panouis. Le Choix des b\u00e9b\u00e9s : sp\u00e9cialiste de la pu\u00e9riculture","publisher":{"@id":"https:\/\/www.lechoixdesbebes.com\/blog\/#organization"},"potentialAction":[{"@type":"SearchAction","target":{"@type":"EntryPoint","urlTemplate":"https:\/\/www.lechoixdesbebes.com\/blog\/?s={search_term_string}"},"query-input":{"@type":"PropertyValueSpecification","valueRequired":true,"valueName":"search_term_string"}}],"inLanguage":"fr-FR"},{"@type":"Organization","@id":"https:\/\/www.lechoixdesbebes.com\/blog\/#organization","name":"Le Choix Des B\u00e9b\u00e9s","url":"https:\/\/www.lechoixdesbebes.com\/blog\/","logo":{"@type":"ImageObject","inLanguage":"fr-FR","@id":"https:\/\/www.lechoixdesbebes.com\/blog\/#\/schema\/logo\/image\/","url":"https:\/\/www.lechoixdesbebes.com\/blog\/wp-content\/uploads\/2021\/06\/Logo-MyShop-Cdiscount.jpg","contentUrl":"https:\/\/www.lechoixdesbebes.com\/blog\/wp-content\/uploads\/2021\/06\/Logo-MyShop-Cdiscount.jpg","width":350,"height":80,"caption":"Le Choix Des B\u00e9b\u00e9s"},"image":{"@id":"https:\/\/www.lechoixdesbebes.com\/blog\/#\/schema\/logo\/image\/"},"sameAs":["https:\/\/www.facebook.com\/Lechoixdesbebes"]},{"@type":"Person","@id":"https:\/\/www.lechoixdesbebes.com\/blog\/#\/schema\/person\/296076ecd4371ded7a75a238703a0ad1","name":"Le Choix Des B\u00e9b\u00e9s"}]}},"_links":{"self":[{"href":"https:\/\/www.lechoixdesbebes.com\/blog\/wp-json\/wp\/v2\/posts\/1718"}],"collection":[{"href":"https:\/\/www.lechoixdesbebes.com\/blog\/wp-json\/wp\/v2\/posts"}],"about":[{"href":"https:\/\/www.lechoixdesbebes.com\/blog\/wp-json\/wp\/v2\/types\/post"}],"author":[{"embeddable":true,"href":"https:\/\/www.lechoixdesbebes.com\/blog\/wp-json\/wp\/v2\/users\/2"}],"replies":[{"embeddable":true,"href":"https:\/\/www.lechoixdesbebes.com\/blog\/wp-json\/wp\/v2\/comments?post=1718"}],"version-history":[{"count":28,"href":"https:\/\/www.lechoixdesbebes.com\/blog\/wp-json\/wp\/v2\/posts\/1718\/revisions"}],"predecessor-version":[{"id":1751,"href":"https:\/\/www.lechoixdesbebes.com\/blog\/wp-json\/wp\/v2\/posts\/1718\/revisions\/1751"}],"wp:featuredmedia":[{"embeddable":true,"href":"https:\/\/www.lechoixdesbebes.com\/blog\/wp-json\/wp\/v2\/media\/1744"}],"wp:attachment":[{"href":"https:\/\/www.lechoixdesbebes.com\/blog\/wp-json\/wp\/v2\/media?parent=1718"}],"wp:term":[{"taxonomy":"category","embeddable":true,"href":"https:\/\/www.lechoixdesbebes.com\/blog\/wp-json\/wp\/v2\/categories?post=1718"},{"taxonomy":"post_tag","embeddable":true,"href":"https:\/\/www.lechoixdesbebes.com\/blog\/wp-json\/wp\/v2\/tags?post=1718"}],"curies":[{"name":"wp","href":"https:\/\/api.w.org\/{rel}","templated":true}]}}