{"id":191,"date":"2021-04-21T16:59:19","date_gmt":"2021-04-21T14:59:19","guid":{"rendered":"https:\/\/www.lechoixdesbebes.com\/blog\/?p=191"},"modified":"2025-01-22T10:07:53","modified_gmt":"2025-01-22T09:07:53","slug":"comment-candide-tineo-combelle-soutiennent-la-fabrication-francaise","status":"publish","type":"post","link":"https:\/\/www.lechoixdesbebes.com\/blog\/comment-candide-tineo-combelle-soutiennent-la-fabrication-francaise\/","title":{"rendered":"Candide et Tin\u00e9o, des marques made in france"},"content":{"rendered":"<span class=\"rt-reading-time\" style=\"display: block;\"><span class=\"rt-label rt-prefix\">Temps de lecture\u00a0: <\/span> <span class=\"rt-time\">5<\/span> <span class=\"rt-label rt-postfix\">minutes<\/span><\/span><p>Les French Days de printemps arrivent \u00e0 grand pas, le groupe Candide Baby Group a d\u00e9cid\u00e9 de promouvoir ces produits issus de la fabrication fran\u00e7aise sur le site <a href=\"https:\/\/www.lechoixdesbebes.com\/fr\/\">lechoixdesbebes.com<\/a> pendant cette p\u00e9riode de promotion. Vous souhaitez en savoir plus sur les French Days\u00a0? Savoir ce que c\u2019est v\u00e9ritablement\u00a0? Et comment le groupe soutient la fabrication fran\u00e7aise\u00a0pendant cette p\u00e9riode et le reste de l\u2019ann\u00e9e ? Vous trouverez toutes les r\u00e9ponses dans cet article.<\/p>\n<h2><strong>Que sont les French Days\u00a0?<\/strong><\/h2>\n<p>Lanc\u00e9s en mars 2018, les French Days ont pour objectif de soutenir et relancer le e-commerce fran\u00e7ais et donc, ces produits tricolores (mais pas seulement), tout ceci en dehors des p\u00e9riodes des soldes. Cet \u00e9v\u00e9nement est une v\u00e9ritable alternative \u00e0 son \u00e9quivalent am\u00e9ricain, les \u00ab\u00a0Black Friday\u00a0\u00bb.<\/p>\n<p>Il va reprendre les m\u00eames codes : des promotions \u00e0 des prix imbattables. Les participants \u00e0 cette action promettent des rabais sur des produits divers et vari\u00e9s. Certaines offres ne sont disponibles que pendant quelques heures, ou jusqu\u2019\u00e0 l\u2019\u00e9puisement des stocks, et non sur toute la dur\u00e9e des cinq \u00e0 six jours initialement annonc\u00e9s. Alors, soyez \u00e0 l\u2019aff\u00fbt !<\/p>\n<p>La premi\u00e8re \u00e9dition a connu un tel succ\u00e8s aupr\u00e8s des consommateurs que les French Days proposent, \u00e0 pr\u00e9sent, deux p\u00e9riodes de promotions : une fois au d\u00e9but du printemps et l\u2019autre, aux premiers jours de l\u2019automne. Pour cette \u00e9dition du printemps 2021, elles auront lieu \u00e0 partir du <em>28 avril au 4 mai 2021<\/em>, soit six jours pour faire le plein de bonnes affaires.<\/p>\n<h2><strong>Comment Candide Baby Group d\u00e9cide de soutenir la fabrication fran\u00e7aise ?<\/strong><\/h2>\n<p><strong><br \/><\/strong>Depuis plus de quarante ans, le groupe Candide Baby Group (Candide et Tin\u00e9o) est devenu un expert sur le march\u00e9 de la pu\u00e9riculture. Ces marques fran\u00e7aises ont d\u00e9cid\u00e9 de tout mettre en \u0153uvre pour appliquer son savoir-faire en proposant des produits con\u00e7us et\/ou fabriqu\u00e9s en France. Pour prendre soin de b\u00e9b\u00e9 et vous faciliter la vie au quotidien, le groupe \u00e0 d\u00e9cid\u00e9 de vous proposer un ensemble de produits innovants.<\/p>\n<h3><u>La naissance de Candide et Tin\u00e9o<\/u><\/h3>\n<p>Candide pointe le bout de son nez en 1948 et s\u2019installe dans la commune fran\u00e7aise d\u2019Angers en 1959, ville d\u2019art et d&rsquo;histoire. L\u2019aventure est men\u00e9e par une quarantaine de passionn\u00e9s qui donnent vie \u00e0 leurs id\u00e9es et leurs savoir-faire. Ensemble, toutes ces personnes ont un int\u00e9r\u00eat commun : apporter du r\u00eave, du confort et une s\u00e9curit\u00e9 \u00e0 nos enfants.<\/p>\n<p>En 1996, la marque P\u2019tit Dodo rejoindra les m\u00eames locaux que Candide. C\u2019est en 2011 que P\u2019tit Dodo devient Tin\u00e9o, cette enseigne a pour ambition de d\u00e9velopper des produits ludiques, malins et pratiques.<\/p>\n<div style=\"font-size: 10px; text-align: center;\">\n<figure id=\"attachment_201\" aria-describedby=\"caption-attachment-201\" style=\"width: 650px\" class=\"wp-caption aligncenter\"><img loading=\"lazy\" decoding=\"async\" class=\"wp-image-201 lazyload\" title=\"Fabrication fran\u00e7aise d'un matelas b\u00e9b\u00e9\" data-src=\"https:\/\/www.lechoixdesbebes.com\/blog\/wp-content\/uploads\/2021\/04\/MATELAS-CANDIDE-MADE-IN-FRANCE-2-300x300.jpg\" alt=\"Fabrication fran\u00e7aise d'un matelas b\u00e9b\u00e9\" width=\"650\" height=\"507\" data-srcset=\"https:\/\/www.lechoixdesbebes.com\/blog\/wp-content\/uploads\/2021\/04\/MATELAS-CANDIDE-MADE-IN-FRANCE-2-768x599.jpg 768w, https:\/\/www.lechoixdesbebes.com\/blog\/wp-content\/uploads\/2021\/04\/MATELAS-CANDIDE-MADE-IN-FRANCE-2-1536x1198.jpg 1536w, https:\/\/www.lechoixdesbebes.com\/blog\/wp-content\/uploads\/2021\/04\/MATELAS-CANDIDE-MADE-IN-FRANCE-2-2048x1597.jpg 2048w, https:\/\/www.lechoixdesbebes.com\/blog\/wp-content\/uploads\/2021\/04\/MATELAS-CANDIDE-MADE-IN-FRANCE-2-120x94.jpg 120w\" data-sizes=\"(max-width: 650px) 100vw, 650px\" src=\"data:image\/gif;base64,R0lGODlhAQABAAAAACH5BAEKAAEALAAAAAABAAEAAAICTAEAOw==\" style=\"--smush-placeholder-width: 650px; --smush-placeholder-aspect-ratio: 650\/507;\" \/><noscript><img loading=\"lazy\" decoding=\"async\" class=\"wp-image-201\" title=\"Fabrication fran\u00e7aise d'un matelas b\u00e9b\u00e9\" src=\"https:\/\/www.lechoixdesbebes.com\/blog\/wp-content\/uploads\/2021\/04\/MATELAS-CANDIDE-MADE-IN-FRANCE-2-300x300.jpg\" alt=\"Fabrication fran\u00e7aise d'un matelas b\u00e9b\u00e9\" width=\"650\" height=\"507\" srcset=\"https:\/\/www.lechoixdesbebes.com\/blog\/wp-content\/uploads\/2021\/04\/MATELAS-CANDIDE-MADE-IN-FRANCE-2-768x599.jpg 768w, https:\/\/www.lechoixdesbebes.com\/blog\/wp-content\/uploads\/2021\/04\/MATELAS-CANDIDE-MADE-IN-FRANCE-2-1536x1198.jpg 1536w, https:\/\/www.lechoixdesbebes.com\/blog\/wp-content\/uploads\/2021\/04\/MATELAS-CANDIDE-MADE-IN-FRANCE-2-2048x1597.jpg 2048w, https:\/\/www.lechoixdesbebes.com\/blog\/wp-content\/uploads\/2021\/04\/MATELAS-CANDIDE-MADE-IN-FRANCE-2-120x94.jpg 120w\" sizes=\"(max-width: 650px) 100vw, 650px\" \/><\/noscript><figcaption id=\"caption-attachment-201\" class=\"wp-caption-text\">Fabrication de matelas b\u00e9b\u00e9 dans notre atelier \u00e0 Angers<\/figcaption><\/figure>\n<\/div>\n<h3><u>Une conception 100% fran\u00e7aise de nos produits<\/u><\/h3>\n<p>Sur l\u2019ensemble des marques du groupe Candide Baby Group, le design et la conception de tous nos produits sont orchestr\u00e9s par toute une \u00e9quipe, qui a \u00e0 c\u0153ur de r\u00e9pondre aux besoins et au bien-\u00eatre de b\u00e9b\u00e9 et des parents.<\/p>\n<p>Toutes les nouvelles id\u00e9es commencent \u00e0 \u00e9merger gr\u00e2ce \u00e0 la cr\u00e9ativit\u00e9 de notre styliste install\u00e9 dans nos bureaux, \u00e0 Angers. Le processus de cr\u00e9ation fran\u00e7ais se d\u00e9veloppe ensuite avec la r\u00e9alisation des patronages, puis des prototypes test\u00e9s et approuv\u00e9s par la totalit\u00e9 de l\u2019\u00e9quipe. Une fois toutes ces \u00e9tapes valid\u00e9es, les nouveaux articles de pu\u00e9riculture peuvent enfin \u00eatre fabriqu\u00e9s et propos\u00e9s \u00e0 nos clients dans notre catalogue.<\/p>\n<h3><u>Une fabrication fran\u00e7aise produite en partie par des personnes en situation de handicap<\/u><\/h3>\n<p>Il est important de valoriser le savoir-faire fran\u00e7ais chez Candide Baby Group, mais ce n\u2019est pas le seul point sur lequel nous apportons une attention. Non loin des locaux de l\u2019entreprise, pr\u00e8s d\u2019Angers, \u00e0 Sainte-Gemmes-sur-Loire, se trouve d\u2019autres petites mains qui aide \u00e0 la confection de nos produits.<\/p>\n<p>Gr\u00e2ce \u00e0 l\u2019association CAT du Bord de Loire, des personnes en situation de handicap n\u2019ayant pas acquis suffisamment d\u2019autonomie pour travailler en milieu ordinaire peuvent exercer une activit\u00e9 dans un milieu prot\u00e9g\u00e9. Candide Baby Group fait partie des entreprises qui collaborent avec cette association. Le groupe permet ainsi de reconna\u00eetre la r\u00e9elle qualit\u00e9 d\u2019un travailleur handicap\u00e9 et de lui faire exercer une activit\u00e9 professionnelle.<\/p>\n<h3><u>Fabriqu\u00e9 fran\u00e7ais de mani\u00e8re \u00e9cologique et \u00e9co-responsable<\/u><\/h3>\n<p>Pour innover davantage ces produits sur le march\u00e9 de la pu\u00e9riculture, le groupe Candide Baby Group a d\u00e9cid\u00e9 de soutenir des initiatives pour am\u00e9liorer son empreinte \u00e9cologique et apporter une attention toute particuli\u00e8re \u00e0 l\u2019environnement.<\/p>\n<p>Les matelas Candide, se parent de tissus et de rembourrages aux vertus \u00e9cologiques et naturelles. Deux matelas de la gamme Green propose ces avantages :<\/p>\n<ul>\n<li><a href=\"https:\/\/www.lechoixdesbebes.com\/fr\/matelas-bebe-60x120cm\/723-matelas-bebe-candide-zen-dehoussable-120.html\">Le matelas Zen<\/a>\u00a0: il est parfait pour les b\u00e9b\u00e9s avec la peau sensible. Son coutil contient de la viscose de <em>bambou<\/em>, cela procurera \u00e0 b\u00e9b\u00e9 une agr\u00e9able sensation de fra\u00eecheur.<\/li>\n<li><a href=\"https:\/\/www.lechoixdesbebes.com\/fr\/matelas-bebe-60x120cm\/644-matelas-bebe-60x120cm-aloe-vera-dehoussable-360.html\">Le matelas <em>Alo\u00e9 Vera<\/em><\/a>\u00a0: cette plante est reconnue pour ses propri\u00e9t\u00e9s antibact\u00e9riennes, anti-allerg\u00e8nes et apaisantes. Cette mati\u00e8re respectera \u00e9galement la peau fragile de b\u00e9b\u00e9.<\/li>\n<\/ul>\n<h2><strong>Lechoixdesbebes.com vous propose des produits fabriqu\u00e9s en France en r\u00e9duction pour les FrenchDays<\/strong><\/h2>\n<p>Vous souhaitez \u00e0 votre tour soutenir des entreprises locales et fran\u00e7aises ? Sur notre site <a href=\"https:\/\/www.lechoixdesbebes.com\/fr\/\">lechoixdesbebes.com<\/a>, vous avez acc\u00e8s \u00e0 tout le catalogue du groupe Candide Baby Group. Pendant les French Days du printemps, nous avons d\u00e9cid\u00e9 de vous proposer nos produits tricolores \u00e0 prix r\u00e9duits.<\/p>\n\n\n<p><\/p>\n","protected":false},"excerpt":{"rendered":"<span class=\"rt-reading-time\" style=\"display: block;\"><span class=\"rt-label rt-prefix\">Temps de lecture\u00a0: <\/span> <span class=\"rt-time\">5<\/span> <span class=\"rt-label rt-postfix\">minutes<\/span><\/span> Les French Days de printemps arrivent \u00e0 grand pas, le groupe Candide Baby Group a d\u00e9cid\u00e9 de promouvoir ces produits issus de la fabrication fran\u00e7aise sur le site lechoixdesbebes.com pendant cette p\u00e9riode de promotion. Vous souhaitez en savoir plus sur les French Days\u00a0? Savoir ce que c\u2019est v\u00e9ritablement\u00a0? Et comment le groupe soutient la fabrication&#8230; <a class=\"view-article\" href=\"https:\/\/www.lechoixdesbebes.com\/blog\/comment-candide-tineo-combelle-soutiennent-la-fabrication-francaise\/\">View Article<\/a>","protected":false},"author":2,"featured_media":1555,"comment_status":"open","ping_status":"open","sticky":false,"template":"","format":"standard","meta":{"footnotes":""},"categories":[2],"tags":[],"class_list":["post-191","post","type-post","status-publish","format-standard","has-post-thumbnail","hentry","category-actualites"],"yoast_head":"<!-- This site is optimized with the Yoast SEO plugin v23.5 - https:\/\/yoast.com\/wordpress\/plugins\/seo\/ -->\n<title>Candide et Tin\u00e9o, des marques made in france<\/title>\n<meta name=\"description\" content=\"Pendant les French Days mais aussi pendant tout le reste de l&#039;ann\u00e9e, Candide Baby Group soutient la fabrication fran\u00e7aise. D\u00e9couvrez comment.\" \/>\n<meta name=\"robots\" content=\"index, follow, max-snippet:-1, max-image-preview:large, max-video-preview:-1\" \/>\n<link rel=\"canonical\" href=\"https:\/\/www.lechoixdesbebes.com\/blog\/comment-candide-tineo-combelle-soutiennent-la-fabrication-francaise\/\" \/>\n<meta property=\"og:locale\" content=\"fr_FR\" \/>\n<meta property=\"og:type\" content=\"article\" \/>\n<meta property=\"og:title\" content=\"Candide et Tin\u00e9o, des marques made in france\" \/>\n<meta property=\"og:description\" content=\"Pendant les French Days mais aussi pendant tout le reste de l&#039;ann\u00e9e, Candide Baby Group soutient la fabrication fran\u00e7aise. D\u00e9couvrez comment.\" \/>\n<meta property=\"og:url\" content=\"https:\/\/www.lechoixdesbebes.com\/blog\/comment-candide-tineo-combelle-soutiennent-la-fabrication-francaise\/\" \/>\n<meta property=\"og:site_name\" content=\"Actualit\u00e9 de la Pu\u00e9riculture : Blog le Choix des B\u00e9b\u00e9s\" \/>\n<meta property=\"article:publisher\" content=\"https:\/\/www.facebook.com\/Lechoixdesbebes\" \/>\n<meta property=\"article:published_time\" content=\"2021-04-21T14:59:19+00:00\" \/>\n<meta property=\"article:modified_time\" content=\"2025-01-22T09:07:53+00:00\" \/>\n<meta property=\"og:image\" content=\"https:\/\/www.lechoixdesbebes.com\/blog\/wp-content\/uploads\/2021\/04\/Habiller-bebe-automne-4.jpg\" \/>\n\t<meta property=\"og:image:width\" content=\"2240\" \/>\n\t<meta property=\"og:image:height\" content=\"1260\" \/>\n\t<meta property=\"og:image:type\" content=\"image\/jpeg\" \/>\n<meta name=\"author\" content=\"Le Choix Des B\u00e9b\u00e9s\" \/>\n<meta name=\"twitter:card\" content=\"summary_large_image\" \/>\n<meta name=\"twitter:label1\" content=\"\u00c9crit par\" \/>\n\t<meta name=\"twitter:data1\" content=\"Le Choix Des B\u00e9b\u00e9s\" \/>\n\t<meta name=\"twitter:label2\" content=\"Dur\u00e9e de lecture estim\u00e9e\" \/>\n\t<meta name=\"twitter:data2\" content=\"5 minutes\" \/>\n<script type=\"application\/ld+json\" class=\"yoast-schema-graph\">{\"@context\":\"https:\/\/schema.org\",\"@graph\":[{\"@type\":\"Article\",\"@id\":\"https:\/\/www.lechoixdesbebes.com\/blog\/comment-candide-tineo-combelle-soutiennent-la-fabrication-francaise\/#article\",\"isPartOf\":{\"@id\":\"https:\/\/www.lechoixdesbebes.com\/blog\/comment-candide-tineo-combelle-soutiennent-la-fabrication-francaise\/\"},\"author\":{\"name\":\"Le Choix Des B\u00e9b\u00e9s\",\"@id\":\"https:\/\/www.lechoixdesbebes.com\/blog\/#\/schema\/person\/296076ecd4371ded7a75a238703a0ad1\"},\"headline\":\"Candide et Tin\u00e9o, des marques made in france\",\"datePublished\":\"2021-04-21T14:59:19+00:00\",\"dateModified\":\"2025-01-22T09:07:53+00:00\",\"mainEntityOfPage\":{\"@id\":\"https:\/\/www.lechoixdesbebes.com\/blog\/comment-candide-tineo-combelle-soutiennent-la-fabrication-francaise\/\"},\"wordCount\":952,\"commentCount\":0,\"publisher\":{\"@id\":\"https:\/\/www.lechoixdesbebes.com\/blog\/#organization\"},\"image\":{\"@id\":\"https:\/\/www.lechoixdesbebes.com\/blog\/comment-candide-tineo-combelle-soutiennent-la-fabrication-francaise\/#primaryimage\"},\"thumbnailUrl\":\"https:\/\/www.lechoixdesbebes.com\/blog\/wp-content\/uploads\/2021\/04\/Habiller-bebe-automne-4.jpg\",\"articleSection\":[\"Actualit\u00e9s\"],\"inLanguage\":\"fr-FR\",\"potentialAction\":[{\"@type\":\"CommentAction\",\"name\":\"Comment\",\"target\":[\"https:\/\/www.lechoixdesbebes.com\/blog\/comment-candide-tineo-combelle-soutiennent-la-fabrication-francaise\/#respond\"]}]},{\"@type\":\"WebPage\",\"@id\":\"https:\/\/www.lechoixdesbebes.com\/blog\/comment-candide-tineo-combelle-soutiennent-la-fabrication-francaise\/\",\"url\":\"https:\/\/www.lechoixdesbebes.com\/blog\/comment-candide-tineo-combelle-soutiennent-la-fabrication-francaise\/\",\"name\":\"Candide et Tin\u00e9o, des marques made in france\",\"isPartOf\":{\"@id\":\"https:\/\/www.lechoixdesbebes.com\/blog\/#website\"},\"primaryImageOfPage\":{\"@id\":\"https:\/\/www.lechoixdesbebes.com\/blog\/comment-candide-tineo-combelle-soutiennent-la-fabrication-francaise\/#primaryimage\"},\"image\":{\"@id\":\"https:\/\/www.lechoixdesbebes.com\/blog\/comment-candide-tineo-combelle-soutiennent-la-fabrication-francaise\/#primaryimage\"},\"thumbnailUrl\":\"https:\/\/www.lechoixdesbebes.com\/blog\/wp-content\/uploads\/2021\/04\/Habiller-bebe-automne-4.jpg\",\"datePublished\":\"2021-04-21T14:59:19+00:00\",\"dateModified\":\"2025-01-22T09:07:53+00:00\",\"description\":\"Pendant les French Days mais aussi pendant tout le reste de l'ann\u00e9e, Candide Baby Group soutient la fabrication fran\u00e7aise. D\u00e9couvrez comment.\",\"breadcrumb\":{\"@id\":\"https:\/\/www.lechoixdesbebes.com\/blog\/comment-candide-tineo-combelle-soutiennent-la-fabrication-francaise\/#breadcrumb\"},\"inLanguage\":\"fr-FR\",\"potentialAction\":[{\"@type\":\"ReadAction\",\"target\":[\"https:\/\/www.lechoixdesbebes.com\/blog\/comment-candide-tineo-combelle-soutiennent-la-fabrication-francaise\/\"]}]},{\"@type\":\"ImageObject\",\"inLanguage\":\"fr-FR\",\"@id\":\"https:\/\/www.lechoixdesbebes.com\/blog\/comment-candide-tineo-combelle-soutiennent-la-fabrication-francaise\/#primaryimage\",\"url\":\"https:\/\/www.lechoixdesbebes.com\/blog\/wp-content\/uploads\/2021\/04\/Habiller-bebe-automne-4.jpg\",\"contentUrl\":\"https:\/\/www.lechoixdesbebes.com\/blog\/wp-content\/uploads\/2021\/04\/Habiller-bebe-automne-4.jpg\",\"width\":2240,\"height\":1260,\"caption\":\"Candide, Tin\u00e9o, Combelle, des marques made in france\"},{\"@type\":\"BreadcrumbList\",\"@id\":\"https:\/\/www.lechoixdesbebes.com\/blog\/comment-candide-tineo-combelle-soutiennent-la-fabrication-francaise\/#breadcrumb\",\"itemListElement\":[{\"@type\":\"ListItem\",\"position\":1,\"name\":\"Accueil\",\"item\":\"https:\/\/www.lechoixdesbebes.com\/blog\/\"},{\"@type\":\"ListItem\",\"position\":2,\"name\":\"Candide et Tin\u00e9o, des marques made in france\"}]},{\"@type\":\"WebSite\",\"@id\":\"https:\/\/www.lechoixdesbebes.com\/blog\/#website\",\"url\":\"https:\/\/www.lechoixdesbebes.com\/blog\/\",\"name\":\"Actualit\u00e9 de la Pu\u00e9riculture : Blog le Choix des B\u00e9b\u00e9s\",\"description\":\"Suivez nos conseils bien-\u00eatre pour un b\u00e9b\u00e9 heureux et des parents \u00e9panouis. Le Choix des b\u00e9b\u00e9s : sp\u00e9cialiste de la pu\u00e9riculture\",\"publisher\":{\"@id\":\"https:\/\/www.lechoixdesbebes.com\/blog\/#organization\"},\"potentialAction\":[{\"@type\":\"SearchAction\",\"target\":{\"@type\":\"EntryPoint\",\"urlTemplate\":\"https:\/\/www.lechoixdesbebes.com\/blog\/?s={search_term_string}\"},\"query-input\":{\"@type\":\"PropertyValueSpecification\",\"valueRequired\":true,\"valueName\":\"search_term_string\"}}],\"inLanguage\":\"fr-FR\"},{\"@type\":\"Organization\",\"@id\":\"https:\/\/www.lechoixdesbebes.com\/blog\/#organization\",\"name\":\"Le Choix Des B\u00e9b\u00e9s\",\"url\":\"https:\/\/www.lechoixdesbebes.com\/blog\/\",\"logo\":{\"@type\":\"ImageObject\",\"inLanguage\":\"fr-FR\",\"@id\":\"https:\/\/www.lechoixdesbebes.com\/blog\/#\/schema\/logo\/image\/\",\"url\":\"https:\/\/www.lechoixdesbebes.com\/blog\/wp-content\/uploads\/2021\/06\/Logo-MyShop-Cdiscount.jpg\",\"contentUrl\":\"https:\/\/www.lechoixdesbebes.com\/blog\/wp-content\/uploads\/2021\/06\/Logo-MyShop-Cdiscount.jpg\",\"width\":350,\"height\":80,\"caption\":\"Le Choix Des B\u00e9b\u00e9s\"},\"image\":{\"@id\":\"https:\/\/www.lechoixdesbebes.com\/blog\/#\/schema\/logo\/image\/\"},\"sameAs\":[\"https:\/\/www.facebook.com\/Lechoixdesbebes\"]},{\"@type\":\"Person\",\"@id\":\"https:\/\/www.lechoixdesbebes.com\/blog\/#\/schema\/person\/296076ecd4371ded7a75a238703a0ad1\",\"name\":\"Le Choix Des B\u00e9b\u00e9s\"}]}<\/script>\n<!-- \/ Yoast SEO plugin. -->","yoast_head_json":{"title":"Candide et Tin\u00e9o, des marques made in france","description":"Pendant les French Days mais aussi pendant tout le reste de l'ann\u00e9e, Candide Baby Group soutient la fabrication fran\u00e7aise. D\u00e9couvrez comment.","robots":{"index":"index","follow":"follow","max-snippet":"max-snippet:-1","max-image-preview":"max-image-preview:large","max-video-preview":"max-video-preview:-1"},"canonical":"https:\/\/www.lechoixdesbebes.com\/blog\/comment-candide-tineo-combelle-soutiennent-la-fabrication-francaise\/","og_locale":"fr_FR","og_type":"article","og_title":"Candide et Tin\u00e9o, des marques made in france","og_description":"Pendant les French Days mais aussi pendant tout le reste de l'ann\u00e9e, Candide Baby Group soutient la fabrication fran\u00e7aise. D\u00e9couvrez comment.","og_url":"https:\/\/www.lechoixdesbebes.com\/blog\/comment-candide-tineo-combelle-soutiennent-la-fabrication-francaise\/","og_site_name":"Actualit\u00e9 de la Pu\u00e9riculture : Blog le Choix des B\u00e9b\u00e9s","article_publisher":"https:\/\/www.facebook.com\/Lechoixdesbebes","article_published_time":"2021-04-21T14:59:19+00:00","article_modified_time":"2025-01-22T09:07:53+00:00","og_image":[{"width":2240,"height":1260,"url":"https:\/\/www.lechoixdesbebes.com\/blog\/wp-content\/uploads\/2021\/04\/Habiller-bebe-automne-4.jpg","type":"image\/jpeg"}],"author":"Le Choix Des B\u00e9b\u00e9s","twitter_card":"summary_large_image","twitter_misc":{"\u00c9crit par":"Le Choix Des B\u00e9b\u00e9s","Dur\u00e9e de lecture estim\u00e9e":"5 minutes"},"schema":{"@context":"https:\/\/schema.org","@graph":[{"@type":"Article","@id":"https:\/\/www.lechoixdesbebes.com\/blog\/comment-candide-tineo-combelle-soutiennent-la-fabrication-francaise\/#article","isPartOf":{"@id":"https:\/\/www.lechoixdesbebes.com\/blog\/comment-candide-tineo-combelle-soutiennent-la-fabrication-francaise\/"},"author":{"name":"Le Choix Des B\u00e9b\u00e9s","@id":"https:\/\/www.lechoixdesbebes.com\/blog\/#\/schema\/person\/296076ecd4371ded7a75a238703a0ad1"},"headline":"Candide et Tin\u00e9o, des marques made in france","datePublished":"2021-04-21T14:59:19+00:00","dateModified":"2025-01-22T09:07:53+00:00","mainEntityOfPage":{"@id":"https:\/\/www.lechoixdesbebes.com\/blog\/comment-candide-tineo-combelle-soutiennent-la-fabrication-francaise\/"},"wordCount":952,"commentCount":0,"publisher":{"@id":"https:\/\/www.lechoixdesbebes.com\/blog\/#organization"},"image":{"@id":"https:\/\/www.lechoixdesbebes.com\/blog\/comment-candide-tineo-combelle-soutiennent-la-fabrication-francaise\/#primaryimage"},"thumbnailUrl":"https:\/\/www.lechoixdesbebes.com\/blog\/wp-content\/uploads\/2021\/04\/Habiller-bebe-automne-4.jpg","articleSection":["Actualit\u00e9s"],"inLanguage":"fr-FR","potentialAction":[{"@type":"CommentAction","name":"Comment","target":["https:\/\/www.lechoixdesbebes.com\/blog\/comment-candide-tineo-combelle-soutiennent-la-fabrication-francaise\/#respond"]}]},{"@type":"WebPage","@id":"https:\/\/www.lechoixdesbebes.com\/blog\/comment-candide-tineo-combelle-soutiennent-la-fabrication-francaise\/","url":"https:\/\/www.lechoixdesbebes.com\/blog\/comment-candide-tineo-combelle-soutiennent-la-fabrication-francaise\/","name":"Candide et Tin\u00e9o, des marques made in france","isPartOf":{"@id":"https:\/\/www.lechoixdesbebes.com\/blog\/#website"},"primaryImageOfPage":{"@id":"https:\/\/www.lechoixdesbebes.com\/blog\/comment-candide-tineo-combelle-soutiennent-la-fabrication-francaise\/#primaryimage"},"image":{"@id":"https:\/\/www.lechoixdesbebes.com\/blog\/comment-candide-tineo-combelle-soutiennent-la-fabrication-francaise\/#primaryimage"},"thumbnailUrl":"https:\/\/www.lechoixdesbebes.com\/blog\/wp-content\/uploads\/2021\/04\/Habiller-bebe-automne-4.jpg","datePublished":"2021-04-21T14:59:19+00:00","dateModified":"2025-01-22T09:07:53+00:00","description":"Pendant les French Days mais aussi pendant tout le reste de l'ann\u00e9e, Candide Baby Group soutient la fabrication fran\u00e7aise. D\u00e9couvrez comment.","breadcrumb":{"@id":"https:\/\/www.lechoixdesbebes.com\/blog\/comment-candide-tineo-combelle-soutiennent-la-fabrication-francaise\/#breadcrumb"},"inLanguage":"fr-FR","potentialAction":[{"@type":"ReadAction","target":["https:\/\/www.lechoixdesbebes.com\/blog\/comment-candide-tineo-combelle-soutiennent-la-fabrication-francaise\/"]}]},{"@type":"ImageObject","inLanguage":"fr-FR","@id":"https:\/\/www.lechoixdesbebes.com\/blog\/comment-candide-tineo-combelle-soutiennent-la-fabrication-francaise\/#primaryimage","url":"https:\/\/www.lechoixdesbebes.com\/blog\/wp-content\/uploads\/2021\/04\/Habiller-bebe-automne-4.jpg","contentUrl":"https:\/\/www.lechoixdesbebes.com\/blog\/wp-content\/uploads\/2021\/04\/Habiller-bebe-automne-4.jpg","width":2240,"height":1260,"caption":"Candide, Tin\u00e9o, Combelle, des marques made in france"},{"@type":"BreadcrumbList","@id":"https:\/\/www.lechoixdesbebes.com\/blog\/comment-candide-tineo-combelle-soutiennent-la-fabrication-francaise\/#breadcrumb","itemListElement":[{"@type":"ListItem","position":1,"name":"Accueil","item":"https:\/\/www.lechoixdesbebes.com\/blog\/"},{"@type":"ListItem","position":2,"name":"Candide et Tin\u00e9o, des marques made in france"}]},{"@type":"WebSite","@id":"https:\/\/www.lechoixdesbebes.com\/blog\/#website","url":"https:\/\/www.lechoixdesbebes.com\/blog\/","name":"Actualit\u00e9 de la Pu\u00e9riculture : Blog le Choix des B\u00e9b\u00e9s","description":"Suivez nos conseils bien-\u00eatre pour un b\u00e9b\u00e9 heureux et des parents \u00e9panouis. Le Choix des b\u00e9b\u00e9s : sp\u00e9cialiste de la pu\u00e9riculture","publisher":{"@id":"https:\/\/www.lechoixdesbebes.com\/blog\/#organization"},"potentialAction":[{"@type":"SearchAction","target":{"@type":"EntryPoint","urlTemplate":"https:\/\/www.lechoixdesbebes.com\/blog\/?s={search_term_string}"},"query-input":{"@type":"PropertyValueSpecification","valueRequired":true,"valueName":"search_term_string"}}],"inLanguage":"fr-FR"},{"@type":"Organization","@id":"https:\/\/www.lechoixdesbebes.com\/blog\/#organization","name":"Le Choix Des B\u00e9b\u00e9s","url":"https:\/\/www.lechoixdesbebes.com\/blog\/","logo":{"@type":"ImageObject","inLanguage":"fr-FR","@id":"https:\/\/www.lechoixdesbebes.com\/blog\/#\/schema\/logo\/image\/","url":"https:\/\/www.lechoixdesbebes.com\/blog\/wp-content\/uploads\/2021\/06\/Logo-MyShop-Cdiscount.jpg","contentUrl":"https:\/\/www.lechoixdesbebes.com\/blog\/wp-content\/uploads\/2021\/06\/Logo-MyShop-Cdiscount.jpg","width":350,"height":80,"caption":"Le Choix Des B\u00e9b\u00e9s"},"image":{"@id":"https:\/\/www.lechoixdesbebes.com\/blog\/#\/schema\/logo\/image\/"},"sameAs":["https:\/\/www.facebook.com\/Lechoixdesbebes"]},{"@type":"Person","@id":"https:\/\/www.lechoixdesbebes.com\/blog\/#\/schema\/person\/296076ecd4371ded7a75a238703a0ad1","name":"Le Choix Des B\u00e9b\u00e9s"}]}},"_links":{"self":[{"href":"https:\/\/www.lechoixdesbebes.com\/blog\/wp-json\/wp\/v2\/posts\/191"}],"collection":[{"href":"https:\/\/www.lechoixdesbebes.com\/blog\/wp-json\/wp\/v2\/posts"}],"about":[{"href":"https:\/\/www.lechoixdesbebes.com\/blog\/wp-json\/wp\/v2\/types\/post"}],"author":[{"embeddable":true,"href":"https:\/\/www.lechoixdesbebes.com\/blog\/wp-json\/wp\/v2\/users\/2"}],"replies":[{"embeddable":true,"href":"https:\/\/www.lechoixdesbebes.com\/blog\/wp-json\/wp\/v2\/comments?post=191"}],"version-history":[{"count":39,"href":"https:\/\/www.lechoixdesbebes.com\/blog\/wp-json\/wp\/v2\/posts\/191\/revisions"}],"predecessor-version":[{"id":2239,"href":"https:\/\/www.lechoixdesbebes.com\/blog\/wp-json\/wp\/v2\/posts\/191\/revisions\/2239"}],"wp:featuredmedia":[{"embeddable":true,"href":"https:\/\/www.lechoixdesbebes.com\/blog\/wp-json\/wp\/v2\/media\/1555"}],"wp:attachment":[{"href":"https:\/\/www.lechoixdesbebes.com\/blog\/wp-json\/wp\/v2\/media?parent=191"}],"wp:term":[{"taxonomy":"category","embeddable":true,"href":"https:\/\/www.lechoixdesbebes.com\/blog\/wp-json\/wp\/v2\/categories?post=191"},{"taxonomy":"post_tag","embeddable":true,"href":"https:\/\/www.lechoixdesbebes.com\/blog\/wp-json\/wp\/v2\/tags?post=191"}],"curies":[{"name":"wp","href":"https:\/\/api.w.org\/{rel}","templated":true}]}}