{"id":1977,"date":"2024-07-09T17:22:19","date_gmt":"2024-07-09T15:22:19","guid":{"rendered":"https:\/\/www.lechoixdesbebes.com\/blog\/?p=1977"},"modified":"2024-07-09T17:22:19","modified_gmt":"2024-07-09T15:22:19","slug":"sac-a-langer-bien-organise","status":"publish","type":"post","link":"https:\/\/www.lechoixdesbebes.com\/blog\/sac-a-langer-bien-organise\/","title":{"rendered":"Sac \u00e0 langer : que faut-il mettre dedans ?"},"content":{"rendered":"<span class=\"rt-reading-time\" style=\"display: block;\"><span class=\"rt-label rt-prefix\">Temps de lecture\u00a0: <\/span> <span class=\"rt-time\">6<\/span> <span class=\"rt-label rt-postfix\">minutes<\/span><\/span><p>Vous \u00eates sur le point de devenir parent et vous vous demandez ce qu&rsquo;il faut mettre dans votre sac \u00e0 langer ? Ne vous inqui\u00e9tez pas, nous sommes l\u00e0 pour vous aider !<\/p>\n<p>Dans cet article, nous vous guiderons afin de vous indiquer l&rsquo;<strong>\u00e9quipement essentiel \u00e0 avoir dans votre sac \u00e0 langer<\/strong>, afin d&rsquo;\u00eatre pr\u00eat pour toutes les situations. Que ce soit pour changer la couche, prendre un repas improvis\u00e9 ou s&rsquo;adapter \u00e0 la m\u00e9t\u00e9o, nous avons pens\u00e9 \u00e0 tout ce dont vous avez besoin pour prendre soin de votre b\u00e9b\u00e9 lors de vos sorties.<\/p>\n<p>Alors pr\u00e9parez votre sac et partez prendre l&rsquo;air avec votre nourrisson !<\/p>\n<h2 class=\"MuiTypography-root MuiTypography-text14 MuiTypography-paragraph css-ekwnf8\">Qu&rsquo;est-ce qu&rsquo;un sac \u00e0 langer?<\/h2>\n<p>Un sac \u00e0 langer est un accessoire indispensable pour les <strong>parents<\/strong> de jeunes enfants. Con\u00e7u pour transporter tout le n\u00e9cessaire lors des d\u00e9placements, il dispose de multiples compartiments et poches pour organiser les couches, les lingettes, les biberons, les v\u00eatements de rechange et autres indispensables. Sa conception pratique permet d&rsquo;acc\u00e9der rapidement \u00e0 chaque \u00e9l\u00e9ment, facilitant ainsi les sorties avec b\u00e9b\u00e9. Les <a href=\"https:\/\/www.lechoixdesbebes.com\/fr\/222-sac-a-langer\">sacs \u00e0 dos \u00e0 langer Tin\u00e9o<\/a> sont par ailleurs, \u00e9quip\u00e9s d&rsquo;un matelas \u00e0 langer portable, qui offre une solution hygi\u00e9nique pour changer les couches n&rsquo;importe o\u00f9 !<\/p>\n<p>Ainsi, le sac \u00e0 langer combine fonctionnalit\u00e9 et organisation, rendant les sorties avec un jeune enfant plus sereines et organis\u00e9es. Notre astuce : pensez \u00e0 choisir un <strong>sac \u00e0 langer imperm\u00e9able<\/strong> afin que son contenu reste bien au sec peu importe la m\u00e9t\u00e9o du jour !<\/p>\n<p><a href=\"https:\/\/www.lechoixdesbebes.com\/fr\/222-sac-a-langer\"><img loading=\"lazy\" decoding=\"async\" class=\"aligncenter wp-image-2002 size-full lazyload\" data-src=\"https:\/\/www.lechoixdesbebes.com\/blog\/wp-content\/uploads\/2024\/07\/sac-a-langer-cest-quoi.jpg\" alt=\"C'est quoi un sac \u00e0 dos \u00e0 langer ?\" width=\"700\" height=\"467\" data-srcset=\"https:\/\/www.lechoixdesbebes.com\/blog\/wp-content\/uploads\/2024\/07\/sac-a-langer-cest-quoi.jpg 700w, https:\/\/www.lechoixdesbebes.com\/blog\/wp-content\/uploads\/2024\/07\/sac-a-langer-cest-quoi-120x80.jpg 120w\" data-sizes=\"(max-width: 700px) 100vw, 700px\" src=\"data:image\/gif;base64,R0lGODlhAQABAAAAACH5BAEKAAEALAAAAAABAAEAAAICTAEAOw==\" style=\"--smush-placeholder-width: 700px; --smush-placeholder-aspect-ratio: 700\/467;\" \/><noscript><img loading=\"lazy\" decoding=\"async\" class=\"aligncenter wp-image-2002 size-full\" src=\"https:\/\/www.lechoixdesbebes.com\/blog\/wp-content\/uploads\/2024\/07\/sac-a-langer-cest-quoi.jpg\" alt=\"C'est quoi un sac \u00e0 dos \u00e0 langer ?\" width=\"700\" height=\"467\" srcset=\"https:\/\/www.lechoixdesbebes.com\/blog\/wp-content\/uploads\/2024\/07\/sac-a-langer-cest-quoi.jpg 700w, https:\/\/www.lechoixdesbebes.com\/blog\/wp-content\/uploads\/2024\/07\/sac-a-langer-cest-quoi-120x80.jpg 120w\" sizes=\"(max-width: 700px) 100vw, 700px\" \/><\/noscript><\/a><\/p>\n<p><a href=\"https:\/\/www.lechoixdesbebes.com\/fr\/222-sac-a-langer\">D\u00e9couvrir les sacs \u00e0 langer pratiques Tin\u00e9o<\/a><\/p>\n<h2 class=\"MuiTypography-root MuiTypography-text14 MuiTypography-paragraph css-ekwnf8\">Les indispensables \u00e0 mettre dans un sac \u00e0 langer<\/h2>\n<p>Parmi les incontournables du sac \u00e0 langer, nous pouvons dors et d\u00e9j\u00e0 citer les couches, les lingettes ou les carr\u00e9s de coton, les v\u00eatements de rechange, les bavoirs, l&rsquo;eau habituelle de votre nouveau n\u00e9 ainsi que son lait si vous n&rsquo;allaitez pas, la trousse de premiers soins, quelques jouets et bien s\u00fbr, son doudou pr\u00e9f\u00e9r\u00e9. Si vous allaitez, des langes ou un voile d&rsquo;allaitement vous seront \u00e9galement utiles.<\/p>\n<h3 class=\"MuiTypography-root MuiTypography-text14 MuiTypography-paragraph css-ekwnf8\">Les couches et les lingettes<\/h3>\n<p>Le nombre de couches et de lingettes \u00e0 emporter dans le sac \u00e0 langer d\u00e9pend de la dur\u00e9e de la sortie et des besoins sp\u00e9cifiques de votre b\u00e9b\u00e9. En g\u00e9n\u00e9ral, pour une sortie de quelques heures, il est recommand\u00e9 d&#8217;emporter :<\/p>\n<ul>\n<li>4 \u00e0 6 couches : cela permet de couvrir plusieurs changements et de parer aux urgences.<\/li>\n<li>1 paquet de lingettes : un petit paquet est suffisant pour de multiples changements de couche. Si vous ne souhaitez pas utiliser de lingettes, pensez \u00e0 prendre avec vous plusieurs carr\u00e9s de coton et le liniment de votre enfant.<\/li>\n<\/ul>\n<p>Pour des sorties plus longues, comme une journ\u00e9e compl\u00e8te, vous pouvez augmenter la quantit\u00e9 de couches \u00e0 environ 8 \u00e0 10 et emporter un paquet de lingettes plus grand pour assurer une r\u00e9serve ad\u00e9quate. Il est toujours bon de pr\u00e9voir un peu plus pour faire face \u00e0 d&rsquo;\u00e9ventuelles impr\u00e9vus.<\/p>\n<p>Par ailleurs, n&rsquo;oubliez pas de prendre de petits sacs poubelles pour y jeter la couche sale et les lingettes usag\u00e9es.<\/p>\n<p><em>Astuce<\/em> : emportez avec vous un gel antibact\u00e9rien afin de pouvoir vous laver les mains avant et apr\u00e8s chaque change !<\/p>\n<p><a href=\"https:\/\/www.lechoixdesbebes.com\/fr\/222-sac-a-langer\">D\u00e9couvrir les sacs \u00e0 langer sacs \u00e0 dos Tin\u00e9o<\/a><\/p>\n<h3 class=\"MuiTypography-root MuiTypography-text14 MuiTypography-paragraph css-ekwnf8\">Les v\u00eatements de rechange<\/h3>\n<p><a href=\"https:\/\/www.lechoixdesbebes.com\/fr\/222-sac-a-langer\"><img loading=\"lazy\" decoding=\"async\" class=\"aligncenter wp-image-1990 size-full lazyload\" data-src=\"https:\/\/www.lechoixdesbebes.com\/blog\/wp-content\/uploads\/2024\/07\/sac-a-langer-vetements.jpg\" alt=\"comment organiser un sac \u00e0 langer\" width=\"700\" height=\"511\" data-srcset=\"https:\/\/www.lechoixdesbebes.com\/blog\/wp-content\/uploads\/2024\/07\/sac-a-langer-vetements.jpg 700w, https:\/\/www.lechoixdesbebes.com\/blog\/wp-content\/uploads\/2024\/07\/sac-a-langer-vetements-120x88.jpg 120w\" data-sizes=\"(max-width: 700px) 100vw, 700px\" src=\"data:image\/gif;base64,R0lGODlhAQABAAAAACH5BAEKAAEALAAAAAABAAEAAAICTAEAOw==\" style=\"--smush-placeholder-width: 700px; --smush-placeholder-aspect-ratio: 700\/511;\" \/><noscript><img loading=\"lazy\" decoding=\"async\" class=\"aligncenter wp-image-1990 size-full\" src=\"https:\/\/www.lechoixdesbebes.com\/blog\/wp-content\/uploads\/2024\/07\/sac-a-langer-vetements.jpg\" alt=\"comment organiser un sac \u00e0 langer\" width=\"700\" height=\"511\" srcset=\"https:\/\/www.lechoixdesbebes.com\/blog\/wp-content\/uploads\/2024\/07\/sac-a-langer-vetements.jpg 700w, https:\/\/www.lechoixdesbebes.com\/blog\/wp-content\/uploads\/2024\/07\/sac-a-langer-vetements-120x88.jpg 120w\" sizes=\"(max-width: 700px) 100vw, 700px\" \/><\/noscript><\/a><\/p>\n<p>Pour une sortie avec b\u00e9b\u00e9, il est important de pr\u00e9voir une vari\u00e9t\u00e9 de v\u00eatements de rechange pour faire face aux impr\u00e9vus. Voici une liste de v\u00eatements \u00e0 emporter :<\/p>\n<ul>\n<li>Un ou deux bodys : pour le changer rapidement en cas de salissure.<\/li>\n<li>Un pyjama ou une <a href=\"https:\/\/www.lechoixdesbebes.com\/fr\/49-gigoteuse-0-3-mois\">gigoteuse<\/a> : confortable pour les siestes ou si le temps se rafra\u00eechit.<\/li>\n<li>Un ou deux ensembles (haut et bas) : faciles \u00e0 enfiler et pratiques pour toutes les situations.<\/li>\n<li>Un pull ou une veste l\u00e9g\u00e8re : selon la saison et la m\u00e9t\u00e9o.<\/li>\n<li>Chaussettes et chaussons : pour garder les pieds de b\u00e9b\u00e9 au chaud.<\/li>\n<li>Un chapeau ou bonnet : pour prot\u00e9ger b\u00e9b\u00e9 du soleil ou du froid.<\/li>\n<li>Une couverture l\u00e9g\u00e8re : utile pour couvrir votre enfant en ext\u00e9rieur notamment.<\/li>\n<li>Un bavoir : pour prot\u00e9ger les v\u00eatements lors des repas ou des r\u00e9gurgitations.<\/li>\n<\/ul>\n<p>En pr\u00e9voyant ces v\u00eatements de rechange, vous serez \u00e9quip\u00e9 pour la plupart des situations lors de vos sorties avec b\u00e9b\u00e9.<\/p>\n<h3 class=\"MuiTypography-root MuiTypography-text14 MuiTypography-paragraph css-ekwnf8\">Les biberons et les t\u00e9tines<\/h3>\n<p><a href=\"https:\/\/www.lechoixdesbebes.com\/fr\/222-sac-a-langer\"><img loading=\"lazy\" decoding=\"async\" class=\"aligncenter wp-image-1996 size-full lazyload\" data-src=\"https:\/\/www.lechoixdesbebes.com\/blog\/wp-content\/uploads\/2024\/07\/sac-a-langer-biberon-tetine.jpg\" alt=\"sac \u00e0 langer quoi mettre dedans\" width=\"700\" height=\"467\" data-srcset=\"https:\/\/www.lechoixdesbebes.com\/blog\/wp-content\/uploads\/2024\/07\/sac-a-langer-biberon-tetine.jpg 700w, https:\/\/www.lechoixdesbebes.com\/blog\/wp-content\/uploads\/2024\/07\/sac-a-langer-biberon-tetine-120x80.jpg 120w\" data-sizes=\"(max-width: 700px) 100vw, 700px\" src=\"data:image\/gif;base64,R0lGODlhAQABAAAAACH5BAEKAAEALAAAAAABAAEAAAICTAEAOw==\" style=\"--smush-placeholder-width: 700px; --smush-placeholder-aspect-ratio: 700\/467;\" \/><noscript><img loading=\"lazy\" decoding=\"async\" class=\"aligncenter wp-image-1996 size-full\" src=\"https:\/\/www.lechoixdesbebes.com\/blog\/wp-content\/uploads\/2024\/07\/sac-a-langer-biberon-tetine.jpg\" alt=\"sac \u00e0 langer quoi mettre dedans\" width=\"700\" height=\"467\" srcset=\"https:\/\/www.lechoixdesbebes.com\/blog\/wp-content\/uploads\/2024\/07\/sac-a-langer-biberon-tetine.jpg 700w, https:\/\/www.lechoixdesbebes.com\/blog\/wp-content\/uploads\/2024\/07\/sac-a-langer-biberon-tetine-120x80.jpg 120w\" sizes=\"(max-width: 700px) 100vw, 700px\" \/><\/noscript><\/a><\/p>\n<p>Pour les sorties avec un nourrisson, il est essentiel d&#8217;emporter des biberons, du lait infantile et de l&rsquo;eau dans le sac \u00e0 langer. Pr\u00e9voyez un ou deux biberons propres, pr\u00eats \u00e0 \u00eatre utilis\u00e9s. Si vous utilisez du lait en poudre, emportez des doses pr\u00e9-mesur\u00e9es dans des compartiments s\u00e9par\u00e9s pour faciliter la pr\u00e9paration. Il est aussi important d&rsquo;inclure une bouteille d&rsquo;eau adapt\u00e9e \u00e0 la consommation de b\u00e9b\u00e9 pour la pr\u00e9paration des biberons ou pour s&rsquo;hydrater. Si b\u00e9b\u00e9 consomme du lait maternis\u00e9 ou d\u00e9j\u00e0 pr\u00e9par\u00e9, assurez-vous de le conserver dans une poche isotherme pour maintenir la bonne temp\u00e9rature.<\/p>\n<p>Si vous allaitez, pensez \u00e0 prendre avec vous un <a href=\"https:\/\/www.lechoixdesbebes.com\/fr\/229-voile-d-allaitement\">voile d&rsquo;allaitement<\/a> et un <a href=\"https:\/\/www.lechoixdesbebes.com\/fr\/216-brassard-d-allaitement\">brassard d&rsquo;allaitement<\/a>. Ces deux articles vous permettrons d&rsquo;allaiter votre nouveau n\u00e9 confortablement et en toute discr\u00e9tion.<\/p>\n<p>Enfin, si votre b\u00e9b\u00e9 utilise une t\u00e9tine, pensez \u00e0 l&#8217;emmener. Afin qu&rsquo;elle reste bien propre, rangez-la dans la poche \u00e0 t\u00e9tine de votre sac \u00e0 langer ou dans une petite boite. Vous pouvez \u00e9galement l&rsquo;accrocher aux v\u00eatements de b\u00e9b\u00e9 directement gr\u00e2ce \u00e0 une accroche-t\u00e9tine.<\/p>\n<h3 class=\"MuiTypography-root MuiTypography-text14 MuiTypography-paragraph css-ekwnf8\">Les jouets et les doudous<a href=\"https:\/\/www.lechoixdesbebes.com\/fr\/222-sac-a-langer\"><img loading=\"lazy\" decoding=\"async\" class=\"aligncenter wp-image-1989 size-full lazyload\" data-src=\"https:\/\/www.lechoixdesbebes.com\/blog\/wp-content\/uploads\/2024\/07\/sac-a-langer-quoi-mettre-dedans.jpg\" alt=\"quels jouets et doudou emporter avec b\u00e9b\u00e9\" width=\"700\" height=\"467\" data-srcset=\"https:\/\/www.lechoixdesbebes.com\/blog\/wp-content\/uploads\/2024\/07\/sac-a-langer-quoi-mettre-dedans.jpg 700w, https:\/\/www.lechoixdesbebes.com\/blog\/wp-content\/uploads\/2024\/07\/sac-a-langer-quoi-mettre-dedans-120x80.jpg 120w\" data-sizes=\"(max-width: 700px) 100vw, 700px\" src=\"data:image\/gif;base64,R0lGODlhAQABAAAAACH5BAEKAAEALAAAAAABAAEAAAICTAEAOw==\" style=\"--smush-placeholder-width: 700px; --smush-placeholder-aspect-ratio: 700\/467;\" \/><noscript><img loading=\"lazy\" decoding=\"async\" class=\"aligncenter wp-image-1989 size-full\" src=\"https:\/\/www.lechoixdesbebes.com\/blog\/wp-content\/uploads\/2024\/07\/sac-a-langer-quoi-mettre-dedans.jpg\" alt=\"quels jouets et doudou emporter avec b\u00e9b\u00e9\" width=\"700\" height=\"467\" srcset=\"https:\/\/www.lechoixdesbebes.com\/blog\/wp-content\/uploads\/2024\/07\/sac-a-langer-quoi-mettre-dedans.jpg 700w, https:\/\/www.lechoixdesbebes.com\/blog\/wp-content\/uploads\/2024\/07\/sac-a-langer-quoi-mettre-dedans-120x80.jpg 120w\" sizes=\"(max-width: 700px) 100vw, 700px\" \/><\/noscript><\/a><\/h3>\n<p class=\"MuiTypography-root MuiTypography-text14 MuiTypography-paragraph css-ekwnf8\">Pour une sortie avec votre tout-petit, il est utile de mettre quelques jouets et un doudou dans le sac \u00e0 langer pour le divertir et le r\u00e9conforter. Optez pour des jouets l\u00e9gers et faciles \u00e0 transporter, comme un hochet, une petite peluche, un livre en tissu, ou un anneau de dentition. N&rsquo;oubliez pas d&rsquo;inclure le doudou pr\u00e9f\u00e9r\u00e9 de votre b\u00e9b\u00e9 pour lui offrir une source de r\u00e9confort. Ces objets l&rsquo;aideront \u00e0 rester occup\u00e9 et apais\u00e9 durant toute la sortie.<\/p>\n<h2>Comment attacher un sac \u00e0 langer sur une poussette ?<\/h2>\n<p><a href=\"https:\/\/www.lechoixdesbebes.com\/fr\/204-accessoires-de-poussette\"><img loading=\"lazy\" decoding=\"async\" class=\"aligncenter wp-image-2001 size-full lazyload\" data-src=\"https:\/\/www.lechoixdesbebes.com\/blog\/wp-content\/uploads\/2024\/07\/comment-attacher-un-sac-a-langer-sur-une-poussette.jpg\" alt=\"accroche poussette tin\u00e9o\" width=\"700\" height=\"467\" data-srcset=\"https:\/\/www.lechoixdesbebes.com\/blog\/wp-content\/uploads\/2024\/07\/comment-attacher-un-sac-a-langer-sur-une-poussette.jpg 700w, https:\/\/www.lechoixdesbebes.com\/blog\/wp-content\/uploads\/2024\/07\/comment-attacher-un-sac-a-langer-sur-une-poussette-120x80.jpg 120w\" data-sizes=\"(max-width: 700px) 100vw, 700px\" src=\"data:image\/gif;base64,R0lGODlhAQABAAAAACH5BAEKAAEALAAAAAABAAEAAAICTAEAOw==\" style=\"--smush-placeholder-width: 700px; --smush-placeholder-aspect-ratio: 700\/467;\" \/><noscript><img loading=\"lazy\" decoding=\"async\" class=\"aligncenter wp-image-2001 size-full\" src=\"https:\/\/www.lechoixdesbebes.com\/blog\/wp-content\/uploads\/2024\/07\/comment-attacher-un-sac-a-langer-sur-une-poussette.jpg\" alt=\"accroche poussette tin\u00e9o\" width=\"700\" height=\"467\" srcset=\"https:\/\/www.lechoixdesbebes.com\/blog\/wp-content\/uploads\/2024\/07\/comment-attacher-un-sac-a-langer-sur-une-poussette.jpg 700w, https:\/\/www.lechoixdesbebes.com\/blog\/wp-content\/uploads\/2024\/07\/comment-attacher-un-sac-a-langer-sur-une-poussette-120x80.jpg 120w\" sizes=\"(max-width: 700px) 100vw, 700px\" \/><\/noscript><\/a><\/p>\n<p class=\"MuiTypography-root MuiTypography-text14 MuiTypography-paragraph css-ekwnf8\">Vous l&rsquo;aurez compris, votre sac \u00e0 langer va \u00eatre bien rempli, surtout durant les premiers mois de vie de votre enfant. Pour \u00e9viter d&rsquo;avoir \u00e0 le porter tout au long de la sortie, nous vous conseillons de l&rsquo;attacher directement \u00e0 la poussette gr\u00e2ce \u00e0 un <a href=\"https:\/\/www.lechoixdesbebes.com\/fr\/sac-a-langer\/758-attaches-sac-poussette-tineo.html\">syst\u00e8me d&rsquo;accroches<\/a>. Ainsi, vous aurez les mains libres et \u00e9viterez de porter cette charge \u00e0 l&rsquo;\u00e9paule ou sur le dos.<\/p>\n<p>Le syst\u00e8me d&rsquo;attache pour poussettes <a href=\"https:\/\/www.tineo-bebe.com\/fr\/\" target=\"_blank\" rel=\"noopener\">Tin\u00e9o<\/a> vous permettra, gr\u00e2ce \u00e0 ses mousquetons en m\u00e9tal, d\u2019accrocher votre sac \u00e0 langer, votre sac de courses ou encore, des jouets ou une gourde aux poign\u00e9es de votre poussette.<\/p>\n<p>Il ne vous reste plus qu&rsquo;\u00e0 profitez de vos sorties en famille !<\/p>\n","protected":false},"excerpt":{"rendered":"<span class=\"rt-reading-time\" style=\"display: block;\"><span class=\"rt-label rt-prefix\">Temps de lecture\u00a0: <\/span> <span class=\"rt-time\">6<\/span> <span class=\"rt-label rt-postfix\">minutes<\/span><\/span> Vous \u00eates sur le point de devenir parent et vous vous demandez ce qu&rsquo;il faut mettre dans votre sac \u00e0 langer ? Ne vous inqui\u00e9tez pas, nous sommes l\u00e0 pour vous aider ! Dans cet article, nous vous guiderons afin de vous indiquer l&rsquo;\u00e9quipement essentiel \u00e0 avoir dans votre sac \u00e0 langer, afin d&rsquo;\u00eatre pr\u00eat&#8230; <a class=\"view-article\" href=\"https:\/\/www.lechoixdesbebes.com\/blog\/sac-a-langer-bien-organise\/\">View Article<\/a>","protected":false},"author":8,"featured_media":1995,"comment_status":"open","ping_status":"closed","sticky":false,"template":"","format":"standard","meta":{"footnotes":""},"categories":[28],"tags":[],"class_list":["post-1977","post","type-post","status-publish","format-standard","has-post-thumbnail","hentry","category-astuces-avec-bebe"],"yoast_head":"<!-- This site is optimized with the Yoast SEO plugin v23.5 - https:\/\/yoast.com\/wordpress\/plugins\/seo\/ -->\n<title>Sac \u00e0 langer : que faut-il mettre dedans ?<\/title>\n<meta name=\"description\" content=\"Que faut-il mettre dans votre sac \u00e0 langer ? D\u00e9couvrez tout ce dont vous avez besoin pour prendre soin de votre b\u00e9b\u00e9 lors de vos sorties.\" \/>\n<meta name=\"robots\" content=\"index, follow, max-snippet:-1, max-image-preview:large, max-video-preview:-1\" \/>\n<link rel=\"canonical\" href=\"https:\/\/www.lechoixdesbebes.com\/blog\/sac-a-langer-bien-organise\/\" \/>\n<meta property=\"og:locale\" content=\"fr_FR\" \/>\n<meta property=\"og:type\" content=\"article\" \/>\n<meta property=\"og:title\" content=\"Sac \u00e0 langer : que faut-il mettre dedans ?\" \/>\n<meta property=\"og:description\" content=\"Que faut-il mettre dans votre sac \u00e0 langer ? D\u00e9couvrez tout ce dont vous avez besoin pour prendre soin de votre b\u00e9b\u00e9 lors de vos sorties.\" \/>\n<meta property=\"og:url\" content=\"https:\/\/www.lechoixdesbebes.com\/blog\/sac-a-langer-bien-organise\/\" \/>\n<meta property=\"og:site_name\" content=\"Actualit\u00e9 de la Pu\u00e9riculture : Blog le Choix des B\u00e9b\u00e9s\" \/>\n<meta property=\"article:publisher\" content=\"https:\/\/www.facebook.com\/Lechoixdesbebes\" \/>\n<meta property=\"article:published_time\" content=\"2024-07-09T15:22:19+00:00\" \/>\n<meta property=\"og:image\" content=\"https:\/\/www.lechoixdesbebes.com\/blog\/wp-content\/uploads\/2024\/07\/sac-a-langer-tineo.jpg\" \/>\n\t<meta property=\"og:image:width\" content=\"1370\" \/>\n\t<meta property=\"og:image:height\" content=\"955\" \/>\n\t<meta property=\"og:image:type\" content=\"image\/jpeg\" \/>\n<meta name=\"author\" content=\"Emilie Bonjour\" \/>\n<meta name=\"twitter:card\" content=\"summary_large_image\" \/>\n<meta name=\"twitter:label1\" content=\"\u00c9crit par\" \/>\n\t<meta name=\"twitter:data1\" content=\"Emilie Bonjour\" \/>\n\t<meta name=\"twitter:label2\" content=\"Dur\u00e9e de lecture estim\u00e9e\" \/>\n\t<meta name=\"twitter:data2\" content=\"7 minutes\" \/>\n<script type=\"application\/ld+json\" class=\"yoast-schema-graph\">{\"@context\":\"https:\/\/schema.org\",\"@graph\":[{\"@type\":\"Article\",\"@id\":\"https:\/\/www.lechoixdesbebes.com\/blog\/sac-a-langer-bien-organise\/#article\",\"isPartOf\":{\"@id\":\"https:\/\/www.lechoixdesbebes.com\/blog\/sac-a-langer-bien-organise\/\"},\"author\":{\"name\":\"Emilie Bonjour\",\"@id\":\"https:\/\/www.lechoixdesbebes.com\/blog\/#\/schema\/person\/0a21c7cb9e2bb4b4773469d6e9b044d9\"},\"headline\":\"Sac \u00e0 langer : que faut-il mettre dedans ?\",\"datePublished\":\"2024-07-09T15:22:19+00:00\",\"dateModified\":\"2024-07-09T15:22:19+00:00\",\"mainEntityOfPage\":{\"@id\":\"https:\/\/www.lechoixdesbebes.com\/blog\/sac-a-langer-bien-organise\/\"},\"wordCount\":1116,\"commentCount\":0,\"publisher\":{\"@id\":\"https:\/\/www.lechoixdesbebes.com\/blog\/#organization\"},\"image\":{\"@id\":\"https:\/\/www.lechoixdesbebes.com\/blog\/sac-a-langer-bien-organise\/#primaryimage\"},\"thumbnailUrl\":\"https:\/\/www.lechoixdesbebes.com\/blog\/wp-content\/uploads\/2024\/07\/sac-a-langer-tineo.jpg\",\"articleSection\":[\"Astuces avec b\u00e9b\u00e9\"],\"inLanguage\":\"fr-FR\",\"potentialAction\":[{\"@type\":\"CommentAction\",\"name\":\"Comment\",\"target\":[\"https:\/\/www.lechoixdesbebes.com\/blog\/sac-a-langer-bien-organise\/#respond\"]}]},{\"@type\":\"WebPage\",\"@id\":\"https:\/\/www.lechoixdesbebes.com\/blog\/sac-a-langer-bien-organise\/\",\"url\":\"https:\/\/www.lechoixdesbebes.com\/blog\/sac-a-langer-bien-organise\/\",\"name\":\"Sac \u00e0 langer : que faut-il mettre dedans ?\",\"isPartOf\":{\"@id\":\"https:\/\/www.lechoixdesbebes.com\/blog\/#website\"},\"primaryImageOfPage\":{\"@id\":\"https:\/\/www.lechoixdesbebes.com\/blog\/sac-a-langer-bien-organise\/#primaryimage\"},\"image\":{\"@id\":\"https:\/\/www.lechoixdesbebes.com\/blog\/sac-a-langer-bien-organise\/#primaryimage\"},\"thumbnailUrl\":\"https:\/\/www.lechoixdesbebes.com\/blog\/wp-content\/uploads\/2024\/07\/sac-a-langer-tineo.jpg\",\"datePublished\":\"2024-07-09T15:22:19+00:00\",\"dateModified\":\"2024-07-09T15:22:19+00:00\",\"description\":\"Que faut-il mettre dans votre sac \u00e0 langer ? D\u00e9couvrez tout ce dont vous avez besoin pour prendre soin de votre b\u00e9b\u00e9 lors de vos sorties.\",\"breadcrumb\":{\"@id\":\"https:\/\/www.lechoixdesbebes.com\/blog\/sac-a-langer-bien-organise\/#breadcrumb\"},\"inLanguage\":\"fr-FR\",\"potentialAction\":[{\"@type\":\"ReadAction\",\"target\":[\"https:\/\/www.lechoixdesbebes.com\/blog\/sac-a-langer-bien-organise\/\"]}]},{\"@type\":\"ImageObject\",\"inLanguage\":\"fr-FR\",\"@id\":\"https:\/\/www.lechoixdesbebes.com\/blog\/sac-a-langer-bien-organise\/#primaryimage\",\"url\":\"https:\/\/www.lechoixdesbebes.com\/blog\/wp-content\/uploads\/2024\/07\/sac-a-langer-tineo.jpg\",\"contentUrl\":\"https:\/\/www.lechoixdesbebes.com\/blog\/wp-content\/uploads\/2024\/07\/sac-a-langer-tineo.jpg\",\"width\":1370,\"height\":955,\"caption\":\"sac \u00e0 langer\"},{\"@type\":\"BreadcrumbList\",\"@id\":\"https:\/\/www.lechoixdesbebes.com\/blog\/sac-a-langer-bien-organise\/#breadcrumb\",\"itemListElement\":[{\"@type\":\"ListItem\",\"position\":1,\"name\":\"Accueil\",\"item\":\"https:\/\/www.lechoixdesbebes.com\/blog\/\"},{\"@type\":\"ListItem\",\"position\":2,\"name\":\"Sac \u00e0 langer : que faut-il mettre dedans ?\"}]},{\"@type\":\"WebSite\",\"@id\":\"https:\/\/www.lechoixdesbebes.com\/blog\/#website\",\"url\":\"https:\/\/www.lechoixdesbebes.com\/blog\/\",\"name\":\"Actualit\u00e9 de la Pu\u00e9riculture : Blog le Choix des B\u00e9b\u00e9s\",\"description\":\"Suivez nos conseils bien-\u00eatre pour un b\u00e9b\u00e9 heureux et des parents \u00e9panouis. Le Choix des b\u00e9b\u00e9s : sp\u00e9cialiste de la pu\u00e9riculture\",\"publisher\":{\"@id\":\"https:\/\/www.lechoixdesbebes.com\/blog\/#organization\"},\"potentialAction\":[{\"@type\":\"SearchAction\",\"target\":{\"@type\":\"EntryPoint\",\"urlTemplate\":\"https:\/\/www.lechoixdesbebes.com\/blog\/?s={search_term_string}\"},\"query-input\":{\"@type\":\"PropertyValueSpecification\",\"valueRequired\":true,\"valueName\":\"search_term_string\"}}],\"inLanguage\":\"fr-FR\"},{\"@type\":\"Organization\",\"@id\":\"https:\/\/www.lechoixdesbebes.com\/blog\/#organization\",\"name\":\"Le Choix Des B\u00e9b\u00e9s\",\"url\":\"https:\/\/www.lechoixdesbebes.com\/blog\/\",\"logo\":{\"@type\":\"ImageObject\",\"inLanguage\":\"fr-FR\",\"@id\":\"https:\/\/www.lechoixdesbebes.com\/blog\/#\/schema\/logo\/image\/\",\"url\":\"https:\/\/www.lechoixdesbebes.com\/blog\/wp-content\/uploads\/2021\/06\/Logo-MyShop-Cdiscount.jpg\",\"contentUrl\":\"https:\/\/www.lechoixdesbebes.com\/blog\/wp-content\/uploads\/2021\/06\/Logo-MyShop-Cdiscount.jpg\",\"width\":350,\"height\":80,\"caption\":\"Le Choix Des B\u00e9b\u00e9s\"},\"image\":{\"@id\":\"https:\/\/www.lechoixdesbebes.com\/blog\/#\/schema\/logo\/image\/\"},\"sameAs\":[\"https:\/\/www.facebook.com\/Lechoixdesbebes\"]},{\"@type\":\"Person\",\"@id\":\"https:\/\/www.lechoixdesbebes.com\/blog\/#\/schema\/person\/0a21c7cb9e2bb4b4773469d6e9b044d9\",\"name\":\"Emilie Bonjour\"}]}<\/script>\n<!-- \/ Yoast SEO plugin. -->","yoast_head_json":{"title":"Sac \u00e0 langer : que faut-il mettre dedans ?","description":"Que faut-il mettre dans votre sac \u00e0 langer ? D\u00e9couvrez tout ce dont vous avez besoin pour prendre soin de votre b\u00e9b\u00e9 lors de vos sorties.","robots":{"index":"index","follow":"follow","max-snippet":"max-snippet:-1","max-image-preview":"max-image-preview:large","max-video-preview":"max-video-preview:-1"},"canonical":"https:\/\/www.lechoixdesbebes.com\/blog\/sac-a-langer-bien-organise\/","og_locale":"fr_FR","og_type":"article","og_title":"Sac \u00e0 langer : que faut-il mettre dedans ?","og_description":"Que faut-il mettre dans votre sac \u00e0 langer ? D\u00e9couvrez tout ce dont vous avez besoin pour prendre soin de votre b\u00e9b\u00e9 lors de vos sorties.","og_url":"https:\/\/www.lechoixdesbebes.com\/blog\/sac-a-langer-bien-organise\/","og_site_name":"Actualit\u00e9 de la Pu\u00e9riculture : Blog le Choix des B\u00e9b\u00e9s","article_publisher":"https:\/\/www.facebook.com\/Lechoixdesbebes","article_published_time":"2024-07-09T15:22:19+00:00","og_image":[{"width":1370,"height":955,"url":"https:\/\/www.lechoixdesbebes.com\/blog\/wp-content\/uploads\/2024\/07\/sac-a-langer-tineo.jpg","type":"image\/jpeg"}],"author":"Emilie Bonjour","twitter_card":"summary_large_image","twitter_misc":{"\u00c9crit par":"Emilie Bonjour","Dur\u00e9e de lecture estim\u00e9e":"7 minutes"},"schema":{"@context":"https:\/\/schema.org","@graph":[{"@type":"Article","@id":"https:\/\/www.lechoixdesbebes.com\/blog\/sac-a-langer-bien-organise\/#article","isPartOf":{"@id":"https:\/\/www.lechoixdesbebes.com\/blog\/sac-a-langer-bien-organise\/"},"author":{"name":"Emilie Bonjour","@id":"https:\/\/www.lechoixdesbebes.com\/blog\/#\/schema\/person\/0a21c7cb9e2bb4b4773469d6e9b044d9"},"headline":"Sac \u00e0 langer : que faut-il mettre dedans ?","datePublished":"2024-07-09T15:22:19+00:00","dateModified":"2024-07-09T15:22:19+00:00","mainEntityOfPage":{"@id":"https:\/\/www.lechoixdesbebes.com\/blog\/sac-a-langer-bien-organise\/"},"wordCount":1116,"commentCount":0,"publisher":{"@id":"https:\/\/www.lechoixdesbebes.com\/blog\/#organization"},"image":{"@id":"https:\/\/www.lechoixdesbebes.com\/blog\/sac-a-langer-bien-organise\/#primaryimage"},"thumbnailUrl":"https:\/\/www.lechoixdesbebes.com\/blog\/wp-content\/uploads\/2024\/07\/sac-a-langer-tineo.jpg","articleSection":["Astuces avec b\u00e9b\u00e9"],"inLanguage":"fr-FR","potentialAction":[{"@type":"CommentAction","name":"Comment","target":["https:\/\/www.lechoixdesbebes.com\/blog\/sac-a-langer-bien-organise\/#respond"]}]},{"@type":"WebPage","@id":"https:\/\/www.lechoixdesbebes.com\/blog\/sac-a-langer-bien-organise\/","url":"https:\/\/www.lechoixdesbebes.com\/blog\/sac-a-langer-bien-organise\/","name":"Sac \u00e0 langer : que faut-il mettre dedans ?","isPartOf":{"@id":"https:\/\/www.lechoixdesbebes.com\/blog\/#website"},"primaryImageOfPage":{"@id":"https:\/\/www.lechoixdesbebes.com\/blog\/sac-a-langer-bien-organise\/#primaryimage"},"image":{"@id":"https:\/\/www.lechoixdesbebes.com\/blog\/sac-a-langer-bien-organise\/#primaryimage"},"thumbnailUrl":"https:\/\/www.lechoixdesbebes.com\/blog\/wp-content\/uploads\/2024\/07\/sac-a-langer-tineo.jpg","datePublished":"2024-07-09T15:22:19+00:00","dateModified":"2024-07-09T15:22:19+00:00","description":"Que faut-il mettre dans votre sac \u00e0 langer ? D\u00e9couvrez tout ce dont vous avez besoin pour prendre soin de votre b\u00e9b\u00e9 lors de vos sorties.","breadcrumb":{"@id":"https:\/\/www.lechoixdesbebes.com\/blog\/sac-a-langer-bien-organise\/#breadcrumb"},"inLanguage":"fr-FR","potentialAction":[{"@type":"ReadAction","target":["https:\/\/www.lechoixdesbebes.com\/blog\/sac-a-langer-bien-organise\/"]}]},{"@type":"ImageObject","inLanguage":"fr-FR","@id":"https:\/\/www.lechoixdesbebes.com\/blog\/sac-a-langer-bien-organise\/#primaryimage","url":"https:\/\/www.lechoixdesbebes.com\/blog\/wp-content\/uploads\/2024\/07\/sac-a-langer-tineo.jpg","contentUrl":"https:\/\/www.lechoixdesbebes.com\/blog\/wp-content\/uploads\/2024\/07\/sac-a-langer-tineo.jpg","width":1370,"height":955,"caption":"sac \u00e0 langer"},{"@type":"BreadcrumbList","@id":"https:\/\/www.lechoixdesbebes.com\/blog\/sac-a-langer-bien-organise\/#breadcrumb","itemListElement":[{"@type":"ListItem","position":1,"name":"Accueil","item":"https:\/\/www.lechoixdesbebes.com\/blog\/"},{"@type":"ListItem","position":2,"name":"Sac \u00e0 langer : que faut-il mettre dedans ?"}]},{"@type":"WebSite","@id":"https:\/\/www.lechoixdesbebes.com\/blog\/#website","url":"https:\/\/www.lechoixdesbebes.com\/blog\/","name":"Actualit\u00e9 de la Pu\u00e9riculture : Blog le Choix des B\u00e9b\u00e9s","description":"Suivez nos conseils bien-\u00eatre pour un b\u00e9b\u00e9 heureux et des parents \u00e9panouis. Le Choix des b\u00e9b\u00e9s : sp\u00e9cialiste de la pu\u00e9riculture","publisher":{"@id":"https:\/\/www.lechoixdesbebes.com\/blog\/#organization"},"potentialAction":[{"@type":"SearchAction","target":{"@type":"EntryPoint","urlTemplate":"https:\/\/www.lechoixdesbebes.com\/blog\/?s={search_term_string}"},"query-input":{"@type":"PropertyValueSpecification","valueRequired":true,"valueName":"search_term_string"}}],"inLanguage":"fr-FR"},{"@type":"Organization","@id":"https:\/\/www.lechoixdesbebes.com\/blog\/#organization","name":"Le Choix Des B\u00e9b\u00e9s","url":"https:\/\/www.lechoixdesbebes.com\/blog\/","logo":{"@type":"ImageObject","inLanguage":"fr-FR","@id":"https:\/\/www.lechoixdesbebes.com\/blog\/#\/schema\/logo\/image\/","url":"https:\/\/www.lechoixdesbebes.com\/blog\/wp-content\/uploads\/2021\/06\/Logo-MyShop-Cdiscount.jpg","contentUrl":"https:\/\/www.lechoixdesbebes.com\/blog\/wp-content\/uploads\/2021\/06\/Logo-MyShop-Cdiscount.jpg","width":350,"height":80,"caption":"Le Choix Des B\u00e9b\u00e9s"},"image":{"@id":"https:\/\/www.lechoixdesbebes.com\/blog\/#\/schema\/logo\/image\/"},"sameAs":["https:\/\/www.facebook.com\/Lechoixdesbebes"]},{"@type":"Person","@id":"https:\/\/www.lechoixdesbebes.com\/blog\/#\/schema\/person\/0a21c7cb9e2bb4b4773469d6e9b044d9","name":"Emilie Bonjour"}]}},"_links":{"self":[{"href":"https:\/\/www.lechoixdesbebes.com\/blog\/wp-json\/wp\/v2\/posts\/1977"}],"collection":[{"href":"https:\/\/www.lechoixdesbebes.com\/blog\/wp-json\/wp\/v2\/posts"}],"about":[{"href":"https:\/\/www.lechoixdesbebes.com\/blog\/wp-json\/wp\/v2\/types\/post"}],"author":[{"embeddable":true,"href":"https:\/\/www.lechoixdesbebes.com\/blog\/wp-json\/wp\/v2\/users\/8"}],"replies":[{"embeddable":true,"href":"https:\/\/www.lechoixdesbebes.com\/blog\/wp-json\/wp\/v2\/comments?post=1977"}],"version-history":[{"count":31,"href":"https:\/\/www.lechoixdesbebes.com\/blog\/wp-json\/wp\/v2\/posts\/1977\/revisions"}],"predecessor-version":[{"id":2019,"href":"https:\/\/www.lechoixdesbebes.com\/blog\/wp-json\/wp\/v2\/posts\/1977\/revisions\/2019"}],"wp:featuredmedia":[{"embeddable":true,"href":"https:\/\/www.lechoixdesbebes.com\/blog\/wp-json\/wp\/v2\/media\/1995"}],"wp:attachment":[{"href":"https:\/\/www.lechoixdesbebes.com\/blog\/wp-json\/wp\/v2\/media?parent=1977"}],"wp:term":[{"taxonomy":"category","embeddable":true,"href":"https:\/\/www.lechoixdesbebes.com\/blog\/wp-json\/wp\/v2\/categories?post=1977"},{"taxonomy":"post_tag","embeddable":true,"href":"https:\/\/www.lechoixdesbebes.com\/blog\/wp-json\/wp\/v2\/tags?post=1977"}],"curies":[{"name":"wp","href":"https:\/\/api.w.org\/{rel}","templated":true}]}}