{"id":2182,"date":"2024-12-05T12:04:20","date_gmt":"2024-12-05T11:04:20","guid":{"rendered":"https:\/\/www.lechoixdesbebes.com\/blog\/?p=2182"},"modified":"2024-12-20T09:46:18","modified_gmt":"2024-12-20T08:46:18","slug":"pourquoi-choisir-tapis-eveil-montessori","status":"publish","type":"post","link":"https:\/\/www.lechoixdesbebes.com\/blog\/pourquoi-choisir-tapis-eveil-montessori\/","title":{"rendered":"Pourquoi choisir un tapis d\u2019\u00e9veil Montessori pour votre b\u00e9b\u00e9 ?"},"content":{"rendered":"<span class=\"rt-reading-time\" style=\"display: block;\"><span class=\"rt-label rt-prefix\">Temps de lecture\u00a0: <\/span> <span class=\"rt-time\">4<\/span> <span class=\"rt-label rt-postfix\">minutes<\/span><\/span>\n<p>Le tapis d\u2019\u00e9veil Montessori est bien plus qu\u2019un simple espace de jeu : c\u2019est un v\u00e9ritable outil d\u2019apprentissage et de d\u00e9veloppement pour votre enfant. S\u2019inscrivant dans une p\u00e9dagogie favorisant l\u2019autonomie et l\u2019exploration, il accompagne les premi\u00e8res d\u00e9couvertes de b\u00e9b\u00e9 tout en respectant son rythme naturel. D\u00e9couvrez comment bien choisir un tapis d\u2019\u00e9veil Montessori.<\/p>\n\n\n\n<h2 class=\"wp-block-heading\">La m\u00e9thode Montessori, c\u2019est quoi ?<\/h2>\n\n\n\n<div style=\"height:20px\" aria-hidden=\"true\" class=\"wp-block-spacer\"><\/div>\n\n\n<div class=\"wp-block-image\">\n<figure class=\"aligncenter size-large\"><a href=\"https:\/\/www.lechoixdesbebes.com\/fr\/31-tapis-de-jeu\"><img loading=\"lazy\" decoding=\"async\" width=\"700\" height=\"700\" data-src=\"https:\/\/www.lechoixdesbebes.com\/blog\/wp-content\/uploads\/2024\/11\/596110_02-700x700.jpg\" alt=\"tapis d'\u00e9veil Montessori Tin\u00e9o\" class=\"wp-image-2186 lazyload\" data-srcset=\"https:\/\/www.lechoixdesbebes.com\/blog\/wp-content\/uploads\/2024\/11\/596110_02-700x700.jpg 700w, https:\/\/www.lechoixdesbebes.com\/blog\/wp-content\/uploads\/2024\/11\/596110_02-300x300.jpg 300w, https:\/\/www.lechoixdesbebes.com\/blog\/wp-content\/uploads\/2024\/11\/596110_02-150x150.jpg 150w, https:\/\/www.lechoixdesbebes.com\/blog\/wp-content\/uploads\/2024\/11\/596110_02-768x768.jpg 768w, https:\/\/www.lechoixdesbebes.com\/blog\/wp-content\/uploads\/2024\/11\/596110_02-120x120.jpg 120w, https:\/\/www.lechoixdesbebes.com\/blog\/wp-content\/uploads\/2024\/11\/596110_02.jpg 1200w\" data-sizes=\"(max-width: 700px) 100vw, 700px\" src=\"data:image\/gif;base64,R0lGODlhAQABAAAAACH5BAEKAAEALAAAAAABAAEAAAICTAEAOw==\" style=\"--smush-placeholder-width: 700px; --smush-placeholder-aspect-ratio: 700\/700;\" \/><noscript><img loading=\"lazy\" decoding=\"async\" width=\"700\" height=\"700\" src=\"https:\/\/www.lechoixdesbebes.com\/blog\/wp-content\/uploads\/2024\/11\/596110_02-700x700.jpg\" alt=\"tapis d'\u00e9veil Montessori Tin\u00e9o\" class=\"wp-image-2186\" srcset=\"https:\/\/www.lechoixdesbebes.com\/blog\/wp-content\/uploads\/2024\/11\/596110_02-700x700.jpg 700w, https:\/\/www.lechoixdesbebes.com\/blog\/wp-content\/uploads\/2024\/11\/596110_02-300x300.jpg 300w, https:\/\/www.lechoixdesbebes.com\/blog\/wp-content\/uploads\/2024\/11\/596110_02-150x150.jpg 150w, https:\/\/www.lechoixdesbebes.com\/blog\/wp-content\/uploads\/2024\/11\/596110_02-768x768.jpg 768w, https:\/\/www.lechoixdesbebes.com\/blog\/wp-content\/uploads\/2024\/11\/596110_02-120x120.jpg 120w, https:\/\/www.lechoixdesbebes.com\/blog\/wp-content\/uploads\/2024\/11\/596110_02.jpg 1200w\" sizes=\"(max-width: 700px) 100vw, 700px\" \/><\/noscript><\/a><\/figure><\/div>\n\n\n<div style=\"height:20px\" aria-hidden=\"true\" class=\"wp-block-spacer\"><\/div>\n\n\n\n<p>La p\u00e9dagogie Montessori repose sur l\u2019id\u00e9e de laisser l\u2019enfant explorer et se d\u00e9velopper \u00e0 son propre rythme, dans un environnement s\u00e9curis\u00e9 et stimulant. Les objets du quotidien, comme les tapis d\u2019\u00e9veil, sont pens\u00e9s pour r\u00e9pondre \u00e0 leurs besoins d\u2019autonomie, de concentration et de d\u00e9couverte.<\/p>\n\n\n\n<p>Un tapis d\u2019\u00e9veil Montessori offre ainsi un espace id\u00e9al pour \u00e9veiller les sens, encourager les mouvements et permettre des moments de jeu ou de calme en toute s\u00e9r\u00e9nit\u00e9.<\/p>\n\n\n\n<h2 class=\"wp-block-heading\">Tapis d\u2019\u00e9veil : \u00e0 quoi \u00e7a sert ?<\/h2>\n\n\n\n<p>Un<a href=\"https:\/\/www.lechoixdesbebes.com\/fr\/31-tapis-de-jeu\"> tapis d\u2019\u00e9veil<\/a> est une plateforme multifonctionnelle qui participe \u00e0 plusieurs aspects du d\u00e9veloppement de b\u00e9b\u00e9.<\/p>\n\n\n\n<div style=\"height:20px\" aria-hidden=\"true\" class=\"wp-block-spacer\"><\/div>\n\n\n<div class=\"wp-block-image\">\n<figure class=\"aligncenter size-large\"><a href=\"https:\/\/www.lechoixdesbebes.com\/fr\/31-tapis-de-jeu\"><img loading=\"lazy\" decoding=\"async\" width=\"700\" height=\"700\" data-src=\"https:\/\/www.lechoixdesbebes.com\/blog\/wp-content\/uploads\/2024\/11\/596110_04-700x700.jpg\" alt=\"tapis de jeu\" class=\"wp-image-2187 lazyload\" data-srcset=\"https:\/\/www.lechoixdesbebes.com\/blog\/wp-content\/uploads\/2024\/11\/596110_04-700x700.jpg 700w, https:\/\/www.lechoixdesbebes.com\/blog\/wp-content\/uploads\/2024\/11\/596110_04-300x300.jpg 300w, https:\/\/www.lechoixdesbebes.com\/blog\/wp-content\/uploads\/2024\/11\/596110_04-150x150.jpg 150w, https:\/\/www.lechoixdesbebes.com\/blog\/wp-content\/uploads\/2024\/11\/596110_04-768x768.jpg 768w, https:\/\/www.lechoixdesbebes.com\/blog\/wp-content\/uploads\/2024\/11\/596110_04-120x120.jpg 120w, https:\/\/www.lechoixdesbebes.com\/blog\/wp-content\/uploads\/2024\/11\/596110_04.jpg 1200w\" data-sizes=\"(max-width: 700px) 100vw, 700px\" src=\"data:image\/gif;base64,R0lGODlhAQABAAAAACH5BAEKAAEALAAAAAABAAEAAAICTAEAOw==\" style=\"--smush-placeholder-width: 700px; --smush-placeholder-aspect-ratio: 700\/700;\" \/><noscript><img loading=\"lazy\" decoding=\"async\" width=\"700\" height=\"700\" src=\"https:\/\/www.lechoixdesbebes.com\/blog\/wp-content\/uploads\/2024\/11\/596110_04-700x700.jpg\" alt=\"tapis de jeu\" class=\"wp-image-2187\" srcset=\"https:\/\/www.lechoixdesbebes.com\/blog\/wp-content\/uploads\/2024\/11\/596110_04-700x700.jpg 700w, https:\/\/www.lechoixdesbebes.com\/blog\/wp-content\/uploads\/2024\/11\/596110_04-300x300.jpg 300w, https:\/\/www.lechoixdesbebes.com\/blog\/wp-content\/uploads\/2024\/11\/596110_04-150x150.jpg 150w, https:\/\/www.lechoixdesbebes.com\/blog\/wp-content\/uploads\/2024\/11\/596110_04-768x768.jpg 768w, https:\/\/www.lechoixdesbebes.com\/blog\/wp-content\/uploads\/2024\/11\/596110_04-120x120.jpg 120w, https:\/\/www.lechoixdesbebes.com\/blog\/wp-content\/uploads\/2024\/11\/596110_04.jpg 1200w\" sizes=\"(max-width: 700px) 100vw, 700px\" \/><\/noscript><\/a><\/figure><\/div>\n\n\n<div style=\"height:20px\" aria-hidden=\"true\" class=\"wp-block-spacer\"><\/div>\n\n\n\n<ul class=\"wp-block-list\">\n<li><strong>D\u00e9veloppement moteur<\/strong> : Pos\u00e9 sur le ventre ou sur le dos, b\u00e9b\u00e9 peut exp\u00e9rimenter de nouveaux mouvements. Il renforce ses muscles et d\u00e9veloppe sa motricit\u00e9.<\/li>\n\n\n\n<li><strong>Temps calmes<\/strong> : Le tapis devient un espace pour que b\u00e9b\u00e9 puisse se d\u00e9tendre, observer ou manipuler en douceur ses jouets pr\u00e9f\u00e9r\u00e9s.<\/li>\n\n\n\n<li><strong>Zone de jeu \u00e9volutive<\/strong> : Gr\u00e2ce \u00e0 ses diff\u00e9rentes fonctionnalit\u00e9s, il s\u2019adapte aux besoins de l\u2019enfant au fil du temps.<\/li>\n<\/ul>\n\n\n\n<div style=\"height:20px\" aria-hidden=\"true\" class=\"wp-block-spacer\"><\/div>\n\n\n<div class=\"row mb-3\"><div class=\"products\">\n            \n  <div class=\"product col-xs-6 col-md-4\">\n    <article class=\"product-miniature js-product-miniature\" data-id-product=\"781\" data-id-product-attribute=\"0\">\n      <div class=\"thumbnail-container\">\n        <div class=\"product-image\">\n          \n                          <a href=\"https:\/\/www.lechoixdesbebes.com\/fr\/tapis-d-eveil-120x120\/781-tapis-motricite-lapins-candide.html\" class=\"thumbnail product-thumbnail\">\n                <img\n                  data-src=\"https:\/\/www.lechoixdesbebes.com\/7691-home_default\/tapis-motricite-lapins-candide.jpg\"\n                  alt=\"Tapis de motricit\u00e9 Lapins - Candide\"\n                  data-full-size-image-url=\"https:\/\/www.lechoixdesbebes.com\/7691-marketplace_default\/tapis-motricite-lapins-candide.jpg\"\n                  height=\"376\"\n                  width=\"320\"\n                  loading=\"lazy\"\n                  decoding=\"async\"\n                  fetchPriority=\"low\"\n                  style=\"--smush-placeholder-width: 320px; --smush-placeholder-aspect-ratio: 320\/376;content-visibility: auto; max-width: 100%;\"\n                 src=\"data:image\/gif;base64,R0lGODlhAQABAAAAACH5BAEKAAEALAAAAAABAAEAAAICTAEAOw==\" class=\"lazyload\"><noscript><img\n                  src=\"https:\/\/www.lechoixdesbebes.com\/7691-home_default\/tapis-motricite-lapins-candide.jpg\"\n                  alt=\"Tapis de motricit\u00e9 Lapins - Candide\"\n                  data-full-size-image-url=\"https:\/\/www.lechoixdesbebes.com\/7691-marketplace_default\/tapis-motricite-lapins-candide.jpg\"\n                  height=\"376\"\n                  width=\"320\"\n                  loading=\"lazy\"\n                  decoding=\"async\"\n                  fetchPriority=\"low\"\n                  style=\"content-visibility: auto; max-width: 100%;\"\n                ><\/noscript>\n                                  <div class=\"second-image-wrapper\">\n                    <img\n                      data-src=\"https:\/\/www.lechoixdesbebes.com\/7694-home_default\/tapis-motricite-lapins-candide.jpg\"\n                      alt=\"Tapis de motricit\u00e9 - Lapins\"\n                      height=\"376\"\n                      width=\"320\"\n                      class=\"second-image lazyload\"\n                      loading=\"lazy\"\n                      decoding=\"async\"\n                      fetchPriority=\"low\"\n                     src=\"data:image\/gif;base64,R0lGODlhAQABAAAAACH5BAEKAAEALAAAAAABAAEAAAICTAEAOw==\" style=\"--smush-placeholder-width: 320px; --smush-placeholder-aspect-ratio: 320\/376;\"><noscript><img\n                      src=\"https:\/\/www.lechoixdesbebes.com\/7694-home_default\/tapis-motricite-lapins-candide.jpg\"\n                      alt=\"Tapis de motricit\u00e9 - Lapins\"\n                      height=\"376\"\n                      width=\"320\"\n                      class=\"second-image\"\n                      loading=\"lazy\"\n                      decoding=\"async\"\n                      fetchPriority=\"low\"\n                    ><\/noscript>\n                  <\/div>\n                              <\/a>\n                      \n          \n                      \n          \n                      \n                            <\/div>\n\n        <div class=\"product-description\">\n          \n                                                                <h2 class=\"h3 product-title\">\n                                  <span class=\"product-brand-text\">\n                    Candide\n                  <\/span>\n                                <a href=\"https:\/\/www.lechoixdesbebes.com\/fr\/tapis-d-eveil-120x120\/781-tapis-motricite-lapins-candide.html\" content=\"https:\/\/www.lechoixdesbebes.com\/fr\/tapis-d-eveil-120x120\/781-tapis-motricite-lapins-candide.html\">Tapis de motricit\u00e9 - Lapins<\/a>\n              <\/h2>\n                      \n\n          \n                          <div class=\"product-price-and-shipping\">\n                \n                                <span class=\"price-content\">\n                  <span class=\"price\" aria-label=\"Prix\">\n                                                              59,99\u00a0\u20ac\n                                      <\/span>\n                                  <\/span>\n                \n                \n\n                \n              <\/div>\n                      \n\n          <div class=\"product-extra-informations\"><\/div>\n\n          \n            <div class=\"product-link\">\n                                                <form action=\"https:\/\/www.lechoixdesbebes.com\/fr\/panier\" class=\"cart-form-url\" method=\"post\">\n                    <input type=\"hidden\" name=\"token\" class=\"cart-form-token\" value=\"6233b112ff76994a584cdc1151fd049d\">\n                    <input type=\"hidden\" value=\"781\" name=\"id_product\">\n                    <input type=\"hidden\" class=\"input-group form-control\" value=\"1\" name=\"qty\" \/>\n                    <button type=\"submit\" class=\"btn btn-primary btn-block add-to-cart-from-list\" data-button-action=\"add-to-cart\">\n                      Ajouter au panier\n                      <svg class=\"icon\"><use xlink:href=\"#shopping-bag\"><\/use><\/svg>\n                    <\/button>\n                  <\/form>\n                                          <\/div>\n          \n        <\/div>\n\n        \n    <ul class=\"product-flags js-product-flags\">\n                    <\/ul>\n\n\n      <\/div>\n    <\/article>\n  <\/div>\n\n            \n  <div class=\"product col-xs-6 col-md-4\">\n    <article class=\"product-miniature js-product-miniature\" data-id-product=\"770\" data-id-product-attribute=\"0\">\n      <div class=\"thumbnail-container\">\n        <div class=\"product-image\">\n          \n                          <a href=\"https:\/\/www.lechoixdesbebes.com\/fr\/tapis-d-eveil-120x120\/770-tapis-malin-cache-coucou-tineo.html\" class=\"thumbnail product-thumbnail\">\n                <img\n                  data-src=\"https:\/\/www.lechoixdesbebes.com\/7535-home_default\/tapis-malin-cache-coucou-tineo.jpg\"\n                  alt=\"Tapis d&#039;\u00e9veil et de motricit\u00e9 Tin\u00e9o Malin - 120x120 cm - Cach\u00e9 Coucou\"\n                  data-full-size-image-url=\"https:\/\/www.lechoixdesbebes.com\/7535-marketplace_default\/tapis-malin-cache-coucou-tineo.jpg\"\n                  height=\"376\"\n                  width=\"320\"\n                  loading=\"lazy\"\n                  decoding=\"async\"\n                  fetchPriority=\"low\"\n                  style=\"--smush-placeholder-width: 320px; --smush-placeholder-aspect-ratio: 320\/376;content-visibility: auto; max-width: 100%;\"\n                 src=\"data:image\/gif;base64,R0lGODlhAQABAAAAACH5BAEKAAEALAAAAAABAAEAAAICTAEAOw==\" class=\"lazyload\"><noscript><img\n                  src=\"https:\/\/www.lechoixdesbebes.com\/7535-home_default\/tapis-malin-cache-coucou-tineo.jpg\"\n                  alt=\"Tapis d&#039;\u00e9veil et de motricit\u00e9 Tin\u00e9o Malin - 120x120 cm - Cach\u00e9 Coucou\"\n                  data-full-size-image-url=\"https:\/\/www.lechoixdesbebes.com\/7535-marketplace_default\/tapis-malin-cache-coucou-tineo.jpg\"\n                  height=\"376\"\n                  width=\"320\"\n                  loading=\"lazy\"\n                  decoding=\"async\"\n                  fetchPriority=\"low\"\n                  style=\"content-visibility: auto; max-width: 100%;\"\n                ><\/noscript>\n                                  <div class=\"second-image-wrapper\">\n                    <img\n                      data-src=\"https:\/\/www.lechoixdesbebes.com\/7537-home_default\/tapis-malin-cache-coucou-tineo.jpg\"\n                      alt=\"Tapis malin - Cach\u00e9 Coucou\"\n                      height=\"376\"\n                      width=\"320\"\n                      class=\"second-image lazyload\"\n                      loading=\"lazy\"\n                      decoding=\"async\"\n                      fetchPriority=\"low\"\n                     src=\"data:image\/gif;base64,R0lGODlhAQABAAAAACH5BAEKAAEALAAAAAABAAEAAAICTAEAOw==\" style=\"--smush-placeholder-width: 320px; --smush-placeholder-aspect-ratio: 320\/376;\"><noscript><img\n                      src=\"https:\/\/www.lechoixdesbebes.com\/7537-home_default\/tapis-malin-cache-coucou-tineo.jpg\"\n                      alt=\"Tapis malin - Cach\u00e9 Coucou\"\n                      height=\"376\"\n                      width=\"320\"\n                      class=\"second-image\"\n                      loading=\"lazy\"\n                      decoding=\"async\"\n                      fetchPriority=\"low\"\n                    ><\/noscript>\n                  <\/div>\n                              <\/a>\n                      \n          \n                      \n          \n                      \n                            <\/div>\n\n        <div class=\"product-description\">\n          \n                                                                <h2 class=\"h3 product-title\">\n                                  <span class=\"product-brand-text\">\n                    Tin\u00e9o\n                  <\/span>\n                                <a href=\"https:\/\/www.lechoixdesbebes.com\/fr\/tapis-d-eveil-120x120\/770-tapis-malin-cache-coucou-tineo.html\" content=\"https:\/\/www.lechoixdesbebes.com\/fr\/tapis-d-eveil-120x120\/770-tapis-malin-cache-coucou-tineo.html\">Tapis malin - Cach\u00e9 Coucou<\/a>\n              <\/h2>\n                      \n\n          \n                          <div class=\"product-price-and-shipping\">\n                \n                                <span class=\"price-content\">\n                  <span class=\"price\" aria-label=\"Prix\">\n                                                              49,99\u00a0\u20ac\n                                      <\/span>\n                                  <\/span>\n                \n                \n\n                \n              <\/div>\n                      \n\n          <div class=\"product-extra-informations\"><\/div>\n\n          \n            <div class=\"product-link\">\n                                                <form action=\"https:\/\/www.lechoixdesbebes.com\/fr\/panier\" class=\"cart-form-url\" method=\"post\">\n                    <input type=\"hidden\" name=\"token\" class=\"cart-form-token\" value=\"6233b112ff76994a584cdc1151fd049d\">\n                    <input type=\"hidden\" value=\"770\" name=\"id_product\">\n                    <input type=\"hidden\" class=\"input-group form-control\" value=\"1\" name=\"qty\" \/>\n                    <button type=\"submit\" class=\"btn btn-primary btn-block add-to-cart-from-list\" data-button-action=\"add-to-cart\">\n                      Ajouter au panier\n                      <svg class=\"icon\"><use xlink:href=\"#shopping-bag\"><\/use><\/svg>\n                    <\/button>\n                  <\/form>\n                                          <\/div>\n          \n        <\/div>\n\n        \n    <ul class=\"product-flags js-product-flags\">\n                    <\/ul>\n\n\n      <\/div>\n    <\/article>\n  <\/div>\n\n            \n  <div class=\"product col-xs-6 col-md-4\">\n    <article class=\"product-miniature js-product-miniature\" data-id-product=\"273\" data-id-product-attribute=\"0\">\n      <div class=\"thumbnail-container\">\n        <div class=\"product-image\">\n          \n                          <a href=\"https:\/\/www.lechoixdesbebes.com\/fr\/tapis-d-eveil-120x120\/273-tapis-de-motricite-black-white-experience.html\" class=\"thumbnail product-thumbnail\">\n                <img\n                  data-src=\"https:\/\/www.lechoixdesbebes.com\/7403-home_default\/tapis-de-motricite-black-white-experience.jpg\"\n                  alt=\"Tapis de jeu b\u00e9b\u00e9 Candide Black &amp; White\"\n                  data-full-size-image-url=\"https:\/\/www.lechoixdesbebes.com\/7403-marketplace_default\/tapis-de-motricite-black-white-experience.jpg\"\n                  height=\"376\"\n                  width=\"320\"\n                  loading=\"lazy\"\n                  decoding=\"async\"\n                  fetchPriority=\"low\"\n                  style=\"--smush-placeholder-width: 320px; --smush-placeholder-aspect-ratio: 320\/376;content-visibility: auto; max-width: 100%;\"\n                 src=\"data:image\/gif;base64,R0lGODlhAQABAAAAACH5BAEKAAEALAAAAAABAAEAAAICTAEAOw==\" class=\"lazyload\"><noscript><img\n                  src=\"https:\/\/www.lechoixdesbebes.com\/7403-home_default\/tapis-de-motricite-black-white-experience.jpg\"\n                  alt=\"Tapis de jeu b\u00e9b\u00e9 Candide Black &amp; White\"\n                  data-full-size-image-url=\"https:\/\/www.lechoixdesbebes.com\/7403-marketplace_default\/tapis-de-motricite-black-white-experience.jpg\"\n                  height=\"376\"\n                  width=\"320\"\n                  loading=\"lazy\"\n                  decoding=\"async\"\n                  fetchPriority=\"low\"\n                  style=\"content-visibility: auto; max-width: 100%;\"\n                ><\/noscript>\n                                  <div class=\"second-image-wrapper\">\n                    <img\n                      data-src=\"https:\/\/www.lechoixdesbebes.com\/7406-home_default\/tapis-de-motricite-black-white-experience.jpg\"\n                      alt=\"Tapis de jeu b\u00e9b\u00e9 Black &amp; White\"\n                      height=\"376\"\n                      width=\"320\"\n                      class=\"second-image lazyload\"\n                      loading=\"lazy\"\n                      decoding=\"async\"\n                      fetchPriority=\"low\"\n                     src=\"data:image\/gif;base64,R0lGODlhAQABAAAAACH5BAEKAAEALAAAAAABAAEAAAICTAEAOw==\" style=\"--smush-placeholder-width: 320px; --smush-placeholder-aspect-ratio: 320\/376;\"><noscript><img\n                      src=\"https:\/\/www.lechoixdesbebes.com\/7406-home_default\/tapis-de-motricite-black-white-experience.jpg\"\n                      alt=\"Tapis de jeu b\u00e9b\u00e9 Black &amp; White\"\n                      height=\"376\"\n                      width=\"320\"\n                      class=\"second-image\"\n                      loading=\"lazy\"\n                      decoding=\"async\"\n                      fetchPriority=\"low\"\n                    ><\/noscript>\n                  <\/div>\n                              <\/a>\n                      \n          \n                      \n          \n                      \n                            <\/div>\n\n        <div class=\"product-description\">\n          \n                                                                <h2 class=\"h3 product-title\">\n                                  <span class=\"product-brand-text\">\n                    Candide\n                  <\/span>\n                                <a href=\"https:\/\/www.lechoixdesbebes.com\/fr\/tapis-d-eveil-120x120\/273-tapis-de-motricite-black-white-experience.html\" content=\"https:\/\/www.lechoixdesbebes.com\/fr\/tapis-d-eveil-120x120\/273-tapis-de-motricite-black-white-experience.html\">Tapis de jeu b\u00e9b\u00e9 Black &amp; White<\/a>\n              <\/h2>\n                      \n\n          \n                          <div class=\"product-price-and-shipping\">\n                <link rel=\"stylesheet\" href=\"\/modules\/steavisgarantis\/views\/css\/style.css\" type=\"text\/css\" \/>\n<style>\n     \n    #agWidgetH .animate {animation-duration: 1s;  animation-name: newWidth;  animation-iteration-count: 1;} \n    @keyframes newWidth {from {width: 0%} to {width: 100%}} \n     \n\t.categoryStars svg.note g { fill:  #ffbe4d !important;}\n<\/style>\n<div id=\"categoryStarsMain\">\n    <div class=\"categoryStars\">\n\t\t<span><\/span>\n\t\t<div class=\"animate\" style=\"width:100%;position:relative;overflow:hidden;\">\n\t\t\t<svg class=\"note\" version=\"1.0\" xmlns=\"http:\/\/www.w3.org\/2000\/svg\"\n\t\t\t width=\"250.000000pt\" height=\"68.000000pt\" viewBox=\"0 0 250.000000 68.000000\"\n\t\t\t preserveAspectRatio=\"xMidYMid meet\">\n\t\t\t\t<g fill=\"rgba(250,0,0,1)\">\n\t\t\t\t\t<path d=\"M 16.02 28.17   L 22.31 11.82   A 0.34 0.34 0.0 0 1 22.95 11.82   L 29.11 28.05   A 0.34 0.34 0.0 0 0 29.43 28.27   L 43.29 28.24   A 0.34 0.34 0.0 0 1 43.53 28.82   L 32.81 39.62   A 0.34 0.34 0.0 0 0 32.73 39.97   L 38.17 56.11   A 0.34 0.34 0.0 0 1 37.67 56.51   L 22.84 47.29   A 0.34 0.34 0.0 0 0 22.48 47.29   L 7.31 56.49   A 0.34 0.34 0.0 0 1 6.81 56.09   L 12.27 40.15   A 0.34 0.34 0.0 0 0 12.19 39.80   L 1.50 28.79   A 0.34 0.34 0.0 0 1 1.75 28.21   L 15.69 28.39   A 0.34 0.34 0.0 0 0 16.02 28.17   Z\"\/>\n\t\t\t\t\t<path d=\"M 79.28 28.29   L 93.14 28.22   A 0.34 0.34 0.0 0 1 93.38 28.80   L 82.66 39.66   A 0.34 0.34 0.0 0 0 82.58 40.01   L 88.04 56.15   A 0.34 0.34 0.0 0 1 87.54 56.55   L 72.70 47.28   A 0.34 0.34 0.0 0 0 72.34 47.28   L 57.15 56.50   A 0.34 0.34 0.0 0 1 56.65 56.10   L 62.13 40.14   A 0.34 0.34 0.0 0 0 62.05 39.79   L 51.34 28.78   A 0.34 0.34 0.0 0 1 51.59 28.20   L 65.53 28.40   A 0.34 0.34 0.0 0 0 65.86 28.18   L 72.17 11.87   A 0.34 0.34 0.0 0 1 72.80 11.87   L 78.96 28.07   A 0.34 0.34 0.0 0 0 79.28 28.29   Z\"\/>\n\t\t\t\t\t<path d=\"M 129.12 28.28   L 142.99 28.23   A 0.34 0.34 0.0 0 1 143.23 28.81   L 132.51 39.64   A 0.34 0.34 0.0 0 0 132.43 39.99   L 137.90 56.14   A 0.34 0.34 0.0 0 1 137.39 56.54   L 122.57 47.30   A 0.34 0.34 0.0 0 0 122.21 47.30   L 107.02 56.48   A 0.34 0.34 0.0 0 1 106.52 56.08   L 111.97 40.14   A 0.34 0.34 0.0 0 0 111.89 39.79   L 101.22 28.79   A 0.34 0.34 0.0 0 1 101.47 28.21   L 115.40 28.39   A 0.34 0.34 0.0 0 0 115.73 28.17   L 122.03 11.80   A 0.34 0.34 0.0 0 1 122.66 11.80   L 128.80 28.06   A 0.34 0.34 0.0 0 0 129.12 28.28   Z\"\/>\n\t\t\t\t\t<path d=\"M 178.98 28.27   L 192.81 28.24   A 0.34 0.34 0.0 0 1 193.06 28.82   L 182.39 39.63   A 0.34 0.34 0.0 0 0 182.31 39.98   L 187.74 56.13   A 0.34 0.34 0.0 0 1 187.24 56.53   L 172.41 47.29   A 0.34 0.34 0.0 0 0 172.05 47.29   L 156.88 56.48   A 0.34 0.34 0.0 0 1 156.38 56.07   L 161.83 40.13   A 0.34 0.34 0.0 0 0 161.75 39.78   L 151.05 28.79   A 0.34 0.34 0.0 0 1 151.30 28.21   L 165.26 28.39   A 0.34 0.34 0.0 0 0 165.58 28.17   L 171.86 11.80   A 0.34 0.34 0.0 0 1 172.50 11.80   L 178.66 28.05   A 0.34 0.34 0.0 0 0 178.98 28.27   Z\"\/>\n\t\t\t\t\t<path d=\"M 220.13 27.69   L 226.23 12.00   Q 226.58 11.10 226.92 12.00   L 232.93 27.72   Q 233.14 28.26 233.72 28.26   L 247.19 28.27   Q 247.99 28.27 247.43 28.84   L 237.01 39.40   A 0.90 0.89 58.3 0 0 236.80 40.32   L 242.11 56.20   Q 242.35 56.94 241.69 56.53   L 227.01 47.45   Q 226.61 47.21 226.22 47.44   L 211.29 56.43   Q 210.52 56.89 210.81 56.04   L 216.12 40.39   Q 216.27 39.94 215.94 39.60   L 205.48 28.80   Q 204.93 28.23 205.72 28.24   L 219.11 28.37   Q 219.86 28.38 220.13 27.69   Z\"\/>\n\t\t\t\t<\/g>\n\t\t\t<\/svg>\n\t\t<\/div>\n\t<\/div>\n    <div class=\"categoryStarsStr\">(2 avis)<\/div>\n<\/div>\n\n                                <span class=\"price-content\">\n                  <span class=\"price\" aria-label=\"Prix\">\n                                                              59,99\u00a0\u20ac\n                                      <\/span>\n                                  <\/span>\n                \n                \n\n                \n              <\/div>\n                      \n\n          <div class=\"product-extra-informations\"><\/div>\n\n          \n            <div class=\"product-link\">\n                                                <form action=\"https:\/\/www.lechoixdesbebes.com\/fr\/panier\" class=\"cart-form-url\" method=\"post\">\n                    <input type=\"hidden\" name=\"token\" class=\"cart-form-token\" value=\"6233b112ff76994a584cdc1151fd049d\">\n                    <input type=\"hidden\" value=\"273\" name=\"id_product\">\n                    <input type=\"hidden\" class=\"input-group form-control\" value=\"1\" name=\"qty\" \/>\n                    <button type=\"submit\" class=\"btn btn-primary btn-block add-to-cart-from-list\" data-button-action=\"add-to-cart\">\n                      Ajouter au panier\n                      <svg class=\"icon\"><use xlink:href=\"#shopping-bag\"><\/use><\/svg>\n                    <\/button>\n                  <\/form>\n                                          <\/div>\n          \n        <\/div>\n\n        \n    <ul class=\"product-flags js-product-flags\">\n                    <\/ul>\n\n\n      <\/div>\n    <\/article>\n  <\/div>\n\n    <\/div><\/div>\n\n\n\n<div style=\"height:20px\" aria-hidden=\"true\" class=\"wp-block-spacer\"><\/div>\n\n\n\n<h3 class=\"wp-block-heading\">Tapis d\u2019\u00e9veil : \u00e0 quel \u00e2ge ?<\/h3>\n\n\n\n<p>Le tapis d\u2019\u00e9veil est utilisable d\u00e8s les premi\u00e8res semaines. Il devient particuli\u00e8rement utile d\u00e8s que b\u00e9b\u00e9 commence \u00e0 vouloir toucher et explorer son environnement, g\u00e9n\u00e9ralement vers 2 \u00e0 3 mois.<\/p>\n\n\n\n<h3 class=\"wp-block-heading\">Tapis d\u2019\u00e9veil : combien de temps par jour ?<\/h3>\n\n\n\n<p>Pour favoriser l\u2019\u00e9veil de votre enfant, vous pouvez installer b\u00e9b\u00e9 sur le tapis d\u2019\u00e9veil plusieurs fois par jour. Proposez-lui des sessions de 20 \u00e0 30 minutes. Ces moments doivent \u00eatre vari\u00e9s, avec des activit\u00e9s adapt\u00e9es \u00e0 son \u00e2ge et \u00e0 son niveau d\u2019\u00e9nergie.<\/p>\n\n\n\n<h2 class=\"wp-block-heading\">Comment choisir un tapis d\u2019\u00e9veil Montessori ?<\/h2>\n\n\n\n<div style=\"height:20px\" aria-hidden=\"true\" class=\"wp-block-spacer\"><\/div>\n\n\n<div class=\"wp-block-image\">\n<figure class=\"aligncenter size-large\"><a href=\"https:\/\/www.lechoixdesbebes.com\/fr\/31-tapis-de-jeu\"><img loading=\"lazy\" decoding=\"async\" width=\"700\" height=\"700\" data-src=\"https:\/\/www.lechoixdesbebes.com\/blog\/wp-content\/uploads\/2024\/11\/595613_10-700x700.jpg\" alt=\"tapis d'\u00e9veil Montessori contrast\u00e9 noir et blanc\" class=\"wp-image-2188 lazyload\" data-srcset=\"https:\/\/www.lechoixdesbebes.com\/blog\/wp-content\/uploads\/2024\/11\/595613_10-700x700.jpg 700w, https:\/\/www.lechoixdesbebes.com\/blog\/wp-content\/uploads\/2024\/11\/595613_10-300x300.jpg 300w, https:\/\/www.lechoixdesbebes.com\/blog\/wp-content\/uploads\/2024\/11\/595613_10-150x150.jpg 150w, https:\/\/www.lechoixdesbebes.com\/blog\/wp-content\/uploads\/2024\/11\/595613_10-768x768.jpg 768w, https:\/\/www.lechoixdesbebes.com\/blog\/wp-content\/uploads\/2024\/11\/595613_10-120x120.jpg 120w, https:\/\/www.lechoixdesbebes.com\/blog\/wp-content\/uploads\/2024\/11\/595613_10.jpg 1200w\" data-sizes=\"(max-width: 700px) 100vw, 700px\" src=\"data:image\/gif;base64,R0lGODlhAQABAAAAACH5BAEKAAEALAAAAAABAAEAAAICTAEAOw==\" style=\"--smush-placeholder-width: 700px; --smush-placeholder-aspect-ratio: 700\/700;\" \/><noscript><img loading=\"lazy\" decoding=\"async\" width=\"700\" height=\"700\" src=\"https:\/\/www.lechoixdesbebes.com\/blog\/wp-content\/uploads\/2024\/11\/595613_10-700x700.jpg\" alt=\"tapis d'\u00e9veil Montessori contrast\u00e9 noir et blanc\" class=\"wp-image-2188\" srcset=\"https:\/\/www.lechoixdesbebes.com\/blog\/wp-content\/uploads\/2024\/11\/595613_10-700x700.jpg 700w, https:\/\/www.lechoixdesbebes.com\/blog\/wp-content\/uploads\/2024\/11\/595613_10-300x300.jpg 300w, https:\/\/www.lechoixdesbebes.com\/blog\/wp-content\/uploads\/2024\/11\/595613_10-150x150.jpg 150w, https:\/\/www.lechoixdesbebes.com\/blog\/wp-content\/uploads\/2024\/11\/595613_10-768x768.jpg 768w, https:\/\/www.lechoixdesbebes.com\/blog\/wp-content\/uploads\/2024\/11\/595613_10-120x120.jpg 120w, https:\/\/www.lechoixdesbebes.com\/blog\/wp-content\/uploads\/2024\/11\/595613_10.jpg 1200w\" sizes=\"(max-width: 700px) 100vw, 700px\" \/><\/noscript><\/a><\/figure><\/div>\n\n\n<div style=\"height:20px\" aria-hidden=\"true\" class=\"wp-block-spacer\"><\/div>\n\n\n\n<p>Pour trouver le tapis de jeu id\u00e9al, privil\u00e9giez les crit\u00e8res suivants :<\/p>\n\n\n\n<ol class=\"wp-block-list\">\n<li><strong>\u00c9paisseur et confort<\/strong> : Les tapis \u00e9pais sont essentiels pour prot\u00e9ger b\u00e9b\u00e9 des sols durs et garantir une assise moelleuse.<\/li>\n\n\n\n<li><strong>Modularit\u00e9<\/strong> : Optez pour un mod\u00e8le \u00e9volutif qui accompagne b\u00e9b\u00e9 au fil de son d\u00e9veloppement, avec plusieurs options d\u2019utilisation.<\/li>\n\n\n\n<li><strong>Facilit\u00e9 d\u2019entretien<\/strong> : Les mat\u00e9riaux doivent \u00eatre lavables et non toxiques.<\/li>\n\n\n\n<li><strong>Praticit\u00e9<\/strong> : Les tapis pliables offrent un rangement facile et une grande mobilit\u00e9.<\/li>\n<\/ol>\n\n\n\n<h2 class=\"wp-block-heading\">Les tapis Malin Candide et Tin\u00e9o<\/h2>\n\n\n\n<div style=\"height:20px\" aria-hidden=\"true\" class=\"wp-block-spacer\"><\/div>\n\n\n<div class=\"wp-block-image\">\n<figure class=\"aligncenter size-large\"><a href=\"https:\/\/www.lechoixdesbebes.com\/fr\/31-tapis-de-jeu\"><img loading=\"lazy\" decoding=\"async\" width=\"700\" height=\"700\" data-src=\"https:\/\/www.lechoixdesbebes.com\/blog\/wp-content\/uploads\/2024\/11\/596120_13-700x700.jpg\" alt=\"b\u00e9b\u00e9 joue sur tapis d'\u00e9veil en autonomie\" class=\"wp-image-2189 lazyload\" data-srcset=\"https:\/\/www.lechoixdesbebes.com\/blog\/wp-content\/uploads\/2024\/11\/596120_13-700x700.jpg 700w, https:\/\/www.lechoixdesbebes.com\/blog\/wp-content\/uploads\/2024\/11\/596120_13-300x300.jpg 300w, https:\/\/www.lechoixdesbebes.com\/blog\/wp-content\/uploads\/2024\/11\/596120_13-150x150.jpg 150w, https:\/\/www.lechoixdesbebes.com\/blog\/wp-content\/uploads\/2024\/11\/596120_13-768x768.jpg 768w, https:\/\/www.lechoixdesbebes.com\/blog\/wp-content\/uploads\/2024\/11\/596120_13-120x120.jpg 120w, https:\/\/www.lechoixdesbebes.com\/blog\/wp-content\/uploads\/2024\/11\/596120_13.jpg 1200w\" data-sizes=\"(max-width: 700px) 100vw, 700px\" src=\"data:image\/gif;base64,R0lGODlhAQABAAAAACH5BAEKAAEALAAAAAABAAEAAAICTAEAOw==\" style=\"--smush-placeholder-width: 700px; --smush-placeholder-aspect-ratio: 700\/700;\" \/><noscript><img loading=\"lazy\" decoding=\"async\" width=\"700\" height=\"700\" src=\"https:\/\/www.lechoixdesbebes.com\/blog\/wp-content\/uploads\/2024\/11\/596120_13-700x700.jpg\" alt=\"b\u00e9b\u00e9 joue sur tapis d'\u00e9veil en autonomie\" class=\"wp-image-2189\" srcset=\"https:\/\/www.lechoixdesbebes.com\/blog\/wp-content\/uploads\/2024\/11\/596120_13-700x700.jpg 700w, https:\/\/www.lechoixdesbebes.com\/blog\/wp-content\/uploads\/2024\/11\/596120_13-300x300.jpg 300w, https:\/\/www.lechoixdesbebes.com\/blog\/wp-content\/uploads\/2024\/11\/596120_13-150x150.jpg 150w, https:\/\/www.lechoixdesbebes.com\/blog\/wp-content\/uploads\/2024\/11\/596120_13-768x768.jpg 768w, https:\/\/www.lechoixdesbebes.com\/blog\/wp-content\/uploads\/2024\/11\/596120_13-120x120.jpg 120w, https:\/\/www.lechoixdesbebes.com\/blog\/wp-content\/uploads\/2024\/11\/596120_13.jpg 1200w\" sizes=\"(max-width: 700px) 100vw, 700px\" \/><\/noscript><\/a><\/figure><\/div>\n\n\n<div style=\"height:20px\" aria-hidden=\"true\" class=\"wp-block-spacer\"><\/div>\n\n\n\n<p>Les tapis d\u2019\u00e9veil Malin de <a href=\"https:\/\/www.candide.fr\/\">Candide<\/a> et Tin\u00e9o r\u00e9unissent tout ce que les parents recherchent : confort, polyvalence et qualit\u00e9. Disponibles en deux tailles (120&#215;120 cm ou 120&#215;180 cm), ces tapis \u00e9pais (5 cm) offrent une multitude d\u2019utilisations astucieuses pour s\u2019adapter \u00e0 tous les moments de la journ\u00e9e :<\/p>\n\n\n\n<ul class=\"wp-block-list\">\n<li><strong>Tapis de jeu<\/strong> : En position non pli\u00e9e, il offre un grand espace de jeu confortable pour b\u00e9b\u00e9.<\/li>\n\n\n\n<li><strong>Couchage d\u2019appoint<\/strong> : Pli\u00e9 en deux, il se transforme en matelas douillet.<\/li>\n\n\n\n<li><strong>Coin lecture<\/strong> : Il offre un support d\u2019assise confortable pour un moment calme seul ou avec ses parents. Le Tapis Malin se range facilement \u00e0 la fin de la journ\u00e9e.<\/li>\n\n\n\n<li><strong>Tunnel<\/strong> : Dans sa version XL, le tapis Malin devient un tunnel amusant pour stimuler l\u2019imagination des tout-petits.<\/li>\n\n\n\n<li><strong>Cabane<\/strong> : Gr\u00e2ce \u00e0 un pliage astucieux, la version XL se transforme \u00e9galement en cabane !<\/li>\n<\/ul>\n\n\n\n<div style=\"height:20px\" aria-hidden=\"true\" class=\"wp-block-spacer\"><\/div>\n\n\n<div class=\"row mb-3\"><div class=\"products\">\n            \n  <div class=\"product col-xs-6 col-md-4\">\n    <article class=\"product-miniature js-product-miniature\" data-id-product=\"751\" data-id-product-attribute=\"0\">\n      <div class=\"thumbnail-container\">\n        <div class=\"product-image\">\n          \n                          <a href=\"https:\/\/www.lechoixdesbebes.com\/fr\/tapis-d-eveil-120x120\/751-tapis-eveil-mon-coeur-tineo.html\" class=\"thumbnail product-thumbnail\">\n                <img\n                  data-src=\"https:\/\/www.lechoixdesbebes.com\/6841-home_default\/tapis-eveil-mon-coeur-tineo.jpg\"\n                  alt=\"Tapis d&#039;\u00e9veil Mon C\u0153ur Tin\u00e9o\"\n                  data-full-size-image-url=\"https:\/\/www.lechoixdesbebes.com\/6841-marketplace_default\/tapis-eveil-mon-coeur-tineo.jpg\"\n                  height=\"376\"\n                  width=\"320\"\n                  loading=\"lazy\"\n                  decoding=\"async\"\n                  fetchPriority=\"low\"\n                  style=\"--smush-placeholder-width: 320px; --smush-placeholder-aspect-ratio: 320\/376;content-visibility: auto; max-width: 100%;\"\n                 src=\"data:image\/gif;base64,R0lGODlhAQABAAAAACH5BAEKAAEALAAAAAABAAEAAAICTAEAOw==\" class=\"lazyload\"><noscript><img\n                  src=\"https:\/\/www.lechoixdesbebes.com\/6841-home_default\/tapis-eveil-mon-coeur-tineo.jpg\"\n                  alt=\"Tapis d&#039;\u00e9veil Mon C\u0153ur Tin\u00e9o\"\n                  data-full-size-image-url=\"https:\/\/www.lechoixdesbebes.com\/6841-marketplace_default\/tapis-eveil-mon-coeur-tineo.jpg\"\n                  height=\"376\"\n                  width=\"320\"\n                  loading=\"lazy\"\n                  decoding=\"async\"\n                  fetchPriority=\"low\"\n                  style=\"content-visibility: auto; max-width: 100%;\"\n                ><\/noscript>\n                                  <div class=\"second-image-wrapper\">\n                    <img\n                      data-src=\"https:\/\/www.lechoixdesbebes.com\/6832-home_default\/tapis-eveil-mon-coeur-tineo.jpg\"\n                      alt=\"Tapis d&#039;\u00e9veil Mon C\u0153ur\"\n                      height=\"376\"\n                      width=\"320\"\n                      class=\"second-image lazyload\"\n                      loading=\"lazy\"\n                      decoding=\"async\"\n                      fetchPriority=\"low\"\n                     src=\"data:image\/gif;base64,R0lGODlhAQABAAAAACH5BAEKAAEALAAAAAABAAEAAAICTAEAOw==\" style=\"--smush-placeholder-width: 320px; --smush-placeholder-aspect-ratio: 320\/376;\"><noscript><img\n                      src=\"https:\/\/www.lechoixdesbebes.com\/6832-home_default\/tapis-eveil-mon-coeur-tineo.jpg\"\n                      alt=\"Tapis d&#039;\u00e9veil Mon C\u0153ur\"\n                      height=\"376\"\n                      width=\"320\"\n                      class=\"second-image\"\n                      loading=\"lazy\"\n                      decoding=\"async\"\n                      fetchPriority=\"low\"\n                    ><\/noscript>\n                  <\/div>\n                              <\/a>\n                      \n          \n                      \n          \n                      \n                            <\/div>\n\n        <div class=\"product-description\">\n          \n                                                                <h2 class=\"h3 product-title\">\n                                  <span class=\"product-brand-text\">\n                    Tin\u00e9o\n                  <\/span>\n                                <a href=\"https:\/\/www.lechoixdesbebes.com\/fr\/tapis-d-eveil-120x120\/751-tapis-eveil-mon-coeur-tineo.html\" content=\"https:\/\/www.lechoixdesbebes.com\/fr\/tapis-d-eveil-120x120\/751-tapis-eveil-mon-coeur-tineo.html\">Tapis d&#039;\u00e9veil Mon C\u0153ur<\/a>\n              <\/h2>\n                      \n\n          \n                          <div class=\"product-price-and-shipping\">\n                \n                                <span class=\"price-content\">\n                  <span class=\"price\" aria-label=\"Prix\">\n                                                              49,99\u00a0\u20ac\n                                      <\/span>\n                                  <\/span>\n                \n                \n\n                \n              <\/div>\n                      \n\n          <div class=\"product-extra-informations\"><\/div>\n\n          \n            <div class=\"product-link\">\n                                                <form action=\"https:\/\/www.lechoixdesbebes.com\/fr\/panier\" class=\"cart-form-url\" method=\"post\">\n                    <input type=\"hidden\" name=\"token\" class=\"cart-form-token\" value=\"6233b112ff76994a584cdc1151fd049d\">\n                    <input type=\"hidden\" value=\"751\" name=\"id_product\">\n                    <input type=\"hidden\" class=\"input-group form-control\" value=\"1\" name=\"qty\" \/>\n                    <button type=\"submit\" class=\"btn btn-primary btn-block add-to-cart-from-list\" data-button-action=\"add-to-cart\">\n                      Ajouter au panier\n                      <svg class=\"icon\"><use xlink:href=\"#shopping-bag\"><\/use><\/svg>\n                    <\/button>\n                  <\/form>\n                                          <\/div>\n          \n        <\/div>\n\n        \n    <ul class=\"product-flags js-product-flags\">\n                    <\/ul>\n\n\n      <\/div>\n    <\/article>\n  <\/div>\n\n            \n  <div class=\"product col-xs-6 col-md-4\">\n    <article class=\"product-miniature js-product-miniature\" data-id-product=\"771\" data-id-product-attribute=\"0\">\n      <div class=\"thumbnail-container\">\n        <div class=\"product-image\">\n          \n                          <a href=\"https:\/\/www.lechoixdesbebes.com\/fr\/tapis-d-eveil-120x180\/771-maxi-tapis-eveil-amazonie.html\" class=\"thumbnail product-thumbnail\">\n                <img\n                  data-src=\"https:\/\/www.lechoixdesbebes.com\/7508-home_default\/maxi-tapis-eveil-amazonie.jpg\"\n                  alt=\"Maxi tapis d&#039;\u00e9veil et de motricit\u00e9 Malin Tin\u00e9o - 180x120 cm - Amazonie\"\n                  data-full-size-image-url=\"https:\/\/www.lechoixdesbebes.com\/7508-marketplace_default\/maxi-tapis-eveil-amazonie.jpg\"\n                  height=\"376\"\n                  width=\"320\"\n                  loading=\"lazy\"\n                  decoding=\"async\"\n                  fetchPriority=\"low\"\n                  style=\"--smush-placeholder-width: 320px; --smush-placeholder-aspect-ratio: 320\/376;content-visibility: auto; max-width: 100%;\"\n                 src=\"data:image\/gif;base64,R0lGODlhAQABAAAAACH5BAEKAAEALAAAAAABAAEAAAICTAEAOw==\" class=\"lazyload\"><noscript><img\n                  src=\"https:\/\/www.lechoixdesbebes.com\/7508-home_default\/maxi-tapis-eveil-amazonie.jpg\"\n                  alt=\"Maxi tapis d&#039;\u00e9veil et de motricit\u00e9 Malin Tin\u00e9o - 180x120 cm - Amazonie\"\n                  data-full-size-image-url=\"https:\/\/www.lechoixdesbebes.com\/7508-marketplace_default\/maxi-tapis-eveil-amazonie.jpg\"\n                  height=\"376\"\n                  width=\"320\"\n                  loading=\"lazy\"\n                  decoding=\"async\"\n                  fetchPriority=\"low\"\n                  style=\"content-visibility: auto; max-width: 100%;\"\n                ><\/noscript>\n                                  <div class=\"second-image-wrapper\">\n                    <img\n                      data-src=\"https:\/\/www.lechoixdesbebes.com\/7495-home_default\/maxi-tapis-eveil-amazonie.jpg\"\n                      alt=\"Maxi tapis d&#039;\u00e9veil et de motricit\u00e9 Malin - 180x120 cm - Amazonie\"\n                      height=\"376\"\n                      width=\"320\"\n                      class=\"second-image lazyload\"\n                      loading=\"lazy\"\n                      decoding=\"async\"\n                      fetchPriority=\"low\"\n                     src=\"data:image\/gif;base64,R0lGODlhAQABAAAAACH5BAEKAAEALAAAAAABAAEAAAICTAEAOw==\" style=\"--smush-placeholder-width: 320px; --smush-placeholder-aspect-ratio: 320\/376;\"><noscript><img\n                      src=\"https:\/\/www.lechoixdesbebes.com\/7495-home_default\/maxi-tapis-eveil-amazonie.jpg\"\n                      alt=\"Maxi tapis d&#039;\u00e9veil et de motricit\u00e9 Malin - 180x120 cm - Amazonie\"\n                      height=\"376\"\n                      width=\"320\"\n                      class=\"second-image\"\n                      loading=\"lazy\"\n                      decoding=\"async\"\n                      fetchPriority=\"low\"\n                    ><\/noscript>\n                  <\/div>\n                              <\/a>\n                      \n          \n                      \n          \n                      \n                            <\/div>\n\n        <div class=\"product-description\">\n          \n                                                                <h2 class=\"h3 product-title\">\n                                  <span class=\"product-brand-text\">\n                    Tin\u00e9o\n                  <\/span>\n                                <a href=\"https:\/\/www.lechoixdesbebes.com\/fr\/tapis-d-eveil-120x180\/771-maxi-tapis-eveil-amazonie.html\" content=\"https:\/\/www.lechoixdesbebes.com\/fr\/tapis-d-eveil-120x180\/771-maxi-tapis-eveil-amazonie.html\">Maxi tapis d&#039;\u00e9veil et de motricit\u00e9 Malin - 180x120 cm - Amazonie<\/a>\n              <\/h2>\n                      \n\n          \n                          <div class=\"product-price-and-shipping\">\n                <link rel=\"stylesheet\" href=\"\/modules\/steavisgarantis\/views\/css\/style.css\" type=\"text\/css\" \/>\n<style>\n     \n    #agWidgetH .animate {animation-duration: 1s;  animation-name: newWidth;  animation-iteration-count: 1;} \n    @keyframes newWidth {from {width: 0%} to {width: 80%}} \n     \n\t.categoryStars svg.note g { fill:  #ffbe4d !important;}\n<\/style>\n<div id=\"categoryStarsMain\">\n    <div class=\"categoryStars\">\n\t\t<span><\/span>\n\t\t<div class=\"animate\" style=\"width:80%;position:relative;overflow:hidden;\">\n\t\t\t<svg class=\"note\" version=\"1.0\" xmlns=\"http:\/\/www.w3.org\/2000\/svg\"\n\t\t\t width=\"250.000000pt\" height=\"68.000000pt\" viewBox=\"0 0 250.000000 68.000000\"\n\t\t\t preserveAspectRatio=\"xMidYMid meet\">\n\t\t\t\t<g fill=\"rgba(250,0,0,1)\">\n\t\t\t\t\t<path d=\"M 16.02 28.17   L 22.31 11.82   A 0.34 0.34 0.0 0 1 22.95 11.82   L 29.11 28.05   A 0.34 0.34 0.0 0 0 29.43 28.27   L 43.29 28.24   A 0.34 0.34 0.0 0 1 43.53 28.82   L 32.81 39.62   A 0.34 0.34 0.0 0 0 32.73 39.97   L 38.17 56.11   A 0.34 0.34 0.0 0 1 37.67 56.51   L 22.84 47.29   A 0.34 0.34 0.0 0 0 22.48 47.29   L 7.31 56.49   A 0.34 0.34 0.0 0 1 6.81 56.09   L 12.27 40.15   A 0.34 0.34 0.0 0 0 12.19 39.80   L 1.50 28.79   A 0.34 0.34 0.0 0 1 1.75 28.21   L 15.69 28.39   A 0.34 0.34 0.0 0 0 16.02 28.17   Z\"\/>\n\t\t\t\t\t<path d=\"M 79.28 28.29   L 93.14 28.22   A 0.34 0.34 0.0 0 1 93.38 28.80   L 82.66 39.66   A 0.34 0.34 0.0 0 0 82.58 40.01   L 88.04 56.15   A 0.34 0.34 0.0 0 1 87.54 56.55   L 72.70 47.28   A 0.34 0.34 0.0 0 0 72.34 47.28   L 57.15 56.50   A 0.34 0.34 0.0 0 1 56.65 56.10   L 62.13 40.14   A 0.34 0.34 0.0 0 0 62.05 39.79   L 51.34 28.78   A 0.34 0.34 0.0 0 1 51.59 28.20   L 65.53 28.40   A 0.34 0.34 0.0 0 0 65.86 28.18   L 72.17 11.87   A 0.34 0.34 0.0 0 1 72.80 11.87   L 78.96 28.07   A 0.34 0.34 0.0 0 0 79.28 28.29   Z\"\/>\n\t\t\t\t\t<path d=\"M 129.12 28.28   L 142.99 28.23   A 0.34 0.34 0.0 0 1 143.23 28.81   L 132.51 39.64   A 0.34 0.34 0.0 0 0 132.43 39.99   L 137.90 56.14   A 0.34 0.34 0.0 0 1 137.39 56.54   L 122.57 47.30   A 0.34 0.34 0.0 0 0 122.21 47.30   L 107.02 56.48   A 0.34 0.34 0.0 0 1 106.52 56.08   L 111.97 40.14   A 0.34 0.34 0.0 0 0 111.89 39.79   L 101.22 28.79   A 0.34 0.34 0.0 0 1 101.47 28.21   L 115.40 28.39   A 0.34 0.34 0.0 0 0 115.73 28.17   L 122.03 11.80   A 0.34 0.34 0.0 0 1 122.66 11.80   L 128.80 28.06   A 0.34 0.34 0.0 0 0 129.12 28.28   Z\"\/>\n\t\t\t\t\t<path d=\"M 178.98 28.27   L 192.81 28.24   A 0.34 0.34 0.0 0 1 193.06 28.82   L 182.39 39.63   A 0.34 0.34 0.0 0 0 182.31 39.98   L 187.74 56.13   A 0.34 0.34 0.0 0 1 187.24 56.53   L 172.41 47.29   A 0.34 0.34 0.0 0 0 172.05 47.29   L 156.88 56.48   A 0.34 0.34 0.0 0 1 156.38 56.07   L 161.83 40.13   A 0.34 0.34 0.0 0 0 161.75 39.78   L 151.05 28.79   A 0.34 0.34 0.0 0 1 151.30 28.21   L 165.26 28.39   A 0.34 0.34 0.0 0 0 165.58 28.17   L 171.86 11.80   A 0.34 0.34 0.0 0 1 172.50 11.80   L 178.66 28.05   A 0.34 0.34 0.0 0 0 178.98 28.27   Z\"\/>\n\t\t\t\t\t<path d=\"M 220.13 27.69   L 226.23 12.00   Q 226.58 11.10 226.92 12.00   L 232.93 27.72   Q 233.14 28.26 233.72 28.26   L 247.19 28.27   Q 247.99 28.27 247.43 28.84   L 237.01 39.40   A 0.90 0.89 58.3 0 0 236.80 40.32   L 242.11 56.20   Q 242.35 56.94 241.69 56.53   L 227.01 47.45   Q 226.61 47.21 226.22 47.44   L 211.29 56.43   Q 210.52 56.89 210.81 56.04   L 216.12 40.39   Q 216.27 39.94 215.94 39.60   L 205.48 28.80   Q 204.93 28.23 205.72 28.24   L 219.11 28.37   Q 219.86 28.38 220.13 27.69   Z\"\/>\n\t\t\t\t<\/g>\n\t\t\t<\/svg>\n\t\t<\/div>\n\t<\/div>\n    <div class=\"categoryStarsStr\">(1 avis)<\/div>\n<\/div>\n\n                                <span class=\"price-content\">\n                  <span class=\"price\" aria-label=\"Prix\">\n                                                              72,99\u00a0\u20ac\n                                      <\/span>\n                                  <\/span>\n                \n                \n\n                \n              <\/div>\n                      \n\n          <div class=\"product-extra-informations\"><\/div>\n\n          \n            <div class=\"product-link\">\n                                                <form action=\"https:\/\/www.lechoixdesbebes.com\/fr\/panier\" class=\"cart-form-url\" method=\"post\">\n                    <input type=\"hidden\" name=\"token\" class=\"cart-form-token\" value=\"6233b112ff76994a584cdc1151fd049d\">\n                    <input type=\"hidden\" value=\"771\" name=\"id_product\">\n                    <input type=\"hidden\" class=\"input-group form-control\" value=\"1\" name=\"qty\" \/>\n                    <button type=\"submit\" class=\"btn btn-primary btn-block add-to-cart-from-list\" data-button-action=\"add-to-cart\">\n                      Ajouter au panier\n                      <svg class=\"icon\"><use xlink:href=\"#shopping-bag\"><\/use><\/svg>\n                    <\/button>\n                  <\/form>\n                                          <\/div>\n          \n        <\/div>\n\n        \n    <ul class=\"product-flags js-product-flags\">\n                    <\/ul>\n\n\n      <\/div>\n    <\/article>\n  <\/div>\n\n            \n  <div class=\"product col-xs-6 col-md-4\">\n    <article class=\"product-miniature js-product-miniature\" data-id-product=\"712\" data-id-product-attribute=\"0\">\n      <div class=\"thumbnail-container\">\n        <div class=\"product-image\">\n          \n                          <a href=\"https:\/\/www.lechoixdesbebes.com\/fr\/tapis-d-eveil-120x120\/712-tapis-de-jeu-bebe-terrazzo.html\" class=\"thumbnail product-thumbnail\">\n                <img\n                  data-src=\"https:\/\/www.lechoixdesbebes.com\/6111-home_default\/tapis-de-jeu-bebe-terrazzo.jpg\"\n                  alt=\"Tapis de jeu b\u00e9b\u00e9 Terrazzo\"\n                  data-full-size-image-url=\"https:\/\/www.lechoixdesbebes.com\/6111-marketplace_default\/tapis-de-jeu-bebe-terrazzo.jpg\"\n                  height=\"376\"\n                  width=\"320\"\n                  loading=\"lazy\"\n                  decoding=\"async\"\n                  fetchPriority=\"low\"\n                  style=\"--smush-placeholder-width: 320px; --smush-placeholder-aspect-ratio: 320\/376;content-visibility: auto; max-width: 100%;\"\n                 src=\"data:image\/gif;base64,R0lGODlhAQABAAAAACH5BAEKAAEALAAAAAABAAEAAAICTAEAOw==\" class=\"lazyload\"><noscript><img\n                  src=\"https:\/\/www.lechoixdesbebes.com\/6111-home_default\/tapis-de-jeu-bebe-terrazzo.jpg\"\n                  alt=\"Tapis de jeu b\u00e9b\u00e9 Terrazzo\"\n                  data-full-size-image-url=\"https:\/\/www.lechoixdesbebes.com\/6111-marketplace_default\/tapis-de-jeu-bebe-terrazzo.jpg\"\n                  height=\"376\"\n                  width=\"320\"\n                  loading=\"lazy\"\n                  decoding=\"async\"\n                  fetchPriority=\"low\"\n                  style=\"content-visibility: auto; max-width: 100%;\"\n                ><\/noscript>\n                                  <div class=\"second-image-wrapper\">\n                    <img\n                      data-src=\"https:\/\/www.lechoixdesbebes.com\/6108-home_default\/tapis-de-jeu-bebe-terrazzo.jpg\"\n                      alt=\"Tapis de jeu b\u00e9b\u00e9 Terrazzo\"\n                      height=\"376\"\n                      width=\"320\"\n                      class=\"second-image lazyload\"\n                      loading=\"lazy\"\n                      decoding=\"async\"\n                      fetchPriority=\"low\"\n                     src=\"data:image\/gif;base64,R0lGODlhAQABAAAAACH5BAEKAAEALAAAAAABAAEAAAICTAEAOw==\" style=\"--smush-placeholder-width: 320px; --smush-placeholder-aspect-ratio: 320\/376;\"><noscript><img\n                      src=\"https:\/\/www.lechoixdesbebes.com\/6108-home_default\/tapis-de-jeu-bebe-terrazzo.jpg\"\n                      alt=\"Tapis de jeu b\u00e9b\u00e9 Terrazzo\"\n                      height=\"376\"\n                      width=\"320\"\n                      class=\"second-image\"\n                      loading=\"lazy\"\n                      decoding=\"async\"\n                      fetchPriority=\"low\"\n                    ><\/noscript>\n                  <\/div>\n                              <\/a>\n                      \n          \n                      \n          \n                      \n                            <\/div>\n\n        <div class=\"product-description\">\n          \n                                                                <h2 class=\"h3 product-title\">\n                                  <span class=\"product-brand-text\">\n                    Candide\n                  <\/span>\n                                <a href=\"https:\/\/www.lechoixdesbebes.com\/fr\/tapis-d-eveil-120x120\/712-tapis-de-jeu-bebe-terrazzo.html\" content=\"https:\/\/www.lechoixdesbebes.com\/fr\/tapis-d-eveil-120x120\/712-tapis-de-jeu-bebe-terrazzo.html\">Tapis de jeu b\u00e9b\u00e9 Terrazzo<\/a>\n              <\/h2>\n                      \n\n          \n                          <div class=\"product-price-and-shipping\">\n                \n                                <span class=\"price-content\">\n                  <span class=\"price\" aria-label=\"Prix\">\n                                                              59,99\u00a0\u20ac\n                                      <\/span>\n                                  <\/span>\n                \n                \n\n                \n              <\/div>\n                      \n\n          <div class=\"product-extra-informations\"><\/div>\n\n          \n            <div class=\"product-link\">\n                                                <form action=\"https:\/\/www.lechoixdesbebes.com\/fr\/panier\" class=\"cart-form-url\" method=\"post\">\n                    <input type=\"hidden\" name=\"token\" class=\"cart-form-token\" value=\"6233b112ff76994a584cdc1151fd049d\">\n                    <input type=\"hidden\" value=\"712\" name=\"id_product\">\n                    <input type=\"hidden\" class=\"input-group form-control\" value=\"1\" name=\"qty\" \/>\n                    <button type=\"submit\" class=\"btn btn-primary btn-block add-to-cart-from-list\" data-button-action=\"add-to-cart\">\n                      Ajouter au panier\n                      <svg class=\"icon\"><use xlink:href=\"#shopping-bag\"><\/use><\/svg>\n                    <\/button>\n                  <\/form>\n                                          <\/div>\n          \n        <\/div>\n\n        \n    <ul class=\"product-flags js-product-flags\">\n                    <\/ul>\n\n\n      <\/div>\n    <\/article>\n  <\/div>\n\n    <\/div><\/div>\n\n\n\n<div style=\"height:20px\" aria-hidden=\"true\" class=\"wp-block-spacer\"><\/div>\n\n\n\n<h3 class=\"wp-block-heading\">Pourquoi les choisir ?<\/h3>\n\n\n\n<ul class=\"wp-block-list\">\n<li><strong>Un confort in\u00e9gal\u00e9<\/strong> : Leur \u00e9paisseur garantit une utilisation agr\u00e9able sur tous types de sols.<\/li>\n\n\n\n<li><strong>Une modularit\u00e9 exceptionnelle<\/strong> : Ces tapis multifonctions \u00e9voluent avec les besoins de b\u00e9b\u00e9, de l\u2019\u00e9veil \u00e0 l\u2019autonomie.<\/li>\n\n\n\n<li><strong>Facilit\u00e9 de rangement<\/strong> : Leur design pliable permet de les stocker et de les transporter ais\u00e9ment.<\/li>\n\n\n\n<li><strong>Facilit\u00e9 de nettoyage<\/strong> : D\u00e9houssables, ils sont faciles \u00e0 laver et offrent ainsi, une hygi\u00e8ne parfaite \u00e0 b\u00e9b\u00e9.<\/li>\n<\/ul>\n\n\n\n<p>Avec leurs nombreuses fonctionnalit\u00e9s et leur confort optimal, les tapis d\u2019\u00e9veil Malin Candide et Tin\u00e9o incarnent parfaitement l\u2019esprit de la m\u00e9thode Montessori. Ils accompagnent les premi\u00e8res d\u00e9couvertes de votre enfant tout en offrant un espace s\u00e9curis\u00e9, modulable et pratique. Investir dans un tapis d\u2019\u00e9veil de qualit\u00e9, c\u2019est offrir \u00e0 b\u00e9b\u00e9 un outil pr\u00e9cieux pour grandir et s\u2019\u00e9panouir en toute s\u00e9r\u00e9nit\u00e9.<\/p>\n\n\n\n<p><\/p>\n\n\n\n<div style=\"height:20px\" aria-hidden=\"true\" class=\"wp-block-spacer\"><\/div>\n\n\n\n<div class=\"wp-block-buttons is-content-justification-center is-layout-flex wp-container-core-buttons-is-layout-1 wp-block-buttons-is-layout-flex\">\n<div class=\"wp-block-button\"><a class=\"wp-block-button__link has-white-color has-cyan-bluish-gray-background-color has-text-color has-background has-link-color has-text-align-center wp-element-button\" href=\"https:\/\/www.lechoixdesbebes.com\/fr\/31-tapis-de-jeu\">D\u00e9couvrir nos tapis d&rsquo;\u00e9veil<\/a><\/div>\n<\/div>\n\n\n\n<div style=\"height:20px\" aria-hidden=\"true\" class=\"wp-block-spacer\"><\/div>\n","protected":false},"excerpt":{"rendered":"<span class=\"rt-reading-time\" style=\"display: block;\"><span class=\"rt-label rt-prefix\">Temps de lecture\u00a0: <\/span> <span class=\"rt-time\">4<\/span> <span class=\"rt-label rt-postfix\">minutes<\/span><\/span> Le tapis d\u2019\u00e9veil Montessori est bien plus qu\u2019un simple espace de jeu : c\u2019est un v\u00e9ritable outil d\u2019apprentissage et de d\u00e9veloppement pour votre enfant. S\u2019inscrivant dans une p\u00e9dagogie favorisant l\u2019autonomie et l\u2019exploration, il accompagne les premi\u00e8res d\u00e9couvertes de b\u00e9b\u00e9 tout en respectant son rythme naturel. D\u00e9couvrez comment bien choisir un tapis d\u2019\u00e9veil Montessori. La m\u00e9thode&#8230; <a class=\"view-article\" href=\"https:\/\/www.lechoixdesbebes.com\/blog\/pourquoi-choisir-tapis-eveil-montessori\/\">View Article<\/a>","protected":false},"author":8,"featured_media":2185,"comment_status":"open","ping_status":"closed","sticky":false,"template":"","format":"standard","meta":{"footnotes":""},"categories":[2],"tags":[],"class_list":["post-2182","post","type-post","status-publish","format-standard","has-post-thumbnail","hentry","category-actualites"],"yoast_head":"<!-- This site is optimized with the Yoast SEO plugin v23.5 - https:\/\/yoast.com\/wordpress\/plugins\/seo\/ -->\n<title>Pourquoi choisir un tapis d\u2019\u00e9veil Montessori pour votre b\u00e9b\u00e9 ?<\/title>\n<meta name=\"description\" content=\"Le tapis d\u2019\u00e9veil Montessori est bien plus qu\u2019un simple espace de jeu : c\u2019est un v\u00e9ritable outil d\u2019apprentissage et de d\u00e9veloppement pour b\u00e9b\u00e9\" \/>\n<meta name=\"robots\" content=\"index, follow, max-snippet:-1, max-image-preview:large, max-video-preview:-1\" \/>\n<link rel=\"canonical\" href=\"https:\/\/www.lechoixdesbebes.com\/blog\/pourquoi-choisir-tapis-eveil-montessori\/\" \/>\n<meta property=\"og:locale\" content=\"fr_FR\" \/>\n<meta property=\"og:type\" content=\"article\" \/>\n<meta property=\"og:title\" content=\"Pourquoi choisir un tapis d\u2019\u00e9veil Montessori pour votre b\u00e9b\u00e9 ?\" \/>\n<meta property=\"og:description\" content=\"Le tapis d\u2019\u00e9veil Montessori est bien plus qu\u2019un simple espace de jeu : c\u2019est un v\u00e9ritable outil d\u2019apprentissage et de d\u00e9veloppement pour b\u00e9b\u00e9\" \/>\n<meta property=\"og:url\" content=\"https:\/\/www.lechoixdesbebes.com\/blog\/pourquoi-choisir-tapis-eveil-montessori\/\" \/>\n<meta property=\"og:site_name\" content=\"Actualit\u00e9 de la Pu\u00e9riculture : Blog le Choix des B\u00e9b\u00e9s\" \/>\n<meta property=\"article:publisher\" content=\"https:\/\/www.facebook.com\/Lechoixdesbebes\" \/>\n<meta property=\"article:published_time\" content=\"2024-12-05T11:04:20+00:00\" \/>\n<meta property=\"article:modified_time\" content=\"2024-12-20T08:46:18+00:00\" \/>\n<meta property=\"og:image\" content=\"https:\/\/www.lechoixdesbebes.com\/blog\/wp-content\/uploads\/2024\/11\/tapis-eveil-montessori-Candide.jpg\" \/>\n\t<meta property=\"og:image:width\" content=\"1920\" \/>\n\t<meta property=\"og:image:height\" content=\"1280\" \/>\n\t<meta property=\"og:image:type\" content=\"image\/jpeg\" \/>\n<meta name=\"author\" content=\"Emilie Bonjour\" \/>\n<meta name=\"twitter:card\" content=\"summary_large_image\" \/>\n<meta name=\"twitter:label1\" content=\"\u00c9crit par\" \/>\n\t<meta name=\"twitter:data1\" content=\"Emilie Bonjour\" \/>\n\t<meta name=\"twitter:label2\" content=\"Dur\u00e9e de lecture estim\u00e9e\" \/>\n\t<meta name=\"twitter:data2\" content=\"5 minutes\" \/>\n<script type=\"application\/ld+json\" class=\"yoast-schema-graph\">{\"@context\":\"https:\/\/schema.org\",\"@graph\":[{\"@type\":\"Article\",\"@id\":\"https:\/\/www.lechoixdesbebes.com\/blog\/pourquoi-choisir-tapis-eveil-montessori\/#article\",\"isPartOf\":{\"@id\":\"https:\/\/www.lechoixdesbebes.com\/blog\/pourquoi-choisir-tapis-eveil-montessori\/\"},\"author\":{\"name\":\"Emilie Bonjour\",\"@id\":\"https:\/\/www.lechoixdesbebes.com\/blog\/#\/schema\/person\/0a21c7cb9e2bb4b4773469d6e9b044d9\"},\"headline\":\"Pourquoi choisir un tapis d\u2019\u00e9veil Montessori pour votre b\u00e9b\u00e9 ?\",\"datePublished\":\"2024-12-05T11:04:20+00:00\",\"dateModified\":\"2024-12-20T08:46:18+00:00\",\"mainEntityOfPage\":{\"@id\":\"https:\/\/www.lechoixdesbebes.com\/blog\/pourquoi-choisir-tapis-eveil-montessori\/\"},\"wordCount\":787,\"commentCount\":0,\"publisher\":{\"@id\":\"https:\/\/www.lechoixdesbebes.com\/blog\/#organization\"},\"image\":{\"@id\":\"https:\/\/www.lechoixdesbebes.com\/blog\/pourquoi-choisir-tapis-eveil-montessori\/#primaryimage\"},\"thumbnailUrl\":\"https:\/\/www.lechoixdesbebes.com\/blog\/wp-content\/uploads\/2024\/11\/tapis-eveil-montessori-Candide.jpg\",\"articleSection\":[\"Actualit\u00e9s\"],\"inLanguage\":\"fr-FR\",\"potentialAction\":[{\"@type\":\"CommentAction\",\"name\":\"Comment\",\"target\":[\"https:\/\/www.lechoixdesbebes.com\/blog\/pourquoi-choisir-tapis-eveil-montessori\/#respond\"]}]},{\"@type\":\"WebPage\",\"@id\":\"https:\/\/www.lechoixdesbebes.com\/blog\/pourquoi-choisir-tapis-eveil-montessori\/\",\"url\":\"https:\/\/www.lechoixdesbebes.com\/blog\/pourquoi-choisir-tapis-eveil-montessori\/\",\"name\":\"Pourquoi choisir un tapis d\u2019\u00e9veil Montessori pour votre b\u00e9b\u00e9 ?\",\"isPartOf\":{\"@id\":\"https:\/\/www.lechoixdesbebes.com\/blog\/#website\"},\"primaryImageOfPage\":{\"@id\":\"https:\/\/www.lechoixdesbebes.com\/blog\/pourquoi-choisir-tapis-eveil-montessori\/#primaryimage\"},\"image\":{\"@id\":\"https:\/\/www.lechoixdesbebes.com\/blog\/pourquoi-choisir-tapis-eveil-montessori\/#primaryimage\"},\"thumbnailUrl\":\"https:\/\/www.lechoixdesbebes.com\/blog\/wp-content\/uploads\/2024\/11\/tapis-eveil-montessori-Candide.jpg\",\"datePublished\":\"2024-12-05T11:04:20+00:00\",\"dateModified\":\"2024-12-20T08:46:18+00:00\",\"description\":\"Le tapis d\u2019\u00e9veil Montessori est bien plus qu\u2019un simple espace de jeu : c\u2019est un v\u00e9ritable outil d\u2019apprentissage et de d\u00e9veloppement pour b\u00e9b\u00e9\",\"breadcrumb\":{\"@id\":\"https:\/\/www.lechoixdesbebes.com\/blog\/pourquoi-choisir-tapis-eveil-montessori\/#breadcrumb\"},\"inLanguage\":\"fr-FR\",\"potentialAction\":[{\"@type\":\"ReadAction\",\"target\":[\"https:\/\/www.lechoixdesbebes.com\/blog\/pourquoi-choisir-tapis-eveil-montessori\/\"]}]},{\"@type\":\"ImageObject\",\"inLanguage\":\"fr-FR\",\"@id\":\"https:\/\/www.lechoixdesbebes.com\/blog\/pourquoi-choisir-tapis-eveil-montessori\/#primaryimage\",\"url\":\"https:\/\/www.lechoixdesbebes.com\/blog\/wp-content\/uploads\/2024\/11\/tapis-eveil-montessori-Candide.jpg\",\"contentUrl\":\"https:\/\/www.lechoixdesbebes.com\/blog\/wp-content\/uploads\/2024\/11\/tapis-eveil-montessori-Candide.jpg\",\"width\":1920,\"height\":1280,\"caption\":\"tapis d'\u00e9veil montessori\"},{\"@type\":\"BreadcrumbList\",\"@id\":\"https:\/\/www.lechoixdesbebes.com\/blog\/pourquoi-choisir-tapis-eveil-montessori\/#breadcrumb\",\"itemListElement\":[{\"@type\":\"ListItem\",\"position\":1,\"name\":\"Accueil\",\"item\":\"https:\/\/www.lechoixdesbebes.com\/blog\/\"},{\"@type\":\"ListItem\",\"position\":2,\"name\":\"Pourquoi choisir un tapis d\u2019\u00e9veil Montessori pour votre b\u00e9b\u00e9 ?\"}]},{\"@type\":\"WebSite\",\"@id\":\"https:\/\/www.lechoixdesbebes.com\/blog\/#website\",\"url\":\"https:\/\/www.lechoixdesbebes.com\/blog\/\",\"name\":\"Actualit\u00e9 de la Pu\u00e9riculture : Blog le Choix des B\u00e9b\u00e9s\",\"description\":\"Suivez nos conseils bien-\u00eatre pour un b\u00e9b\u00e9 heureux et des parents \u00e9panouis. Le Choix des b\u00e9b\u00e9s : sp\u00e9cialiste de la pu\u00e9riculture\",\"publisher\":{\"@id\":\"https:\/\/www.lechoixdesbebes.com\/blog\/#organization\"},\"potentialAction\":[{\"@type\":\"SearchAction\",\"target\":{\"@type\":\"EntryPoint\",\"urlTemplate\":\"https:\/\/www.lechoixdesbebes.com\/blog\/?s={search_term_string}\"},\"query-input\":{\"@type\":\"PropertyValueSpecification\",\"valueRequired\":true,\"valueName\":\"search_term_string\"}}],\"inLanguage\":\"fr-FR\"},{\"@type\":\"Organization\",\"@id\":\"https:\/\/www.lechoixdesbebes.com\/blog\/#organization\",\"name\":\"Le Choix Des B\u00e9b\u00e9s\",\"url\":\"https:\/\/www.lechoixdesbebes.com\/blog\/\",\"logo\":{\"@type\":\"ImageObject\",\"inLanguage\":\"fr-FR\",\"@id\":\"https:\/\/www.lechoixdesbebes.com\/blog\/#\/schema\/logo\/image\/\",\"url\":\"https:\/\/www.lechoixdesbebes.com\/blog\/wp-content\/uploads\/2021\/06\/Logo-MyShop-Cdiscount.jpg\",\"contentUrl\":\"https:\/\/www.lechoixdesbebes.com\/blog\/wp-content\/uploads\/2021\/06\/Logo-MyShop-Cdiscount.jpg\",\"width\":350,\"height\":80,\"caption\":\"Le Choix Des B\u00e9b\u00e9s\"},\"image\":{\"@id\":\"https:\/\/www.lechoixdesbebes.com\/blog\/#\/schema\/logo\/image\/\"},\"sameAs\":[\"https:\/\/www.facebook.com\/Lechoixdesbebes\"]},{\"@type\":\"Person\",\"@id\":\"https:\/\/www.lechoixdesbebes.com\/blog\/#\/schema\/person\/0a21c7cb9e2bb4b4773469d6e9b044d9\",\"name\":\"Emilie Bonjour\"}]}<\/script>\n<!-- \/ Yoast SEO plugin. -->","yoast_head_json":{"title":"Pourquoi choisir un tapis d\u2019\u00e9veil Montessori pour votre b\u00e9b\u00e9 ?","description":"Le tapis d\u2019\u00e9veil Montessori est bien plus qu\u2019un simple espace de jeu : c\u2019est un v\u00e9ritable outil d\u2019apprentissage et de d\u00e9veloppement pour b\u00e9b\u00e9","robots":{"index":"index","follow":"follow","max-snippet":"max-snippet:-1","max-image-preview":"max-image-preview:large","max-video-preview":"max-video-preview:-1"},"canonical":"https:\/\/www.lechoixdesbebes.com\/blog\/pourquoi-choisir-tapis-eveil-montessori\/","og_locale":"fr_FR","og_type":"article","og_title":"Pourquoi choisir un tapis d\u2019\u00e9veil Montessori pour votre b\u00e9b\u00e9 ?","og_description":"Le tapis d\u2019\u00e9veil Montessori est bien plus qu\u2019un simple espace de jeu : c\u2019est un v\u00e9ritable outil d\u2019apprentissage et de d\u00e9veloppement pour b\u00e9b\u00e9","og_url":"https:\/\/www.lechoixdesbebes.com\/blog\/pourquoi-choisir-tapis-eveil-montessori\/","og_site_name":"Actualit\u00e9 de la Pu\u00e9riculture : Blog le Choix des B\u00e9b\u00e9s","article_publisher":"https:\/\/www.facebook.com\/Lechoixdesbebes","article_published_time":"2024-12-05T11:04:20+00:00","article_modified_time":"2024-12-20T08:46:18+00:00","og_image":[{"width":1920,"height":1280,"url":"https:\/\/www.lechoixdesbebes.com\/blog\/wp-content\/uploads\/2024\/11\/tapis-eveil-montessori-Candide.jpg","type":"image\/jpeg"}],"author":"Emilie Bonjour","twitter_card":"summary_large_image","twitter_misc":{"\u00c9crit par":"Emilie Bonjour","Dur\u00e9e de lecture estim\u00e9e":"5 minutes"},"schema":{"@context":"https:\/\/schema.org","@graph":[{"@type":"Article","@id":"https:\/\/www.lechoixdesbebes.com\/blog\/pourquoi-choisir-tapis-eveil-montessori\/#article","isPartOf":{"@id":"https:\/\/www.lechoixdesbebes.com\/blog\/pourquoi-choisir-tapis-eveil-montessori\/"},"author":{"name":"Emilie Bonjour","@id":"https:\/\/www.lechoixdesbebes.com\/blog\/#\/schema\/person\/0a21c7cb9e2bb4b4773469d6e9b044d9"},"headline":"Pourquoi choisir un tapis d\u2019\u00e9veil Montessori pour votre b\u00e9b\u00e9 ?","datePublished":"2024-12-05T11:04:20+00:00","dateModified":"2024-12-20T08:46:18+00:00","mainEntityOfPage":{"@id":"https:\/\/www.lechoixdesbebes.com\/blog\/pourquoi-choisir-tapis-eveil-montessori\/"},"wordCount":787,"commentCount":0,"publisher":{"@id":"https:\/\/www.lechoixdesbebes.com\/blog\/#organization"},"image":{"@id":"https:\/\/www.lechoixdesbebes.com\/blog\/pourquoi-choisir-tapis-eveil-montessori\/#primaryimage"},"thumbnailUrl":"https:\/\/www.lechoixdesbebes.com\/blog\/wp-content\/uploads\/2024\/11\/tapis-eveil-montessori-Candide.jpg","articleSection":["Actualit\u00e9s"],"inLanguage":"fr-FR","potentialAction":[{"@type":"CommentAction","name":"Comment","target":["https:\/\/www.lechoixdesbebes.com\/blog\/pourquoi-choisir-tapis-eveil-montessori\/#respond"]}]},{"@type":"WebPage","@id":"https:\/\/www.lechoixdesbebes.com\/blog\/pourquoi-choisir-tapis-eveil-montessori\/","url":"https:\/\/www.lechoixdesbebes.com\/blog\/pourquoi-choisir-tapis-eveil-montessori\/","name":"Pourquoi choisir un tapis d\u2019\u00e9veil Montessori pour votre b\u00e9b\u00e9 ?","isPartOf":{"@id":"https:\/\/www.lechoixdesbebes.com\/blog\/#website"},"primaryImageOfPage":{"@id":"https:\/\/www.lechoixdesbebes.com\/blog\/pourquoi-choisir-tapis-eveil-montessori\/#primaryimage"},"image":{"@id":"https:\/\/www.lechoixdesbebes.com\/blog\/pourquoi-choisir-tapis-eveil-montessori\/#primaryimage"},"thumbnailUrl":"https:\/\/www.lechoixdesbebes.com\/blog\/wp-content\/uploads\/2024\/11\/tapis-eveil-montessori-Candide.jpg","datePublished":"2024-12-05T11:04:20+00:00","dateModified":"2024-12-20T08:46:18+00:00","description":"Le tapis d\u2019\u00e9veil Montessori est bien plus qu\u2019un simple espace de jeu : c\u2019est un v\u00e9ritable outil d\u2019apprentissage et de d\u00e9veloppement pour b\u00e9b\u00e9","breadcrumb":{"@id":"https:\/\/www.lechoixdesbebes.com\/blog\/pourquoi-choisir-tapis-eveil-montessori\/#breadcrumb"},"inLanguage":"fr-FR","potentialAction":[{"@type":"ReadAction","target":["https:\/\/www.lechoixdesbebes.com\/blog\/pourquoi-choisir-tapis-eveil-montessori\/"]}]},{"@type":"ImageObject","inLanguage":"fr-FR","@id":"https:\/\/www.lechoixdesbebes.com\/blog\/pourquoi-choisir-tapis-eveil-montessori\/#primaryimage","url":"https:\/\/www.lechoixdesbebes.com\/blog\/wp-content\/uploads\/2024\/11\/tapis-eveil-montessori-Candide.jpg","contentUrl":"https:\/\/www.lechoixdesbebes.com\/blog\/wp-content\/uploads\/2024\/11\/tapis-eveil-montessori-Candide.jpg","width":1920,"height":1280,"caption":"tapis d'\u00e9veil montessori"},{"@type":"BreadcrumbList","@id":"https:\/\/www.lechoixdesbebes.com\/blog\/pourquoi-choisir-tapis-eveil-montessori\/#breadcrumb","itemListElement":[{"@type":"ListItem","position":1,"name":"Accueil","item":"https:\/\/www.lechoixdesbebes.com\/blog\/"},{"@type":"ListItem","position":2,"name":"Pourquoi choisir un tapis d\u2019\u00e9veil Montessori pour votre b\u00e9b\u00e9 ?"}]},{"@type":"WebSite","@id":"https:\/\/www.lechoixdesbebes.com\/blog\/#website","url":"https:\/\/www.lechoixdesbebes.com\/blog\/","name":"Actualit\u00e9 de la Pu\u00e9riculture : Blog le Choix des B\u00e9b\u00e9s","description":"Suivez nos conseils bien-\u00eatre pour un b\u00e9b\u00e9 heureux et des parents \u00e9panouis. Le Choix des b\u00e9b\u00e9s : sp\u00e9cialiste de la pu\u00e9riculture","publisher":{"@id":"https:\/\/www.lechoixdesbebes.com\/blog\/#organization"},"potentialAction":[{"@type":"SearchAction","target":{"@type":"EntryPoint","urlTemplate":"https:\/\/www.lechoixdesbebes.com\/blog\/?s={search_term_string}"},"query-input":{"@type":"PropertyValueSpecification","valueRequired":true,"valueName":"search_term_string"}}],"inLanguage":"fr-FR"},{"@type":"Organization","@id":"https:\/\/www.lechoixdesbebes.com\/blog\/#organization","name":"Le Choix Des B\u00e9b\u00e9s","url":"https:\/\/www.lechoixdesbebes.com\/blog\/","logo":{"@type":"ImageObject","inLanguage":"fr-FR","@id":"https:\/\/www.lechoixdesbebes.com\/blog\/#\/schema\/logo\/image\/","url":"https:\/\/www.lechoixdesbebes.com\/blog\/wp-content\/uploads\/2021\/06\/Logo-MyShop-Cdiscount.jpg","contentUrl":"https:\/\/www.lechoixdesbebes.com\/blog\/wp-content\/uploads\/2021\/06\/Logo-MyShop-Cdiscount.jpg","width":350,"height":80,"caption":"Le Choix Des B\u00e9b\u00e9s"},"image":{"@id":"https:\/\/www.lechoixdesbebes.com\/blog\/#\/schema\/logo\/image\/"},"sameAs":["https:\/\/www.facebook.com\/Lechoixdesbebes"]},{"@type":"Person","@id":"https:\/\/www.lechoixdesbebes.com\/blog\/#\/schema\/person\/0a21c7cb9e2bb4b4773469d6e9b044d9","name":"Emilie Bonjour"}]}},"_links":{"self":[{"href":"https:\/\/www.lechoixdesbebes.com\/blog\/wp-json\/wp\/v2\/posts\/2182"}],"collection":[{"href":"https:\/\/www.lechoixdesbebes.com\/blog\/wp-json\/wp\/v2\/posts"}],"about":[{"href":"https:\/\/www.lechoixdesbebes.com\/blog\/wp-json\/wp\/v2\/types\/post"}],"author":[{"embeddable":true,"href":"https:\/\/www.lechoixdesbebes.com\/blog\/wp-json\/wp\/v2\/users\/8"}],"replies":[{"embeddable":true,"href":"https:\/\/www.lechoixdesbebes.com\/blog\/wp-json\/wp\/v2\/comments?post=2182"}],"version-history":[{"count":29,"href":"https:\/\/www.lechoixdesbebes.com\/blog\/wp-json\/wp\/v2\/posts\/2182\/revisions"}],"predecessor-version":[{"id":2225,"href":"https:\/\/www.lechoixdesbebes.com\/blog\/wp-json\/wp\/v2\/posts\/2182\/revisions\/2225"}],"wp:featuredmedia":[{"embeddable":true,"href":"https:\/\/www.lechoixdesbebes.com\/blog\/wp-json\/wp\/v2\/media\/2185"}],"wp:attachment":[{"href":"https:\/\/www.lechoixdesbebes.com\/blog\/wp-json\/wp\/v2\/media?parent=2182"}],"wp:term":[{"taxonomy":"category","embeddable":true,"href":"https:\/\/www.lechoixdesbebes.com\/blog\/wp-json\/wp\/v2\/categories?post=2182"},{"taxonomy":"post_tag","embeddable":true,"href":"https:\/\/www.lechoixdesbebes.com\/blog\/wp-json\/wp\/v2\/tags?post=2182"}],"curies":[{"name":"wp","href":"https:\/\/api.w.org\/{rel}","templated":true}]}}