{"id":2482,"date":"2025-07-07T11:11:47","date_gmt":"2025-07-07T09:11:47","guid":{"rendered":"https:\/\/www.lechoixdesbebes.com\/blog\/?p=2482"},"modified":"2025-07-07T16:27:28","modified_gmt":"2025-07-07T14:27:28","slug":"vacances-avec-bebe-la-checklist-des-indispensables","status":"publish","type":"post","link":"https:\/\/www.lechoixdesbebes.com\/blog\/vacances-avec-bebe-la-checklist-des-indispensables\/","title":{"rendered":"Vacances avec b\u00e9b\u00e9\u00a0: la checklist des indispensables"},"content":{"rendered":"<span class=\"rt-reading-time\" style=\"display: block;\"><span class=\"rt-label rt-prefix\">Temps de lecture\u00a0: <\/span> <span class=\"rt-time\">7<\/span> <span class=\"rt-label rt-postfix\">minutes<\/span><\/span>\n<div class=\"wp-block-group alignfull has-text-color has-background\" style=\"color:#000000;background-color:#ffffff\"><div class=\"wp-block-group__inner-container is-layout-flow wp-block-group-is-layout-flow\">\n<p class=\"has-text-align-left\" style=\"font-size:15px\">Voyager avec un b\u00e9b\u00e9 peut sembler intimidant, surtout lors d&rsquo;un premier voyage en famille. Mais avec une <strong>pr\u00e9paration minutieuse<\/strong> et une checklist bien organis\u00e9e, vous pouvez transformer cette exp\u00e9rience en un moment inoubliable et serein pour tous.<\/p>\n\n\n\n<p style=\"font-size:15px\">Que vous partiez vers une destination lointaine ou que vous restiez en France, une bonne pr\u00e9paration est essentielle pour assurer le <strong>confort<\/strong> et la <strong>s\u00e9curit\u00e9<\/strong> de votre enfant.<\/p>\n\n\n\n<p style=\"font-size:15px\">Peu importe l&rsquo;\u00e2ge de votre b\u00e9b\u00e9, chaque \u00e9tape du voyage demande une attention particuli\u00e8re. De la pr\u00e9paration des documents indispensables (carte d&rsquo;identit\u00e9 ou passeport) au choix des v\u00eatements et accessoires de soin, chaque d\u00e9tail compte. Cette check-list vous guidera sur les indispensables \u00e0 emporter pour des vacances agr\u00e9ables, que vous voyagiez en avion, voiture ou train.<\/p>\n\n\n\n<p class=\"has-text-align-left\" style=\"font-size:15px\">Avec ces conseils, et la checklist partez <strong>confiants<\/strong> et profitez pleinement de ces moments pr\u00e9cieux en famille. Pr\u00e9parez vos valises et sacs \u00e0 langer et vivez une aventure m\u00e9morable avec votre enfant !<\/p>\n\n\n\n<div class=\"wp-block-buttons is-horizontal is-content-justification-center is-layout-flex wp-container-core-buttons-is-layout-1 wp-block-buttons-is-layout-flex\">\n<div class=\"wp-block-button has-custom-width wp-block-button__width-50 has-custom-font-size\" style=\"font-size:18px\"><a class=\"wp-block-button__link has-white-color has-cyan-bluish-gray-background-color has-text-color has-background wp-element-button\" href=\"https:\/\/drive.google.com\/drive\/folders\/1nQzalLYrQjem4lDpV1hFEEENVmadbl7x?usp=sharing\" style=\"border-radius:50px\"><strong>T\u00e9l\u00e9charger la checklist !<\/strong><\/a><\/div>\n<\/div>\n<\/div><\/div>\n\n\n\n<div style=\"height:50px\" aria-hidden=\"true\" class=\"wp-block-spacer\"><\/div>\n\n\n\n<div class=\"wp-block-group alignfull has-text-color has-background\" style=\"color:#000000;background-color:#ffffff\"><div class=\"wp-block-group__inner-container is-layout-flow wp-block-group-is-layout-flow\">\n<h2 class=\"wp-block-heading has-text-align-left has-text-color has-link-color wp-elements-81885d45b1a11491bfd11bc94011ec60\" id=\"schedule-a-visit\" style=\"color:#475569;font-size:25px;line-height:1.15\">Articles essentiels d\u2019hygi\u00e8ne et de soin <\/h2>\n<\/div><\/div>\n\n\n\n<div class=\"wp-block-group alignfull has-text-color has-background\" style=\"color:#000000;background-color:#ffffff\"><div class=\"wp-block-group__inner-container is-layout-flow wp-block-group-is-layout-flow\">\n<h3 class=\"wp-block-heading has-text-align-left has-text-color has-link-color wp-elements-dcd2da9f42a14e59a3a44a84a1b2335f\" id=\"schedule-a-visit\" style=\"color:#475569;font-size:20px;line-height:1.15\"><em>Couches et lingettes<\/em><\/h3>\n\n\n\n<p style=\"font-size:15px\">Lorsque vous voyagez avec un b\u00e9b\u00e9, il est <strong>indispensable<\/strong> de ne pas oublier les couches et les lingettes. Pr\u00e9voyez toujours plus de couches que n\u00e9cessaire pour toute la dur\u00e9e du d\u00e9placement, en tenant compte de l&rsquo;\u00e2ge et des habitudes de votre b\u00e9b\u00e9.<\/p>\n\n\n\n<p style=\"font-size:15px\">Les lingettes sont pratiques pour un nettoyage facile et rapide, surtout dans des lieux publics ou peu hygi\u00e9niques. Un sac \u00e0 langer avec tapis de change inclut et des poches \u00e0 lingettes et couches, peut \u00e9galement \u00eatre <strong>pr\u00e9cieux<\/strong> pour changer b\u00e9b\u00e9 dans des conditions optimales.<\/p>\n<\/div><\/div>\n\n\n\n<div class=\"wp-block-group alignfull has-text-color has-background\" style=\"color:#000000;background-color:#ffffff\"><div class=\"wp-block-group__inner-container is-layout-flow wp-block-group-is-layout-flow\">\n<h3 class=\"wp-block-heading has-text-align-left has-text-color has-link-color wp-elements-d70aa43d1dd526166deb3070db41cfea\" id=\"schedule-a-visit\" style=\"color:#475569;font-size:20px;line-height:1.15\"><em>Mat\u00e9riel pour le bain<\/em><\/h3>\n\n\n\n<p style=\"font-size:15px\">Le mat\u00e9riel pour le bain est un autre aspect essentiel \u00e0 prendre en compte. Emportez des cr\u00e8mes, du savon, un coussin de bain, une cape de bain et autres produits d&rsquo;hygi\u00e8ne adapt\u00e9s \u00e0 votre b\u00e9b\u00e9. Optez pour des produits de <strong>qualit\u00e9<\/strong> et assurez-vous d&rsquo;en avoir en quantit\u00e9 suffisante pour couvrir toute la dur\u00e9e de vos vacances.<\/p>\n\n\n\n<p style=\"font-size:15px\">Un sac \u00e0 langer d\u00e9di\u00e9 contenant tous ces articles d&rsquo;hygi\u00e8ne simplifie l&rsquo;acc\u00e8s et aide \u00e0 maintenir une organisation optimale.<\/p>\n<\/div><\/div>\n\n\n\n<div class=\"wp-block-group alignfull has-text-color has-background\" style=\"color:#000000;background-color:#ffffff\"><div class=\"wp-block-group__inner-container is-layout-flow wp-block-group-is-layout-flow\">\n<h3 class=\"wp-block-heading has-text-align-left has-text-color has-link-color wp-elements-ca1f02a5f461b9ec69a84542745b2d1b\" id=\"schedule-a-visit\" style=\"color:#475569;font-size:20px;line-height:1.15\"><em>Trousse de premiers secours personnalis\u00e9e<\/em><\/h3>\n\n\n\n<p style=\"font-size:15px\">Une trousse de premiers secours personnalis\u00e9e est <strong>indispensable<\/strong> pour tout voyage avec un b\u00e9b\u00e9. Incluez des m\u00e9dicaments de base adapt\u00e9s \u00e0 l&rsquo;\u00e2ge de votre enfant, un thermom\u00e8tre pour surveiller sa temp\u00e9rature, une cr\u00e8me pour les coups ou bosses comme l\u2019arnica ainsi que des pansements et des d\u00e9sinfectants pour les petites blessures.<\/p>\n<\/div><\/div>\n\n\n\n<div class=\"wp-block-columns alignwide are-vertically-aligned-top is-layout-flex wp-container-core-columns-is-layout-1 wp-block-columns-is-layout-flex\" style=\"margin-bottom:0\">\n<div class=\"wp-block-column is-vertically-aligned-top has-text-color has-background has-link-color wp-elements-6f8db17c836ec669c5e741abf957f76a is-layout-flow wp-block-column-is-layout-flow\" style=\"color:#000000;background-color:#f6f6f6;padding-top:2em;padding-right:2em;padding-bottom:2em;padding-left:2em\">\n<figure class=\"wp-block-image size-full\"><img loading=\"lazy\" decoding=\"async\" width=\"500\" height=\"500\" data-src=\"https:\/\/www.lechoixdesbebes.com\/blog\/wp-content\/uploads\/2025\/07\/2-removebg-preview-1.png\" alt=\"Coussin de bain - Candide\" class=\"wp-image-2486 lazyload\" data-srcset=\"https:\/\/www.lechoixdesbebes.com\/blog\/wp-content\/uploads\/2025\/07\/2-removebg-preview-1.png 500w, https:\/\/www.lechoixdesbebes.com\/blog\/wp-content\/uploads\/2025\/07\/2-removebg-preview-1-300x300.png 300w, https:\/\/www.lechoixdesbebes.com\/blog\/wp-content\/uploads\/2025\/07\/2-removebg-preview-1-150x150.png 150w, https:\/\/www.lechoixdesbebes.com\/blog\/wp-content\/uploads\/2025\/07\/2-removebg-preview-1-120x120.png 120w\" data-sizes=\"(max-width: 500px) 100vw, 500px\" src=\"data:image\/gif;base64,R0lGODlhAQABAAAAACH5BAEKAAEALAAAAAABAAEAAAICTAEAOw==\" style=\"--smush-placeholder-width: 500px; --smush-placeholder-aspect-ratio: 500\/500;\" \/><noscript><img loading=\"lazy\" decoding=\"async\" width=\"500\" height=\"500\" src=\"https:\/\/www.lechoixdesbebes.com\/blog\/wp-content\/uploads\/2025\/07\/2-removebg-preview-1.png\" alt=\"Coussin de bain - Candide\" class=\"wp-image-2486\" srcset=\"https:\/\/www.lechoixdesbebes.com\/blog\/wp-content\/uploads\/2025\/07\/2-removebg-preview-1.png 500w, https:\/\/www.lechoixdesbebes.com\/blog\/wp-content\/uploads\/2025\/07\/2-removebg-preview-1-300x300.png 300w, https:\/\/www.lechoixdesbebes.com\/blog\/wp-content\/uploads\/2025\/07\/2-removebg-preview-1-150x150.png 150w, https:\/\/www.lechoixdesbebes.com\/blog\/wp-content\/uploads\/2025\/07\/2-removebg-preview-1-120x120.png 120w\" sizes=\"(max-width: 500px) 100vw, 500px\" \/><\/noscript><\/figure>\n\n\n\n<p class=\"has-text-align-center\" style=\"font-size:15px;line-height:1.5\"><strong>Coussin de bain<\/strong><\/p>\n\n\n\n<div class=\"wp-block-buttons alignfull is-horizontal is-content-justification-center is-layout-flex wp-container-core-buttons-is-layout-2 wp-block-buttons-is-layout-flex\">\n<div class=\"wp-block-button has-custom-width wp-block-button__width-100 has-custom-font-size\" style=\"font-size:18px\"><a class=\"wp-block-button__link has-white-color has-cyan-bluish-gray-background-color has-text-color has-background wp-element-button\" href=\"https:\/\/www.lechoixdesbebes.com\/fr\/221-coussin-de-bain\" style=\"border-radius:50px\"><strong>D\u00e9couvrir<\/strong><\/a><\/div>\n<\/div>\n<\/div>\n\n\n\n<div class=\"wp-block-column is-vertically-aligned-top has-text-color has-background has-link-color wp-elements-bc5572e41cffec36d69660b723188e83 is-layout-flow wp-block-column-is-layout-flow\" style=\"color:#000000;background-color:#f6f6f6;padding-top:2em;padding-right:2em;padding-bottom:2em;padding-left:2em\">\n<figure class=\"wp-block-image size-full\"><img loading=\"lazy\" decoding=\"async\" width=\"500\" height=\"500\" data-src=\"https:\/\/www.lechoixdesbebes.com\/blog\/wp-content\/uploads\/2025\/07\/1-removebg-preview-1.png\" alt=\"Cape de bain - Candide\" class=\"wp-image-2487 lazyload\" data-srcset=\"https:\/\/www.lechoixdesbebes.com\/blog\/wp-content\/uploads\/2025\/07\/1-removebg-preview-1.png 500w, https:\/\/www.lechoixdesbebes.com\/blog\/wp-content\/uploads\/2025\/07\/1-removebg-preview-1-300x300.png 300w, https:\/\/www.lechoixdesbebes.com\/blog\/wp-content\/uploads\/2025\/07\/1-removebg-preview-1-150x150.png 150w, https:\/\/www.lechoixdesbebes.com\/blog\/wp-content\/uploads\/2025\/07\/1-removebg-preview-1-120x120.png 120w\" data-sizes=\"(max-width: 500px) 100vw, 500px\" src=\"data:image\/gif;base64,R0lGODlhAQABAAAAACH5BAEKAAEALAAAAAABAAEAAAICTAEAOw==\" style=\"--smush-placeholder-width: 500px; --smush-placeholder-aspect-ratio: 500\/500;\" \/><noscript><img loading=\"lazy\" decoding=\"async\" width=\"500\" height=\"500\" src=\"https:\/\/www.lechoixdesbebes.com\/blog\/wp-content\/uploads\/2025\/07\/1-removebg-preview-1.png\" alt=\"Cape de bain - Candide\" class=\"wp-image-2487\" srcset=\"https:\/\/www.lechoixdesbebes.com\/blog\/wp-content\/uploads\/2025\/07\/1-removebg-preview-1.png 500w, https:\/\/www.lechoixdesbebes.com\/blog\/wp-content\/uploads\/2025\/07\/1-removebg-preview-1-300x300.png 300w, https:\/\/www.lechoixdesbebes.com\/blog\/wp-content\/uploads\/2025\/07\/1-removebg-preview-1-150x150.png 150w, https:\/\/www.lechoixdesbebes.com\/blog\/wp-content\/uploads\/2025\/07\/1-removebg-preview-1-120x120.png 120w\" sizes=\"(max-width: 500px) 100vw, 500px\" \/><\/noscript><\/figure>\n\n\n\n<p class=\"has-text-align-center\" style=\"font-size:15px;line-height:1.5\"><strong>Cape de bain<\/strong><\/p>\n\n\n\n<div class=\"wp-block-buttons alignfull is-horizontal is-content-justification-center is-layout-flex wp-container-core-buttons-is-layout-3 wp-block-buttons-is-layout-flex\">\n<div class=\"wp-block-button has-custom-width wp-block-button__width-100 has-custom-font-size\" style=\"font-size:18px\"><a class=\"wp-block-button__link has-white-color has-cyan-bluish-gray-background-color has-text-color has-background wp-element-button\" href=\"https:\/\/www.lechoixdesbebes.com\/fr\/257-sorties-de-bain\" style=\"border-radius:50px\"><strong>D\u00e9couvrir<\/strong><\/a><\/div>\n<\/div>\n<\/div>\n<\/div>\n\n\n\n<div class=\"wp-block-columns alignwide are-vertically-aligned-top is-layout-flex wp-container-core-columns-is-layout-2 wp-block-columns-is-layout-flex\" style=\"margin-bottom:0\">\n<div class=\"wp-block-column is-vertically-aligned-top has-text-color has-background has-link-color wp-elements-a0e19ecca7aed30e0e5dc00fbc0b585f is-layout-flow wp-block-column-is-layout-flow\" style=\"color:#000000;background-color:#f6f6f6;padding-top:2em;padding-right:2em;padding-bottom:2em;padding-left:2em\"><div class=\"wp-block-image\">\n<figure class=\"aligncenter size-full\"><img loading=\"lazy\" decoding=\"async\" width=\"500\" height=\"500\" data-src=\"https:\/\/www.lechoixdesbebes.com\/blog\/wp-content\/uploads\/2025\/07\/3-removebg-preview-1.png\" alt=\"Sac \u00e0 langer sac \u00e0 dos - Tin\u00e9o\" class=\"wp-image-2485 lazyload\" data-srcset=\"https:\/\/www.lechoixdesbebes.com\/blog\/wp-content\/uploads\/2025\/07\/3-removebg-preview-1.png 500w, https:\/\/www.lechoixdesbebes.com\/blog\/wp-content\/uploads\/2025\/07\/3-removebg-preview-1-300x300.png 300w, https:\/\/www.lechoixdesbebes.com\/blog\/wp-content\/uploads\/2025\/07\/3-removebg-preview-1-150x150.png 150w, https:\/\/www.lechoixdesbebes.com\/blog\/wp-content\/uploads\/2025\/07\/3-removebg-preview-1-120x120.png 120w\" data-sizes=\"(max-width: 500px) 100vw, 500px\" src=\"data:image\/gif;base64,R0lGODlhAQABAAAAACH5BAEKAAEALAAAAAABAAEAAAICTAEAOw==\" style=\"--smush-placeholder-width: 500px; --smush-placeholder-aspect-ratio: 500\/500;\" \/><noscript><img loading=\"lazy\" decoding=\"async\" width=\"500\" height=\"500\" src=\"https:\/\/www.lechoixdesbebes.com\/blog\/wp-content\/uploads\/2025\/07\/3-removebg-preview-1.png\" alt=\"Sac \u00e0 langer sac \u00e0 dos - Tin\u00e9o\" class=\"wp-image-2485\" srcset=\"https:\/\/www.lechoixdesbebes.com\/blog\/wp-content\/uploads\/2025\/07\/3-removebg-preview-1.png 500w, https:\/\/www.lechoixdesbebes.com\/blog\/wp-content\/uploads\/2025\/07\/3-removebg-preview-1-300x300.png 300w, https:\/\/www.lechoixdesbebes.com\/blog\/wp-content\/uploads\/2025\/07\/3-removebg-preview-1-150x150.png 150w, https:\/\/www.lechoixdesbebes.com\/blog\/wp-content\/uploads\/2025\/07\/3-removebg-preview-1-120x120.png 120w\" sizes=\"(max-width: 500px) 100vw, 500px\" \/><\/noscript><\/figure><\/div>\n\n\n<p class=\"has-text-align-center\" style=\"font-size:15px;line-height:1.5\"><strong>Sac \u00e0 langer<\/strong><\/p>\n\n\n\n<div class=\"wp-block-buttons alignfull is-horizontal is-content-justification-center is-layout-flex wp-container-core-buttons-is-layout-4 wp-block-buttons-is-layout-flex\">\n<div class=\"wp-block-button has-custom-width wp-block-button__width-100 has-custom-font-size\" style=\"font-size:18px\"><a class=\"wp-block-button__link has-white-color has-cyan-bluish-gray-background-color has-text-color has-background wp-element-button\" href=\"https:\/\/www.lechoixdesbebes.com\/fr\/222-sac-a-langer\" style=\"border-radius:50px\"><strong>D\u00e9couvrir<\/strong><\/a><\/div>\n<\/div>\n<\/div>\n<\/div>\n\n\n\n<div style=\"height:50px\" aria-hidden=\"true\" class=\"wp-block-spacer\"><\/div>\n\n\n\n<div class=\"wp-block-group alignfull has-text-color has-background\" style=\"color:#000000;background-color:#ffffff\"><div class=\"wp-block-group__inner-container is-layout-flow wp-block-group-is-layout-flow\">\n<h2 class=\"wp-block-heading has-text-align-left has-text-color has-link-color wp-elements-4137ee34de8ccce08952398afd8ebc4e\" id=\"schedule-a-visit\" style=\"color:#475569;font-size:25px;line-height:1.15\">Alimentation et pauses repas<\/h2>\n<\/div><\/div>\n\n\n\n<div class=\"wp-block-group alignfull has-text-color has-background\" style=\"color:#000000;background-color:#ffffff\"><div class=\"wp-block-group__inner-container is-layout-flow wp-block-group-is-layout-flow\">\n<h3 class=\"wp-block-heading has-text-align-left has-text-color has-link-color wp-elements-80309ed0045d8873e09df108da730bb9\" id=\"schedule-a-visit\" style=\"color:#475569;font-size:20px;line-height:1.15\"><em>Biberons, t\u00e9tines et accessoires de nettoyage<\/em><\/h3>\n\n\n\n<p style=\"font-size:15px\">Lorsque vous voyagez avec un b\u00e9b\u00e9, il est <strong>essentiel<\/strong> de bien pr\u00e9parer les accessoires li\u00e9s \u00e0 son alimentation. Emportez suffisamment de biberons et de t\u00e9tines, ainsi que des bouteilles d\u2019eau pour les repas.<\/p>\n\n\n\n<p style=\"font-size:15px\">Pour les voyages en avion, notez que le <strong>lait maternel<\/strong> et les pr\u00e9parations pour nourrissons sont autoris\u00e9s en cabine. Cependant, ils peuvent faire l&rsquo;objet d&rsquo;un contr\u00f4le suppl\u00e9mentaire. Pour le nettoyage, n&rsquo;oubliez pas d&#8217;emporter des brosses \u00e0 biberons, des lingettes et un petit contenant pour le savon et l\u2019eau de rin\u00e7age.<\/p>\n\n\n\n<p style=\"font-size:15px\">Si vous transportez du lait maternel, une petite glaci\u00e8re avec des pains de glace peut s&rsquo;av\u00e9rer <strong>tr\u00e8s utile<\/strong> pour maintenir la temp\u00e9rature appropri\u00e9e, surtout lors des longs trajets.<\/p>\n<\/div><\/div>\n\n\n\n<div class=\"wp-block-group alignfull has-text-color has-background\" style=\"color:#000000;background-color:#ffffff\"><div class=\"wp-block-group__inner-container is-layout-flow wp-block-group-is-layout-flow\">\n<h3 class=\"wp-block-heading has-text-align-left has-text-color has-link-color wp-elements-1f7f77d72c09b9d2e0c4d1a2b5851a25\" id=\"schedule-a-visit\" style=\"color:#475569;font-size:20px;line-height:1.15\"><em>Aliments adapt\u00e9s et petites collations<\/em><\/h3>\n\n\n\n<p style=\"font-size:15px\">Assurez-vous de respecter la routine alimentaire de votre b\u00e9b\u00e9 en emportant les aliments qu\u2019il consomme habituellement. Cela inclut des bo\u00eetes de lait, des pur\u00e9es et des petites collations comme des biscuits ou des fruits. Ces aliments doivent \u00eatre emball\u00e9s de mani\u00e8re \u00e0 \u00eatre facilement accessibles et \u00e0 ne pas encombrer vos bagages.<\/p>\n<\/div><\/div>\n\n\n\n<div class=\"wp-block-group alignfull has-text-color has-background\" style=\"color:#000000;background-color:#ffffff\"><div class=\"wp-block-group__inner-container is-layout-flow wp-block-group-is-layout-flow\">\n<h3 class=\"wp-block-heading has-text-align-left has-text-color has-link-color wp-elements-1000f1af2d187219489107a0738c7b3b\" id=\"schedule-a-visit\" style=\"color:#475569;font-size:20px;line-height:1.15\"><em>Si\u00e8ge de voyage pliable pour les repas<\/em><\/h3>\n\n\n\n<p style=\"font-size:15px\">Un <strong>si\u00e8ge de voyage pliable<\/strong> peut \u00eatre un accessoire tr\u00e8s pratique pour les repas, notamment lors de d\u00e9placements o\u00f9 les installations adapt\u00e9es sont incertaines. Ce type de si\u00e8ge est l\u00e9ger, facile \u00e0 transporter et peut \u00eatre install\u00e9 rapidement, permettant \u00e0 votre b\u00e9b\u00e9 de manger confortablement et en s\u00e9curit\u00e9.<\/p>\n\n\n\n<p style=\"font-size:15px\">C\u2019est une solution id\u00e9ale pour les repas dans des restaurants, des parcs ou n\u2019importe quel autre endroit o\u00f9 vous vous arr\u00eatez pendant vos vacances.<\/p>\n<\/div><\/div>\n\n\n\n<div class=\"wp-block-group alignwide\"><div class=\"wp-block-group__inner-container is-layout-constrained wp-block-group-is-layout-constrained\">\n<div class=\"wp-block-columns alignwide is-layout-flex wp-container-core-columns-is-layout-3 wp-block-columns-is-layout-flex\" style=\"margin-bottom:0\">\n<div class=\"wp-block-column is-vertically-aligned-center has-text-color has-background has-link-color wp-elements-67e639613ee7a41f6022b87002f3ab68 is-layout-flow wp-block-column-is-layout-flow\" style=\"color:#000000;background-color:#f6f6f6;padding-top:2em;padding-right:2em;padding-bottom:2em;padding-left:2em;flex-basis:800px\"><div class=\"wp-block-image\">\n<figure class=\"aligncenter size-full\"><img loading=\"lazy\" decoding=\"async\" width=\"500\" height=\"500\" data-src=\"https:\/\/www.lechoixdesbebes.com\/blog\/wp-content\/uploads\/2025\/07\/Design_sans_titre__2_-removebg-preview.png\" alt=\"Rehausseur de chaise - Tin\u00e9o\" class=\"wp-image-2490 lazyload\" style=\"--smush-placeholder-width: 500px; --smush-placeholder-aspect-ratio: 500\/500;aspect-ratio:4\/3;object-fit:cover\" data-srcset=\"https:\/\/www.lechoixdesbebes.com\/blog\/wp-content\/uploads\/2025\/07\/Design_sans_titre__2_-removebg-preview.png 500w, https:\/\/www.lechoixdesbebes.com\/blog\/wp-content\/uploads\/2025\/07\/Design_sans_titre__2_-removebg-preview-300x300.png 300w, https:\/\/www.lechoixdesbebes.com\/blog\/wp-content\/uploads\/2025\/07\/Design_sans_titre__2_-removebg-preview-150x150.png 150w, https:\/\/www.lechoixdesbebes.com\/blog\/wp-content\/uploads\/2025\/07\/Design_sans_titre__2_-removebg-preview-120x120.png 120w\" data-sizes=\"(max-width: 500px) 100vw, 500px\" src=\"data:image\/gif;base64,R0lGODlhAQABAAAAACH5BAEKAAEALAAAAAABAAEAAAICTAEAOw==\" \/><noscript><img loading=\"lazy\" decoding=\"async\" width=\"500\" height=\"500\" src=\"https:\/\/www.lechoixdesbebes.com\/blog\/wp-content\/uploads\/2025\/07\/Design_sans_titre__2_-removebg-preview.png\" alt=\"Rehausseur de chaise - Tin\u00e9o\" class=\"wp-image-2490\" style=\"aspect-ratio:4\/3;object-fit:cover\" srcset=\"https:\/\/www.lechoixdesbebes.com\/blog\/wp-content\/uploads\/2025\/07\/Design_sans_titre__2_-removebg-preview.png 500w, https:\/\/www.lechoixdesbebes.com\/blog\/wp-content\/uploads\/2025\/07\/Design_sans_titre__2_-removebg-preview-300x300.png 300w, https:\/\/www.lechoixdesbebes.com\/blog\/wp-content\/uploads\/2025\/07\/Design_sans_titre__2_-removebg-preview-150x150.png 150w, https:\/\/www.lechoixdesbebes.com\/blog\/wp-content\/uploads\/2025\/07\/Design_sans_titre__2_-removebg-preview-120x120.png 120w\" sizes=\"(max-width: 500px) 100vw, 500px\" \/><\/noscript><\/figure><\/div>\n\n\n<p class=\"has-text-align-center\" style=\"font-size:15px;line-height:1.5\"><strong>Rehausseur de chaise<\/strong><\/p>\n\n\n\n<div class=\"wp-block-buttons alignfull is-horizontal is-content-justification-center is-layout-flex wp-container-core-buttons-is-layout-5 wp-block-buttons-is-layout-flex\">\n<div class=\"wp-block-button has-custom-width wp-block-button__width-100 has-custom-font-size\" style=\"font-size:18px\"><a class=\"wp-block-button__link has-white-color has-cyan-bluish-gray-background-color has-text-color has-background wp-element-button\" href=\"https:\/\/www.lechoixdesbebes.com\/fr\/coussin-de-chaise-haute\/794-rehausseur-chaise-bebe-ourson.html\" style=\"border-radius:50px\"><strong>D\u00e9couvrir<\/strong><\/a><\/div>\n<\/div>\n<\/div>\n<\/div>\n<\/div><\/div>\n\n\n\n<div style=\"height:50px\" aria-hidden=\"true\" class=\"wp-block-spacer\"><\/div>\n\n\n\n<div class=\"wp-block-group alignfull has-text-color has-background\" style=\"color:#000000;background-color:#ffffff\"><div class=\"wp-block-group__inner-container is-layout-flow wp-block-group-is-layout-flow\">\n<h2 class=\"wp-block-heading has-text-align-left has-text-color has-link-color wp-elements-676a05f1325401f2b395a95353113df8\" id=\"schedule-a-visit\" style=\"color:#475569;font-size:25px;line-height:1.15\">Un sommeil apais\u00e9, partout o\u00f9 vous allez<\/h2>\n\n\n\n<p style=\"font-size:15px\">Lorsqu\u2019on voyage avec un b\u00e9b\u00e9, il est essentiel de recr\u00e9er un environnement de sommeil rassurant, m\u00eame loin de chez soi. Ainsi, certains indispensables peuvent vraiment faire la diff\u00e9rence.<\/p>\n<\/div><\/div>\n\n\n\n<div class=\"wp-block-group alignfull has-text-color has-background\" style=\"color:#000000;background-color:#ffffff\"><div class=\"wp-block-group__inner-container is-layout-flow wp-block-group-is-layout-flow\">\n<h3 class=\"wp-block-heading has-text-align-left has-text-color has-link-color wp-elements-3f330b90017294da4af8d5e1f2e72d6f\" id=\"schedule-a-visit\" style=\"color:#475569;font-size:20px;line-height:1.15\"><em>Le matelas de voyage<\/em><\/h3>\n\n\n\n<p style=\"font-size:15px\">A la fois compact et facile \u00e0 transporter, il permet \u00e0 b\u00e9b\u00e9 de dormir confortablement lors d\u2019une pause ou \u00e0 l\u2019arriv\u00e9e, tout en garantissant une surface hygi\u00e9nique et accueillante.<\/p>\n<\/div><\/div>\n\n\n\n<div class=\"wp-block-group alignfull has-text-color has-background\" style=\"color:#000000;background-color:#ffffff\"><div class=\"wp-block-group__inner-container is-layout-flow wp-block-group-is-layout-flow\">\n<h3 class=\"wp-block-heading has-text-align-left has-text-color has-link-color wp-elements-3f15f4310ced1368c6136d514597f670\" id=\"schedule-a-visit\" style=\"color:#475569;font-size:20px;line-height:1.15\"><em>La gigoteuse \u00e9volutive <\/em><\/h3>\n\n\n\n<p style=\"font-size:15px\">La gigoteuse \u00e9volutive est id\u00e9ale pour suivre la croissance de b\u00e9b\u00e9 pendant les vacances : un seul produit qui s\u2019adapte en taille pour assurer des nuits paisibles, quelle que soit la destination.<\/p>\n<\/div><\/div>\n\n\n\n<div class=\"wp-block-group alignfull has-text-color has-background\" style=\"color:#000000;background-color:#ffffff\"><div class=\"wp-block-group__inner-container is-layout-flow wp-block-group-is-layout-flow\">\n<h3 class=\"wp-block-heading has-text-align-left has-text-color has-link-color wp-elements-2b1777a186d8d667c8e04b5b4ed7d8c5\" id=\"schedule-a-visit\" style=\"color:#475569;font-size:20px;line-height:1.15\"><em>La d<\/em>ouillette <em>nomade <\/em><\/h3>\n\n\n\n<p style=\"font-size:15px\">Avec ses ouvertures sp\u00e9cialement con\u00e7ues pour les harnais de poussette ou de si\u00e8ge auto, la gigoteuse nomade est parfaite pour les transitions entre voiture, balades et siestes improvis\u00e9es. Elle permet \u00e0 b\u00e9b\u00e9 de rester bien au chaud sans \u00eatre d\u00e9rang\u00e9.<\/p>\n<\/div><\/div>\n\n\n\n<div class=\"wp-block-columns alignwide are-vertically-aligned-top is-layout-flex wp-container-core-columns-is-layout-4 wp-block-columns-is-layout-flex\" style=\"margin-bottom:0\">\n<div class=\"wp-block-column is-vertically-aligned-top has-text-color has-background has-link-color wp-elements-62edaf99d3d9dae0f2a76eae11f3c2c4 is-layout-flow wp-block-column-is-layout-flow\" style=\"color:#000000;background-color:#f6f6f6;padding-top:2em;padding-right:2em;padding-bottom:2em;padding-left:2em\">\n<figure class=\"wp-block-image size-full\"><img loading=\"lazy\" decoding=\"async\" width=\"500\" height=\"500\" data-src=\"https:\/\/www.lechoixdesbebes.com\/blog\/wp-content\/uploads\/2025\/07\/7-removebg-preview.png\" alt=\"Gigoteuse \u00e9volutive - Tin\u00e9o\" class=\"wp-image-2492 lazyload\" data-srcset=\"https:\/\/www.lechoixdesbebes.com\/blog\/wp-content\/uploads\/2025\/07\/7-removebg-preview.png 500w, https:\/\/www.lechoixdesbebes.com\/blog\/wp-content\/uploads\/2025\/07\/7-removebg-preview-300x300.png 300w, https:\/\/www.lechoixdesbebes.com\/blog\/wp-content\/uploads\/2025\/07\/7-removebg-preview-150x150.png 150w, https:\/\/www.lechoixdesbebes.com\/blog\/wp-content\/uploads\/2025\/07\/7-removebg-preview-120x120.png 120w\" data-sizes=\"(max-width: 500px) 100vw, 500px\" src=\"data:image\/gif;base64,R0lGODlhAQABAAAAACH5BAEKAAEALAAAAAABAAEAAAICTAEAOw==\" style=\"--smush-placeholder-width: 500px; --smush-placeholder-aspect-ratio: 500\/500;\" \/><noscript><img loading=\"lazy\" decoding=\"async\" width=\"500\" height=\"500\" src=\"https:\/\/www.lechoixdesbebes.com\/blog\/wp-content\/uploads\/2025\/07\/7-removebg-preview.png\" alt=\"Gigoteuse \u00e9volutive - Tin\u00e9o\" class=\"wp-image-2492\" srcset=\"https:\/\/www.lechoixdesbebes.com\/blog\/wp-content\/uploads\/2025\/07\/7-removebg-preview.png 500w, https:\/\/www.lechoixdesbebes.com\/blog\/wp-content\/uploads\/2025\/07\/7-removebg-preview-300x300.png 300w, https:\/\/www.lechoixdesbebes.com\/blog\/wp-content\/uploads\/2025\/07\/7-removebg-preview-150x150.png 150w, https:\/\/www.lechoixdesbebes.com\/blog\/wp-content\/uploads\/2025\/07\/7-removebg-preview-120x120.png 120w\" sizes=\"(max-width: 500px) 100vw, 500px\" \/><\/noscript><\/figure>\n\n\n\n<p class=\"has-text-align-center\" style=\"font-size:15px;line-height:1.5\"><strong>Gigoteuse \u00e9volutive<\/strong><\/p>\n\n\n\n<div class=\"wp-block-buttons alignfull is-horizontal is-content-justification-center is-layout-flex wp-container-core-buttons-is-layout-6 wp-block-buttons-is-layout-flex\">\n<div class=\"wp-block-button has-custom-width wp-block-button__width-100 has-custom-font-size\" style=\"font-size:18px\"><a class=\"wp-block-button__link has-white-color has-cyan-bluish-gray-background-color has-text-color has-background wp-element-button\" href=\"https:\/\/www.lechoixdesbebes.com\/fr\/51-gigoteuse-9-36-mois?q=Marque-Tin%C3%A9o\" style=\"border-radius:50px\"><strong>D\u00e9couvrir<\/strong><\/a><\/div>\n<\/div>\n<\/div>\n\n\n\n<div class=\"wp-block-column is-vertically-aligned-top has-text-color has-background has-link-color wp-elements-208c74ffa933374e367c17eed57ca389 is-layout-flow wp-block-column-is-layout-flow\" style=\"color:#000000;background-color:#f6f6f6;padding-top:2em;padding-right:2em;padding-bottom:2em;padding-left:2em\">\n<figure class=\"wp-block-image size-full\"><img loading=\"lazy\" decoding=\"async\" width=\"500\" height=\"500\" data-src=\"https:\/\/www.lechoixdesbebes.com\/blog\/wp-content\/uploads\/2025\/07\/5-removebg-preview.png\" alt=\"Matelas de voyage - Candide\" class=\"wp-image-2494 lazyload\" data-srcset=\"https:\/\/www.lechoixdesbebes.com\/blog\/wp-content\/uploads\/2025\/07\/5-removebg-preview.png 500w, https:\/\/www.lechoixdesbebes.com\/blog\/wp-content\/uploads\/2025\/07\/5-removebg-preview-300x300.png 300w, https:\/\/www.lechoixdesbebes.com\/blog\/wp-content\/uploads\/2025\/07\/5-removebg-preview-150x150.png 150w, https:\/\/www.lechoixdesbebes.com\/blog\/wp-content\/uploads\/2025\/07\/5-removebg-preview-120x120.png 120w\" data-sizes=\"(max-width: 500px) 100vw, 500px\" src=\"data:image\/gif;base64,R0lGODlhAQABAAAAACH5BAEKAAEALAAAAAABAAEAAAICTAEAOw==\" style=\"--smush-placeholder-width: 500px; --smush-placeholder-aspect-ratio: 500\/500;\" \/><noscript><img loading=\"lazy\" decoding=\"async\" width=\"500\" height=\"500\" src=\"https:\/\/www.lechoixdesbebes.com\/blog\/wp-content\/uploads\/2025\/07\/5-removebg-preview.png\" alt=\"Matelas de voyage - Candide\" class=\"wp-image-2494\" srcset=\"https:\/\/www.lechoixdesbebes.com\/blog\/wp-content\/uploads\/2025\/07\/5-removebg-preview.png 500w, https:\/\/www.lechoixdesbebes.com\/blog\/wp-content\/uploads\/2025\/07\/5-removebg-preview-300x300.png 300w, https:\/\/www.lechoixdesbebes.com\/blog\/wp-content\/uploads\/2025\/07\/5-removebg-preview-150x150.png 150w, https:\/\/www.lechoixdesbebes.com\/blog\/wp-content\/uploads\/2025\/07\/5-removebg-preview-120x120.png 120w\" sizes=\"(max-width: 500px) 100vw, 500px\" \/><\/noscript><\/figure>\n\n\n\n<p class=\"has-text-align-center\" style=\"font-size:15px;line-height:1.5\"><strong>Matelas de voyage<\/strong><\/p>\n\n\n\n<div class=\"wp-block-buttons alignfull is-horizontal is-content-justification-center is-layout-flex wp-container-core-buttons-is-layout-7 wp-block-buttons-is-layout-flex\">\n<div class=\"wp-block-button has-custom-width wp-block-button__width-100 has-custom-font-size\" style=\"font-size:18px\"><a class=\"wp-block-button__link has-white-color has-cyan-bluish-gray-background-color has-text-color has-background wp-element-button\" href=\"https:\/\/www.lechoixdesbebes.com\/fr\/48-matelas-de-voyage-roule\" style=\"border-radius:50px\"><strong>D\u00e9couvrir<\/strong><\/a><\/div>\n<\/div>\n<\/div>\n<\/div>\n\n\n\n<div class=\"wp-block-columns alignwide are-vertically-aligned-top is-layout-flex wp-container-core-columns-is-layout-5 wp-block-columns-is-layout-flex\" style=\"margin-bottom:0\">\n<div class=\"wp-block-column is-vertically-aligned-top has-text-color has-background has-link-color wp-elements-cf3162eeb5d149de6b3b10a83dbeb935 is-layout-flow wp-block-column-is-layout-flow\" style=\"color:#000000;background-color:#f6f6f6;padding-top:2em;padding-right:2em;padding-bottom:2em;padding-left:2em\"><div class=\"wp-block-image\">\n<figure class=\"aligncenter size-full\"><img loading=\"lazy\" decoding=\"async\" width=\"500\" height=\"500\" data-src=\"https:\/\/www.lechoixdesbebes.com\/blog\/wp-content\/uploads\/2025\/07\/6-removebg-preview.png\" alt=\"Gigoteuse nomade - Candide\" class=\"wp-image-2493 lazyload\" data-srcset=\"https:\/\/www.lechoixdesbebes.com\/blog\/wp-content\/uploads\/2025\/07\/6-removebg-preview.png 500w, https:\/\/www.lechoixdesbebes.com\/blog\/wp-content\/uploads\/2025\/07\/6-removebg-preview-300x300.png 300w, https:\/\/www.lechoixdesbebes.com\/blog\/wp-content\/uploads\/2025\/07\/6-removebg-preview-150x150.png 150w, https:\/\/www.lechoixdesbebes.com\/blog\/wp-content\/uploads\/2025\/07\/6-removebg-preview-120x120.png 120w\" data-sizes=\"(max-width: 500px) 100vw, 500px\" src=\"data:image\/gif;base64,R0lGODlhAQABAAAAACH5BAEKAAEALAAAAAABAAEAAAICTAEAOw==\" style=\"--smush-placeholder-width: 500px; --smush-placeholder-aspect-ratio: 500\/500;\" \/><noscript><img loading=\"lazy\" decoding=\"async\" width=\"500\" height=\"500\" src=\"https:\/\/www.lechoixdesbebes.com\/blog\/wp-content\/uploads\/2025\/07\/6-removebg-preview.png\" alt=\"Gigoteuse nomade - Candide\" class=\"wp-image-2493\" srcset=\"https:\/\/www.lechoixdesbebes.com\/blog\/wp-content\/uploads\/2025\/07\/6-removebg-preview.png 500w, https:\/\/www.lechoixdesbebes.com\/blog\/wp-content\/uploads\/2025\/07\/6-removebg-preview-300x300.png 300w, https:\/\/www.lechoixdesbebes.com\/blog\/wp-content\/uploads\/2025\/07\/6-removebg-preview-150x150.png 150w, https:\/\/www.lechoixdesbebes.com\/blog\/wp-content\/uploads\/2025\/07\/6-removebg-preview-120x120.png 120w\" sizes=\"(max-width: 500px) 100vw, 500px\" \/><\/noscript><\/figure><\/div>\n\n\n<p class=\"has-text-align-center\" style=\"font-size:15px;line-height:1.5\"><strong>Gigoteuse nomade<\/strong><\/p>\n\n\n\n<div class=\"wp-block-buttons alignfull is-horizontal is-content-justification-center is-layout-flex wp-container-core-buttons-is-layout-8 wp-block-buttons-is-layout-flex\">\n<div class=\"wp-block-button has-custom-width wp-block-button__width-100 has-custom-font-size\" style=\"font-size:18px\"><a class=\"wp-block-button__link has-white-color has-cyan-bluish-gray-background-color has-text-color has-background wp-element-button\" href=\"https:\/\/www.lechoixdesbebes.com\/fr\/leo-maya-candide\/799-gigoteuse-nomade-candide-leo-maya.html\" style=\"border-radius:50px\"><strong>D\u00e9couvrir<\/strong><\/a><\/div>\n<\/div>\n<\/div>\n<\/div>\n\n\n\n<div style=\"height:50px\" aria-hidden=\"true\" class=\"wp-block-spacer\"><\/div>\n\n\n\n<div class=\"wp-block-group alignfull has-text-color has-background\" style=\"color:#000000;background-color:#ffffff\"><div class=\"wp-block-group__inner-container is-layout-flow wp-block-group-is-layout-flow\">\n<h2 class=\"wp-block-heading has-text-align-left has-text-color has-link-color wp-elements-5334711a46d5f7fe8ee338f35ff98ec3\" id=\"schedule-a-visit\" style=\"color:#475569;font-size:25px;line-height:1.15\">Confort durant le trajet et sur le lieu de vacances<\/h2>\n<\/div><\/div>\n\n\n\n<div class=\"wp-block-group alignfull has-text-color has-background\" style=\"color:#000000;background-color:#ffffff\"><div class=\"wp-block-group__inner-container is-layout-flow wp-block-group-is-layout-flow\">\n<h3 class=\"wp-block-heading has-text-align-left has-text-color has-link-color wp-elements-b981dc4fac41f664ce74de2a2d30d461\" id=\"schedule-a-visit\" style=\"color:#475569;font-size:20px;line-height:1.15\"><em>Syst\u00e8me de portage confortable et s\u00e9curis\u00e9<\/em><\/h3>\n\n\n\n<p style=\"font-size:15px\">Un <strong>syst\u00e8me de portage confortable et s\u00e9curis\u00e9<\/strong> est essentiel pour voyager avec un b\u00e9b\u00e9. Un porte-b\u00e9b\u00e9 bien con\u00e7u, offre une solution pratique et l\u00e9g\u00e8re pour les d\u00e9placements. Ce porte-b\u00e9b\u00e9 doit se plier facilement et peut \u00eatre rang\u00e9 dans une petite pochette, ce qui le rend id\u00e9al pour les voyages en avion, train ou autres transports en commun.<\/p>\n\n\n\n<p style=\"font-size:15px\">Ce dispositif permet de maintenir votre b\u00e9b\u00e9 en <strong>s\u00e9curit\u00e9<\/strong> et en confort, tout en vous laissant les mains libres pour g\u00e9rer vos affaires et vos enfants.<\/p>\n<\/div><\/div>\n\n\n\n<div class=\"wp-block-group alignfull has-text-color has-background\" style=\"color:#000000;background-color:#ffffff\"><div class=\"wp-block-group__inner-container is-layout-flow wp-block-group-is-layout-flow\">\n<h3 class=\"wp-block-heading has-text-align-left has-text-color has-link-color wp-elements-55da399737d066ae624dc7df713d5f11\" id=\"schedule-a-visit\" style=\"color:#475569;font-size:20px;line-height:1.15\"><em>Si\u00e8ge auto et poussette adapt\u00e9s<\/em><\/h3>\n\n\n\n<p style=\"font-size:15px\">Un <strong>si\u00e8ge-auto<\/strong> et une <strong>poussette adapt\u00e9s<\/strong> sont \u00e9galement indispensables pour le confort et la s\u00e9curit\u00e9 de votre b\u00e9b\u00e9 durant les voyages. Le but \u00e9tant de faciliter les transitions entre la voiture et les d\u00e9placements \u00e0 pied. Mais aussi d\u2019\u00e9viter les complications li\u00e9es au rangement et au transport de plusieurs \u00e9quipements s\u00e9par\u00e9s.<\/p>\n<\/div><\/div>\n\n\n\n<div class=\"wp-block-group alignfull has-text-color has-background\" style=\"color:#000000;background-color:#ffffff\"><div class=\"wp-block-group__inner-container is-layout-flow wp-block-group-is-layout-flow\">\n<h3 class=\"wp-block-heading has-text-align-left has-text-color has-link-color wp-elements-716a44d16fd58ccf4b7c6821a6a8002f\" id=\"schedule-a-visit\" style=\"color:#475569;font-size:20px;line-height:1.15\"><em>Les accessoires de voiture<\/em><\/h3>\n\n\n\n<p style=\"font-size:15px\">Des accessoires comme un <strong>plateau de voyage<\/strong>, un <strong>organiseur de voiture<\/strong> et un <strong>pare-soleil<\/strong> peuvent grandement am\u00e9liorer le confort et l\u2019organisation lors des trajets en famille. Le plateau permet \u00e0 votre enfant de manger, jouer ou dessiner en toute stabilit\u00e9 pendant le voyage. L\u2019organiseur de voiture, quant \u00e0 lui, aide \u00e0 garder les affaires essentielles \u00e0 port\u00e9e de main, \u00e9vitant ainsi le d\u00e9sordre. Enfin, le pare-soleil prot\u00e8ge b\u00e9b\u00e9 des rayons directs du soleil, assurant un trajet plus agr\u00e9able et s\u00e9curis\u00e9<\/p>\n<\/div><\/div>\n\n\n\n<div class=\"wp-block-group alignfull has-text-color has-background\" style=\"color:#000000;background-color:#ffffff\"><div class=\"wp-block-group__inner-container is-layout-flow wp-block-group-is-layout-flow\">\n<h3 class=\"wp-block-heading has-text-align-left has-text-color has-link-color wp-elements-a6788856e3b15030510e4d8b6063989f\" id=\"schedule-a-visit\" style=\"color:#475569;font-size:20px;line-height:1.15\"><em>V\u00eatements adapt\u00e9s au climat et rechanges<\/em><\/h3>\n\n\n\n<p style=\"font-size:15px\">Il est important de pr\u00e9voir des v\u00eatements adapt\u00e9s au <strong>climat<\/strong> de votre destination et de ne pas oublier les tenues de change. Emportez des v\u00eatements l\u00e9gers et respirants pour les climats chauds, ainsi que des v\u00eatements plus chauds et imperm\u00e9ables pour les climats plus frais.<\/p>\n\n\n\n<p style=\"font-size:15px\">De plus, pas d\u2019emporter plusieurs ensembles de rechange, car les accidents peuvent survenir, notamment avec les jeunes enfants. Des chaussettes, des sous-v\u00eatements et des v\u00eatements de rechange complets doivent \u00eatre inclus dans votre valise pour parer \u00e0 toute \u00e9ventualit\u00e9.<\/p>\n<\/div><\/div>\n\n\n\n<div class=\"wp-block-columns alignwide are-vertically-aligned-top is-layout-flex wp-container-core-columns-is-layout-6 wp-block-columns-is-layout-flex\" style=\"margin-bottom:0\">\n<div class=\"wp-block-column is-vertically-aligned-top has-text-color has-background has-link-color wp-elements-019126f1e6bddc8a2748292ee4a03432 is-layout-flow wp-block-column-is-layout-flow\" style=\"color:#000000;background-color:#f6f6f6;padding-top:2em;padding-right:2em;padding-bottom:2em;padding-left:2em\">\n<figure class=\"wp-block-image size-full\"><img loading=\"lazy\" decoding=\"async\" width=\"500\" height=\"500\" data-src=\"https:\/\/www.lechoixdesbebes.com\/blog\/wp-content\/uploads\/2025\/07\/9-removebg-preview.png\" alt=\"Organiseur de voiture - Tin\u00e9o\" class=\"wp-image-2498 lazyload\" data-srcset=\"https:\/\/www.lechoixdesbebes.com\/blog\/wp-content\/uploads\/2025\/07\/9-removebg-preview.png 500w, https:\/\/www.lechoixdesbebes.com\/blog\/wp-content\/uploads\/2025\/07\/9-removebg-preview-300x300.png 300w, https:\/\/www.lechoixdesbebes.com\/blog\/wp-content\/uploads\/2025\/07\/9-removebg-preview-150x150.png 150w, https:\/\/www.lechoixdesbebes.com\/blog\/wp-content\/uploads\/2025\/07\/9-removebg-preview-120x120.png 120w\" data-sizes=\"(max-width: 500px) 100vw, 500px\" src=\"data:image\/gif;base64,R0lGODlhAQABAAAAACH5BAEKAAEALAAAAAABAAEAAAICTAEAOw==\" style=\"--smush-placeholder-width: 500px; --smush-placeholder-aspect-ratio: 500\/500;\" \/><noscript><img loading=\"lazy\" decoding=\"async\" width=\"500\" height=\"500\" src=\"https:\/\/www.lechoixdesbebes.com\/blog\/wp-content\/uploads\/2025\/07\/9-removebg-preview.png\" alt=\"Organiseur de voiture - Tin\u00e9o\" class=\"wp-image-2498\" srcset=\"https:\/\/www.lechoixdesbebes.com\/blog\/wp-content\/uploads\/2025\/07\/9-removebg-preview.png 500w, https:\/\/www.lechoixdesbebes.com\/blog\/wp-content\/uploads\/2025\/07\/9-removebg-preview-300x300.png 300w, https:\/\/www.lechoixdesbebes.com\/blog\/wp-content\/uploads\/2025\/07\/9-removebg-preview-150x150.png 150w, https:\/\/www.lechoixdesbebes.com\/blog\/wp-content\/uploads\/2025\/07\/9-removebg-preview-120x120.png 120w\" sizes=\"(max-width: 500px) 100vw, 500px\" \/><\/noscript><\/figure>\n\n\n\n<p class=\"has-text-align-center\" style=\"font-size:15px;line-height:1.5\"><strong>Organiseur de voiture<\/strong><\/p>\n\n\n\n<div class=\"wp-block-buttons alignfull is-horizontal is-content-justification-center is-layout-flex wp-container-core-buttons-is-layout-9 wp-block-buttons-is-layout-flex\">\n<div class=\"wp-block-button has-custom-width wp-block-button__width-100 has-custom-font-size\" style=\"font-size:18px\"><a class=\"wp-block-button__link has-white-color has-cyan-bluish-gray-background-color has-text-color has-background wp-element-button\" href=\"https:\/\/www.lechoixdesbebes.com\/fr\/224-organisateur-de-voiture\" style=\"border-radius:50px\"><strong>D\u00e9couvrir<\/strong><\/a><\/div>\n<\/div>\n<\/div>\n\n\n\n<div class=\"wp-block-column is-vertically-aligned-top has-text-color has-background has-link-color wp-elements-0926da8ed458a68852e8155f2b707e5b is-layout-flow wp-block-column-is-layout-flow\" style=\"color:#000000;background-color:#f6f6f6;padding-top:2em;padding-right:2em;padding-bottom:2em;padding-left:2em\">\n<figure class=\"wp-block-image size-full\"><img loading=\"lazy\" decoding=\"async\" width=\"500\" height=\"500\" data-src=\"https:\/\/www.lechoixdesbebes.com\/blog\/wp-content\/uploads\/2025\/07\/10-removebg-preview-1.png\" alt=\"Pare-soleil - Tin\u00e9o\" class=\"wp-image-2497 lazyload\" data-srcset=\"https:\/\/www.lechoixdesbebes.com\/blog\/wp-content\/uploads\/2025\/07\/10-removebg-preview-1.png 500w, https:\/\/www.lechoixdesbebes.com\/blog\/wp-content\/uploads\/2025\/07\/10-removebg-preview-1-300x300.png 300w, https:\/\/www.lechoixdesbebes.com\/blog\/wp-content\/uploads\/2025\/07\/10-removebg-preview-1-150x150.png 150w, https:\/\/www.lechoixdesbebes.com\/blog\/wp-content\/uploads\/2025\/07\/10-removebg-preview-1-120x120.png 120w\" data-sizes=\"(max-width: 500px) 100vw, 500px\" src=\"data:image\/gif;base64,R0lGODlhAQABAAAAACH5BAEKAAEALAAAAAABAAEAAAICTAEAOw==\" style=\"--smush-placeholder-width: 500px; --smush-placeholder-aspect-ratio: 500\/500;\" \/><noscript><img loading=\"lazy\" decoding=\"async\" width=\"500\" height=\"500\" src=\"https:\/\/www.lechoixdesbebes.com\/blog\/wp-content\/uploads\/2025\/07\/10-removebg-preview-1.png\" alt=\"Pare-soleil - Tin\u00e9o\" class=\"wp-image-2497\" srcset=\"https:\/\/www.lechoixdesbebes.com\/blog\/wp-content\/uploads\/2025\/07\/10-removebg-preview-1.png 500w, https:\/\/www.lechoixdesbebes.com\/blog\/wp-content\/uploads\/2025\/07\/10-removebg-preview-1-300x300.png 300w, https:\/\/www.lechoixdesbebes.com\/blog\/wp-content\/uploads\/2025\/07\/10-removebg-preview-1-150x150.png 150w, https:\/\/www.lechoixdesbebes.com\/blog\/wp-content\/uploads\/2025\/07\/10-removebg-preview-1-120x120.png 120w\" sizes=\"(max-width: 500px) 100vw, 500px\" \/><\/noscript><\/figure>\n\n\n\n<p class=\"has-text-align-center\" style=\"font-size:15px;line-height:1.5\"><strong>Pare-soleil<\/strong><\/p>\n\n\n\n<div class=\"wp-block-buttons alignfull is-horizontal is-content-justification-center is-layout-flex wp-container-core-buttons-is-layout-10 wp-block-buttons-is-layout-flex\">\n<div class=\"wp-block-button has-custom-width wp-block-button__width-100 has-custom-font-size\" style=\"font-size:18px\"><a class=\"wp-block-button__link has-white-color has-cyan-bluish-gray-background-color has-text-color has-background wp-element-button\" href=\"https:\/\/www.lechoixdesbebes.com\/fr\/223-pare-soleil\" style=\"border-radius:50px\"><strong>D\u00e9couvrir<\/strong><\/a><\/div>\n<\/div>\n<\/div>\n<\/div>\n\n\n\n<div class=\"wp-block-columns alignwide are-vertically-aligned-top is-layout-flex wp-container-core-columns-is-layout-7 wp-block-columns-is-layout-flex\" style=\"margin-bottom:0\">\n<div class=\"wp-block-column is-vertically-aligned-top has-text-color has-background has-link-color wp-elements-457a354069778a9a195ca2edd617b9c9 is-layout-flow wp-block-column-is-layout-flow\" style=\"color:#000000;background-color:#f6f6f6;padding-top:2em;padding-right:2em;padding-bottom:2em;padding-left:2em\"><div class=\"wp-block-image\">\n<figure class=\"aligncenter size-full\"><img loading=\"lazy\" decoding=\"async\" width=\"500\" height=\"500\" data-src=\"https:\/\/www.lechoixdesbebes.com\/blog\/wp-content\/uploads\/2025\/07\/8-removebg-preview.png\" alt=\"Plateau de voyage - Tin\u00e9o\" class=\"wp-image-2499 lazyload\" data-srcset=\"https:\/\/www.lechoixdesbebes.com\/blog\/wp-content\/uploads\/2025\/07\/8-removebg-preview.png 500w, https:\/\/www.lechoixdesbebes.com\/blog\/wp-content\/uploads\/2025\/07\/8-removebg-preview-300x300.png 300w, https:\/\/www.lechoixdesbebes.com\/blog\/wp-content\/uploads\/2025\/07\/8-removebg-preview-150x150.png 150w, https:\/\/www.lechoixdesbebes.com\/blog\/wp-content\/uploads\/2025\/07\/8-removebg-preview-120x120.png 120w\" data-sizes=\"(max-width: 500px) 100vw, 500px\" src=\"data:image\/gif;base64,R0lGODlhAQABAAAAACH5BAEKAAEALAAAAAABAAEAAAICTAEAOw==\" style=\"--smush-placeholder-width: 500px; --smush-placeholder-aspect-ratio: 500\/500;\" \/><noscript><img loading=\"lazy\" decoding=\"async\" width=\"500\" height=\"500\" src=\"https:\/\/www.lechoixdesbebes.com\/blog\/wp-content\/uploads\/2025\/07\/8-removebg-preview.png\" alt=\"Plateau de voyage - Tin\u00e9o\" class=\"wp-image-2499\" srcset=\"https:\/\/www.lechoixdesbebes.com\/blog\/wp-content\/uploads\/2025\/07\/8-removebg-preview.png 500w, https:\/\/www.lechoixdesbebes.com\/blog\/wp-content\/uploads\/2025\/07\/8-removebg-preview-300x300.png 300w, https:\/\/www.lechoixdesbebes.com\/blog\/wp-content\/uploads\/2025\/07\/8-removebg-preview-150x150.png 150w, https:\/\/www.lechoixdesbebes.com\/blog\/wp-content\/uploads\/2025\/07\/8-removebg-preview-120x120.png 120w\" sizes=\"(max-width: 500px) 100vw, 500px\" \/><\/noscript><\/figure><\/div>\n\n\n<p class=\"has-text-align-center\" style=\"font-size:15px;line-height:1.5\"><strong>Plateau de voyage<\/strong><\/p>\n\n\n\n<div class=\"wp-block-buttons alignfull is-horizontal is-content-justification-center is-layout-flex wp-container-core-buttons-is-layout-11 wp-block-buttons-is-layout-flex\">\n<div class=\"wp-block-button has-custom-width wp-block-button__width-100 has-custom-font-size\" style=\"font-size:18px\"><a class=\"wp-block-button__link has-white-color has-cyan-bluish-gray-background-color has-text-color has-background wp-element-button\" href=\"https:\/\/www.lechoixdesbebes.com\/fr\/accessoires-de-voiture\/40-plateau-de-voyage-bebe-tineo.html\" style=\"border-radius:50px\"><strong>D\u00e9couvrir<\/strong><\/a><\/div>\n<\/div>\n<\/div>\n<\/div>\n\n\n\n<div style=\"height:50px\" aria-hidden=\"true\" class=\"wp-block-spacer\"><\/div>\n\n\n\n<div class=\"wp-block-group alignfull has-text-color has-background\" style=\"color:#000000;background-color:#ffffff\"><div class=\"wp-block-group__inner-container is-layout-flow wp-block-group-is-layout-flow\">\n<h2 class=\"wp-block-heading has-text-align-left has-text-color has-link-color wp-elements-3c9b4967e0ac5a22696ec861c012178c\" id=\"schedule-a-visit\" style=\"color:#475569;font-size:25px;line-height:1.15\">Profiter de ces pr\u00e9cieux moments<\/h2>\n\n\n\n<p style=\"font-size:15px\">Voyager avec un b\u00e9b\u00e9 peut \u00eatre une exp\u00e9rience <strong>enrichissante<\/strong> et joyeuse, \u00e0 condition d\u2019\u00eatre bien pr\u00e9par\u00e9. Les <strong>articles d\u2019hygi\u00e8ne<\/strong> et de soin, comme les couches, les lingettes et la trousse de premiers secours, sont des \u00e9l\u00e9ments indispensables \u00e0 ne pas oublier.<\/p>\n\n\n\n<p style=\"font-size:15px\">L\u2019alimentation et les pauses repas doivent \u00eatre <strong>planifi\u00e9es avec soin<\/strong>. Pensez \u00e0 emporter des biberons, des aliments adapt\u00e9s et un si\u00e8ge de voyage pliable pour faciliter les repas de votre enfant.<\/p>\n\n\n\n<p style=\"font-size:15px\">Pour garantir le confort de votre b\u00e9b\u00e9 durant le trajet et sur le lieu de vacances, privil\u00e9giez des syst\u00e8mes de portage ergonomiques, des si\u00e8ges auto s\u00e9curis\u00e9s et des v\u00eatements adapt\u00e9s au climat de votre destination.<\/p>\n\n\n\n<p style=\"font-size:15px\">Enfin, il est important de respecter le rythme et les <strong>besoins sp\u00e9cifiques<\/strong> de votre b\u00e9b\u00e9, notamment pour les siestes et les repas. Avec une checklist bien organis\u00e9e et des conseils pratiques, vos vacances peuvent devenir une aventure familiale m\u00e9morable. Alors, n\u2019attendez plus pour planifier vos prochaines vacances avec b\u00e9b\u00e9&nbsp;!<\/p>\n<\/div><\/div>\n\n\n\n<div class=\"wp-block-cover\"><span aria-hidden=\"true\" class=\"wp-block-cover__background has-white-background-color has-background-dim-0 has-background-dim\"><\/span><img loading=\"lazy\" decoding=\"async\" width=\"2560\" height=\"1707\" class=\"wp-block-cover__image-background wp-image-2502 lazyload\" alt=\"Check-list des indispensables pour voyager avec b\u00e9b\u00e9 - Candide et Tin\u00e9o\" data-src=\"https:\/\/www.lechoixdesbebes.com\/blog\/wp-content\/uploads\/2025\/07\/Design-sans-titre-4.png\" data-object-fit=\"cover\" data-srcset=\"https:\/\/www.lechoixdesbebes.com\/blog\/wp-content\/uploads\/2025\/07\/Design-sans-titre-4.png 2560w, https:\/\/www.lechoixdesbebes.com\/blog\/wp-content\/uploads\/2025\/07\/Design-sans-titre-4-768x512.png 768w, https:\/\/www.lechoixdesbebes.com\/blog\/wp-content\/uploads\/2025\/07\/Design-sans-titre-4-1536x1024.png 1536w, https:\/\/www.lechoixdesbebes.com\/blog\/wp-content\/uploads\/2025\/07\/Design-sans-titre-4-2048x1366.png 2048w, https:\/\/www.lechoixdesbebes.com\/blog\/wp-content\/uploads\/2025\/07\/Design-sans-titre-4-120x80.png 120w\" data-sizes=\"(max-width: 2560px) 100vw, 2560px\" src=\"data:image\/gif;base64,R0lGODlhAQABAAAAACH5BAEKAAEALAAAAAABAAEAAAICTAEAOw==\" style=\"--smush-placeholder-width: 2560px; --smush-placeholder-aspect-ratio: 2560\/1707;\" \/><noscript><img loading=\"lazy\" decoding=\"async\" width=\"2560\" height=\"1707\" class=\"wp-block-cover__image-background wp-image-2502\" alt=\"Check-list des indispensables pour voyager avec b\u00e9b\u00e9 - Candide et Tin\u00e9o\" src=\"https:\/\/www.lechoixdesbebes.com\/blog\/wp-content\/uploads\/2025\/07\/Design-sans-titre-4.png\" data-object-fit=\"cover\" srcset=\"https:\/\/www.lechoixdesbebes.com\/blog\/wp-content\/uploads\/2025\/07\/Design-sans-titre-4.png 2560w, https:\/\/www.lechoixdesbebes.com\/blog\/wp-content\/uploads\/2025\/07\/Design-sans-titre-4-768x512.png 768w, https:\/\/www.lechoixdesbebes.com\/blog\/wp-content\/uploads\/2025\/07\/Design-sans-titre-4-1536x1024.png 1536w, https:\/\/www.lechoixdesbebes.com\/blog\/wp-content\/uploads\/2025\/07\/Design-sans-titre-4-2048x1366.png 2048w, https:\/\/www.lechoixdesbebes.com\/blog\/wp-content\/uploads\/2025\/07\/Design-sans-titre-4-120x80.png 120w\" sizes=\"(max-width: 2560px) 100vw, 2560px\" \/><\/noscript><div class=\"wp-block-cover__inner-container is-layout-flow wp-block-cover-is-layout-flow\">\n<div style=\"height:195px\" aria-hidden=\"true\" class=\"wp-block-spacer\"><\/div>\n\n\n\n<div class=\"wp-block-buttons is-horizontal is-content-justification-center is-layout-flex wp-container-core-buttons-is-layout-12 wp-block-buttons-is-layout-flex\">\n<div class=\"wp-block-button has-custom-width wp-block-button__width-50 has-custom-font-size\" style=\"font-size:18px\"><a class=\"wp-block-button__link has-white-color has-cyan-bluish-gray-background-color has-text-color has-background wp-element-button\" href=\"https:\/\/www.instagram.com\/p\/DLgy8s_vciH\/?img_index=1\" style=\"border-radius:50px\"><strong>J&rsquo;enregistre la checklist !<\/strong><\/a><\/div>\n<\/div>\n<\/div><\/div>\n\n\n\n<p><\/p>\n\n\n\n<p><\/p>\n","protected":false},"excerpt":{"rendered":"<span class=\"rt-reading-time\" style=\"display: block;\"><span class=\"rt-label rt-prefix\">Temps de lecture\u00a0: <\/span> <span class=\"rt-time\">7<\/span> <span class=\"rt-label rt-postfix\">minutes<\/span><\/span> Voyager avec un b\u00e9b\u00e9 peut sembler intimidant, surtout lors d&rsquo;un premier voyage en famille. Mais avec une pr\u00e9paration minutieuse et une checklist bien organis\u00e9e, vous pouvez transformer cette exp\u00e9rience en un moment inoubliable et serein pour tous. Que vous partiez vers une destination lointaine ou que vous restiez en France, une bonne pr\u00e9paration est essentielle&#8230; <a class=\"view-article\" href=\"https:\/\/www.lechoixdesbebes.com\/blog\/vacances-avec-bebe-la-checklist-des-indispensables\/\">View Article<\/a>","protected":false},"author":9,"featured_media":2483,"comment_status":"open","ping_status":"closed","sticky":false,"template":"","format":"standard","meta":{"footnotes":""},"categories":[2],"tags":[],"class_list":["post-2482","post","type-post","status-publish","format-standard","has-post-thumbnail","hentry","category-actualites"],"yoast_head":"<!-- This site is optimized with the Yoast SEO plugin v23.5 - https:\/\/yoast.com\/wordpress\/plugins\/seo\/ -->\n<title>Vacances avec b\u00e9b\u00e9\u00a0: la checklist des indispensables<\/title>\n<meta name=\"description\" content=\"Voyager avec un b\u00e9b\u00e9 peut para\u00eetre impressionnant, mais avec une checklist bien pens\u00e9e, cette aventure peut devenir un souvenir pr\u00e9cieux !\" \/>\n<meta name=\"robots\" content=\"index, follow, max-snippet:-1, max-image-preview:large, max-video-preview:-1\" \/>\n<link rel=\"canonical\" href=\"https:\/\/www.lechoixdesbebes.com\/blog\/vacances-avec-bebe-la-checklist-des-indispensables\/\" \/>\n<meta property=\"og:locale\" content=\"fr_FR\" \/>\n<meta property=\"og:type\" content=\"article\" \/>\n<meta property=\"og:title\" content=\"Vacances avec b\u00e9b\u00e9\u00a0: la checklist des indispensables\" \/>\n<meta property=\"og:description\" content=\"Voyager avec un b\u00e9b\u00e9 peut para\u00eetre impressionnant, mais avec une checklist bien pens\u00e9e, cette aventure peut devenir un souvenir pr\u00e9cieux !\" \/>\n<meta property=\"og:url\" content=\"https:\/\/www.lechoixdesbebes.com\/blog\/vacances-avec-bebe-la-checklist-des-indispensables\/\" \/>\n<meta property=\"og:site_name\" content=\"Actualit\u00e9 de la Pu\u00e9riculture : Blog le Choix des B\u00e9b\u00e9s\" \/>\n<meta property=\"article:publisher\" content=\"https:\/\/www.facebook.com\/Lechoixdesbebes\" \/>\n<meta property=\"article:published_time\" content=\"2025-07-07T09:11:47+00:00\" \/>\n<meta property=\"article:modified_time\" content=\"2025-07-07T14:27:28+00:00\" \/>\n<meta property=\"og:image\" content=\"https:\/\/www.lechoixdesbebes.com\/blog\/wp-content\/uploads\/2025\/07\/Design-sans-titre-1.png\" \/>\n\t<meta property=\"og:image:width\" content=\"2000\" \/>\n\t<meta property=\"og:image:height\" content=\"1225\" \/>\n\t<meta property=\"og:image:type\" content=\"image\/png\" \/>\n<meta name=\"author\" content=\"Laura Talour\" \/>\n<meta name=\"twitter:card\" content=\"summary_large_image\" \/>\n<meta name=\"twitter:label1\" content=\"\u00c9crit par\" \/>\n\t<meta name=\"twitter:data1\" content=\"Laura Talour\" \/>\n\t<meta name=\"twitter:label2\" content=\"Dur\u00e9e de lecture estim\u00e9e\" \/>\n\t<meta name=\"twitter:data2\" content=\"10 minutes\" \/>\n<script type=\"application\/ld+json\" class=\"yoast-schema-graph\">{\"@context\":\"https:\/\/schema.org\",\"@graph\":[{\"@type\":\"Article\",\"@id\":\"https:\/\/www.lechoixdesbebes.com\/blog\/vacances-avec-bebe-la-checklist-des-indispensables\/#article\",\"isPartOf\":{\"@id\":\"https:\/\/www.lechoixdesbebes.com\/blog\/vacances-avec-bebe-la-checklist-des-indispensables\/\"},\"author\":{\"name\":\"Laura Talour\",\"@id\":\"https:\/\/www.lechoixdesbebes.com\/blog\/#\/schema\/person\/14f42270394c7b18a9eb6ff096fcc050\"},\"headline\":\"Vacances avec b\u00e9b\u00e9\u00a0: la checklist des indispensables\",\"datePublished\":\"2025-07-07T09:11:47+00:00\",\"dateModified\":\"2025-07-07T14:27:28+00:00\",\"mainEntityOfPage\":{\"@id\":\"https:\/\/www.lechoixdesbebes.com\/blog\/vacances-avec-bebe-la-checklist-des-indispensables\/\"},\"wordCount\":1488,\"commentCount\":0,\"publisher\":{\"@id\":\"https:\/\/www.lechoixdesbebes.com\/blog\/#organization\"},\"image\":{\"@id\":\"https:\/\/www.lechoixdesbebes.com\/blog\/vacances-avec-bebe-la-checklist-des-indispensables\/#primaryimage\"},\"thumbnailUrl\":\"https:\/\/www.lechoixdesbebes.com\/blog\/wp-content\/uploads\/2025\/07\/Design-sans-titre-1.png\",\"articleSection\":[\"Actualit\u00e9s\"],\"inLanguage\":\"fr-FR\",\"potentialAction\":[{\"@type\":\"CommentAction\",\"name\":\"Comment\",\"target\":[\"https:\/\/www.lechoixdesbebes.com\/blog\/vacances-avec-bebe-la-checklist-des-indispensables\/#respond\"]}]},{\"@type\":\"WebPage\",\"@id\":\"https:\/\/www.lechoixdesbebes.com\/blog\/vacances-avec-bebe-la-checklist-des-indispensables\/\",\"url\":\"https:\/\/www.lechoixdesbebes.com\/blog\/vacances-avec-bebe-la-checklist-des-indispensables\/\",\"name\":\"Vacances avec b\u00e9b\u00e9\u00a0: la checklist des indispensables\",\"isPartOf\":{\"@id\":\"https:\/\/www.lechoixdesbebes.com\/blog\/#website\"},\"primaryImageOfPage\":{\"@id\":\"https:\/\/www.lechoixdesbebes.com\/blog\/vacances-avec-bebe-la-checklist-des-indispensables\/#primaryimage\"},\"image\":{\"@id\":\"https:\/\/www.lechoixdesbebes.com\/blog\/vacances-avec-bebe-la-checklist-des-indispensables\/#primaryimage\"},\"thumbnailUrl\":\"https:\/\/www.lechoixdesbebes.com\/blog\/wp-content\/uploads\/2025\/07\/Design-sans-titre-1.png\",\"datePublished\":\"2025-07-07T09:11:47+00:00\",\"dateModified\":\"2025-07-07T14:27:28+00:00\",\"description\":\"Voyager avec un b\u00e9b\u00e9 peut para\u00eetre impressionnant, mais avec une checklist bien pens\u00e9e, cette aventure peut devenir un souvenir pr\u00e9cieux !\",\"breadcrumb\":{\"@id\":\"https:\/\/www.lechoixdesbebes.com\/blog\/vacances-avec-bebe-la-checklist-des-indispensables\/#breadcrumb\"},\"inLanguage\":\"fr-FR\",\"potentialAction\":[{\"@type\":\"ReadAction\",\"target\":[\"https:\/\/www.lechoixdesbebes.com\/blog\/vacances-avec-bebe-la-checklist-des-indispensables\/\"]}]},{\"@type\":\"ImageObject\",\"inLanguage\":\"fr-FR\",\"@id\":\"https:\/\/www.lechoixdesbebes.com\/blog\/vacances-avec-bebe-la-checklist-des-indispensables\/#primaryimage\",\"url\":\"https:\/\/www.lechoixdesbebes.com\/blog\/wp-content\/uploads\/2025\/07\/Design-sans-titre-1.png\",\"contentUrl\":\"https:\/\/www.lechoixdesbebes.com\/blog\/wp-content\/uploads\/2025\/07\/Design-sans-titre-1.png\",\"width\":2000,\"height\":1225,\"caption\":\"Checklist des indispensables pour les vacances b\u00e9b\u00e9 - Candide et Tin\u00e9o\"},{\"@type\":\"BreadcrumbList\",\"@id\":\"https:\/\/www.lechoixdesbebes.com\/blog\/vacances-avec-bebe-la-checklist-des-indispensables\/#breadcrumb\",\"itemListElement\":[{\"@type\":\"ListItem\",\"position\":1,\"name\":\"Accueil\",\"item\":\"https:\/\/www.lechoixdesbebes.com\/blog\/\"},{\"@type\":\"ListItem\",\"position\":2,\"name\":\"Vacances avec b\u00e9b\u00e9\u00a0: la checklist des indispensables\"}]},{\"@type\":\"WebSite\",\"@id\":\"https:\/\/www.lechoixdesbebes.com\/blog\/#website\",\"url\":\"https:\/\/www.lechoixdesbebes.com\/blog\/\",\"name\":\"Actualit\u00e9 de la Pu\u00e9riculture : Blog le Choix des B\u00e9b\u00e9s\",\"description\":\"Suivez nos conseils bien-\u00eatre pour un b\u00e9b\u00e9 heureux et des parents \u00e9panouis. Le Choix des b\u00e9b\u00e9s : sp\u00e9cialiste de la pu\u00e9riculture\",\"publisher\":{\"@id\":\"https:\/\/www.lechoixdesbebes.com\/blog\/#organization\"},\"potentialAction\":[{\"@type\":\"SearchAction\",\"target\":{\"@type\":\"EntryPoint\",\"urlTemplate\":\"https:\/\/www.lechoixdesbebes.com\/blog\/?s={search_term_string}\"},\"query-input\":{\"@type\":\"PropertyValueSpecification\",\"valueRequired\":true,\"valueName\":\"search_term_string\"}}],\"inLanguage\":\"fr-FR\"},{\"@type\":\"Organization\",\"@id\":\"https:\/\/www.lechoixdesbebes.com\/blog\/#organization\",\"name\":\"Le Choix Des B\u00e9b\u00e9s\",\"url\":\"https:\/\/www.lechoixdesbebes.com\/blog\/\",\"logo\":{\"@type\":\"ImageObject\",\"inLanguage\":\"fr-FR\",\"@id\":\"https:\/\/www.lechoixdesbebes.com\/blog\/#\/schema\/logo\/image\/\",\"url\":\"https:\/\/www.lechoixdesbebes.com\/blog\/wp-content\/uploads\/2021\/06\/Logo-MyShop-Cdiscount.jpg\",\"contentUrl\":\"https:\/\/www.lechoixdesbebes.com\/blog\/wp-content\/uploads\/2021\/06\/Logo-MyShop-Cdiscount.jpg\",\"width\":350,\"height\":80,\"caption\":\"Le Choix Des B\u00e9b\u00e9s\"},\"image\":{\"@id\":\"https:\/\/www.lechoixdesbebes.com\/blog\/#\/schema\/logo\/image\/\"},\"sameAs\":[\"https:\/\/www.facebook.com\/Lechoixdesbebes\"]},{\"@type\":\"Person\",\"@id\":\"https:\/\/www.lechoixdesbebes.com\/blog\/#\/schema\/person\/14f42270394c7b18a9eb6ff096fcc050\",\"name\":\"Laura Talour\"}]}<\/script>\n<!-- \/ Yoast SEO plugin. -->","yoast_head_json":{"title":"Vacances avec b\u00e9b\u00e9\u00a0: la checklist des indispensables","description":"Voyager avec un b\u00e9b\u00e9 peut para\u00eetre impressionnant, mais avec une checklist bien pens\u00e9e, cette aventure peut devenir un souvenir pr\u00e9cieux !","robots":{"index":"index","follow":"follow","max-snippet":"max-snippet:-1","max-image-preview":"max-image-preview:large","max-video-preview":"max-video-preview:-1"},"canonical":"https:\/\/www.lechoixdesbebes.com\/blog\/vacances-avec-bebe-la-checklist-des-indispensables\/","og_locale":"fr_FR","og_type":"article","og_title":"Vacances avec b\u00e9b\u00e9\u00a0: la checklist des indispensables","og_description":"Voyager avec un b\u00e9b\u00e9 peut para\u00eetre impressionnant, mais avec une checklist bien pens\u00e9e, cette aventure peut devenir un souvenir pr\u00e9cieux !","og_url":"https:\/\/www.lechoixdesbebes.com\/blog\/vacances-avec-bebe-la-checklist-des-indispensables\/","og_site_name":"Actualit\u00e9 de la Pu\u00e9riculture : Blog le Choix des B\u00e9b\u00e9s","article_publisher":"https:\/\/www.facebook.com\/Lechoixdesbebes","article_published_time":"2025-07-07T09:11:47+00:00","article_modified_time":"2025-07-07T14:27:28+00:00","og_image":[{"width":2000,"height":1225,"url":"https:\/\/www.lechoixdesbebes.com\/blog\/wp-content\/uploads\/2025\/07\/Design-sans-titre-1.png","type":"image\/png"}],"author":"Laura Talour","twitter_card":"summary_large_image","twitter_misc":{"\u00c9crit par":"Laura Talour","Dur\u00e9e de lecture estim\u00e9e":"10 minutes"},"schema":{"@context":"https:\/\/schema.org","@graph":[{"@type":"Article","@id":"https:\/\/www.lechoixdesbebes.com\/blog\/vacances-avec-bebe-la-checklist-des-indispensables\/#article","isPartOf":{"@id":"https:\/\/www.lechoixdesbebes.com\/blog\/vacances-avec-bebe-la-checklist-des-indispensables\/"},"author":{"name":"Laura Talour","@id":"https:\/\/www.lechoixdesbebes.com\/blog\/#\/schema\/person\/14f42270394c7b18a9eb6ff096fcc050"},"headline":"Vacances avec b\u00e9b\u00e9\u00a0: la checklist des indispensables","datePublished":"2025-07-07T09:11:47+00:00","dateModified":"2025-07-07T14:27:28+00:00","mainEntityOfPage":{"@id":"https:\/\/www.lechoixdesbebes.com\/blog\/vacances-avec-bebe-la-checklist-des-indispensables\/"},"wordCount":1488,"commentCount":0,"publisher":{"@id":"https:\/\/www.lechoixdesbebes.com\/blog\/#organization"},"image":{"@id":"https:\/\/www.lechoixdesbebes.com\/blog\/vacances-avec-bebe-la-checklist-des-indispensables\/#primaryimage"},"thumbnailUrl":"https:\/\/www.lechoixdesbebes.com\/blog\/wp-content\/uploads\/2025\/07\/Design-sans-titre-1.png","articleSection":["Actualit\u00e9s"],"inLanguage":"fr-FR","potentialAction":[{"@type":"CommentAction","name":"Comment","target":["https:\/\/www.lechoixdesbebes.com\/blog\/vacances-avec-bebe-la-checklist-des-indispensables\/#respond"]}]},{"@type":"WebPage","@id":"https:\/\/www.lechoixdesbebes.com\/blog\/vacances-avec-bebe-la-checklist-des-indispensables\/","url":"https:\/\/www.lechoixdesbebes.com\/blog\/vacances-avec-bebe-la-checklist-des-indispensables\/","name":"Vacances avec b\u00e9b\u00e9\u00a0: la checklist des indispensables","isPartOf":{"@id":"https:\/\/www.lechoixdesbebes.com\/blog\/#website"},"primaryImageOfPage":{"@id":"https:\/\/www.lechoixdesbebes.com\/blog\/vacances-avec-bebe-la-checklist-des-indispensables\/#primaryimage"},"image":{"@id":"https:\/\/www.lechoixdesbebes.com\/blog\/vacances-avec-bebe-la-checklist-des-indispensables\/#primaryimage"},"thumbnailUrl":"https:\/\/www.lechoixdesbebes.com\/blog\/wp-content\/uploads\/2025\/07\/Design-sans-titre-1.png","datePublished":"2025-07-07T09:11:47+00:00","dateModified":"2025-07-07T14:27:28+00:00","description":"Voyager avec un b\u00e9b\u00e9 peut para\u00eetre impressionnant, mais avec une checklist bien pens\u00e9e, cette aventure peut devenir un souvenir pr\u00e9cieux !","breadcrumb":{"@id":"https:\/\/www.lechoixdesbebes.com\/blog\/vacances-avec-bebe-la-checklist-des-indispensables\/#breadcrumb"},"inLanguage":"fr-FR","potentialAction":[{"@type":"ReadAction","target":["https:\/\/www.lechoixdesbebes.com\/blog\/vacances-avec-bebe-la-checklist-des-indispensables\/"]}]},{"@type":"ImageObject","inLanguage":"fr-FR","@id":"https:\/\/www.lechoixdesbebes.com\/blog\/vacances-avec-bebe-la-checklist-des-indispensables\/#primaryimage","url":"https:\/\/www.lechoixdesbebes.com\/blog\/wp-content\/uploads\/2025\/07\/Design-sans-titre-1.png","contentUrl":"https:\/\/www.lechoixdesbebes.com\/blog\/wp-content\/uploads\/2025\/07\/Design-sans-titre-1.png","width":2000,"height":1225,"caption":"Checklist des indispensables pour les vacances b\u00e9b\u00e9 - Candide et Tin\u00e9o"},{"@type":"BreadcrumbList","@id":"https:\/\/www.lechoixdesbebes.com\/blog\/vacances-avec-bebe-la-checklist-des-indispensables\/#breadcrumb","itemListElement":[{"@type":"ListItem","position":1,"name":"Accueil","item":"https:\/\/www.lechoixdesbebes.com\/blog\/"},{"@type":"ListItem","position":2,"name":"Vacances avec b\u00e9b\u00e9\u00a0: la checklist des indispensables"}]},{"@type":"WebSite","@id":"https:\/\/www.lechoixdesbebes.com\/blog\/#website","url":"https:\/\/www.lechoixdesbebes.com\/blog\/","name":"Actualit\u00e9 de la Pu\u00e9riculture : Blog le Choix des B\u00e9b\u00e9s","description":"Suivez nos conseils bien-\u00eatre pour un b\u00e9b\u00e9 heureux et des parents \u00e9panouis. Le Choix des b\u00e9b\u00e9s : sp\u00e9cialiste de la pu\u00e9riculture","publisher":{"@id":"https:\/\/www.lechoixdesbebes.com\/blog\/#organization"},"potentialAction":[{"@type":"SearchAction","target":{"@type":"EntryPoint","urlTemplate":"https:\/\/www.lechoixdesbebes.com\/blog\/?s={search_term_string}"},"query-input":{"@type":"PropertyValueSpecification","valueRequired":true,"valueName":"search_term_string"}}],"inLanguage":"fr-FR"},{"@type":"Organization","@id":"https:\/\/www.lechoixdesbebes.com\/blog\/#organization","name":"Le Choix Des B\u00e9b\u00e9s","url":"https:\/\/www.lechoixdesbebes.com\/blog\/","logo":{"@type":"ImageObject","inLanguage":"fr-FR","@id":"https:\/\/www.lechoixdesbebes.com\/blog\/#\/schema\/logo\/image\/","url":"https:\/\/www.lechoixdesbebes.com\/blog\/wp-content\/uploads\/2021\/06\/Logo-MyShop-Cdiscount.jpg","contentUrl":"https:\/\/www.lechoixdesbebes.com\/blog\/wp-content\/uploads\/2021\/06\/Logo-MyShop-Cdiscount.jpg","width":350,"height":80,"caption":"Le Choix Des B\u00e9b\u00e9s"},"image":{"@id":"https:\/\/www.lechoixdesbebes.com\/blog\/#\/schema\/logo\/image\/"},"sameAs":["https:\/\/www.facebook.com\/Lechoixdesbebes"]},{"@type":"Person","@id":"https:\/\/www.lechoixdesbebes.com\/blog\/#\/schema\/person\/14f42270394c7b18a9eb6ff096fcc050","name":"Laura Talour"}]}},"_links":{"self":[{"href":"https:\/\/www.lechoixdesbebes.com\/blog\/wp-json\/wp\/v2\/posts\/2482"}],"collection":[{"href":"https:\/\/www.lechoixdesbebes.com\/blog\/wp-json\/wp\/v2\/posts"}],"about":[{"href":"https:\/\/www.lechoixdesbebes.com\/blog\/wp-json\/wp\/v2\/types\/post"}],"author":[{"embeddable":true,"href":"https:\/\/www.lechoixdesbebes.com\/blog\/wp-json\/wp\/v2\/users\/9"}],"replies":[{"embeddable":true,"href":"https:\/\/www.lechoixdesbebes.com\/blog\/wp-json\/wp\/v2\/comments?post=2482"}],"version-history":[{"count":30,"href":"https:\/\/www.lechoixdesbebes.com\/blog\/wp-json\/wp\/v2\/posts\/2482\/revisions"}],"predecessor-version":[{"id":2554,"href":"https:\/\/www.lechoixdesbebes.com\/blog\/wp-json\/wp\/v2\/posts\/2482\/revisions\/2554"}],"wp:featuredmedia":[{"embeddable":true,"href":"https:\/\/www.lechoixdesbebes.com\/blog\/wp-json\/wp\/v2\/media\/2483"}],"wp:attachment":[{"href":"https:\/\/www.lechoixdesbebes.com\/blog\/wp-json\/wp\/v2\/media?parent=2482"}],"wp:term":[{"taxonomy":"category","embeddable":true,"href":"https:\/\/www.lechoixdesbebes.com\/blog\/wp-json\/wp\/v2\/categories?post=2482"},{"taxonomy":"post_tag","embeddable":true,"href":"https:\/\/www.lechoixdesbebes.com\/blog\/wp-json\/wp\/v2\/tags?post=2482"}],"curies":[{"name":"wp","href":"https:\/\/api.w.org\/{rel}","templated":true}]}}