{"id":2556,"date":"2025-08-25T11:49:21","date_gmt":"2025-08-25T09:49:21","guid":{"rendered":"https:\/\/www.lechoixdesbebes.com\/blog\/?p=2556"},"modified":"2025-08-26T09:35:39","modified_gmt":"2025-08-26T07:35:39","slug":"combien-de-temps-de-sommeil-pour-un-bebe","status":"publish","type":"post","link":"https:\/\/www.lechoixdesbebes.com\/blog\/combien-de-temps-de-sommeil-pour-un-bebe\/","title":{"rendered":"Combien de temps de sommeil pour un b\u00e9b\u00e9 ?"},"content":{"rendered":"<span class=\"rt-reading-time\" style=\"display: block;\"><span class=\"rt-label rt-prefix\">Temps de lecture\u00a0: <\/span> <span class=\"rt-time\">8<\/span> <span class=\"rt-label rt-postfix\">minutes<\/span><\/span>\n<p style=\"font-size:15px\">En fonction de son \u00e2ge, de ses besoins et de son temp\u00e9rament, chaque b\u00e9b\u00e9 suit un rythme de <strong>sommeil <\/strong>unique. <\/p>\n\n\n\n<p style=\"font-size:15px\">M\u00eame si les recommandations parlent d\u2019une moyenne de 14 \u00e0 17 heures par jour, ces chiffres varient largement d\u2019un enfant \u00e0 l\u2019autre. Fragment\u00e9 les premi\u00e8res semaines, plus structur\u00e9 apr\u00e8s quelques mois, le sommeil \u00e9volue progressivement, tout comme les attentes des parents, souvent en qu\u00eate de <strong>nuits <\/strong>plus paisibles.<\/p>\n\n\n\n<p style=\"font-size:15px\">D\u00e9couvrez les diff\u00e9rentes phases du sommeil de b\u00e9b\u00e9 et des conseils pratiques pour favoriser un <strong>endormissement <\/strong>serein !<\/p>\n\n\n\n<div style=\"height:50px\" aria-hidden=\"true\" class=\"wp-block-spacer\"><\/div>\n\n\n\n<div class=\"wp-block-media-text alignfull is-stacked-on-mobile is-vertically-aligned-center\"><figure class=\"wp-block-media-text__media\"><a href=\"https:\/\/www.lechoixdesbebes.com\/fr\/261-leo-maya-candide\"><img loading=\"lazy\" decoding=\"async\" width=\"500\" height=\"500\" data-src=\"https:\/\/www.lechoixdesbebes.com\/blog\/wp-content\/uploads\/2025\/08\/Design-sans-titre.png\" alt=\"Dormir la nuit - Candide &amp; Tin\u00e9o\" class=\"wp-image-2560 size-full lazyload\" data-srcset=\"https:\/\/www.lechoixdesbebes.com\/blog\/wp-content\/uploads\/2025\/08\/Design-sans-titre.png 500w, https:\/\/www.lechoixdesbebes.com\/blog\/wp-content\/uploads\/2025\/08\/Design-sans-titre-300x300.png 300w, https:\/\/www.lechoixdesbebes.com\/blog\/wp-content\/uploads\/2025\/08\/Design-sans-titre-150x150.png 150w, https:\/\/www.lechoixdesbebes.com\/blog\/wp-content\/uploads\/2025\/08\/Design-sans-titre-120x120.png 120w\" data-sizes=\"(max-width: 500px) 100vw, 500px\" src=\"data:image\/gif;base64,R0lGODlhAQABAAAAACH5BAEKAAEALAAAAAABAAEAAAICTAEAOw==\" style=\"--smush-placeholder-width: 500px; --smush-placeholder-aspect-ratio: 500\/500;\" \/><noscript><img loading=\"lazy\" decoding=\"async\" width=\"500\" height=\"500\" src=\"https:\/\/www.lechoixdesbebes.com\/blog\/wp-content\/uploads\/2025\/08\/Design-sans-titre.png\" alt=\"Dormir la nuit - Candide &amp; Tin\u00e9o\" class=\"wp-image-2560 size-full\" srcset=\"https:\/\/www.lechoixdesbebes.com\/blog\/wp-content\/uploads\/2025\/08\/Design-sans-titre.png 500w, https:\/\/www.lechoixdesbebes.com\/blog\/wp-content\/uploads\/2025\/08\/Design-sans-titre-300x300.png 300w, https:\/\/www.lechoixdesbebes.com\/blog\/wp-content\/uploads\/2025\/08\/Design-sans-titre-150x150.png 150w, https:\/\/www.lechoixdesbebes.com\/blog\/wp-content\/uploads\/2025\/08\/Design-sans-titre-120x120.png 120w\" sizes=\"(max-width: 500px) 100vw, 500px\" \/><\/noscript><\/a><\/figure><div class=\"wp-block-media-text__content\">\n<h2 class=\"wp-block-heading has-text-align-left has-text-color\" style=\"color:#475569;font-size:27px\">Combien d&rsquo;heures de sommeil par nuit ?<\/h2>\n\n\n\n<p class=\"has-text-color\" style=\"color:#000000;font-size:15px\">Chaque nourrisson a des besoins et un rythme qui lui sont propres, m\u00eame si les recommandations parlent en moyenne de 14 \u00e0 17 heures de sommeil par jour. Ce qui importe r\u00e9ellement, c\u2019est la <strong>qualit\u00e9<\/strong> du sommeil et sa <strong>r\u00e9gularit\u00e9<\/strong> pour l\u2019enfant, mais aussi pour les parents.<\/p>\n\n\n\n<p class=\"has-text-align-left has-text-color\" style=\"color:#000000;font-size:15px\">La cl\u00e9 r\u00e9side dans la mise en place d\u2019une <strong>routine <\/strong>de coucher, qui aide le b\u00e9b\u00e9 \u00e0 reconna\u00eetre les signaux du sommeil et \u00e0 s\u2019apaiser. Ce cadre s\u00e9curisant favorise une meilleure organisation du rythme veille sommeil et contribue \u00e0 l\u2019\u00e9quilibre de toute la famille.<\/p>\n<\/div><\/div>\n\n\n\n<div style=\"height:50px\" aria-hidden=\"true\" class=\"wp-block-spacer\"><\/div>\n\n\n\n<div class=\"wp-block-group alignfull has-text-color has-background\" style=\"color:#000000;background-color:#ffffff\"><div class=\"wp-block-group__inner-container is-layout-flow wp-block-group-is-layout-flow\">\n<h3 class=\"wp-block-heading has-text-align-left has-text-color has-link-color wp-elements-73e9ae86ce77b35f22fe1633d4c46dfa\" id=\"schedule-a-visit\" style=\"color:#475569;font-size:25px;line-height:1.15\">Le sommeil de 0 \u00e0 1 mois <\/h3>\n\n\n\n<p class=\"has-text-align-left\" style=\"font-size:15px\">Durant son premier mois, un b\u00e9b\u00e9 dort en moyenne 16 heures par jour Cela inclut des variations normales allant de 12 \u00e0 20 heures selon les enfants. Cependant, ces p\u00e9riodes de sommeil sont tr\u00e8s fragment\u00e9es : rarement plus d\u2019une \u00e0 deux heures d\u2019affil\u00e9e. Entre chaque cycle, il faut r\u00e9pondre aux besoins de base : alimentation, changes, r\u00e9confort. \u00c0 ce stade, le nourrisson ne distingue pas encore le <strong>jour<\/strong> de la <strong>nuit<\/strong>. Ce qui explique les r\u00e9veils fr\u00e9quents, y compris la nuit.<\/p>\n\n\n\n<p class=\"has-text-align-left\" style=\"font-size:15px\">Il est \u00e9galement courant d\u2019observer une phase d\u2019\u00e9veil plus marqu\u00e9e en fin de journ\u00e9e, g\u00e9n\u00e9ralement entre 17h et 22h. Cette p\u00e9riode d\u2019agitation est physiologique et tend \u00e0 se r\u00e9guler avec le temps. Surtout lorsque des rep\u00e8res de rythme jour nuit sont progressivement introduits. Le choix du <strong>matelas <\/strong>est aussi important pour favoriser un sommeil s\u00e9curisant et confortable. Dans ce cadre, l\u2019OMS recommande la pratique du <strong>cododo <\/strong>(<strong>room-sharing<\/strong> : partage de la chambre des parents avec le nourrisson, mais pas du m\u00eame lit) durant les six premiers mois, afin de limiter le risque de mort subite du nourrisson.<\/p>\n\n\n\n<div class=\"wp-block-buttons is-horizontal is-content-justification-center is-layout-flex wp-container-core-buttons-is-layout-1 wp-block-buttons-is-layout-flex\">\n<div class=\"wp-block-button has-custom-width wp-block-button__width-50 has-custom-font-size\" style=\"font-size:18px\"><a class=\"wp-block-button__link has-white-color has-cyan-bluish-gray-background-color has-text-color has-background wp-element-button\" href=\"https:\/\/www.lechoixdesbebes.com\/fr\/197-matelas-berceau\" style=\"border-radius:50px\"><strong>D\u00e9couvrir les matelas cododo<\/strong><\/a><\/div>\n<\/div>\n<\/div><\/div>\n\n\n\n<div style=\"height:50px\" aria-hidden=\"true\" class=\"wp-block-spacer\"><\/div>\n\n\n\n<div class=\"wp-block-group alignfull has-text-color has-background\" style=\"color:#000000;background-color:#ffffff\"><div class=\"wp-block-group__inner-container is-layout-flow wp-block-group-is-layout-flow\">\n<h3 class=\"wp-block-heading has-text-align-left has-text-color has-link-color wp-elements-835c9aca411420a41e2ab5292c841fee\" id=\"schedule-a-visit\" style=\"color:#475569;font-size:25px;line-height:1.15\">Le sommeil de 2 \u00e0 4 mois<\/h3>\n\n\n\n<p class=\"has-text-align-left\" style=\"font-size:15px\">Progressivement, b\u00e9b\u00e9 commence \u00e0 distinguer le jour de la nuit. Ses cycles de sommeil s\u2019allongent, tout comme ses p\u00e9riodes d\u2019\u00e9veil. Il devient plus attentif \u00e0 son environnement et peut rester \u00e9veill\u00e9 plusieurs heures d\u2019affil\u00e9e.<\/p>\n\n\n\n<p class=\"has-text-align-left\" style=\"font-size:15px\">De m\u00eame, les phases de sommeil deviennent plus continues. Il peut d\u00e9sormais dormir 3 \u00e0 4 heures d\u2019un coup, car ses besoins alimentaires s\u2019espacent. Ce d\u00e9veloppement marque une \u00e9tape cl\u00e9 vers un <strong>rythme<\/strong> de vie plus <strong>r\u00e9gulier<\/strong>, tant pour l\u2019enfant que pour ses parents.<\/p>\n<\/div><\/div>\n\n\n\n<div class=\"wp-block-group alignfull has-text-color has-background\" style=\"color:#000000;background-color:#ffffff\"><div class=\"wp-block-group__inner-container is-layout-flow wp-block-group-is-layout-flow\">\n<h3 class=\"wp-block-heading has-text-align-left has-text-color has-link-color wp-elements-7824878bd8d96ac33de819e254b01a32\" id=\"schedule-a-visit\" style=\"color:#475569;font-size:25px;line-height:1.15\">Le sommeil de 4 \u00e0 6 mois<\/h3>\n\n\n\n<p class=\"has-text-align-left\" style=\"font-size:15px\">Vers 4 mois, de nombreux b\u00e9b\u00e9s commencent \u00e0 dormir plus longtemps la nuit, une \u00e9tape souvent appel\u00e9e \u00ab <strong>faire ses nuits<\/strong> \u00bb. Toutefois, il s\u2019agit g\u00e9n\u00e9ralement de p\u00e9riodes de 5 \u00e0 6 heures cons\u00e9cutives, ce qui repr\u00e9sente d\u00e9j\u00e0 un net progr\u00e8s apr\u00e8s les r\u00e9veils fr\u00e9quents des premi\u00e8res semaines.<\/p>\n\n\n\n<p class=\"has-text-align-left\" style=\"font-size:15px\">\u00c0 cet \u00e2ge, un rythme plus stable s\u2019installe : environ 14 \u00e0 15 heures de sommeil par jour, r\u00e9parties entre une nuit prolong\u00e9e et trois <strong>siestes<\/strong>, d\u2019environ deux heures chacune. Chaque b\u00e9b\u00e9 d\u00e9veloppe toutefois une routine qui lui est propre, avec des variations normales selon le temp\u00e9rament et les besoins individuels.<\/p>\n<\/div><\/div>\n\n\n\n<div class=\"wp-block-group alignfull has-text-color has-background\" style=\"color:#000000;background-color:#ffffff\"><div class=\"wp-block-group__inner-container is-layout-flow wp-block-group-is-layout-flow\">\n<h3 class=\"wp-block-heading has-text-align-left has-text-color has-link-color wp-elements-bcc74dc890b88504acae4027c59346c0\" id=\"schedule-a-visit\" style=\"color:#475569;font-size:25px;line-height:1.15\">Le sommeil de 6 mois \u00e0 1 an<\/h3>\n\n\n\n<p class=\"has-text-align-left\" style=\"font-size:15px\">Au fil des mois, le sommeil <strong>nocturne<\/strong> de b\u00e9b\u00e9 s\u2019allonge progressivement pour atteindre environ 8 heures d\u2019affil\u00e9e. Ce changement est souvent tr\u00e8s attendu par les parents. En parall\u00e8le, le nombre de siestes diminue.<\/p>\n\n\n\n<p class=\"has-text-align-left\" style=\"font-size:15px\">Autour de 9 mois, la sieste de fin d\u2019apr\u00e8s-midi dispara\u00eet g\u00e9n\u00e9ralement. La plupart des enfants conservent alors deux siestes : une le <strong>matin<\/strong> et une en d\u00e9but d\u2019apr\u00e8s-midi. Ce rythme \u00e0 deux siestes se maintient habituellement jusqu\u2019\u00e0 l\u2019\u00e2ge de 18 mois, avant de passer \u00e0 une seule sieste quotidienne.<\/p>\n\n\n\n<p class=\"has-text-align-left\" style=\"font-size:15px\">Avec sa gamme de matelas \u00e9volutifs, Candide accompagne la croissance de votre b\u00e9b\u00e9 en offrant un confort adapt\u00e9 \u00e0 chaque \u00e9tape, selon son \u00e2ge et son poids.<\/p>\n<\/div><\/div>\n\n\n\n<div class=\"wp-block-columns alignwide are-vertically-aligned-top is-layout-flex wp-container-core-columns-is-layout-1 wp-block-columns-is-layout-flex\" style=\"margin-bottom:0\">\n<div class=\"wp-block-column is-vertically-aligned-top has-text-color has-background has-link-color wp-elements-1fbda5ca34e55f8624305d2a846329df is-layout-flow wp-block-column-is-layout-flow\" style=\"color:#000000;background-color:#f6f6f6;padding-top:2em;padding-right:2em;padding-bottom:2em;padding-left:2em\">\n<figure class=\"wp-block-image size-full\"><img loading=\"lazy\" decoding=\"async\" width=\"500\" height=\"500\" data-src=\"https:\/\/www.lechoixdesbebes.com\/blog\/wp-content\/uploads\/2025\/08\/Design_sans_titre-removebg-preview.png\" alt=\"Dormir matelas \u00e9volutif bien-\u00eatre - Candide\" class=\"wp-image-2589 lazyload\" data-srcset=\"https:\/\/www.lechoixdesbebes.com\/blog\/wp-content\/uploads\/2025\/08\/Design_sans_titre-removebg-preview.png 500w, https:\/\/www.lechoixdesbebes.com\/blog\/wp-content\/uploads\/2025\/08\/Design_sans_titre-removebg-preview-300x300.png 300w, https:\/\/www.lechoixdesbebes.com\/blog\/wp-content\/uploads\/2025\/08\/Design_sans_titre-removebg-preview-150x150.png 150w, https:\/\/www.lechoixdesbebes.com\/blog\/wp-content\/uploads\/2025\/08\/Design_sans_titre-removebg-preview-120x120.png 120w\" data-sizes=\"(max-width: 500px) 100vw, 500px\" src=\"data:image\/gif;base64,R0lGODlhAQABAAAAACH5BAEKAAEALAAAAAABAAEAAAICTAEAOw==\" style=\"--smush-placeholder-width: 500px; --smush-placeholder-aspect-ratio: 500\/500;\" \/><noscript><img loading=\"lazy\" decoding=\"async\" width=\"500\" height=\"500\" src=\"https:\/\/www.lechoixdesbebes.com\/blog\/wp-content\/uploads\/2025\/08\/Design_sans_titre-removebg-preview.png\" alt=\"Dormir matelas \u00e9volutif bien-\u00eatre - Candide\" class=\"wp-image-2589\" srcset=\"https:\/\/www.lechoixdesbebes.com\/blog\/wp-content\/uploads\/2025\/08\/Design_sans_titre-removebg-preview.png 500w, https:\/\/www.lechoixdesbebes.com\/blog\/wp-content\/uploads\/2025\/08\/Design_sans_titre-removebg-preview-300x300.png 300w, https:\/\/www.lechoixdesbebes.com\/blog\/wp-content\/uploads\/2025\/08\/Design_sans_titre-removebg-preview-150x150.png 150w, https:\/\/www.lechoixdesbebes.com\/blog\/wp-content\/uploads\/2025\/08\/Design_sans_titre-removebg-preview-120x120.png 120w\" sizes=\"(max-width: 500px) 100vw, 500px\" \/><\/noscript><\/figure>\n\n\n\n<p class=\"has-text-align-center\" style=\"font-size:15px;line-height:1.5\"><strong>Matelas \u00e9volutif bien-\u00eatre<\/strong><\/p>\n\n\n\n<div class=\"wp-block-buttons alignfull is-horizontal is-content-justification-center is-layout-flex wp-container-core-buttons-is-layout-2 wp-block-buttons-is-layout-flex\">\n<div class=\"wp-block-button has-custom-width wp-block-button__width-100 has-custom-font-size\" style=\"font-size:18px\"><a class=\"wp-block-button__link has-white-color has-cyan-bluish-gray-background-color has-text-color has-background wp-element-button\" href=\"https:\/\/www.lechoixdesbebes.com\/fr\/matelas-bebe-60x120cm\/719-matelas-bebe-candide-dehoussable-evolutif-bien-etre-120.html\" style=\"border-radius:50px\"><strong>D\u00e9couvrir<\/strong><\/a><\/div>\n<\/div>\n<\/div>\n\n\n\n<div class=\"wp-block-column is-vertically-aligned-top has-text-color has-background has-link-color wp-elements-b42804fe5a03701e54366af2d064c5fd is-layout-flow wp-block-column-is-layout-flow\" style=\"color:#000000;background-color:#f6f6f6;padding-top:2em;padding-right:2em;padding-bottom:2em;padding-left:2em\">\n<figure class=\"wp-block-image size-full\"><img loading=\"lazy\" decoding=\"async\" width=\"500\" height=\"500\" data-src=\"https:\/\/www.lechoixdesbebes.com\/blog\/wp-content\/uploads\/2025\/08\/5-removebg-preview.png\" alt=\"Dormir matelas \u00e9volutif fresh - Candide\" class=\"wp-image-2569 lazyload\" data-srcset=\"https:\/\/www.lechoixdesbebes.com\/blog\/wp-content\/uploads\/2025\/08\/5-removebg-preview.png 500w, https:\/\/www.lechoixdesbebes.com\/blog\/wp-content\/uploads\/2025\/08\/5-removebg-preview-300x300.png 300w, https:\/\/www.lechoixdesbebes.com\/blog\/wp-content\/uploads\/2025\/08\/5-removebg-preview-150x150.png 150w, https:\/\/www.lechoixdesbebes.com\/blog\/wp-content\/uploads\/2025\/08\/5-removebg-preview-120x120.png 120w\" data-sizes=\"(max-width: 500px) 100vw, 500px\" src=\"data:image\/gif;base64,R0lGODlhAQABAAAAACH5BAEKAAEALAAAAAABAAEAAAICTAEAOw==\" style=\"--smush-placeholder-width: 500px; --smush-placeholder-aspect-ratio: 500\/500;\" \/><noscript><img loading=\"lazy\" decoding=\"async\" width=\"500\" height=\"500\" src=\"https:\/\/www.lechoixdesbebes.com\/blog\/wp-content\/uploads\/2025\/08\/5-removebg-preview.png\" alt=\"Dormir matelas \u00e9volutif fresh - Candide\" class=\"wp-image-2569\" srcset=\"https:\/\/www.lechoixdesbebes.com\/blog\/wp-content\/uploads\/2025\/08\/5-removebg-preview.png 500w, https:\/\/www.lechoixdesbebes.com\/blog\/wp-content\/uploads\/2025\/08\/5-removebg-preview-300x300.png 300w, https:\/\/www.lechoixdesbebes.com\/blog\/wp-content\/uploads\/2025\/08\/5-removebg-preview-150x150.png 150w, https:\/\/www.lechoixdesbebes.com\/blog\/wp-content\/uploads\/2025\/08\/5-removebg-preview-120x120.png 120w\" sizes=\"(max-width: 500px) 100vw, 500px\" \/><\/noscript><\/figure>\n\n\n\n<p class=\"has-text-align-center\" style=\"font-size:15px;line-height:1.5\"><strong>Matelas \u00e9volutif fresh<\/strong><\/p>\n\n\n\n<div class=\"wp-block-buttons alignfull is-horizontal is-content-justification-center is-layout-flex wp-container-core-buttons-is-layout-3 wp-block-buttons-is-layout-flex\">\n<div class=\"wp-block-button has-custom-width wp-block-button__width-100 has-custom-font-size\" style=\"font-size:18px\"><a class=\"wp-block-button__link has-white-color has-cyan-bluish-gray-background-color has-text-color has-background wp-element-button\" href=\"https:\/\/www.lechoixdesbebes.com\/fr\/matelas-bebe-60x120cm\/721-matelas-bebe-candide-evolutif-fresh-120.html\" style=\"border-radius:50px\"><strong>D\u00e9couvrir<\/strong><\/a><\/div>\n<\/div>\n<\/div>\n<\/div>\n\n\n\n<div style=\"height:50px\" aria-hidden=\"true\" class=\"wp-block-spacer\"><\/div>\n\n\n\n<div class=\"wp-block-media-text alignfull is-stacked-on-mobile is-vertically-aligned-center\"><figure class=\"wp-block-media-text__media\"><a href=\"https:\/\/www.lechoixdesbebes.com\/fr\/261-leo-maya-candide\"><img loading=\"lazy\" decoding=\"async\" width=\"500\" height=\"500\" data-src=\"https:\/\/www.lechoixdesbebes.com\/blog\/wp-content\/uploads\/2025\/08\/2.png\" alt=\"B\u00e9b\u00e9 bien dormir - Candide &amp; Tin\u00e9o\" class=\"wp-image-2567 size-full lazyload\" data-srcset=\"https:\/\/www.lechoixdesbebes.com\/blog\/wp-content\/uploads\/2025\/08\/2.png 500w, https:\/\/www.lechoixdesbebes.com\/blog\/wp-content\/uploads\/2025\/08\/2-300x300.png 300w, https:\/\/www.lechoixdesbebes.com\/blog\/wp-content\/uploads\/2025\/08\/2-150x150.png 150w, https:\/\/www.lechoixdesbebes.com\/blog\/wp-content\/uploads\/2025\/08\/2-120x120.png 120w\" data-sizes=\"(max-width: 500px) 100vw, 500px\" src=\"data:image\/gif;base64,R0lGODlhAQABAAAAACH5BAEKAAEALAAAAAABAAEAAAICTAEAOw==\" style=\"--smush-placeholder-width: 500px; --smush-placeholder-aspect-ratio: 500\/500;\" \/><noscript><img loading=\"lazy\" decoding=\"async\" width=\"500\" height=\"500\" src=\"https:\/\/www.lechoixdesbebes.com\/blog\/wp-content\/uploads\/2025\/08\/2.png\" alt=\"B\u00e9b\u00e9 bien dormir - Candide &amp; Tin\u00e9o\" class=\"wp-image-2567 size-full\" srcset=\"https:\/\/www.lechoixdesbebes.com\/blog\/wp-content\/uploads\/2025\/08\/2.png 500w, https:\/\/www.lechoixdesbebes.com\/blog\/wp-content\/uploads\/2025\/08\/2-300x300.png 300w, https:\/\/www.lechoixdesbebes.com\/blog\/wp-content\/uploads\/2025\/08\/2-150x150.png 150w, https:\/\/www.lechoixdesbebes.com\/blog\/wp-content\/uploads\/2025\/08\/2-120x120.png 120w\" sizes=\"(max-width: 500px) 100vw, 500px\" \/><\/noscript><\/a><\/figure><div class=\"wp-block-media-text__content\">\n<h2 class=\"wp-block-heading has-text-align-left has-text-color\" style=\"color:#475569;font-size:27px\">Comment aider b\u00e9b\u00e9 \u00e0 bien dormir ?<\/h2>\n\n\n\n<p class=\"has-text-color\" style=\"color:#000000;font-size:15px\">M\u00eame chez un tr\u00e8s jeune nourrisson, il est possible de poser les bases d\u2019une routine de sommeil <strong>apaisante<\/strong>. Des gestes simples comme baisser la lumi\u00e8re, instaurer un moment calme avant le coucher ou r\u00e9p\u00e9ter les m\u00eames actions chaque soir. Cela contribue \u00e0 cr\u00e9er un environnement <strong>pr\u00e9visible<\/strong> et <strong>s\u00e9curisant<\/strong>.<\/p>\n<\/div><\/div>\n\n\n\n<div style=\"height:50px\" aria-hidden=\"true\" class=\"wp-block-spacer\"><\/div>\n\n\n\n<div class=\"wp-block-group alignfull has-text-color has-background\" style=\"color:#000000;background-color:#ffffff\"><div class=\"wp-block-group__inner-container is-layout-flow wp-block-group-is-layout-flow\">\n<h3 class=\"wp-block-heading has-text-align-left has-text-color has-link-color wp-elements-1125fec90cd8790bc6c33d1e29a4dc6e\" id=\"schedule-a-visit\" style=\"color:#475569;font-size:25px;line-height:1.15\">Quelques conseils pour un bon sommeil<\/h3>\n\n\n\n<p class=\"has-text-align-left\" style=\"font-size:15px\">Pour aider votre b\u00e9b\u00e9 \u00e0 <strong>s\u2019endormir<\/strong> dans de bonnes conditions, il est essentiel de r\u00e9duire les stimulations avant le coucher. Un environnement <strong>calme<\/strong>, avec une lumi\u00e8re <strong>douce<\/strong> et \u00e9ventuellement un fond musical apaisant, envoie des signaux clairs au cerveau que l\u2019heure du <strong>repos<\/strong> approche.<\/p>\n\n\n\n<p style=\"font-size:15px\">Certains b\u00e9b\u00e9s trouvent le bain relaxant, mais d\u2019autres s\u2019y excitent au point d\u2019en perdre toute envie de dormir. Si c\u2019est le cas de votre enfant, mieux vaut programmer ce moment plus t\u00f4t dans la journ\u00e9e, en dehors de la routine du soir.<\/p>\n\n\n\n<p style=\"font-size:15px\">Les rituels <strong>affectifs<\/strong> ont \u00e9galement un r\u00f4le important \u00e0 jouer. Chanter une <strong>berceuse<\/strong>, raconter une histoire, caresser doucement le front ou simplement lui parler \u00e0 <strong>voix basse<\/strong> sont autant de gestes rassurants qui favorisent <strong>l\u2019endormissement<\/strong>. R\u00e9p\u00e9t\u00e9s chaque <strong>soir<\/strong>, ces rituels structurent la routine du coucher et aident b\u00e9b\u00e9 \u00e0 s\u2019apaiser.<\/p>\n\n\n\n<p style=\"font-size:15px\">Il est aussi recommand\u00e9 de ne pas intervenir syst\u00e9matiquement \u00e0 chaque petit bruit ou g\u00e9missement. Les r\u00e9veils <strong>nocturnes<\/strong> sont normaux \u00e0 cet \u00e2ge et la plupart des b\u00e9b\u00e9s parviennent \u00e0 se rendormir seuls au bout de quelques minutes. Les prendre dans les bras \u00e0 chaque <strong>r\u00e9veil<\/strong> peut nuire \u00e0 cet apprentissage.<\/p>\n\n\n\n<p class=\"has-text-align-left\" style=\"font-size:15px\">Enfin, il est important de respecter le besoin de siestes en journ\u00e9e. Contrairement \u00e0 l\u2019id\u00e9e re\u00e7ue, priver b\u00e9b\u00e9 de sommeil pendant la journ\u00e9e ne l\u2019aidera pas \u00e0 mieux <strong>dormir<\/strong> la nuit. Au contraire, un enfant trop <strong>fatigu\u00e9<\/strong> aura plus de mal \u00e0 se d\u00e9tendre et \u00e0 s\u2019endormir. Pour renforcer la distinction entre le jour et la nuit, laissez entrer la lumi\u00e8re naturelle dans la pi\u00e8ce pendant les siestes.<\/p>\n\n\n\n<div class=\"wp-block-buttons is-horizontal is-content-justification-center is-layout-flex wp-container-core-buttons-is-layout-4 wp-block-buttons-is-layout-flex\">\n<div class=\"wp-block-button has-custom-width wp-block-button__width-50 has-custom-font-size\" style=\"font-size:18px\"><a class=\"wp-block-button__link has-white-color has-cyan-bluish-gray-background-color has-text-color has-background wp-element-button\" href=\"https:\/\/www.lechoixdesbebes.com\/fr\/21-matelas-bebe\" style=\"border-radius:50px\"><strong>D\u00e9couvrir tous les matelas<\/strong><\/a><\/div>\n<\/div>\n<\/div><\/div>\n\n\n\n<div style=\"height:50px\" aria-hidden=\"true\" class=\"wp-block-spacer\"><\/div>\n\n\n\n<div class=\"wp-block-group alignfull has-text-color has-background\" style=\"color:#000000;background-color:#ffffff\"><div class=\"wp-block-group__inner-container is-layout-flow wp-block-group-is-layout-flow\">\n<h3 class=\"wp-block-heading has-text-align-left has-text-color has-link-color wp-elements-fde361fa73cdb45c7454c3fc9e5662ad\" id=\"schedule-a-visit\" style=\"color:#475569;font-size:25px;line-height:1.15\">La routine de sommeil<\/h3>\n\n\n\n<p class=\"has-text-align-left\" style=\"font-size:15px\">La mise en place d\u2019une routine r\u00e9guli\u00e8re constitue un \u00e9l\u00e9ment fondamental. D\u00e8s l\u2019\u00e2ge de quatre mois, lorsque les horaires de b\u00e9b\u00e9 commencent \u00e0 se stabiliser, c\u2019est le moment id\u00e9al pour instaurer des habitudes autour des p\u00e9riodes d\u2019endormissement.<\/p>\n\n\n\n<ul style=\"font-size:15px\" class=\"wp-block-list\">\n<li>Cette routine du coucher doit \u00eatre courte et quotidienne. Elle offre \u00e0 l\u2019enfant un rep\u00e8re rassurant qui l\u2019aide \u00e0 s\u2019apaiser. Elle doit aussi \u00eatre agr\u00e9able pour les parents, car une routine bien v\u00e9cue par toute la famille est plus facile \u00e0 maintenir.<\/li>\n<\/ul>\n\n\n\n<ul style=\"font-size:15px\" class=\"wp-block-list\">\n<li>Id\u00e9alement, ce rituel peut s\u2019adapter \u00e0 diff\u00e9rents environnements. Que vous soyez chez vous ou ailleurs, il est important que <strong>b\u00e9b\u00e9<\/strong> comprenne que le rythme change et qu\u2019il se pr\u00e9pare au sommeil. Un coin calme, une lumi\u00e8re tamis\u00e9e et un \u00e9loignement des sources de bruit et de stimulation sont des conditions favorables.<\/li>\n<\/ul>\n\n\n\n<ul style=\"font-size:15px\" class=\"wp-block-list\">\n<li>Vous pouvez prendre le temps de <strong>bercer<\/strong> votre enfant, lui <strong>chanter<\/strong> une chanson ou <strong>lui<\/strong> lire une courte <strong>histoire<\/strong>. L\u2019essentiel est que ce moment corresponde \u00e0 votre rythme familial, \u00e0 vos valeurs et s\u2019int\u00e8gre naturellement dans votre quotidien.<\/li>\n<\/ul>\n\n\n\n<p style=\"font-size:15px\">En adoptant progressivement ces bonnes <strong>pratiques<\/strong>, vous pourrez poser b\u00e9b\u00e9 dans son <strong>lit<\/strong> avant qu\u2019il ne soit compl\u00e8tement endormi. Cela l\u2019aide \u00e0 apprendre \u00e0 s\u2019endormir seul, ce qui facilite \u00e9galement les r\u00e9veils nocturnes. Un enfant capable de s\u2019endormir de mani\u00e8re autonome sait g\u00e9n\u00e9ralement se rendormir sans aide lorsqu\u2019il se r\u00e9veille la nuit.<\/p>\n\n\n\n<p style=\"font-size:15px\">Gardez toutefois en t\u00eate qu\u2019il n\u2019existe pas de recette universelle ni de r\u00e8gle stricte \u00e0 appliquer. C\u2019est \u00e0 vous et \u00e0 votre b\u00e9b\u00e9 de d\u00e9finir la routine qui vous convient, au moment opportun, en respectant ses phases de fatigue. Un b\u00e9b\u00e9 trop \u00e9puis\u00e9 aura du mal \u00e0 s\u2019apaiser, il est donc important de rep\u00e9rer les signes de <strong>fatigue<\/strong> et d\u2019installer le rituel un peu avant qu\u2019ils n\u2019apparaissent.<\/p>\n\n\n\n<p class=\"has-text-align-left\" style=\"font-size:15px\">Vous constaterez rapidement que ce <strong>moment<\/strong> privil\u00e9gi\u00e9 sera <strong>b\u00e9n\u00e9fique<\/strong> autant pour votre enfant que pour vous-m\u00eame.<\/p>\n<\/div><\/div>\n\n\n\n<div class=\"wp-block-group alignfull has-text-color has-background\" style=\"color:#000000;background-color:#ffffff\"><div class=\"wp-block-group__inner-container is-layout-flow wp-block-group-is-layout-flow\">\n<h3 class=\"wp-block-heading has-text-align-left has-text-color has-link-color wp-elements-62a6912352179f554c87d9ed0e985502\" id=\"schedule-a-visit\" style=\"color:#475569;font-size:25px;line-height:1.15\">Chacun son rythme<\/h3>\n\n\n\n<p class=\"has-text-align-left\" style=\"font-size:15px\">Au fil de sa croissance, vous apprendrez \u00e0 comprendre les <strong>cycles<\/strong> de sommeil propres \u00e0 votre b\u00e9b\u00e9. Ne vous inqui\u00e9tez pas s\u2019il ne correspond pas toujours aux standards d\u00e9crits dans les guides, chaque <strong>enfant<\/strong> \u00e9tant diff\u00e9rent. Certains dorment longtemps, d\u2019autres alternent de courtes siestes. Tant que b\u00e9b\u00e9 grandit et se d\u00e9veloppe bien, il n\u2019y a pas de raison de s\u2019alarmer.<\/p>\n\n\n\n<p class=\"has-text-align-left\" style=\"font-size:15px\">Si toutefois ses p\u00e9riodes de sommeil sont trop courtes ou trop rares pour vous permettre de r\u00e9cup\u00e9rer, n\u2019h\u00e9sitez pas \u00e0 solliciter du soutien aupr\u00e8s de votre entourage ou \u00e0 consulter un <strong>professionnel de sant\u00e9<\/strong>.<\/p>\n\n\n\n<div style=\"height:50px\" aria-hidden=\"true\" class=\"wp-block-spacer\"><\/div>\n\n\n\n<div class=\"wp-block-cover is-light\"><span aria-hidden=\"true\" class=\"wp-block-cover__background has-black-background-color has-background-dim-10 has-background-dim\"><\/span><img loading=\"lazy\" decoding=\"async\" width=\"2000\" height=\"1333\" class=\"wp-block-cover__image-background wp-image-2576 lazyload\" alt=\"B\u00e9b\u00e9 dormir matelas - Candide et Tin\u00e9o\" data-src=\"https:\/\/www.lechoixdesbebes.com\/blog\/wp-content\/uploads\/2025\/08\/3275055860436_9.jpg\" data-object-fit=\"cover\" data-srcset=\"https:\/\/www.lechoixdesbebes.com\/blog\/wp-content\/uploads\/2025\/08\/3275055860436_9.jpg 2000w, https:\/\/www.lechoixdesbebes.com\/blog\/wp-content\/uploads\/2025\/08\/3275055860436_9-768x512.jpg 768w, https:\/\/www.lechoixdesbebes.com\/blog\/wp-content\/uploads\/2025\/08\/3275055860436_9-1536x1024.jpg 1536w, https:\/\/www.lechoixdesbebes.com\/blog\/wp-content\/uploads\/2025\/08\/3275055860436_9-120x80.jpg 120w\" data-sizes=\"(max-width: 2000px) 100vw, 2000px\" src=\"data:image\/gif;base64,R0lGODlhAQABAAAAACH5BAEKAAEALAAAAAABAAEAAAICTAEAOw==\" style=\"--smush-placeholder-width: 2000px; --smush-placeholder-aspect-ratio: 2000\/1333;\" \/><noscript><img loading=\"lazy\" decoding=\"async\" width=\"2000\" height=\"1333\" class=\"wp-block-cover__image-background wp-image-2576\" alt=\"B\u00e9b\u00e9 dormir matelas - Candide et Tin\u00e9o\" src=\"https:\/\/www.lechoixdesbebes.com\/blog\/wp-content\/uploads\/2025\/08\/3275055860436_9.jpg\" data-object-fit=\"cover\" srcset=\"https:\/\/www.lechoixdesbebes.com\/blog\/wp-content\/uploads\/2025\/08\/3275055860436_9.jpg 2000w, https:\/\/www.lechoixdesbebes.com\/blog\/wp-content\/uploads\/2025\/08\/3275055860436_9-768x512.jpg 768w, https:\/\/www.lechoixdesbebes.com\/blog\/wp-content\/uploads\/2025\/08\/3275055860436_9-1536x1024.jpg 1536w, https:\/\/www.lechoixdesbebes.com\/blog\/wp-content\/uploads\/2025\/08\/3275055860436_9-120x80.jpg 120w\" sizes=\"(max-width: 2000px) 100vw, 2000px\" \/><\/noscript><div class=\"wp-block-cover__inner-container is-layout-flow wp-block-cover-is-layout-flow\">\n<div style=\"height:195px\" aria-hidden=\"true\" class=\"wp-block-spacer\"><\/div>\n\n\n\n<div class=\"wp-block-buttons is-horizontal is-content-justification-center is-layout-flex wp-container-core-buttons-is-layout-5 wp-block-buttons-is-layout-flex\">\n<div class=\"wp-block-button has-custom-width wp-block-button__width-50 has-custom-font-size\" style=\"font-size:18px\"><a class=\"wp-block-button__link has-white-color has-cyan-bluish-gray-background-color has-text-color has-background wp-element-button\" href=\"https:\/\/www.lechoixdesbebes.com\/fr\/21-matelas-bebe\" style=\"border-radius:50px\"><strong>D\u00e9couvrir la collection de matelas<\/strong><\/a><\/div>\n<\/div>\n<\/div><\/div>\n<\/div><\/div>\n","protected":false},"excerpt":{"rendered":"<span class=\"rt-reading-time\" style=\"display: block;\"><span class=\"rt-label rt-prefix\">Temps de lecture\u00a0: <\/span> <span class=\"rt-time\">8<\/span> <span class=\"rt-label rt-postfix\">minutes<\/span><\/span> En fonction de son \u00e2ge, de ses besoins et de son temp\u00e9rament, chaque b\u00e9b\u00e9 suit un rythme de sommeil unique. M\u00eame si les recommandations parlent d\u2019une moyenne de 14 \u00e0 17 heures par jour, ces chiffres varient largement d\u2019un enfant \u00e0 l\u2019autre. Fragment\u00e9 les premi\u00e8res semaines, plus structur\u00e9 apr\u00e8s quelques mois, le sommeil \u00e9volue progressivement,&#8230; <a class=\"view-article\" href=\"https:\/\/www.lechoixdesbebes.com\/blog\/combien-de-temps-de-sommeil-pour-un-bebe\/\">View Article<\/a>","protected":false},"author":9,"featured_media":2557,"comment_status":"open","ping_status":"closed","sticky":false,"template":"","format":"standard","meta":{"footnotes":""},"categories":[2],"tags":[],"class_list":["post-2556","post","type-post","status-publish","format-standard","has-post-thumbnail","hentry","category-actualites"],"yoast_head":"<!-- This site is optimized with the Yoast SEO plugin v23.5 - https:\/\/yoast.com\/wordpress\/plugins\/seo\/ -->\n<title>Combien de temps de sommeil pour un b\u00e9b\u00e9 ?<\/title>\n<meta name=\"description\" content=\"En fonction de son \u00e2ge, de ses besoins et de son temp\u00e9rament, chaque b\u00e9b\u00e9 suit un rythme de sommeil unique.\" \/>\n<meta name=\"robots\" content=\"index, follow, max-snippet:-1, max-image-preview:large, max-video-preview:-1\" \/>\n<link rel=\"canonical\" href=\"https:\/\/www.lechoixdesbebes.com\/blog\/combien-de-temps-de-sommeil-pour-un-bebe\/\" \/>\n<meta property=\"og:locale\" content=\"fr_FR\" \/>\n<meta property=\"og:type\" content=\"article\" \/>\n<meta property=\"og:title\" content=\"Combien de temps de sommeil pour un b\u00e9b\u00e9 ?\" \/>\n<meta property=\"og:description\" content=\"En fonction de son \u00e2ge, de ses besoins et de son temp\u00e9rament, chaque b\u00e9b\u00e9 suit un rythme de sommeil unique.\" \/>\n<meta property=\"og:url\" content=\"https:\/\/www.lechoixdesbebes.com\/blog\/combien-de-temps-de-sommeil-pour-un-bebe\/\" \/>\n<meta property=\"og:site_name\" content=\"Actualit\u00e9 de la Pu\u00e9riculture : Blog le Choix des B\u00e9b\u00e9s\" \/>\n<meta property=\"article:publisher\" content=\"https:\/\/www.facebook.com\/Lechoixdesbebes\" \/>\n<meta property=\"article:published_time\" content=\"2025-08-25T09:49:21+00:00\" \/>\n<meta property=\"article:modified_time\" content=\"2025-08-26T07:35:39+00:00\" \/>\n<meta property=\"og:image\" content=\"https:\/\/www.lechoixdesbebes.com\/blog\/wp-content\/uploads\/2025\/08\/3275055860429_22.jpg\" \/>\n\t<meta property=\"og:image:width\" content=\"2000\" \/>\n\t<meta property=\"og:image:height\" content=\"1333\" \/>\n\t<meta property=\"og:image:type\" content=\"image\/jpeg\" \/>\n<meta name=\"author\" content=\"Laura Talour\" \/>\n<meta name=\"twitter:card\" content=\"summary_large_image\" \/>\n<meta name=\"twitter:label1\" content=\"\u00c9crit par\" \/>\n\t<meta name=\"twitter:data1\" content=\"Laura Talour\" \/>\n\t<meta name=\"twitter:label2\" content=\"Dur\u00e9e de lecture estim\u00e9e\" \/>\n\t<meta name=\"twitter:data2\" content=\"9 minutes\" \/>\n<script type=\"application\/ld+json\" class=\"yoast-schema-graph\">{\"@context\":\"https:\/\/schema.org\",\"@graph\":[{\"@type\":\"Article\",\"@id\":\"https:\/\/www.lechoixdesbebes.com\/blog\/combien-de-temps-de-sommeil-pour-un-bebe\/#article\",\"isPartOf\":{\"@id\":\"https:\/\/www.lechoixdesbebes.com\/blog\/combien-de-temps-de-sommeil-pour-un-bebe\/\"},\"author\":{\"name\":\"Laura Talour\",\"@id\":\"https:\/\/www.lechoixdesbebes.com\/blog\/#\/schema\/person\/14f42270394c7b18a9eb6ff096fcc050\"},\"headline\":\"Combien de temps de sommeil pour un b\u00e9b\u00e9 ?\",\"datePublished\":\"2025-08-25T09:49:21+00:00\",\"dateModified\":\"2025-08-26T07:35:39+00:00\",\"mainEntityOfPage\":{\"@id\":\"https:\/\/www.lechoixdesbebes.com\/blog\/combien-de-temps-de-sommeil-pour-un-bebe\/\"},\"wordCount\":1562,\"commentCount\":0,\"publisher\":{\"@id\":\"https:\/\/www.lechoixdesbebes.com\/blog\/#organization\"},\"image\":{\"@id\":\"https:\/\/www.lechoixdesbebes.com\/blog\/combien-de-temps-de-sommeil-pour-un-bebe\/#primaryimage\"},\"thumbnailUrl\":\"https:\/\/www.lechoixdesbebes.com\/blog\/wp-content\/uploads\/2025\/08\/3275055860429_22.jpg\",\"articleSection\":[\"Actualit\u00e9s\"],\"inLanguage\":\"fr-FR\",\"potentialAction\":[{\"@type\":\"CommentAction\",\"name\":\"Comment\",\"target\":[\"https:\/\/www.lechoixdesbebes.com\/blog\/combien-de-temps-de-sommeil-pour-un-bebe\/#respond\"]}]},{\"@type\":\"WebPage\",\"@id\":\"https:\/\/www.lechoixdesbebes.com\/blog\/combien-de-temps-de-sommeil-pour-un-bebe\/\",\"url\":\"https:\/\/www.lechoixdesbebes.com\/blog\/combien-de-temps-de-sommeil-pour-un-bebe\/\",\"name\":\"Combien de temps de sommeil pour un b\u00e9b\u00e9 ?\",\"isPartOf\":{\"@id\":\"https:\/\/www.lechoixdesbebes.com\/blog\/#website\"},\"primaryImageOfPage\":{\"@id\":\"https:\/\/www.lechoixdesbebes.com\/blog\/combien-de-temps-de-sommeil-pour-un-bebe\/#primaryimage\"},\"image\":{\"@id\":\"https:\/\/www.lechoixdesbebes.com\/blog\/combien-de-temps-de-sommeil-pour-un-bebe\/#primaryimage\"},\"thumbnailUrl\":\"https:\/\/www.lechoixdesbebes.com\/blog\/wp-content\/uploads\/2025\/08\/3275055860429_22.jpg\",\"datePublished\":\"2025-08-25T09:49:21+00:00\",\"dateModified\":\"2025-08-26T07:35:39+00:00\",\"description\":\"En fonction de son \u00e2ge, de ses besoins et de son temp\u00e9rament, chaque b\u00e9b\u00e9 suit un rythme de sommeil unique.\",\"breadcrumb\":{\"@id\":\"https:\/\/www.lechoixdesbebes.com\/blog\/combien-de-temps-de-sommeil-pour-un-bebe\/#breadcrumb\"},\"inLanguage\":\"fr-FR\",\"potentialAction\":[{\"@type\":\"ReadAction\",\"target\":[\"https:\/\/www.lechoixdesbebes.com\/blog\/combien-de-temps-de-sommeil-pour-un-bebe\/\"]}]},{\"@type\":\"ImageObject\",\"inLanguage\":\"fr-FR\",\"@id\":\"https:\/\/www.lechoixdesbebes.com\/blog\/combien-de-temps-de-sommeil-pour-un-bebe\/#primaryimage\",\"url\":\"https:\/\/www.lechoixdesbebes.com\/blog\/wp-content\/uploads\/2025\/08\/3275055860429_22.jpg\",\"contentUrl\":\"https:\/\/www.lechoixdesbebes.com\/blog\/wp-content\/uploads\/2025\/08\/3275055860429_22.jpg\",\"width\":2000,\"height\":1333,\"caption\":\"Le sommeil de b\u00e9b\u00e9 - Candide & Tin\u00e9o\"},{\"@type\":\"BreadcrumbList\",\"@id\":\"https:\/\/www.lechoixdesbebes.com\/blog\/combien-de-temps-de-sommeil-pour-un-bebe\/#breadcrumb\",\"itemListElement\":[{\"@type\":\"ListItem\",\"position\":1,\"name\":\"Accueil\",\"item\":\"https:\/\/www.lechoixdesbebes.com\/blog\/\"},{\"@type\":\"ListItem\",\"position\":2,\"name\":\"Combien de temps de sommeil pour un b\u00e9b\u00e9 ?\"}]},{\"@type\":\"WebSite\",\"@id\":\"https:\/\/www.lechoixdesbebes.com\/blog\/#website\",\"url\":\"https:\/\/www.lechoixdesbebes.com\/blog\/\",\"name\":\"Actualit\u00e9 de la Pu\u00e9riculture : Blog le Choix des B\u00e9b\u00e9s\",\"description\":\"Suivez nos conseils bien-\u00eatre pour un b\u00e9b\u00e9 heureux et des parents \u00e9panouis. Le Choix des b\u00e9b\u00e9s : sp\u00e9cialiste de la pu\u00e9riculture\",\"publisher\":{\"@id\":\"https:\/\/www.lechoixdesbebes.com\/blog\/#organization\"},\"potentialAction\":[{\"@type\":\"SearchAction\",\"target\":{\"@type\":\"EntryPoint\",\"urlTemplate\":\"https:\/\/www.lechoixdesbebes.com\/blog\/?s={search_term_string}\"},\"query-input\":{\"@type\":\"PropertyValueSpecification\",\"valueRequired\":true,\"valueName\":\"search_term_string\"}}],\"inLanguage\":\"fr-FR\"},{\"@type\":\"Organization\",\"@id\":\"https:\/\/www.lechoixdesbebes.com\/blog\/#organization\",\"name\":\"Le Choix Des B\u00e9b\u00e9s\",\"url\":\"https:\/\/www.lechoixdesbebes.com\/blog\/\",\"logo\":{\"@type\":\"ImageObject\",\"inLanguage\":\"fr-FR\",\"@id\":\"https:\/\/www.lechoixdesbebes.com\/blog\/#\/schema\/logo\/image\/\",\"url\":\"https:\/\/www.lechoixdesbebes.com\/blog\/wp-content\/uploads\/2021\/06\/Logo-MyShop-Cdiscount.jpg\",\"contentUrl\":\"https:\/\/www.lechoixdesbebes.com\/blog\/wp-content\/uploads\/2021\/06\/Logo-MyShop-Cdiscount.jpg\",\"width\":350,\"height\":80,\"caption\":\"Le Choix Des B\u00e9b\u00e9s\"},\"image\":{\"@id\":\"https:\/\/www.lechoixdesbebes.com\/blog\/#\/schema\/logo\/image\/\"},\"sameAs\":[\"https:\/\/www.facebook.com\/Lechoixdesbebes\"]},{\"@type\":\"Person\",\"@id\":\"https:\/\/www.lechoixdesbebes.com\/blog\/#\/schema\/person\/14f42270394c7b18a9eb6ff096fcc050\",\"name\":\"Laura Talour\"}]}<\/script>\n<!-- \/ Yoast SEO plugin. -->","yoast_head_json":{"title":"Combien de temps de sommeil pour un b\u00e9b\u00e9 ?","description":"En fonction de son \u00e2ge, de ses besoins et de son temp\u00e9rament, chaque b\u00e9b\u00e9 suit un rythme de sommeil unique.","robots":{"index":"index","follow":"follow","max-snippet":"max-snippet:-1","max-image-preview":"max-image-preview:large","max-video-preview":"max-video-preview:-1"},"canonical":"https:\/\/www.lechoixdesbebes.com\/blog\/combien-de-temps-de-sommeil-pour-un-bebe\/","og_locale":"fr_FR","og_type":"article","og_title":"Combien de temps de sommeil pour un b\u00e9b\u00e9 ?","og_description":"En fonction de son \u00e2ge, de ses besoins et de son temp\u00e9rament, chaque b\u00e9b\u00e9 suit un rythme de sommeil unique.","og_url":"https:\/\/www.lechoixdesbebes.com\/blog\/combien-de-temps-de-sommeil-pour-un-bebe\/","og_site_name":"Actualit\u00e9 de la Pu\u00e9riculture : Blog le Choix des B\u00e9b\u00e9s","article_publisher":"https:\/\/www.facebook.com\/Lechoixdesbebes","article_published_time":"2025-08-25T09:49:21+00:00","article_modified_time":"2025-08-26T07:35:39+00:00","og_image":[{"width":2000,"height":1333,"url":"https:\/\/www.lechoixdesbebes.com\/blog\/wp-content\/uploads\/2025\/08\/3275055860429_22.jpg","type":"image\/jpeg"}],"author":"Laura Talour","twitter_card":"summary_large_image","twitter_misc":{"\u00c9crit par":"Laura Talour","Dur\u00e9e de lecture estim\u00e9e":"9 minutes"},"schema":{"@context":"https:\/\/schema.org","@graph":[{"@type":"Article","@id":"https:\/\/www.lechoixdesbebes.com\/blog\/combien-de-temps-de-sommeil-pour-un-bebe\/#article","isPartOf":{"@id":"https:\/\/www.lechoixdesbebes.com\/blog\/combien-de-temps-de-sommeil-pour-un-bebe\/"},"author":{"name":"Laura Talour","@id":"https:\/\/www.lechoixdesbebes.com\/blog\/#\/schema\/person\/14f42270394c7b18a9eb6ff096fcc050"},"headline":"Combien de temps de sommeil pour un b\u00e9b\u00e9 ?","datePublished":"2025-08-25T09:49:21+00:00","dateModified":"2025-08-26T07:35:39+00:00","mainEntityOfPage":{"@id":"https:\/\/www.lechoixdesbebes.com\/blog\/combien-de-temps-de-sommeil-pour-un-bebe\/"},"wordCount":1562,"commentCount":0,"publisher":{"@id":"https:\/\/www.lechoixdesbebes.com\/blog\/#organization"},"image":{"@id":"https:\/\/www.lechoixdesbebes.com\/blog\/combien-de-temps-de-sommeil-pour-un-bebe\/#primaryimage"},"thumbnailUrl":"https:\/\/www.lechoixdesbebes.com\/blog\/wp-content\/uploads\/2025\/08\/3275055860429_22.jpg","articleSection":["Actualit\u00e9s"],"inLanguage":"fr-FR","potentialAction":[{"@type":"CommentAction","name":"Comment","target":["https:\/\/www.lechoixdesbebes.com\/blog\/combien-de-temps-de-sommeil-pour-un-bebe\/#respond"]}]},{"@type":"WebPage","@id":"https:\/\/www.lechoixdesbebes.com\/blog\/combien-de-temps-de-sommeil-pour-un-bebe\/","url":"https:\/\/www.lechoixdesbebes.com\/blog\/combien-de-temps-de-sommeil-pour-un-bebe\/","name":"Combien de temps de sommeil pour un b\u00e9b\u00e9 ?","isPartOf":{"@id":"https:\/\/www.lechoixdesbebes.com\/blog\/#website"},"primaryImageOfPage":{"@id":"https:\/\/www.lechoixdesbebes.com\/blog\/combien-de-temps-de-sommeil-pour-un-bebe\/#primaryimage"},"image":{"@id":"https:\/\/www.lechoixdesbebes.com\/blog\/combien-de-temps-de-sommeil-pour-un-bebe\/#primaryimage"},"thumbnailUrl":"https:\/\/www.lechoixdesbebes.com\/blog\/wp-content\/uploads\/2025\/08\/3275055860429_22.jpg","datePublished":"2025-08-25T09:49:21+00:00","dateModified":"2025-08-26T07:35:39+00:00","description":"En fonction de son \u00e2ge, de ses besoins et de son temp\u00e9rament, chaque b\u00e9b\u00e9 suit un rythme de sommeil unique.","breadcrumb":{"@id":"https:\/\/www.lechoixdesbebes.com\/blog\/combien-de-temps-de-sommeil-pour-un-bebe\/#breadcrumb"},"inLanguage":"fr-FR","potentialAction":[{"@type":"ReadAction","target":["https:\/\/www.lechoixdesbebes.com\/blog\/combien-de-temps-de-sommeil-pour-un-bebe\/"]}]},{"@type":"ImageObject","inLanguage":"fr-FR","@id":"https:\/\/www.lechoixdesbebes.com\/blog\/combien-de-temps-de-sommeil-pour-un-bebe\/#primaryimage","url":"https:\/\/www.lechoixdesbebes.com\/blog\/wp-content\/uploads\/2025\/08\/3275055860429_22.jpg","contentUrl":"https:\/\/www.lechoixdesbebes.com\/blog\/wp-content\/uploads\/2025\/08\/3275055860429_22.jpg","width":2000,"height":1333,"caption":"Le sommeil de b\u00e9b\u00e9 - Candide & Tin\u00e9o"},{"@type":"BreadcrumbList","@id":"https:\/\/www.lechoixdesbebes.com\/blog\/combien-de-temps-de-sommeil-pour-un-bebe\/#breadcrumb","itemListElement":[{"@type":"ListItem","position":1,"name":"Accueil","item":"https:\/\/www.lechoixdesbebes.com\/blog\/"},{"@type":"ListItem","position":2,"name":"Combien de temps de sommeil pour un b\u00e9b\u00e9 ?"}]},{"@type":"WebSite","@id":"https:\/\/www.lechoixdesbebes.com\/blog\/#website","url":"https:\/\/www.lechoixdesbebes.com\/blog\/","name":"Actualit\u00e9 de la Pu\u00e9riculture : Blog le Choix des B\u00e9b\u00e9s","description":"Suivez nos conseils bien-\u00eatre pour un b\u00e9b\u00e9 heureux et des parents \u00e9panouis. Le Choix des b\u00e9b\u00e9s : sp\u00e9cialiste de la pu\u00e9riculture","publisher":{"@id":"https:\/\/www.lechoixdesbebes.com\/blog\/#organization"},"potentialAction":[{"@type":"SearchAction","target":{"@type":"EntryPoint","urlTemplate":"https:\/\/www.lechoixdesbebes.com\/blog\/?s={search_term_string}"},"query-input":{"@type":"PropertyValueSpecification","valueRequired":true,"valueName":"search_term_string"}}],"inLanguage":"fr-FR"},{"@type":"Organization","@id":"https:\/\/www.lechoixdesbebes.com\/blog\/#organization","name":"Le Choix Des B\u00e9b\u00e9s","url":"https:\/\/www.lechoixdesbebes.com\/blog\/","logo":{"@type":"ImageObject","inLanguage":"fr-FR","@id":"https:\/\/www.lechoixdesbebes.com\/blog\/#\/schema\/logo\/image\/","url":"https:\/\/www.lechoixdesbebes.com\/blog\/wp-content\/uploads\/2021\/06\/Logo-MyShop-Cdiscount.jpg","contentUrl":"https:\/\/www.lechoixdesbebes.com\/blog\/wp-content\/uploads\/2021\/06\/Logo-MyShop-Cdiscount.jpg","width":350,"height":80,"caption":"Le Choix Des B\u00e9b\u00e9s"},"image":{"@id":"https:\/\/www.lechoixdesbebes.com\/blog\/#\/schema\/logo\/image\/"},"sameAs":["https:\/\/www.facebook.com\/Lechoixdesbebes"]},{"@type":"Person","@id":"https:\/\/www.lechoixdesbebes.com\/blog\/#\/schema\/person\/14f42270394c7b18a9eb6ff096fcc050","name":"Laura Talour"}]}},"_links":{"self":[{"href":"https:\/\/www.lechoixdesbebes.com\/blog\/wp-json\/wp\/v2\/posts\/2556"}],"collection":[{"href":"https:\/\/www.lechoixdesbebes.com\/blog\/wp-json\/wp\/v2\/posts"}],"about":[{"href":"https:\/\/www.lechoixdesbebes.com\/blog\/wp-json\/wp\/v2\/types\/post"}],"author":[{"embeddable":true,"href":"https:\/\/www.lechoixdesbebes.com\/blog\/wp-json\/wp\/v2\/users\/9"}],"replies":[{"embeddable":true,"href":"https:\/\/www.lechoixdesbebes.com\/blog\/wp-json\/wp\/v2\/comments?post=2556"}],"version-history":[{"count":22,"href":"https:\/\/www.lechoixdesbebes.com\/blog\/wp-json\/wp\/v2\/posts\/2556\/revisions"}],"predecessor-version":[{"id":2596,"href":"https:\/\/www.lechoixdesbebes.com\/blog\/wp-json\/wp\/v2\/posts\/2556\/revisions\/2596"}],"wp:featuredmedia":[{"embeddable":true,"href":"https:\/\/www.lechoixdesbebes.com\/blog\/wp-json\/wp\/v2\/media\/2557"}],"wp:attachment":[{"href":"https:\/\/www.lechoixdesbebes.com\/blog\/wp-json\/wp\/v2\/media?parent=2556"}],"wp:term":[{"taxonomy":"category","embeddable":true,"href":"https:\/\/www.lechoixdesbebes.com\/blog\/wp-json\/wp\/v2\/categories?post=2556"},{"taxonomy":"post_tag","embeddable":true,"href":"https:\/\/www.lechoixdesbebes.com\/blog\/wp-json\/wp\/v2\/tags?post=2556"}],"curies":[{"name":"wp","href":"https:\/\/api.w.org\/{rel}","templated":true}]}}