{"id":39,"date":"2021-01-22T17:06:47","date_gmt":"2021-01-22T16:06:47","guid":{"rendered":"http:\/\/www.lechoixdesbebes.com\/blog\/?p=39"},"modified":"2023-04-14T14:43:59","modified_gmt":"2023-04-14T12:43:59","slug":"comment-eveiller-bebe-durant-ses-premiers-mois","status":"publish","type":"post","link":"https:\/\/www.lechoixdesbebes.com\/blog\/comment-eveiller-bebe-durant-ses-premiers-mois\/","title":{"rendered":"Comment \u00e9veiller b\u00e9b\u00e9 durant ses premiers mois ?"},"content":{"rendered":"<span class=\"rt-reading-time\" style=\"display: block;\"><span class=\"rt-label rt-prefix\">Temps de lecture\u00a0: <\/span> <span class=\"rt-time\">5<\/span> <span class=\"rt-label rt-postfix\">minutes<\/span><\/span><div class=\"text-align: justify\">\r\n<p>Durant la premi\u00e8re ann\u00e9e, b\u00e9b\u00e9 d\u00e9veloppe ces sens, c\u2019est la p\u00e9riode id\u00e9ale pour l\u2019\u00e9veiller au monde. On peut se demander quels jeux vont pouvoir attiser suffisamment la curiosit\u00e9 de b\u00e9b\u00e9 ? Ou encore, comment bien communiquer avec son enfant alors que celui-ci n\u2019a pas encore l\u2019usage de la parole ? Le Choix des B\u00e9b\u00e9s vous donne toutes les r\u00e9ponses dont vous avez besoin.<\/p>\r\n<p>&nbsp;<\/p>\r\n<h2><strong>Les premi\u00e8res nuits de b\u00e9b\u00e9<\/strong><\/h2>\r\n<p>B\u00e9b\u00e9 a du mal \u00e0 s&rsquo;adapter au monde ext\u00e9rieur apr\u00e8s avoir pass\u00e9 9 mois dans le ventre de sa m\u00e8re. Il a donc besoin de se sentir en s\u00e9curit\u00e9 lorsqu&rsquo;il se couche.<\/p>\r\n<p>Le doudou devient tr\u00e8s vite son compagnon pr\u00e9f\u00e9r\u00e9 pour se sentir moins seul, il peut le manipuler et le mordiller \u00e0 souhait. Certains doudous conservent l&rsquo;odeur de maman. Cela permet \u00e0 b\u00e9b\u00e9 de sentir sa pr\u00e9sence. C&rsquo;est un moyen de conserver le lien qui les unit.<\/p>\r\n<p>Optez pour une veilleuse pour aider votre enfant \u00e0 s&rsquo;endormir. Elle attirera son regard avec des jeux de lumi\u00e8re et l&rsquo;apaisera dans le noir. Un mobile peut aussi convenir, l&rsquo;objet tournant au-dessus de lui fascinera b\u00e9b\u00e9. D\u00e9couvrez nos <a href=\"https:\/\/www.lechoixdesbebes.com\/fr\/13-sommeil\" target=\"_blank\" rel=\"noopener noreferrer\">diff\u00e9rents produits<\/a> pour accompagner b\u00e9b\u00e9 durant ses premi\u00e8res nuits.<\/p>\r\n<p>&nbsp;<\/p>\r\n<h2><strong>\u00c9veiller les sens de b\u00e9b\u00e9<\/strong><\/h2>\r\n<h3><strong>Le toucher<\/strong><\/h3>\r\n<p>Le toucher est le tout premier sens qui se d\u00e9veloppe chez le nouveau-n\u00e9<strong>.\u00a0<\/strong>D\u00e8s le deuxi\u00e8me mois de grossesse, le b\u00e9b\u00e9 \u00e9prouve ses premi\u00e8res sensations. Quand il bouge dans le liquide amniotique, il ressent des effleurements, des caresses&#8230; Au quatri\u00e8me mois, ses doigts acqui\u00e8rent des r\u00e9cepteurs. C&rsquo;est pourquoi, lorsque b\u00e9b\u00e9 na\u00eet, il a rapidement besoin de retrouver le contact peau \u00e0 peau avec sa maman.<\/p>\r\n<p>Candide vous propose un bandeau peau \u00e0 peau <a href=\"https:\/\/www.lechoixdesbebes.com\/fr\/bandeau-peau-a-peau\/393-bandeau-peau-a-peau-tube-gris-sm-3275057344439.html\" target=\"_blank\" rel=\"noopener noreferrer\">ici<\/a>. Les pressions, les caresses, les bercements, les massages vont alors le rassur\u00e9 et lui procurent beaucoup de plaisir. Amusez-vous \u00e0 chatouiller et \u00e9veiller b\u00e9b\u00e9 en faisant rouler sous ses pieds des balles lisses, \u00e0 picots avec des textures diff\u00e9rentes.<\/p>\r\n<p>&nbsp;<\/p>\r\n<h3><strong>La vue<\/strong><\/h3>\r\n<p>\u00c0 la naissance, la vue de b\u00e9b\u00e9 est tr\u00e8s limit\u00e9e : tout est flou. L\u2019acuit\u00e9 visuelle de l\u2019enfant est l\u2019\u00e9quivalent de celle de 5% d\u2019un adulte et la port\u00e9e de sa vue est d\u2019environ 20 centim\u00e8tres. Sa vue se d\u00e9veloppera petit \u00e0 petit et ce n\u2019ai que vers 8 mois qu\u2019elle deviendra comparable \u00e0 celle d\u2019un adulte. Pour les plus petits, optez donc pour des tapis d\u2019\u00e9veil et des jouets aux couleurs tr\u00e8s contrast\u00e9es.<\/p>\r\n<p>Sur la gamme des tapis de motricit\u00e9s chez Candide, un mod\u00e8le est sp\u00e9cialement con\u00e7u pour r\u00e9pondre \u00e0 la capacit\u00e9 visuelle de b\u00e9b\u00e9. Il s\u2019inspire de la m\u00e9thode Montessori : c\u2019est le tapis d\u2019\u00e9veil Black &amp; White. Le design noir et blanc contrastant encourage la cognition, la motricit\u00e9 globale et stimule votre enfant dans son parcours pour \u00eatre pleinement \u00e9veill\u00e9.<\/p>\r\n<p>&nbsp;<\/p>\r\n<p><a href=\"https:\/\/www.lechoixdesbebes.com\/fr\/tapis-de-motricite\/277-tapis-de-motricite-xl-black-white-experience-3275055955019.html\" target=\"_blank\" rel=\"noopener noreferrer\"><img decoding=\"async\" data-src=\"https:\/\/www.lechoixdesbebes.com\/blog\/wp-content\/uploads\/2021\/01\/3275055955019_1-300x300.jpg\" alt=\"Tapis d'\u00e9veil noir et blanc - COMBELLE\" src=\"data:image\/gif;base64,R0lGODlhAQABAAAAACH5BAEKAAEALAAAAAABAAEAAAICTAEAOw==\" class=\"lazyload\" style=\"--smush-placeholder-width: 300px; --smush-placeholder-aspect-ratio: 300\/300;\" \/><noscript><img decoding=\"async\" src=\"https:\/\/www.lechoixdesbebes.com\/blog\/wp-content\/uploads\/2021\/01\/3275055955019_1-300x300.jpg\" alt=\"Tapis d'\u00e9veil noir et blanc - COMBELLE\" \/><\/noscript><\/a><\/p>\r\n<p><a href=\"https:\/\/www.lechoixdesbebes.com\/fr\/tapis-de-motricite\/277-tapis-de-motricite-xl-black-white-experience-3275055955019.html\" target=\"_blank\" rel=\"noopener noreferrer\"><img decoding=\"async\" data-src=\"https:\/\/www.lechoixdesbebes.com\/blog\/wp-content\/uploads\/2021\/01\/3275055955019_3-300x300.jpg\" alt=\"Tapis d'\u00e9veil \u00e0 plat noir et blanc - COMBELLE\" src=\"data:image\/gif;base64,R0lGODlhAQABAAAAACH5BAEKAAEALAAAAAABAAEAAAICTAEAOw==\" class=\"lazyload\" style=\"--smush-placeholder-width: 300px; --smush-placeholder-aspect-ratio: 300\/300;\" \/><noscript><img decoding=\"async\" src=\"https:\/\/www.lechoixdesbebes.com\/blog\/wp-content\/uploads\/2021\/01\/3275055955019_3-300x300.jpg\" alt=\"Tapis d'\u00e9veil \u00e0 plat noir et blanc - COMBELLE\" \/><\/noscript><\/a><\/p>\r\n<p><a href=\"https:\/\/www.lechoixdesbebes.com\/fr\/tapis-de-motricite\/277-tapis-de-motricite-xl-black-white-experience-3275055955019.html\" target=\"_blank\" rel=\"noopener noreferrer\"><img decoding=\"async\" data-src=\"https:\/\/www.lechoixdesbebes.com\/blog\/wp-content\/uploads\/2021\/01\/3275055955019_5-300x300.jpg\" alt=\"Tapis d'\u00e9veil en tunnel noir et blanc - COMBELLE\" src=\"data:image\/gif;base64,R0lGODlhAQABAAAAACH5BAEKAAEALAAAAAABAAEAAAICTAEAOw==\" class=\"lazyload\" style=\"--smush-placeholder-width: 300px; --smush-placeholder-aspect-ratio: 300\/300;\" \/><noscript><img decoding=\"async\" src=\"https:\/\/www.lechoixdesbebes.com\/blog\/wp-content\/uploads\/2021\/01\/3275055955019_5-300x300.jpg\" alt=\"Tapis d'\u00e9veil en tunnel noir et blanc - COMBELLE\" \/><\/noscript><\/a><\/p>\r\n<p><a href=\"https:\/\/www.lechoixdesbebes.com\/fr\/tapis-de-motricite\/277-tapis-de-motricite-xl-black-white-experience-3275055955019.html\" target=\"_blank\" rel=\"noopener noreferrer\"><img decoding=\"async\" data-src=\"https:\/\/www.lechoixdesbebes.com\/blog\/wp-content\/uploads\/2021\/01\/3275055955019_4-300x300.jpg\" alt=\"Tapis d'\u00e9veil en cabane noir et blanc - COMBELLE\" src=\"data:image\/gif;base64,R0lGODlhAQABAAAAACH5BAEKAAEALAAAAAABAAEAAAICTAEAOw==\" class=\"lazyload\" style=\"--smush-placeholder-width: 300px; --smush-placeholder-aspect-ratio: 300\/300;\" \/><noscript><img decoding=\"async\" src=\"https:\/\/www.lechoixdesbebes.com\/blog\/wp-content\/uploads\/2021\/01\/3275055955019_4-300x300.jpg\" alt=\"Tapis d'\u00e9veil en cabane noir et blanc - COMBELLE\" \/><\/noscript><\/a><\/p>\r\n<p>&nbsp;<\/p>\r\n<p><a href=\"https:\/\/www.lechoixdesbebes.com\/fr\/tapis-de-motricite\/277-tapis-de-motricite-xl-black-white-experience-3275055955019.html\" target=\"_blank\" rel=\"noopener noreferrer\">Tapis de motricit\u00e9 XL Black &amp; White Experience &#8211; CANDIDE<\/a><\/p>\r\n<p>&nbsp;<\/p>\r\n<h3><strong>L\u2019ou\u00efe<\/strong><\/h3>\r\n<p>D\u00e8s les premiers mois, votre enfant montre qu\u2019il est d\u00e9j\u00e0 sensible aux bruits qu\u2019il per\u00e7oit ce qui se trouve autour de lui. Il commence m\u00eame \u00e0 d\u00e9cortiquer les sons qu\u2019ils lui sont adress\u00e9s ! Le meilleur moyen d\u2019\u00e9veiller b\u00e9b\u00e9 c\u2019est de lui offrir des jouets interactifs, ludiques et sonores. Par exemple, des grelots, du papier bruissant, un hochet, des pou\u00eat-pou\u00eats, de la musique ou encore bien d\u2019autres joujoux !<\/p>\r\n<p>&nbsp;<\/p>\r\n<h3><strong>Le go\u00fbt et l\u2019odorat<\/strong><\/h3>\r\n<p>Manipuler et mettre dans la bouche deviennent les activit\u00e9s favorites de b\u00e9b\u00e9, car il est curieux de tout ce qui est \u00e0 sa port\u00e9e. \u00c9veiller b\u00e9b\u00e9 en alliant le sens du go\u00fbt et de l\u2019odorat est tr\u00e8s int\u00e9ressant.<\/p>\r\n<p>N\u2019h\u00e9sitez pas \u00e0 faire sentir et toucher \u00e0 votre enfant tout ce qui est \u00e0 votre port\u00e9e, une fleur, un savon, une bougie, etc. Il existe des anneaux de dentition pour se faire les dents mais aussi pour appr\u00e9hender le go\u00fbt.<\/p>\r\n<p>Si vous pratiquer l\u2019allaitement maternel, cela a aussi un effet positif sur le d\u00e9veloppement du go\u00fbt car la saveur du lait maternel varie selon le r\u00e9gime alimentaire. Vient ensuite la diversification alimentaire, et l\u00e0, b\u00e9b\u00e9 pourra se r\u00e9jouir de d\u00e9couvrir plein de nouvelles saveurs et odeurs.<\/p>\r\n<p>Pour \u00e9veiller votre enfant dans un espace de jeu en toute s\u00e9curit\u00e9, n\u2019h\u00e9sitez pas \u00e0 caler b\u00e9b\u00e9 dans un parc. Il permettra \u00e0 votre bambin de se lever de mani\u00e8re autonome en s\u2019accrochant aux barreaux et de d\u00e9limiter un espace de jeu bien \u00e0 lui.<\/p>\r\n<h2><strong>Et pour les plus grands ?<\/strong><\/h2>\r\n<p>\u00c0 partir de 9 mois, b\u00e9b\u00e9 voit parfaitement et ses muscles se sont d\u00e9j\u00e0 bien form\u00e9s sur les <a href=\"https:\/\/www.lechoixdesbebes.com\/fr\/31-tapis-de-motricite\" target=\"_blank\" rel=\"noopener noreferrer\">tapis d\u2019\u00e9veil<\/a>. D\u00e8s qu\u2019il commence \u00e0 marcher, son plus grand plaisir est de partir \u00e0 l\u2019aventure et de faire tout ce qu\u2019il lui \u00e9tait inaccessible jusqu\u2019\u00e0 pr\u00e9sent.<\/p>\r\n<p>Ses jeux pr\u00e9f\u00e9r\u00e9s deviennent les cabanes, les tunnels, les porteurs, etc. Il devient de plus en plus curieux, son vocabulaire s\u2019agrandit et il adore d\u00e9couvrir de nouveaux mots. Il commence aussi \u00e0 faire des bisous, pour le plus grand bonheur des parents, et \u00e0 gribouiller des dessins. Vous pouvez faire l\u2019acquisition d\u2019un <a href=\"https:\/\/www.lechoixdesbebes.com\/fr\/43-chaise-enfant-table-enfant\" target=\"_blank\" rel=\"noopener noreferrer\">fauteuil pour enfant<\/a>, dans lequel il pourra s\u2019asseoir comme les grands et feuilleter ses premiers livres. Bref, de belles aventures en perspective.<\/p>\r\n<h2>\u00a0<strong>Fabriquer soi-m\u00eame des jeux Montessori pour \u00e9veiller b\u00e9b\u00e9<\/strong><\/h2>\r\n<p>Maintenant que vous avez toutes les cl\u00e9s pour savoir comment \u00e9veiller b\u00e9b\u00e9, de sa naissance jusqu\u2019\u00e0 ce qu\u2019il soit suffisamment grand et fort pour marcher et continuer sa d\u00e9couverte du monde tout seul (avec maman et papa pas loin bien s\u00fbr !).<\/p>\r\n<p>Que d\u00eetes-vous de concevoir les futurs jouets de votre enfant ? Sur le site <a href=\"https:\/\/www.marieclaire.fr\/idees\/des-diy-montessori-pour-eveiller-les-sens-des-bebes-de-moins-d-un-an,1336073.asp\" target=\"_blank\" rel=\"noopener noreferrer\">marieclaire.fr, d\u00e9couvrez un excellent article qui vous propose des DIY inspir\u00e9 de la m\u00e9thode Montessori.<\/a> Cousez des cubes d\u2019activit\u00e9s, un set de table pour apprendre \u00e0 b\u00e9b\u00e9 comment mettre la table, fabriquez un sac sensoriel, r\u00e9alisez un outil pour faire de la peinture propre ou encore, fabriquez des hochets pour b\u00e9b\u00e9.<\/p>\r\n<p>&nbsp;<\/p>\r\n<p>B\u00e9b\u00e9 peut maintenant \u00e9veiller tous ses sens et peut m\u00eame le faire avec des jouets fabriqu\u00e9s \u00e0 la main. Il est temps pour votre enfant d\u2019aller s\u2019amuser \u00e0 d\u00e9couvrir et d\u00e9velopper ces nouvelles sensations. <strong>Joyeuse exploration !<\/strong><\/p>\r\n<p><\/p>\r\n<\/div>","protected":false},"excerpt":{"rendered":"<span class=\"rt-reading-time\" style=\"display: block;\"><span class=\"rt-label rt-prefix\">Temps de lecture\u00a0: <\/span> <span class=\"rt-time\">5<\/span> <span class=\"rt-label rt-postfix\">minutes<\/span><\/span> Durant la premi\u00e8re ann\u00e9e, b\u00e9b\u00e9 d\u00e9veloppe ces sens, c\u2019est la p\u00e9riode id\u00e9ale pour l\u2019\u00e9veiller au monde. On peut se demander quels jeux vont pouvoir attiser suffisamment la curiosit\u00e9 de b\u00e9b\u00e9 ? Ou encore, comment bien communiquer avec son enfant alors que celui-ci n\u2019a pas encore l\u2019usage de la parole ? Le Choix des B\u00e9b\u00e9s vous&#8230; <a class=\"view-article\" href=\"https:\/\/www.lechoixdesbebes.com\/blog\/comment-eveiller-bebe-durant-ses-premiers-mois\/\">View Article<\/a>","protected":false},"author":2,"featured_media":1554,"comment_status":"open","ping_status":"open","sticky":false,"template":"","format":"standard","meta":{"footnotes":""},"categories":[2],"tags":[17,13,11,15,16,18,14],"class_list":["post-39","post","type-post","status-publish","format-standard","has-post-thumbnail","hentry","category-actualites","tag-aventure","tag-doudou","tag-eveil","tag-jeu","tag-marcher","tag-occuper","tag-premier-mois"],"yoast_head":"<!-- This site is optimized with the Yoast SEO plugin v23.5 - https:\/\/yoast.com\/wordpress\/plugins\/seo\/ -->\n<title>Comment \u00e9veiller b\u00e9b\u00e9 durant ses premiers mois ?<\/title>\n<meta name=\"description\" content=\"Retrouvez nos conseils pour vous aider \u00e0 \u00e9veiller b\u00e9b\u00e9 durant ses premiers mois. B\u00e9b\u00e9 n&#039;attend que de jouer et d\u00e9couvrir le monde.\" \/>\n<meta name=\"robots\" content=\"index, follow, max-snippet:-1, max-image-preview:large, max-video-preview:-1\" \/>\n<link rel=\"canonical\" href=\"https:\/\/www.lechoixdesbebes.com\/blog\/comment-eveiller-bebe-durant-ses-premiers-mois\/\" \/>\n<meta property=\"og:locale\" content=\"fr_FR\" \/>\n<meta property=\"og:type\" content=\"article\" \/>\n<meta property=\"og:title\" content=\"Comment \u00e9veiller b\u00e9b\u00e9 durant ses premiers mois ?\" \/>\n<meta property=\"og:description\" content=\"Retrouvez nos conseils pour vous aider \u00e0 \u00e9veiller b\u00e9b\u00e9 durant ses premiers mois. B\u00e9b\u00e9 n&#039;attend que de jouer et d\u00e9couvrir le monde.\" \/>\n<meta property=\"og:url\" content=\"https:\/\/www.lechoixdesbebes.com\/blog\/comment-eveiller-bebe-durant-ses-premiers-mois\/\" \/>\n<meta property=\"og:site_name\" content=\"Actualit\u00e9 de la Pu\u00e9riculture : Blog le Choix des B\u00e9b\u00e9s\" \/>\n<meta property=\"article:publisher\" content=\"https:\/\/www.facebook.com\/Lechoixdesbebes\" \/>\n<meta property=\"article:published_time\" content=\"2021-01-22T16:06:47+00:00\" \/>\n<meta property=\"article:modified_time\" content=\"2023-04-14T12:43:59+00:00\" \/>\n<meta property=\"og:image\" content=\"https:\/\/www.lechoixdesbebes.com\/blog\/wp-content\/uploads\/2021\/01\/Habiller-bebe-automne-3.jpg\" \/>\n\t<meta property=\"og:image:width\" content=\"2240\" \/>\n\t<meta property=\"og:image:height\" content=\"1260\" \/>\n\t<meta property=\"og:image:type\" content=\"image\/jpeg\" \/>\n<meta name=\"author\" content=\"Le Choix Des B\u00e9b\u00e9s\" \/>\n<meta name=\"twitter:card\" content=\"summary_large_image\" \/>\n<meta name=\"twitter:label1\" content=\"\u00c9crit par\" \/>\n\t<meta name=\"twitter:data1\" content=\"Le Choix Des B\u00e9b\u00e9s\" \/>\n\t<meta name=\"twitter:label2\" content=\"Dur\u00e9e de lecture estim\u00e9e\" \/>\n\t<meta name=\"twitter:data2\" content=\"6 minutes\" \/>\n<script type=\"application\/ld+json\" class=\"yoast-schema-graph\">{\"@context\":\"https:\/\/schema.org\",\"@graph\":[{\"@type\":\"Article\",\"@id\":\"https:\/\/www.lechoixdesbebes.com\/blog\/comment-eveiller-bebe-durant-ses-premiers-mois\/#article\",\"isPartOf\":{\"@id\":\"https:\/\/www.lechoixdesbebes.com\/blog\/comment-eveiller-bebe-durant-ses-premiers-mois\/\"},\"author\":{\"name\":\"Le Choix Des B\u00e9b\u00e9s\",\"@id\":\"https:\/\/www.lechoixdesbebes.com\/blog\/#\/schema\/person\/296076ecd4371ded7a75a238703a0ad1\"},\"headline\":\"Comment \u00e9veiller b\u00e9b\u00e9 durant ses premiers mois ?\",\"datePublished\":\"2021-01-22T16:06:47+00:00\",\"dateModified\":\"2023-04-14T12:43:59+00:00\",\"mainEntityOfPage\":{\"@id\":\"https:\/\/www.lechoixdesbebes.com\/blog\/comment-eveiller-bebe-durant-ses-premiers-mois\/\"},\"wordCount\":1110,\"commentCount\":0,\"publisher\":{\"@id\":\"https:\/\/www.lechoixdesbebes.com\/blog\/#organization\"},\"image\":{\"@id\":\"https:\/\/www.lechoixdesbebes.com\/blog\/comment-eveiller-bebe-durant-ses-premiers-mois\/#primaryimage\"},\"thumbnailUrl\":\"https:\/\/www.lechoixdesbebes.com\/blog\/wp-content\/uploads\/2021\/01\/Habiller-bebe-automne-3.jpg\",\"keywords\":[\"aventure\",\"doudou\",\"\u00e9veil\",\"jeu\",\"marcher\",\"occuper\",\"premier mois\"],\"articleSection\":[\"Actualit\u00e9s\"],\"inLanguage\":\"fr-FR\",\"potentialAction\":[{\"@type\":\"CommentAction\",\"name\":\"Comment\",\"target\":[\"https:\/\/www.lechoixdesbebes.com\/blog\/comment-eveiller-bebe-durant-ses-premiers-mois\/#respond\"]}]},{\"@type\":\"WebPage\",\"@id\":\"https:\/\/www.lechoixdesbebes.com\/blog\/comment-eveiller-bebe-durant-ses-premiers-mois\/\",\"url\":\"https:\/\/www.lechoixdesbebes.com\/blog\/comment-eveiller-bebe-durant-ses-premiers-mois\/\",\"name\":\"Comment \u00e9veiller b\u00e9b\u00e9 durant ses premiers mois ?\",\"isPartOf\":{\"@id\":\"https:\/\/www.lechoixdesbebes.com\/blog\/#website\"},\"primaryImageOfPage\":{\"@id\":\"https:\/\/www.lechoixdesbebes.com\/blog\/comment-eveiller-bebe-durant-ses-premiers-mois\/#primaryimage\"},\"image\":{\"@id\":\"https:\/\/www.lechoixdesbebes.com\/blog\/comment-eveiller-bebe-durant-ses-premiers-mois\/#primaryimage\"},\"thumbnailUrl\":\"https:\/\/www.lechoixdesbebes.com\/blog\/wp-content\/uploads\/2021\/01\/Habiller-bebe-automne-3.jpg\",\"datePublished\":\"2021-01-22T16:06:47+00:00\",\"dateModified\":\"2023-04-14T12:43:59+00:00\",\"description\":\"Retrouvez nos conseils pour vous aider \u00e0 \u00e9veiller b\u00e9b\u00e9 durant ses premiers mois. B\u00e9b\u00e9 n'attend que de jouer et d\u00e9couvrir le monde.\",\"breadcrumb\":{\"@id\":\"https:\/\/www.lechoixdesbebes.com\/blog\/comment-eveiller-bebe-durant-ses-premiers-mois\/#breadcrumb\"},\"inLanguage\":\"fr-FR\",\"potentialAction\":[{\"@type\":\"ReadAction\",\"target\":[\"https:\/\/www.lechoixdesbebes.com\/blog\/comment-eveiller-bebe-durant-ses-premiers-mois\/\"]}]},{\"@type\":\"ImageObject\",\"inLanguage\":\"fr-FR\",\"@id\":\"https:\/\/www.lechoixdesbebes.com\/blog\/comment-eveiller-bebe-durant-ses-premiers-mois\/#primaryimage\",\"url\":\"https:\/\/www.lechoixdesbebes.com\/blog\/wp-content\/uploads\/2021\/01\/Habiller-bebe-automne-3.jpg\",\"contentUrl\":\"https:\/\/www.lechoixdesbebes.com\/blog\/wp-content\/uploads\/2021\/01\/Habiller-bebe-automne-3.jpg\",\"width\":2240,\"height\":1260,\"caption\":\"Comment \u00e9veiller b\u00e9b\u00e9 durant ses premiers mois ?\"},{\"@type\":\"BreadcrumbList\",\"@id\":\"https:\/\/www.lechoixdesbebes.com\/blog\/comment-eveiller-bebe-durant-ses-premiers-mois\/#breadcrumb\",\"itemListElement\":[{\"@type\":\"ListItem\",\"position\":1,\"name\":\"Accueil\",\"item\":\"https:\/\/www.lechoixdesbebes.com\/blog\/\"},{\"@type\":\"ListItem\",\"position\":2,\"name\":\"Comment \u00e9veiller b\u00e9b\u00e9 durant ses premiers mois ?\"}]},{\"@type\":\"WebSite\",\"@id\":\"https:\/\/www.lechoixdesbebes.com\/blog\/#website\",\"url\":\"https:\/\/www.lechoixdesbebes.com\/blog\/\",\"name\":\"Actualit\u00e9 de la Pu\u00e9riculture : Blog le Choix des B\u00e9b\u00e9s\",\"description\":\"Suivez nos conseils bien-\u00eatre pour un b\u00e9b\u00e9 heureux et des parents \u00e9panouis. Le Choix des b\u00e9b\u00e9s : sp\u00e9cialiste de la pu\u00e9riculture\",\"publisher\":{\"@id\":\"https:\/\/www.lechoixdesbebes.com\/blog\/#organization\"},\"potentialAction\":[{\"@type\":\"SearchAction\",\"target\":{\"@type\":\"EntryPoint\",\"urlTemplate\":\"https:\/\/www.lechoixdesbebes.com\/blog\/?s={search_term_string}\"},\"query-input\":{\"@type\":\"PropertyValueSpecification\",\"valueRequired\":true,\"valueName\":\"search_term_string\"}}],\"inLanguage\":\"fr-FR\"},{\"@type\":\"Organization\",\"@id\":\"https:\/\/www.lechoixdesbebes.com\/blog\/#organization\",\"name\":\"Le Choix Des B\u00e9b\u00e9s\",\"url\":\"https:\/\/www.lechoixdesbebes.com\/blog\/\",\"logo\":{\"@type\":\"ImageObject\",\"inLanguage\":\"fr-FR\",\"@id\":\"https:\/\/www.lechoixdesbebes.com\/blog\/#\/schema\/logo\/image\/\",\"url\":\"https:\/\/www.lechoixdesbebes.com\/blog\/wp-content\/uploads\/2021\/06\/Logo-MyShop-Cdiscount.jpg\",\"contentUrl\":\"https:\/\/www.lechoixdesbebes.com\/blog\/wp-content\/uploads\/2021\/06\/Logo-MyShop-Cdiscount.jpg\",\"width\":350,\"height\":80,\"caption\":\"Le Choix Des B\u00e9b\u00e9s\"},\"image\":{\"@id\":\"https:\/\/www.lechoixdesbebes.com\/blog\/#\/schema\/logo\/image\/\"},\"sameAs\":[\"https:\/\/www.facebook.com\/Lechoixdesbebes\"]},{\"@type\":\"Person\",\"@id\":\"https:\/\/www.lechoixdesbebes.com\/blog\/#\/schema\/person\/296076ecd4371ded7a75a238703a0ad1\",\"name\":\"Le Choix Des B\u00e9b\u00e9s\"}]}<\/script>\n<!-- \/ Yoast SEO plugin. -->","yoast_head_json":{"title":"Comment \u00e9veiller b\u00e9b\u00e9 durant ses premiers mois ?","description":"Retrouvez nos conseils pour vous aider \u00e0 \u00e9veiller b\u00e9b\u00e9 durant ses premiers mois. B\u00e9b\u00e9 n'attend que de jouer et d\u00e9couvrir le monde.","robots":{"index":"index","follow":"follow","max-snippet":"max-snippet:-1","max-image-preview":"max-image-preview:large","max-video-preview":"max-video-preview:-1"},"canonical":"https:\/\/www.lechoixdesbebes.com\/blog\/comment-eveiller-bebe-durant-ses-premiers-mois\/","og_locale":"fr_FR","og_type":"article","og_title":"Comment \u00e9veiller b\u00e9b\u00e9 durant ses premiers mois ?","og_description":"Retrouvez nos conseils pour vous aider \u00e0 \u00e9veiller b\u00e9b\u00e9 durant ses premiers mois. B\u00e9b\u00e9 n'attend que de jouer et d\u00e9couvrir le monde.","og_url":"https:\/\/www.lechoixdesbebes.com\/blog\/comment-eveiller-bebe-durant-ses-premiers-mois\/","og_site_name":"Actualit\u00e9 de la Pu\u00e9riculture : Blog le Choix des B\u00e9b\u00e9s","article_publisher":"https:\/\/www.facebook.com\/Lechoixdesbebes","article_published_time":"2021-01-22T16:06:47+00:00","article_modified_time":"2023-04-14T12:43:59+00:00","og_image":[{"width":2240,"height":1260,"url":"https:\/\/www.lechoixdesbebes.com\/blog\/wp-content\/uploads\/2021\/01\/Habiller-bebe-automne-3.jpg","type":"image\/jpeg"}],"author":"Le Choix Des B\u00e9b\u00e9s","twitter_card":"summary_large_image","twitter_misc":{"\u00c9crit par":"Le Choix Des B\u00e9b\u00e9s","Dur\u00e9e de lecture estim\u00e9e":"6 minutes"},"schema":{"@context":"https:\/\/schema.org","@graph":[{"@type":"Article","@id":"https:\/\/www.lechoixdesbebes.com\/blog\/comment-eveiller-bebe-durant-ses-premiers-mois\/#article","isPartOf":{"@id":"https:\/\/www.lechoixdesbebes.com\/blog\/comment-eveiller-bebe-durant-ses-premiers-mois\/"},"author":{"name":"Le Choix Des B\u00e9b\u00e9s","@id":"https:\/\/www.lechoixdesbebes.com\/blog\/#\/schema\/person\/296076ecd4371ded7a75a238703a0ad1"},"headline":"Comment \u00e9veiller b\u00e9b\u00e9 durant ses premiers mois ?","datePublished":"2021-01-22T16:06:47+00:00","dateModified":"2023-04-14T12:43:59+00:00","mainEntityOfPage":{"@id":"https:\/\/www.lechoixdesbebes.com\/blog\/comment-eveiller-bebe-durant-ses-premiers-mois\/"},"wordCount":1110,"commentCount":0,"publisher":{"@id":"https:\/\/www.lechoixdesbebes.com\/blog\/#organization"},"image":{"@id":"https:\/\/www.lechoixdesbebes.com\/blog\/comment-eveiller-bebe-durant-ses-premiers-mois\/#primaryimage"},"thumbnailUrl":"https:\/\/www.lechoixdesbebes.com\/blog\/wp-content\/uploads\/2021\/01\/Habiller-bebe-automne-3.jpg","keywords":["aventure","doudou","\u00e9veil","jeu","marcher","occuper","premier mois"],"articleSection":["Actualit\u00e9s"],"inLanguage":"fr-FR","potentialAction":[{"@type":"CommentAction","name":"Comment","target":["https:\/\/www.lechoixdesbebes.com\/blog\/comment-eveiller-bebe-durant-ses-premiers-mois\/#respond"]}]},{"@type":"WebPage","@id":"https:\/\/www.lechoixdesbebes.com\/blog\/comment-eveiller-bebe-durant-ses-premiers-mois\/","url":"https:\/\/www.lechoixdesbebes.com\/blog\/comment-eveiller-bebe-durant-ses-premiers-mois\/","name":"Comment \u00e9veiller b\u00e9b\u00e9 durant ses premiers mois ?","isPartOf":{"@id":"https:\/\/www.lechoixdesbebes.com\/blog\/#website"},"primaryImageOfPage":{"@id":"https:\/\/www.lechoixdesbebes.com\/blog\/comment-eveiller-bebe-durant-ses-premiers-mois\/#primaryimage"},"image":{"@id":"https:\/\/www.lechoixdesbebes.com\/blog\/comment-eveiller-bebe-durant-ses-premiers-mois\/#primaryimage"},"thumbnailUrl":"https:\/\/www.lechoixdesbebes.com\/blog\/wp-content\/uploads\/2021\/01\/Habiller-bebe-automne-3.jpg","datePublished":"2021-01-22T16:06:47+00:00","dateModified":"2023-04-14T12:43:59+00:00","description":"Retrouvez nos conseils pour vous aider \u00e0 \u00e9veiller b\u00e9b\u00e9 durant ses premiers mois. B\u00e9b\u00e9 n'attend que de jouer et d\u00e9couvrir le monde.","breadcrumb":{"@id":"https:\/\/www.lechoixdesbebes.com\/blog\/comment-eveiller-bebe-durant-ses-premiers-mois\/#breadcrumb"},"inLanguage":"fr-FR","potentialAction":[{"@type":"ReadAction","target":["https:\/\/www.lechoixdesbebes.com\/blog\/comment-eveiller-bebe-durant-ses-premiers-mois\/"]}]},{"@type":"ImageObject","inLanguage":"fr-FR","@id":"https:\/\/www.lechoixdesbebes.com\/blog\/comment-eveiller-bebe-durant-ses-premiers-mois\/#primaryimage","url":"https:\/\/www.lechoixdesbebes.com\/blog\/wp-content\/uploads\/2021\/01\/Habiller-bebe-automne-3.jpg","contentUrl":"https:\/\/www.lechoixdesbebes.com\/blog\/wp-content\/uploads\/2021\/01\/Habiller-bebe-automne-3.jpg","width":2240,"height":1260,"caption":"Comment \u00e9veiller b\u00e9b\u00e9 durant ses premiers mois ?"},{"@type":"BreadcrumbList","@id":"https:\/\/www.lechoixdesbebes.com\/blog\/comment-eveiller-bebe-durant-ses-premiers-mois\/#breadcrumb","itemListElement":[{"@type":"ListItem","position":1,"name":"Accueil","item":"https:\/\/www.lechoixdesbebes.com\/blog\/"},{"@type":"ListItem","position":2,"name":"Comment \u00e9veiller b\u00e9b\u00e9 durant ses premiers mois ?"}]},{"@type":"WebSite","@id":"https:\/\/www.lechoixdesbebes.com\/blog\/#website","url":"https:\/\/www.lechoixdesbebes.com\/blog\/","name":"Actualit\u00e9 de la Pu\u00e9riculture : Blog le Choix des B\u00e9b\u00e9s","description":"Suivez nos conseils bien-\u00eatre pour un b\u00e9b\u00e9 heureux et des parents \u00e9panouis. Le Choix des b\u00e9b\u00e9s : sp\u00e9cialiste de la pu\u00e9riculture","publisher":{"@id":"https:\/\/www.lechoixdesbebes.com\/blog\/#organization"},"potentialAction":[{"@type":"SearchAction","target":{"@type":"EntryPoint","urlTemplate":"https:\/\/www.lechoixdesbebes.com\/blog\/?s={search_term_string}"},"query-input":{"@type":"PropertyValueSpecification","valueRequired":true,"valueName":"search_term_string"}}],"inLanguage":"fr-FR"},{"@type":"Organization","@id":"https:\/\/www.lechoixdesbebes.com\/blog\/#organization","name":"Le Choix Des B\u00e9b\u00e9s","url":"https:\/\/www.lechoixdesbebes.com\/blog\/","logo":{"@type":"ImageObject","inLanguage":"fr-FR","@id":"https:\/\/www.lechoixdesbebes.com\/blog\/#\/schema\/logo\/image\/","url":"https:\/\/www.lechoixdesbebes.com\/blog\/wp-content\/uploads\/2021\/06\/Logo-MyShop-Cdiscount.jpg","contentUrl":"https:\/\/www.lechoixdesbebes.com\/blog\/wp-content\/uploads\/2021\/06\/Logo-MyShop-Cdiscount.jpg","width":350,"height":80,"caption":"Le Choix Des B\u00e9b\u00e9s"},"image":{"@id":"https:\/\/www.lechoixdesbebes.com\/blog\/#\/schema\/logo\/image\/"},"sameAs":["https:\/\/www.facebook.com\/Lechoixdesbebes"]},{"@type":"Person","@id":"https:\/\/www.lechoixdesbebes.com\/blog\/#\/schema\/person\/296076ecd4371ded7a75a238703a0ad1","name":"Le Choix Des B\u00e9b\u00e9s"}]}},"_links":{"self":[{"href":"https:\/\/www.lechoixdesbebes.com\/blog\/wp-json\/wp\/v2\/posts\/39"}],"collection":[{"href":"https:\/\/www.lechoixdesbebes.com\/blog\/wp-json\/wp\/v2\/posts"}],"about":[{"href":"https:\/\/www.lechoixdesbebes.com\/blog\/wp-json\/wp\/v2\/types\/post"}],"author":[{"embeddable":true,"href":"https:\/\/www.lechoixdesbebes.com\/blog\/wp-json\/wp\/v2\/users\/2"}],"replies":[{"embeddable":true,"href":"https:\/\/www.lechoixdesbebes.com\/blog\/wp-json\/wp\/v2\/comments?post=39"}],"version-history":[{"count":46,"href":"https:\/\/www.lechoixdesbebes.com\/blog\/wp-json\/wp\/v2\/posts\/39\/revisions"}],"predecessor-version":[{"id":1517,"href":"https:\/\/www.lechoixdesbebes.com\/blog\/wp-json\/wp\/v2\/posts\/39\/revisions\/1517"}],"wp:featuredmedia":[{"embeddable":true,"href":"https:\/\/www.lechoixdesbebes.com\/blog\/wp-json\/wp\/v2\/media\/1554"}],"wp:attachment":[{"href":"https:\/\/www.lechoixdesbebes.com\/blog\/wp-json\/wp\/v2\/media?parent=39"}],"wp:term":[{"taxonomy":"category","embeddable":true,"href":"https:\/\/www.lechoixdesbebes.com\/blog\/wp-json\/wp\/v2\/categories?post=39"},{"taxonomy":"post_tag","embeddable":true,"href":"https:\/\/www.lechoixdesbebes.com\/blog\/wp-json\/wp\/v2\/tags?post=39"}],"curies":[{"name":"wp","href":"https:\/\/api.w.org\/{rel}","templated":true}]}}