{"id":684,"date":"2021-06-09T16:34:08","date_gmt":"2021-06-09T14:34:08","guid":{"rendered":"https:\/\/www.lechoixdesbebes.com\/blog\/?p=684"},"modified":"2023-04-14T15:02:11","modified_gmt":"2023-04-14T13:02:11","slug":"premiere-echographie-comment-ca-se-passe","status":"publish","type":"post","link":"https:\/\/www.lechoixdesbebes.com\/blog\/premiere-echographie-comment-ca-se-passe\/","title":{"rendered":"Premi\u00e8re \u00e9chographie : comment \u00e7a se passe ?"},"content":{"rendered":"<span class=\"rt-reading-time\" style=\"display: block;\"><span class=\"rt-label rt-prefix\">Temps de lecture\u00a0: <\/span> <span class=\"rt-time\">4<\/span> <span class=\"rt-label rt-postfix\">minutes<\/span><\/span><div class=\"wp-block-group\">\r\n<div class=\"wp-block-group__inner-container\">\r\n<div class=\"wp-block-columns is-layout-flex wp-container-core-columns-is-layout-1 wp-block-columns-is-layout-flex\">\r\n<div class=\"wp-block-column is-layout-flow wp-block-column-is-layout-flow\" style=\"flex-basis: 100%;\">\r\n<div style=\"text-align: justify;\">La premi\u00e8re \u00e9chographie est un \u00e9v\u00e9nement tr\u00e8s important rempli d\u2019\u00e9motion, c\u2019est \u00e0 ce moment que l\u2019on va voir b\u00e9b\u00e9 pour la toute premi\u00e8re fois. En plus d\u2019\u00eatre un instant m\u00e9morable, vous apprenez plusieurs informations d\u00e9terminantes sur le d\u00e9veloppement de votre grossesse et sur la sant\u00e9 de votre enfant. Quand et comment se d\u00e9roule-t-elle ? Qu\u2019est-ce qu\u2019elle nous apprend ? On r\u00e9pond \u00e0 vos questions.<\/div>\r\n<div class=\"wp-block-column\" style=\"flex-basis: 100%;\">\u00a0\r\n<h2><strong>Quand se d\u00e9roule la premi\u00e8re \u00e9chographie\u00a0?<\/strong><\/h2>\r\n<div style=\"text-align: justify;\">\r\n<p>L\u2019\u00e9chographie du premier trimestre est recommand\u00e9e <strong>entre la 11<sup>e<\/sup> et 13<sup>e<\/sup> semaine d\u2019am\u00e9norrh\u00e9e<\/strong> (le nombre de semaines sans r\u00e8gles depuis le premier jour de votre derni\u00e8re menstruation). Elle peut se r\u00e9aliser dans de multiples endroits : les services des maternit\u00e9s et des h\u00f4pitaux, dans un cabinet de gyn\u00e9cologue-obst\u00e9tricien ou encore dans un cabinet de radiologie. On pr\u00e9conise ensuite deux autres \u00e9chographies, elle se d\u00e9roule respectivement <strong>entre la 22<sup>e<\/sup> et la 24<sup>e<\/sup> semaine d\u2019am\u00e9norrh\u00e9e<\/strong> puis <strong>entre la 31<sup>e<\/sup> et 33<sup>e<\/sup> semaine<\/strong>.<\/p>\r\n<p>L\u2019examen dure en moyenne une trentaine de minutes. Ne paniquez pas si le m\u00e9decin n\u2019est pas tr\u00e8s bavard pendant l\u2019\u00e9chographie, c\u2019est une op\u00e9ration qui n\u00e9cessite une grande concentration et de la vigilance.\u00a0 Une fois l&rsquo;examen termin\u00e9, vous pourrez poser toutes les questions que vous d\u00e9sirez.<\/p>\r\n<p>&nbsp;<\/p>\r\n<\/div>\r\n<div class=\"wp-block-column\" style=\"flex-basis: 100%;\">\r\n<h2><strong>Comment se passe la premi\u00e8re \u00e9chographie\u00a0?<\/strong><\/h2>\r\n<div style=\"text-align: justify;\">\r\n<p>Cette premi\u00e8re \u00e9chographie se pratique g\u00e9n\u00e9ralement par voie abdominale. On enduit votre ventre de futur maman d\u2019eau g\u00e9lifi\u00e9e afin d\u2019am\u00e9liorer la qualit\u00e9 de l\u2019image sur l\u2019\u00e9chographe puis, on pose et d\u00e9place la sonde sur ce ventre pour chercher le f\u0153tus. Tr\u00e8s rarement mais, s\u2019il est n\u00e9cessaire, on utilise la voie vaginale pour mieux voir votre futur b\u00e9b\u00e9.<\/p>\r\n<p>Cet examen est indolore pour vous et sans danger pour votre enfant. Nous vous conseillons de ne pas mettre de cr\u00e8me sur votre ventre le jour de l\u2019\u00e9chographie car, cela peut nuire \u00e0 la transmission des ultrasons.<\/p>\r\n<p>&nbsp;<\/p>\r\n<\/div>\r\n<\/div>\r\n<div class=\"wp-block-column\" style=\"flex-basis: 100%;\">\r\n<h2><strong>\u00c0 quoi sert une \u00e9chographie ?<\/strong><\/h2>\r\n<div style=\"text-align: justify;\">\r\n<p>L\u2019\u00e9chographie du premier trimestre est \u00e9galement appel\u00e9e l\u2019\u00e9chographie de datation, car l\u2019un de ces principaux objectifs est d\u2019<strong>\u00e9valuer l\u2019\u00e2ge gestationnel.<\/strong> La date de grossesse indiqu\u00e9e est alors plus pr\u00e9cise gr\u00e2ce \u00e0 cette proc\u00e9dure. Pour cela, le praticien mesure la longueur entre la t\u00eate et les fesses de l\u2019embryon. Cette proc\u00e9dure permet d\u2019estimer la date de d\u00e9but de grossesse \u00e0 3 ou 5 jours pr\u00e8s. Ainsi, la croissance de votre futur b\u00e9b\u00e9 est rigoureusement surveill\u00e9e et le risque de d\u00e9passer le terme est consid\u00e9rablement r\u00e9duit. C\u2019est aussi \u00e0 ce moment que l&rsquo;on v\u00e9rifi\u00e9<strong>\u00a0le nombre d\u2019embryons<\/strong> pour savoir combien d&rsquo;enfants vous attendez.<\/p>\r\n<p>Ensuite, l\u2019\u00e9chographiste va <strong>d\u00e9terminer la vitalit\u00e9 du f\u0153tus <\/strong>en observant son activit\u00e9, si ses mouvements sont nombreux, s\u2019il est mobile et si son activit\u00e9 cardiaque est stable.<\/p>\r\n<p>Enfin, le m\u00e9decin va <strong>examiner la morphologie de votre enfant et \u00e9tudier le risque d\u2019anomalie chromosomique<\/strong>. Il s\u2019assure que b\u00e9b\u00e9 ne pr\u00e9sente pas d\u2019anomalies gr\u00e2ce \u00e0 la mesure de clart\u00e9 nucale, c\u2019est-\u00e0-dire l\u2019\u00e9paisseur de la nuque du f\u0153tus.\u00a0 Il contr\u00f4le alors, la morphologie du cr\u00e2ne de b\u00e9b\u00e9, il v\u00e9rifie que son c\u0153ur est bien \u00e0 gauche, qu\u2019il a bien deux bras et deux jambes, etc.\u00a0 On apporte \u00e9galement une attention particuli\u00e8re au milieu dans lequel vit le b\u00e9b\u00e9 : la quantit\u00e9 de liquide amniotique, l\u2019\u00e9tude et la localisation du placenta.<\/p>\r\n\u00a0<\/div>\r\n<\/div>\r\n<div class=\"wp-block-column\" style=\"flex-basis: 100%;\">\r\n<h2><strong>La premi\u00e8re \u00e9chographie peut-elle d\u00e9terminer le sexe du b\u00e9b\u00e9\u00a0?<\/strong><\/h2>\r\n<div style=\"text-align: justify;\">\r\n<p>Pour conna\u00eetre le sexe du b\u00e9b\u00e9, il faudra s\u2019armer de patience. En effet, on ne peut jamais affirmer le sexe au premier trimestre ; il peut seulement \u00eatre d\u00e9termin\u00e9 approximativement et uniquement dans certaines conditions. B\u00e9b\u00e9 doit \u00eatre bien plac\u00e9 et le m\u00e9decin qui r\u00e9alise l\u2019examen doit \u00eatre tr\u00e8s exp\u00e9riment\u00e9. L\u2019orientation du petit tubercule g\u00e9nital peut \u00e9galement donner une id\u00e9e du sexe du b\u00e9b\u00e9 selon son orientation (verticale ou horizontale) mais, avec seulement une pr\u00e9cision estim\u00e9e \u00e0 environ 70%. La plupart des praticiens pr\u00e9f\u00e8rent attendre la deuxi\u00e8me \u00e9chographie.<\/p>\r\n<\/div>\r\n<\/div>\r\n\u00a0<center>\r\n<p><iframe loading=\"lazy\" title=\"1\u00e8re  \u00e9chographie de grossesse\u00a0ce qui vous attend en vid\u00e9o\" width=\"700\" height=\"394\" data-src=\"https:\/\/www.youtube.com\/embed\/TkeYfdqF3Pk?feature=oembed\" frameborder=\"0\" allow=\"accelerometer; autoplay; clipboard-write; encrypted-media; gyroscope; picture-in-picture; web-share\" allowfullscreen src=\"data:image\/gif;base64,R0lGODlhAQABAAAAACH5BAEKAAEALAAAAAABAAEAAAICTAEAOw==\" class=\"lazyload\" data-load-mode=\"1\"><\/iframe><\/p>\r\n<\/center>\r\n<div>\u00a0<\/div>\r\n<div class=\"wp-block-column\" style=\"flex-basis: 100%;\">\r\n<h2><strong>Combien co\u00fbte une \u00e9chographie ? <\/strong><\/h2>\r\n<div style=\"text-align: justify;\">Le co\u00fbt d\u2019une premi\u00e8re \u00e9chographie vous revient entre 48,35 et 150 euros. La s\u00e9curit\u00e9 sociale rembourse g\u00e9n\u00e9ralement 70% du tarif de convention, votre mutuelle prend le reste en charge. Mais la majorit\u00e9 des sp\u00e9cialistes affichent davantage des prix sup\u00e9rieurs, entre 50 et 150 euros (sauf pour l\u2019h\u00f4pital public). Peu de places sont disponibles, n\u2019h\u00e9sitez donc pas \u00e0 prendre un rendez-vous tr\u00e8s t\u00f4t. Cela vous permettra de conna\u00eetre les tarifs de l&rsquo;organisme et d&rsquo;\u00eatre inform\u00e9e de la prise en charge de la mutuelle.\r\n<div>\u00a0<\/div>\r\n<div class=\"wp-block-column\" style=\"flex-basis: 100%;\">En bref, rassurez-vous dor\u00e9navant ; vous connaissez le d\u00e9roulement d\u2019une premi\u00e8re \u00e9chographie et tous les \u00e9l\u00e9ments \u00e9tudi\u00e9s pendant ce moment charni\u00e8re. Ce sera aussi la premi\u00e8re \u00ab rencontre \u00bb avec votre b\u00e9b\u00e9, profitez de cette jolie d\u00e9couverte. Laissez-vous porter par les \u00e9motions qui pourront vous traverser, c\u2019est un beau moment.<\/div>\r\n<\/div>\r\n<div>\u00a0<\/div>\r\n<div class=\"wp-block-column\" style=\"flex-basis: 100%;\"><\/div>\r\n<!-- \/wp:column --><\/div>\r\n<!-- \/wp:columns --><\/div>\r\n<\/div>\r\n<\/div>\r\n<\/div>\r\n<\/div>","protected":false},"excerpt":{"rendered":"<span class=\"rt-reading-time\" style=\"display: block;\"><span class=\"rt-label rt-prefix\">Temps de lecture\u00a0: <\/span> <span class=\"rt-time\">4<\/span> <span class=\"rt-label rt-postfix\">minutes<\/span><\/span> La premi\u00e8re \u00e9chographie est un \u00e9v\u00e9nement tr\u00e8s important rempli d\u2019\u00e9motion, c\u2019est \u00e0 ce moment que l\u2019on va voir b\u00e9b\u00e9 pour la toute premi\u00e8re fois. En plus d\u2019\u00eatre un instant m\u00e9morable, vous apprenez plusieurs informations d\u00e9terminantes sur le d\u00e9veloppement de votre grossesse et sur la sant\u00e9 de votre enfant. Quand et comment se d\u00e9roule-t-elle ? Qu\u2019est-ce&#8230; <a class=\"view-article\" href=\"https:\/\/www.lechoixdesbebes.com\/blog\/premiere-echographie-comment-ca-se-passe\/\">View Article<\/a>","protected":false},"author":2,"featured_media":1560,"comment_status":"open","ping_status":"open","sticky":false,"template":"","format":"standard","meta":{"footnotes":""},"categories":[2],"tags":[],"class_list":["post-684","post","type-post","status-publish","format-standard","has-post-thumbnail","hentry","category-actualites"],"yoast_head":"<!-- This site is optimized with the Yoast SEO plugin v23.5 - https:\/\/yoast.com\/wordpress\/plugins\/seo\/ -->\n<title>Premi\u00e8re \u00e9chographie : comment \u00e7a se passe ?<\/title>\n<meta name=\"description\" content=\"La premi\u00e8re \u00e9chographie est un moment crucial durant une grossesse, comment elle se d\u00e9roule ? \u00c0 quoi sert-elle ? On r\u00e9pond \u00e0 vos questions.\" \/>\n<meta name=\"robots\" content=\"index, follow, max-snippet:-1, max-image-preview:large, max-video-preview:-1\" \/>\n<link rel=\"canonical\" href=\"https:\/\/www.lechoixdesbebes.com\/blog\/premiere-echographie-comment-ca-se-passe\/\" \/>\n<meta property=\"og:locale\" content=\"fr_FR\" \/>\n<meta property=\"og:type\" content=\"article\" \/>\n<meta property=\"og:title\" content=\"Premi\u00e8re \u00e9chographie : comment \u00e7a se passe ?\" \/>\n<meta property=\"og:description\" content=\"La premi\u00e8re \u00e9chographie est un moment crucial durant une grossesse, comment elle se d\u00e9roule ? \u00c0 quoi sert-elle ? On r\u00e9pond \u00e0 vos questions.\" \/>\n<meta property=\"og:url\" content=\"https:\/\/www.lechoixdesbebes.com\/blog\/premiere-echographie-comment-ca-se-passe\/\" \/>\n<meta property=\"og:site_name\" content=\"Actualit\u00e9 de la Pu\u00e9riculture : Blog le Choix des B\u00e9b\u00e9s\" \/>\n<meta property=\"article:publisher\" content=\"https:\/\/www.facebook.com\/Lechoixdesbebes\" \/>\n<meta property=\"article:published_time\" content=\"2021-06-09T14:34:08+00:00\" \/>\n<meta property=\"article:modified_time\" content=\"2023-04-14T13:02:11+00:00\" \/>\n<meta property=\"og:image\" content=\"https:\/\/www.lechoixdesbebes.com\/blog\/wp-content\/uploads\/2021\/06\/Habiller-bebe-automne-9.jpg\" \/>\n\t<meta property=\"og:image:width\" content=\"2240\" \/>\n\t<meta property=\"og:image:height\" content=\"1260\" \/>\n\t<meta property=\"og:image:type\" content=\"image\/jpeg\" \/>\n<meta name=\"author\" content=\"Le Choix Des B\u00e9b\u00e9s\" \/>\n<meta name=\"twitter:card\" content=\"summary_large_image\" \/>\n<meta name=\"twitter:label1\" content=\"\u00c9crit par\" \/>\n\t<meta name=\"twitter:data1\" content=\"Le Choix Des B\u00e9b\u00e9s\" \/>\n\t<meta name=\"twitter:label2\" content=\"Dur\u00e9e de lecture estim\u00e9e\" \/>\n\t<meta name=\"twitter:data2\" content=\"4 minutes\" \/>\n<script type=\"application\/ld+json\" class=\"yoast-schema-graph\">{\"@context\":\"https:\/\/schema.org\",\"@graph\":[{\"@type\":\"Article\",\"@id\":\"https:\/\/www.lechoixdesbebes.com\/blog\/premiere-echographie-comment-ca-se-passe\/#article\",\"isPartOf\":{\"@id\":\"https:\/\/www.lechoixdesbebes.com\/blog\/premiere-echographie-comment-ca-se-passe\/\"},\"author\":{\"name\":\"Le Choix Des B\u00e9b\u00e9s\",\"@id\":\"https:\/\/www.lechoixdesbebes.com\/blog\/#\/schema\/person\/296076ecd4371ded7a75a238703a0ad1\"},\"headline\":\"Premi\u00e8re \u00e9chographie : comment \u00e7a se passe ?\",\"datePublished\":\"2021-06-09T14:34:08+00:00\",\"dateModified\":\"2023-04-14T13:02:11+00:00\",\"mainEntityOfPage\":{\"@id\":\"https:\/\/www.lechoixdesbebes.com\/blog\/premiere-echographie-comment-ca-se-passe\/\"},\"wordCount\":906,\"commentCount\":1,\"publisher\":{\"@id\":\"https:\/\/www.lechoixdesbebes.com\/blog\/#organization\"},\"image\":{\"@id\":\"https:\/\/www.lechoixdesbebes.com\/blog\/premiere-echographie-comment-ca-se-passe\/#primaryimage\"},\"thumbnailUrl\":\"https:\/\/www.lechoixdesbebes.com\/blog\/wp-content\/uploads\/2021\/06\/Habiller-bebe-automne-9.jpg\",\"articleSection\":[\"Actualit\u00e9s\"],\"inLanguage\":\"fr-FR\",\"potentialAction\":[{\"@type\":\"CommentAction\",\"name\":\"Comment\",\"target\":[\"https:\/\/www.lechoixdesbebes.com\/blog\/premiere-echographie-comment-ca-se-passe\/#respond\"]}]},{\"@type\":\"WebPage\",\"@id\":\"https:\/\/www.lechoixdesbebes.com\/blog\/premiere-echographie-comment-ca-se-passe\/\",\"url\":\"https:\/\/www.lechoixdesbebes.com\/blog\/premiere-echographie-comment-ca-se-passe\/\",\"name\":\"Premi\u00e8re \u00e9chographie : comment \u00e7a se passe ?\",\"isPartOf\":{\"@id\":\"https:\/\/www.lechoixdesbebes.com\/blog\/#website\"},\"primaryImageOfPage\":{\"@id\":\"https:\/\/www.lechoixdesbebes.com\/blog\/premiere-echographie-comment-ca-se-passe\/#primaryimage\"},\"image\":{\"@id\":\"https:\/\/www.lechoixdesbebes.com\/blog\/premiere-echographie-comment-ca-se-passe\/#primaryimage\"},\"thumbnailUrl\":\"https:\/\/www.lechoixdesbebes.com\/blog\/wp-content\/uploads\/2021\/06\/Habiller-bebe-automne-9.jpg\",\"datePublished\":\"2021-06-09T14:34:08+00:00\",\"dateModified\":\"2023-04-14T13:02:11+00:00\",\"description\":\"La premi\u00e8re \u00e9chographie est un moment crucial durant une grossesse, comment elle se d\u00e9roule ? \u00c0 quoi sert-elle ? On r\u00e9pond \u00e0 vos questions.\",\"breadcrumb\":{\"@id\":\"https:\/\/www.lechoixdesbebes.com\/blog\/premiere-echographie-comment-ca-se-passe\/#breadcrumb\"},\"inLanguage\":\"fr-FR\",\"potentialAction\":[{\"@type\":\"ReadAction\",\"target\":[\"https:\/\/www.lechoixdesbebes.com\/blog\/premiere-echographie-comment-ca-se-passe\/\"]}]},{\"@type\":\"ImageObject\",\"inLanguage\":\"fr-FR\",\"@id\":\"https:\/\/www.lechoixdesbebes.com\/blog\/premiere-echographie-comment-ca-se-passe\/#primaryimage\",\"url\":\"https:\/\/www.lechoixdesbebes.com\/blog\/wp-content\/uploads\/2021\/06\/Habiller-bebe-automne-9.jpg\",\"contentUrl\":\"https:\/\/www.lechoixdesbebes.com\/blog\/wp-content\/uploads\/2021\/06\/Habiller-bebe-automne-9.jpg\",\"width\":2240,\"height\":1260,\"caption\":\"Premi\u00e8re \u00e9chographie : comment \u00e7a se passe ?\"},{\"@type\":\"BreadcrumbList\",\"@id\":\"https:\/\/www.lechoixdesbebes.com\/blog\/premiere-echographie-comment-ca-se-passe\/#breadcrumb\",\"itemListElement\":[{\"@type\":\"ListItem\",\"position\":1,\"name\":\"Accueil\",\"item\":\"https:\/\/www.lechoixdesbebes.com\/blog\/\"},{\"@type\":\"ListItem\",\"position\":2,\"name\":\"Premi\u00e8re \u00e9chographie : comment \u00e7a se passe ?\"}]},{\"@type\":\"WebSite\",\"@id\":\"https:\/\/www.lechoixdesbebes.com\/blog\/#website\",\"url\":\"https:\/\/www.lechoixdesbebes.com\/blog\/\",\"name\":\"Actualit\u00e9 de la Pu\u00e9riculture : Blog le Choix des B\u00e9b\u00e9s\",\"description\":\"Suivez nos conseils bien-\u00eatre pour un b\u00e9b\u00e9 heureux et des parents \u00e9panouis. Le Choix des b\u00e9b\u00e9s : sp\u00e9cialiste de la pu\u00e9riculture\",\"publisher\":{\"@id\":\"https:\/\/www.lechoixdesbebes.com\/blog\/#organization\"},\"potentialAction\":[{\"@type\":\"SearchAction\",\"target\":{\"@type\":\"EntryPoint\",\"urlTemplate\":\"https:\/\/www.lechoixdesbebes.com\/blog\/?s={search_term_string}\"},\"query-input\":{\"@type\":\"PropertyValueSpecification\",\"valueRequired\":true,\"valueName\":\"search_term_string\"}}],\"inLanguage\":\"fr-FR\"},{\"@type\":\"Organization\",\"@id\":\"https:\/\/www.lechoixdesbebes.com\/blog\/#organization\",\"name\":\"Le Choix Des B\u00e9b\u00e9s\",\"url\":\"https:\/\/www.lechoixdesbebes.com\/blog\/\",\"logo\":{\"@type\":\"ImageObject\",\"inLanguage\":\"fr-FR\",\"@id\":\"https:\/\/www.lechoixdesbebes.com\/blog\/#\/schema\/logo\/image\/\",\"url\":\"https:\/\/www.lechoixdesbebes.com\/blog\/wp-content\/uploads\/2021\/06\/Logo-MyShop-Cdiscount.jpg\",\"contentUrl\":\"https:\/\/www.lechoixdesbebes.com\/blog\/wp-content\/uploads\/2021\/06\/Logo-MyShop-Cdiscount.jpg\",\"width\":350,\"height\":80,\"caption\":\"Le Choix Des B\u00e9b\u00e9s\"},\"image\":{\"@id\":\"https:\/\/www.lechoixdesbebes.com\/blog\/#\/schema\/logo\/image\/\"},\"sameAs\":[\"https:\/\/www.facebook.com\/Lechoixdesbebes\"]},{\"@type\":\"Person\",\"@id\":\"https:\/\/www.lechoixdesbebes.com\/blog\/#\/schema\/person\/296076ecd4371ded7a75a238703a0ad1\",\"name\":\"Le Choix Des B\u00e9b\u00e9s\"}]}<\/script>\n<!-- \/ Yoast SEO plugin. -->","yoast_head_json":{"title":"Premi\u00e8re \u00e9chographie : comment \u00e7a se passe ?","description":"La premi\u00e8re \u00e9chographie est un moment crucial durant une grossesse, comment elle se d\u00e9roule ? \u00c0 quoi sert-elle ? On r\u00e9pond \u00e0 vos questions.","robots":{"index":"index","follow":"follow","max-snippet":"max-snippet:-1","max-image-preview":"max-image-preview:large","max-video-preview":"max-video-preview:-1"},"canonical":"https:\/\/www.lechoixdesbebes.com\/blog\/premiere-echographie-comment-ca-se-passe\/","og_locale":"fr_FR","og_type":"article","og_title":"Premi\u00e8re \u00e9chographie : comment \u00e7a se passe ?","og_description":"La premi\u00e8re \u00e9chographie est un moment crucial durant une grossesse, comment elle se d\u00e9roule ? \u00c0 quoi sert-elle ? On r\u00e9pond \u00e0 vos questions.","og_url":"https:\/\/www.lechoixdesbebes.com\/blog\/premiere-echographie-comment-ca-se-passe\/","og_site_name":"Actualit\u00e9 de la Pu\u00e9riculture : Blog le Choix des B\u00e9b\u00e9s","article_publisher":"https:\/\/www.facebook.com\/Lechoixdesbebes","article_published_time":"2021-06-09T14:34:08+00:00","article_modified_time":"2023-04-14T13:02:11+00:00","og_image":[{"width":2240,"height":1260,"url":"https:\/\/www.lechoixdesbebes.com\/blog\/wp-content\/uploads\/2021\/06\/Habiller-bebe-automne-9.jpg","type":"image\/jpeg"}],"author":"Le Choix Des B\u00e9b\u00e9s","twitter_card":"summary_large_image","twitter_misc":{"\u00c9crit par":"Le Choix Des B\u00e9b\u00e9s","Dur\u00e9e de lecture estim\u00e9e":"4 minutes"},"schema":{"@context":"https:\/\/schema.org","@graph":[{"@type":"Article","@id":"https:\/\/www.lechoixdesbebes.com\/blog\/premiere-echographie-comment-ca-se-passe\/#article","isPartOf":{"@id":"https:\/\/www.lechoixdesbebes.com\/blog\/premiere-echographie-comment-ca-se-passe\/"},"author":{"name":"Le Choix Des B\u00e9b\u00e9s","@id":"https:\/\/www.lechoixdesbebes.com\/blog\/#\/schema\/person\/296076ecd4371ded7a75a238703a0ad1"},"headline":"Premi\u00e8re \u00e9chographie : comment \u00e7a se passe ?","datePublished":"2021-06-09T14:34:08+00:00","dateModified":"2023-04-14T13:02:11+00:00","mainEntityOfPage":{"@id":"https:\/\/www.lechoixdesbebes.com\/blog\/premiere-echographie-comment-ca-se-passe\/"},"wordCount":906,"commentCount":1,"publisher":{"@id":"https:\/\/www.lechoixdesbebes.com\/blog\/#organization"},"image":{"@id":"https:\/\/www.lechoixdesbebes.com\/blog\/premiere-echographie-comment-ca-se-passe\/#primaryimage"},"thumbnailUrl":"https:\/\/www.lechoixdesbebes.com\/blog\/wp-content\/uploads\/2021\/06\/Habiller-bebe-automne-9.jpg","articleSection":["Actualit\u00e9s"],"inLanguage":"fr-FR","potentialAction":[{"@type":"CommentAction","name":"Comment","target":["https:\/\/www.lechoixdesbebes.com\/blog\/premiere-echographie-comment-ca-se-passe\/#respond"]}]},{"@type":"WebPage","@id":"https:\/\/www.lechoixdesbebes.com\/blog\/premiere-echographie-comment-ca-se-passe\/","url":"https:\/\/www.lechoixdesbebes.com\/blog\/premiere-echographie-comment-ca-se-passe\/","name":"Premi\u00e8re \u00e9chographie : comment \u00e7a se passe ?","isPartOf":{"@id":"https:\/\/www.lechoixdesbebes.com\/blog\/#website"},"primaryImageOfPage":{"@id":"https:\/\/www.lechoixdesbebes.com\/blog\/premiere-echographie-comment-ca-se-passe\/#primaryimage"},"image":{"@id":"https:\/\/www.lechoixdesbebes.com\/blog\/premiere-echographie-comment-ca-se-passe\/#primaryimage"},"thumbnailUrl":"https:\/\/www.lechoixdesbebes.com\/blog\/wp-content\/uploads\/2021\/06\/Habiller-bebe-automne-9.jpg","datePublished":"2021-06-09T14:34:08+00:00","dateModified":"2023-04-14T13:02:11+00:00","description":"La premi\u00e8re \u00e9chographie est un moment crucial durant une grossesse, comment elle se d\u00e9roule ? \u00c0 quoi sert-elle ? On r\u00e9pond \u00e0 vos questions.","breadcrumb":{"@id":"https:\/\/www.lechoixdesbebes.com\/blog\/premiere-echographie-comment-ca-se-passe\/#breadcrumb"},"inLanguage":"fr-FR","potentialAction":[{"@type":"ReadAction","target":["https:\/\/www.lechoixdesbebes.com\/blog\/premiere-echographie-comment-ca-se-passe\/"]}]},{"@type":"ImageObject","inLanguage":"fr-FR","@id":"https:\/\/www.lechoixdesbebes.com\/blog\/premiere-echographie-comment-ca-se-passe\/#primaryimage","url":"https:\/\/www.lechoixdesbebes.com\/blog\/wp-content\/uploads\/2021\/06\/Habiller-bebe-automne-9.jpg","contentUrl":"https:\/\/www.lechoixdesbebes.com\/blog\/wp-content\/uploads\/2021\/06\/Habiller-bebe-automne-9.jpg","width":2240,"height":1260,"caption":"Premi\u00e8re \u00e9chographie : comment \u00e7a se passe ?"},{"@type":"BreadcrumbList","@id":"https:\/\/www.lechoixdesbebes.com\/blog\/premiere-echographie-comment-ca-se-passe\/#breadcrumb","itemListElement":[{"@type":"ListItem","position":1,"name":"Accueil","item":"https:\/\/www.lechoixdesbebes.com\/blog\/"},{"@type":"ListItem","position":2,"name":"Premi\u00e8re \u00e9chographie : comment \u00e7a se passe ?"}]},{"@type":"WebSite","@id":"https:\/\/www.lechoixdesbebes.com\/blog\/#website","url":"https:\/\/www.lechoixdesbebes.com\/blog\/","name":"Actualit\u00e9 de la Pu\u00e9riculture : Blog le Choix des B\u00e9b\u00e9s","description":"Suivez nos conseils bien-\u00eatre pour un b\u00e9b\u00e9 heureux et des parents \u00e9panouis. Le Choix des b\u00e9b\u00e9s : sp\u00e9cialiste de la pu\u00e9riculture","publisher":{"@id":"https:\/\/www.lechoixdesbebes.com\/blog\/#organization"},"potentialAction":[{"@type":"SearchAction","target":{"@type":"EntryPoint","urlTemplate":"https:\/\/www.lechoixdesbebes.com\/blog\/?s={search_term_string}"},"query-input":{"@type":"PropertyValueSpecification","valueRequired":true,"valueName":"search_term_string"}}],"inLanguage":"fr-FR"},{"@type":"Organization","@id":"https:\/\/www.lechoixdesbebes.com\/blog\/#organization","name":"Le Choix Des B\u00e9b\u00e9s","url":"https:\/\/www.lechoixdesbebes.com\/blog\/","logo":{"@type":"ImageObject","inLanguage":"fr-FR","@id":"https:\/\/www.lechoixdesbebes.com\/blog\/#\/schema\/logo\/image\/","url":"https:\/\/www.lechoixdesbebes.com\/blog\/wp-content\/uploads\/2021\/06\/Logo-MyShop-Cdiscount.jpg","contentUrl":"https:\/\/www.lechoixdesbebes.com\/blog\/wp-content\/uploads\/2021\/06\/Logo-MyShop-Cdiscount.jpg","width":350,"height":80,"caption":"Le Choix Des B\u00e9b\u00e9s"},"image":{"@id":"https:\/\/www.lechoixdesbebes.com\/blog\/#\/schema\/logo\/image\/"},"sameAs":["https:\/\/www.facebook.com\/Lechoixdesbebes"]},{"@type":"Person","@id":"https:\/\/www.lechoixdesbebes.com\/blog\/#\/schema\/person\/296076ecd4371ded7a75a238703a0ad1","name":"Le Choix Des B\u00e9b\u00e9s"}]}},"_links":{"self":[{"href":"https:\/\/www.lechoixdesbebes.com\/blog\/wp-json\/wp\/v2\/posts\/684"}],"collection":[{"href":"https:\/\/www.lechoixdesbebes.com\/blog\/wp-json\/wp\/v2\/posts"}],"about":[{"href":"https:\/\/www.lechoixdesbebes.com\/blog\/wp-json\/wp\/v2\/types\/post"}],"author":[{"embeddable":true,"href":"https:\/\/www.lechoixdesbebes.com\/blog\/wp-json\/wp\/v2\/users\/2"}],"replies":[{"embeddable":true,"href":"https:\/\/www.lechoixdesbebes.com\/blog\/wp-json\/wp\/v2\/comments?post=684"}],"version-history":[{"count":18,"href":"https:\/\/www.lechoixdesbebes.com\/blog\/wp-json\/wp\/v2\/posts\/684\/revisions"}],"predecessor-version":[{"id":1561,"href":"https:\/\/www.lechoixdesbebes.com\/blog\/wp-json\/wp\/v2\/posts\/684\/revisions\/1561"}],"wp:featuredmedia":[{"embeddable":true,"href":"https:\/\/www.lechoixdesbebes.com\/blog\/wp-json\/wp\/v2\/media\/1560"}],"wp:attachment":[{"href":"https:\/\/www.lechoixdesbebes.com\/blog\/wp-json\/wp\/v2\/media?parent=684"}],"wp:term":[{"taxonomy":"category","embeddable":true,"href":"https:\/\/www.lechoixdesbebes.com\/blog\/wp-json\/wp\/v2\/categories?post=684"},{"taxonomy":"post_tag","embeddable":true,"href":"https:\/\/www.lechoixdesbebes.com\/blog\/wp-json\/wp\/v2\/tags?post=684"}],"curies":[{"name":"wp","href":"https:\/\/api.w.org\/{rel}","templated":true}]}}