{"id":8,"date":"2020-10-14T16:04:34","date_gmt":"2020-10-14T14:04:34","guid":{"rendered":"http:\/\/www.lechoixdesbebes.com\/blog\/?p=8"},"modified":"2023-04-14T14:41:39","modified_gmt":"2023-04-14T12:41:39","slug":"comment-bien-choisir-le-matelas-de-bebe","status":"publish","type":"post","link":"https:\/\/www.lechoixdesbebes.com\/blog\/comment-bien-choisir-le-matelas-de-bebe\/","title":{"rendered":"Comment bien choisir le matelas de b\u00e9b\u00e9 ?"},"content":{"rendered":"<span class=\"rt-reading-time\" style=\"display: block;\"><span class=\"rt-label rt-prefix\">Temps de lecture\u00a0: <\/span> <span class=\"rt-time\">6<\/span> <span class=\"rt-label rt-postfix\">minutes<\/span><\/span>\r\n<p>Rien n\u2019est plus important pour b\u00e9b\u00e9 que de disposer d\u2019un bon matelas pour son sommeil. Jusqu&rsquo;\u00e0 l\u2019\u00e2ge d&rsquo;un an, b\u00e9b\u00e9 dort en moyenne 17 heures par jour !<\/p>\r\n<p>Le choix du matelas est primordial et doit \u00eatre adapt\u00e9 \u00e0 la morphologie de b\u00e9b\u00e9. Ainsi diff\u00e9rents points sont \u00e0 prendre en compte lors du choix du matelas pour b\u00e9b\u00e9. Le confort, la taille, les mati\u00e8res qui le composent et les capacit\u00e9s ou les bienfaits que celles-ci proposent.<\/p>\r\n<h2>Dimensions matelas b\u00e9b\u00e9<\/h2>\r\n<p>Le matelas b\u00e9b\u00e9 doit avant tout correspondre exactement aux dimensions du lit. Il ne faut pas d\u2019espace entre les barreaux et le matelas, et ce, pour des mesures de s\u00e9curit\u00e9. Il existe deux tailles standards de matelas pour b\u00e9b\u00e9 : le <a href=\"https:\/\/www.lechoixdesbebes.com\/fr\/21-matelas-bebe#\/categories-matelas_bebe_60x120cm\" target=\"_blank\" rel=\"noopener noreferrer\">60 cm x 120 cm<\/a> ou le <a href=\"https:\/\/www.lechoixdesbebes.com\/fr\/21-matelas-bebe#\/categories-matelas_bebe_70x140cm\" target=\"_blank\" rel=\"noopener noreferrer\">70 cm x 140 cm<\/a>.<\/p>\r\n<p>Il est conseill\u00e9 d&rsquo;avoir un matelas pour un lit de jeune enfant. Les dimensions recommand\u00e9es sont 90 cm x 190 cm ou 90 cm x 200 cm. Enfin, il est pr\u00e9f\u00e9rable d\u2019avoir au minimum entre 8 cm et 12 cm d\u2019\u00e9paisseur. D\u00e9sormais, vous n&rsquo;avez plus qu&rsquo;\u00e0 choisir la taille du matelas selon les dimensions de votre lit ainsi que des besoins de b\u00e9b\u00e9.<\/p>\r\n<p>&nbsp;<\/p>\r\n<h2>Densit\u00e9 matelas b\u00e9b\u00e9<\/h2>\r\n<p>La densit\u00e9 du matelas est importante. Prenez-la en compte avant d&rsquo;acheter. Elle indique le soutien et le confort.<\/p>\r\n<p>La densit\u00e9 conseill\u00e9e d&rsquo;un matelas classique pour b\u00e9b\u00e9 est de 20 \u00e0 22kg\/m3. Avec cette densit\u00e9 le matelas b\u00e9b\u00e9 dispose ainsi de toute la fermet\u00e9 n\u00e9cessaire \u00e0 son couchage. Si le matelas est con\u00e7u \u00e0 partir d\u2019un c\u0153ur en latex, dans ce cas, il est mieux de s\u2019orienter vers une densit\u00e9 de 55kg\/m3.\u00a0<\/p>\r\n<h2>Mati\u00e8re de garnissage<\/h2>\r\n<p>Privil\u00e9gier des mat\u00e9riaux adapt\u00e9s au sommeil de b\u00e9b\u00e9 :<\/p>\r\n<ul>\r\n<li>La mousse polyur\u00e9thane : c\u2019est la mati\u00e8re de garnissage la plus r\u00e9pandue. Elle s\u2019adapte parfaitement au corps de b\u00e9b\u00e9 et lui garantit un confort optimal lors de son sommeil. C\u2019est une mati\u00e8re l\u00e9g\u00e8re qui permet de manipuler le matelas facilement lors du changement du linge de lit par exemple.<\/li>\r\n<li>La fibre de coco : mati\u00e8re naturelle qui offre un soutien ferme et une circulation de l\u2019air. Limite le d\u00e9veloppement de l\u2019humidit\u00e9 et donc de bact\u00e9ries et d\u2019acariens<\/li>\r\n<li>Le latex : mat\u00e9riau, ultra respirant, le latex assure une ventilation maximale. Reconnu pour ses propri\u00e9t\u00e9s thermor\u00e9gulatrices. Son \u00e9lasticit\u00e9 lui permet de s&rsquo;adapter aux morphologies et aux mouvements.<\/li>\r\n<li>La mousse haute r\u00e9silience : reste moelleuse tout en offrant un soutien ferme et \u00e9quilibr\u00e9. Gr\u00e2ce \u00e0 sa composition en alv\u00e9oles, elle \u00e9pouse la forme du corps en adaptant des zones de soutien sous la pression.<\/li>\r\n<li>La fibre de coton recycl\u00e9e : Hypoallerg\u00e9nique et tr\u00e8s r\u00e9sistante, elle offre un accueil ferme et absorbe naturellement l&rsquo;humidit\u00e9.<\/li>\r\n<\/ul>\r\n<p>&nbsp;<\/p>\r\n<h2>Mati\u00e8re d\u2019enveloppe<\/h2>\r\n<ul>\r\n<li>La fibre de bambou : douce et naturellement antibact\u00e9rienne, elle convient parfaitement aux b\u00e9b\u00e9s sensibles. Pour un r\u00e9sultat doux et soyeux.\u00a0<\/li>\r\n<li>La laine : une fois encore, cette mati\u00e8re totalement naturelle poss\u00e8de une capacit\u00e9 de s\u00e9chage tr\u00e8s rapide ainsi qu\u2019une capacit\u00e9 thermor\u00e9gulatrice assurant une temp\u00e9rature corporelle parfaite pour b\u00e9b\u00e9. La laine est tr\u00e8s moelleuse, elle garantira un des plus grands conforts aux nuits de b\u00e9b\u00e9.<\/li>\r\n<li>Le Tencel : mati\u00e8re naturelle issue de pulpe de bois, elle \u00e9limine l\u2019humidit\u00e9 gr\u00e2ce \u00e0 ses propri\u00e9t\u00e9s respirantes et absorbantes. C\u2019est une mati\u00e8re extr\u00eamement douce qui garantit fra\u00eecheur en \u00e9t\u00e9, et chaleur en hiver.<\/li>\r\n<li>Le Coolmax : la structure de la fibre Coolmax permet d\u2019\u00e9vacuer la transpiration vers l\u2019ext\u00e9rieur du matelas, l\u2019air circule facilement et le matelas reste sec. B\u00e9b\u00e9 aura une sensation de fra\u00eecheur permanente.<\/li>\r\n<li>Le coton organique : coutil en coton biologique certifi\u00e9 GOTS, exempt de tout pesticide, parfait pour le respect de la peau fragile de b\u00e9b\u00e9.<\/li>\r\n<\/ul>\r\n<p>&nbsp;<\/p>\r\n<h2>Les diff\u00e9rents types de matelas pour b\u00e9b\u00e9<\/h2>\r\n<p>Candide et Tin\u00e9o portent une attention particuli\u00e8re \u00e0 la mise au point de leurs matelas afin de satisfaire au mieux le profil de dormeur de chaque b\u00e9b\u00e9. Cependant, il est important de vous parler de certains mod\u00e8les qui peuvent vous \u00eatre inconnu et pourtant tr\u00e8s int\u00e9ressant de par les avantages qu\u2019ils proposent.<\/p>\r\n<ul>\r\n<li>Aloe Vera : l&rsquo;Aloe Vera est reconnue pour ses propri\u00e9t\u00e9s antibact\u00e9riennes, anti allerg\u00e8nes et apaisantes. Appliqu\u00e9e sur notre coutil, elle procure \u00e0 l&rsquo;enfant une grande sensation de douceur tout en respectant sa peau fragile.<\/li>\r\n<li>Climatis\u00e9 : un matelas qui s&rsquo;adapte aux besoins de b\u00e9b\u00e9 selon la saison ! Une face hiver ouatin\u00e9e pour plus de chaleur, une face \u00e9t\u00e9 plus l\u00e9g\u00e8re en polycoton.\u00a0<\/li>\r\n<li>\u00c9volutif : les matelas \u00e9volutifs offrent un couchage \u00e9volutif selon l&rsquo;\u00e2ge de b\u00e9b\u00e9. Le matelas \u00e9volutif se compose de deux faces ayant des densit\u00e9s diff\u00e9rentes. Ainsi, chacune des faces permet d&rsquo;apporter le meilleur confort \u00e0 b\u00e9b\u00e9 en fonction de son poids en lui offrant une fermet\u00e9 adapt\u00e9e.<\/li>\r\n<\/ul>\r\n<h2>Quels\u00a0accessoires\u00a0pour le matelas de b\u00e9b\u00e9 ?<\/h2>\r\n<ul>\r\n<li>Surmatelas : le surmatelas apporte une \u00e9paisseur suppl\u00e9mentaire pour le confort de b\u00e9b\u00e9. Id\u00e9al pour prot\u00e9ger le matelas et allonger sa dur\u00e9e de vie, il est aussi doux et moelleux pour accueillir b\u00e9b\u00e9 durant ses p\u00e9riodes de sommeil.<\/li>\r\n<li><a href=\"https:\/\/www.lechoixdesbebes.com\/fr\/25-accessoires-de-sommeil#\/categories-coussin_cale_tete\" target=\"_blank\" rel=\"noopener noreferrer\">Coussin pour une t\u00eate ronde<\/a> : un coussin ergonomique sp\u00e9cialement \u00e9tudi\u00e9 pour limiter les risques de plagioc\u00e9phalie. Il permet de sur\u00e9lever l\u00e9g\u00e8rement la t\u00eate de l&rsquo;enfant pour une position optimale de couchage. En mousse \u00e0 m\u00e9moire de forme pour un meilleur confort et une meilleure r\u00e9partition des points d&rsquo;appui du cr\u00e2ne.<\/li>\r\n<li><a href=\"https:\/\/www.lechoixdesbebes.com\/fr\/25-accessoires-de-sommeil#\/categories-cale_bebe\" target=\"_blank\" rel=\"noopener noreferrer\">Cale b\u00e9b\u00e9<\/a> : le cale b\u00e9b\u00e9 maintient b\u00e9b\u00e9 dans une position de couchage dorsale, position de sommeil pr\u00e9conis\u00e9e par le corps m\u00e9dical. Il r\u00e9duit l&rsquo;espace de couchage afin d&rsquo;offrir \u00e0 b\u00e9b\u00e9 un petit cocon enveloppant et rassurant qui lui rappellera la vie in-ut\u00e9ro.<\/li>\r\n<li><a href=\"https:\/\/www.lechoixdesbebes.com\/fr\/25-accessoires-de-sommeil#\/categories-plan_incline\" target=\"_blank\" rel=\"noopener noreferrer\">Plan inclin\u00e9<\/a> : le plan inclin\u00e9 peut am\u00e9liorer le sommeil de b\u00e9b\u00e9. La position sur\u00e9lev\u00e9e permet une meilleure digestion et aide \u00e0 d\u00e9gager les voies respiratoires en cas de rhume par exemple.<\/li>\r\n<li><a href=\"https:\/\/www.lechoixdesbebes.com\/fr\/23-linge-de-lit\" target=\"_blank\" rel=\"noopener noreferrer\">Linge de lit<\/a> : rien n\u2019est plus agr\u00e9able que de s\u2019endormir dans son lit accompagn\u00e9 d\u2019un linge doux et soyeux. Tour de lit, draps housses de matelas ou encore al\u00e8ses, tout le linge de lit pour cr\u00e9er un vrai petit cocon \u00e0 b\u00e9b\u00e9.<\/li>\r\n<\/ul>\r\n<p>&nbsp;<\/p>\r\n<h2>Entretien literie b\u00e9b\u00e9<\/h2>\r\n<p>Un matelas s\u2019a\u00e8re et se retourne des deux c\u00f4t\u00e9s. Il peut \u00e9galement s\u2019aspirer (tous les 2\/3 mois) s\u2019il n\u2019a pas \u00e9t\u00e9 trait\u00e9. Pour profiter longtemps du matelas, pensez une fois par an \u00e0 en inverser le sens (pieds \u00e0 la place de la t\u00eate et inversement).<\/p>\r\n","protected":false},"excerpt":{"rendered":"<span class=\"rt-reading-time\" style=\"display: block;\"><span class=\"rt-label rt-prefix\">Temps de lecture\u00a0: <\/span> <span class=\"rt-time\">6<\/span> <span class=\"rt-label rt-postfix\">minutes<\/span><\/span> Rien n\u2019est plus important pour b\u00e9b\u00e9 que de disposer d\u2019un bon matelas pour son sommeil. Jusqu&rsquo;\u00e0 l\u2019\u00e2ge d&rsquo;un an, b\u00e9b\u00e9 dort en moyenne 17 heures par jour ! Le choix du matelas est primordial et doit \u00eatre adapt\u00e9 \u00e0 la morphologie de b\u00e9b\u00e9. Ainsi diff\u00e9rents points sont \u00e0 prendre en compte lors du choix du&#8230; <a class=\"view-article\" href=\"https:\/\/www.lechoixdesbebes.com\/blog\/comment-bien-choisir-le-matelas-de-bebe\/\">View Article<\/a>","protected":false},"author":2,"featured_media":1552,"comment_status":"open","ping_status":"open","sticky":false,"template":"","format":"standard","meta":{"footnotes":""},"categories":[2],"tags":[],"class_list":["post-8","post","type-post","status-publish","format-standard","has-post-thumbnail","hentry","category-actualites"],"yoast_head":"<!-- This site is optimized with the Yoast SEO plugin v23.5 - https:\/\/yoast.com\/wordpress\/plugins\/seo\/ -->\n<title>Comment bien choisir le matelas de b\u00e9b\u00e9 ?<\/title>\n<meta name=\"description\" content=\"Le choix des b\u00e9b\u00e9s vous aide pour choisir le matelas de b\u00e9b\u00e9. Quelle densit\u00e9, mati\u00e8re ? Tous nos conseils pour le confort et la s\u00e9curit\u00e9.\" \/>\n<meta name=\"robots\" content=\"index, follow, max-snippet:-1, max-image-preview:large, max-video-preview:-1\" \/>\n<link rel=\"canonical\" href=\"https:\/\/www.lechoixdesbebes.com\/blog\/comment-bien-choisir-le-matelas-de-bebe\/\" \/>\n<meta property=\"og:locale\" content=\"fr_FR\" \/>\n<meta property=\"og:type\" content=\"article\" \/>\n<meta property=\"og:title\" content=\"Comment bien choisir le matelas de b\u00e9b\u00e9 ? - Le Choix Des B\u00e9b\u00e9s\" \/>\n<meta property=\"og:description\" content=\"Le Choix des b\u00e9b\u00e9s vous donnes tous ses conseils pour vous aider \u00e0 choisir le meilleur matelas possible pour votre b\u00e9b\u00e9.\" \/>\n<meta property=\"og:url\" content=\"https:\/\/www.lechoixdesbebes.com\/blog\/comment-bien-choisir-le-matelas-de-bebe\/\" \/>\n<meta property=\"og:site_name\" content=\"Actualit\u00e9 de la Pu\u00e9riculture : Blog le Choix des B\u00e9b\u00e9s\" \/>\n<meta property=\"article:publisher\" content=\"https:\/\/www.facebook.com\/Lechoixdesbebes\" \/>\n<meta property=\"article:published_time\" content=\"2020-10-14T14:04:34+00:00\" \/>\n<meta property=\"article:modified_time\" content=\"2023-04-14T12:41:39+00:00\" \/>\n<meta name=\"author\" content=\"Le Choix Des B\u00e9b\u00e9s\" \/>\n<meta name=\"twitter:card\" content=\"summary_large_image\" \/>\n<meta name=\"twitter:title\" content=\"Comment bien choisir le matelas de b\u00e9b\u00e9 ? - Le Choix Des B\u00e9b\u00e9s\" \/>\n<meta name=\"twitter:description\" content=\"Le Choix des b\u00e9b\u00e9s vous donnes tous ses conseils pour vous aider \u00e0 choisir le meilleur matelas possible pour votre b\u00e9b\u00e9.\" \/>\n<meta name=\"twitter:label1\" content=\"\u00c9crit par\" \/>\n\t<meta name=\"twitter:data1\" content=\"Le Choix Des B\u00e9b\u00e9s\" \/>\n\t<meta name=\"twitter:label2\" content=\"Dur\u00e9e de lecture estim\u00e9e\" \/>\n\t<meta name=\"twitter:data2\" content=\"6 minutes\" \/>\n<script type=\"application\/ld+json\" class=\"yoast-schema-graph\">{\"@context\":\"https:\/\/schema.org\",\"@graph\":[{\"@type\":\"Article\",\"@id\":\"https:\/\/www.lechoixdesbebes.com\/blog\/comment-bien-choisir-le-matelas-de-bebe\/#article\",\"isPartOf\":{\"@id\":\"https:\/\/www.lechoixdesbebes.com\/blog\/comment-bien-choisir-le-matelas-de-bebe\/\"},\"author\":{\"name\":\"Le Choix Des B\u00e9b\u00e9s\",\"@id\":\"https:\/\/www.lechoixdesbebes.com\/blog\/#\/schema\/person\/296076ecd4371ded7a75a238703a0ad1\"},\"headline\":\"Comment bien choisir le matelas de b\u00e9b\u00e9 ?\",\"datePublished\":\"2020-10-14T14:04:34+00:00\",\"dateModified\":\"2023-04-14T12:41:39+00:00\",\"mainEntityOfPage\":{\"@id\":\"https:\/\/www.lechoixdesbebes.com\/blog\/comment-bien-choisir-le-matelas-de-bebe\/\"},\"wordCount\":1160,\"commentCount\":0,\"publisher\":{\"@id\":\"https:\/\/www.lechoixdesbebes.com\/blog\/#organization\"},\"image\":{\"@id\":\"https:\/\/www.lechoixdesbebes.com\/blog\/comment-bien-choisir-le-matelas-de-bebe\/#primaryimage\"},\"thumbnailUrl\":\"https:\/\/www.lechoixdesbebes.com\/blog\/wp-content\/uploads\/2020\/10\/Habiller-bebe-automne-2.jpg\",\"articleSection\":[\"Actualit\u00e9s\"],\"inLanguage\":\"fr-FR\",\"potentialAction\":[{\"@type\":\"CommentAction\",\"name\":\"Comment\",\"target\":[\"https:\/\/www.lechoixdesbebes.com\/blog\/comment-bien-choisir-le-matelas-de-bebe\/#respond\"]}]},{\"@type\":\"WebPage\",\"@id\":\"https:\/\/www.lechoixdesbebes.com\/blog\/comment-bien-choisir-le-matelas-de-bebe\/\",\"url\":\"https:\/\/www.lechoixdesbebes.com\/blog\/comment-bien-choisir-le-matelas-de-bebe\/\",\"name\":\"Comment bien choisir le matelas de b\u00e9b\u00e9 ?\",\"isPartOf\":{\"@id\":\"https:\/\/www.lechoixdesbebes.com\/blog\/#website\"},\"primaryImageOfPage\":{\"@id\":\"https:\/\/www.lechoixdesbebes.com\/blog\/comment-bien-choisir-le-matelas-de-bebe\/#primaryimage\"},\"image\":{\"@id\":\"https:\/\/www.lechoixdesbebes.com\/blog\/comment-bien-choisir-le-matelas-de-bebe\/#primaryimage\"},\"thumbnailUrl\":\"https:\/\/www.lechoixdesbebes.com\/blog\/wp-content\/uploads\/2020\/10\/Habiller-bebe-automne-2.jpg\",\"datePublished\":\"2020-10-14T14:04:34+00:00\",\"dateModified\":\"2023-04-14T12:41:39+00:00\",\"description\":\"Le choix des b\u00e9b\u00e9s vous aide pour choisir le matelas de b\u00e9b\u00e9. Quelle densit\u00e9, mati\u00e8re ? Tous nos conseils pour le confort et la s\u00e9curit\u00e9.\",\"breadcrumb\":{\"@id\":\"https:\/\/www.lechoixdesbebes.com\/blog\/comment-bien-choisir-le-matelas-de-bebe\/#breadcrumb\"},\"inLanguage\":\"fr-FR\",\"potentialAction\":[{\"@type\":\"ReadAction\",\"target\":[\"https:\/\/www.lechoixdesbebes.com\/blog\/comment-bien-choisir-le-matelas-de-bebe\/\"]}]},{\"@type\":\"ImageObject\",\"inLanguage\":\"fr-FR\",\"@id\":\"https:\/\/www.lechoixdesbebes.com\/blog\/comment-bien-choisir-le-matelas-de-bebe\/#primaryimage\",\"url\":\"https:\/\/www.lechoixdesbebes.com\/blog\/wp-content\/uploads\/2020\/10\/Habiller-bebe-automne-2.jpg\",\"contentUrl\":\"https:\/\/www.lechoixdesbebes.com\/blog\/wp-content\/uploads\/2020\/10\/Habiller-bebe-automne-2.jpg\",\"width\":2240,\"height\":1260,\"caption\":\"Comment bien choisir le matelas de b\u00e9b\u00e9 ?\"},{\"@type\":\"BreadcrumbList\",\"@id\":\"https:\/\/www.lechoixdesbebes.com\/blog\/comment-bien-choisir-le-matelas-de-bebe\/#breadcrumb\",\"itemListElement\":[{\"@type\":\"ListItem\",\"position\":1,\"name\":\"Accueil\",\"item\":\"https:\/\/www.lechoixdesbebes.com\/blog\/\"},{\"@type\":\"ListItem\",\"position\":2,\"name\":\"Comment bien choisir le matelas de b\u00e9b\u00e9 ?\"}]},{\"@type\":\"WebSite\",\"@id\":\"https:\/\/www.lechoixdesbebes.com\/blog\/#website\",\"url\":\"https:\/\/www.lechoixdesbebes.com\/blog\/\",\"name\":\"Actualit\u00e9 de la Pu\u00e9riculture : Blog le Choix des B\u00e9b\u00e9s\",\"description\":\"Suivez nos conseils bien-\u00eatre pour un b\u00e9b\u00e9 heureux et des parents \u00e9panouis. Le Choix des b\u00e9b\u00e9s : sp\u00e9cialiste de la pu\u00e9riculture\",\"publisher\":{\"@id\":\"https:\/\/www.lechoixdesbebes.com\/blog\/#organization\"},\"potentialAction\":[{\"@type\":\"SearchAction\",\"target\":{\"@type\":\"EntryPoint\",\"urlTemplate\":\"https:\/\/www.lechoixdesbebes.com\/blog\/?s={search_term_string}\"},\"query-input\":{\"@type\":\"PropertyValueSpecification\",\"valueRequired\":true,\"valueName\":\"search_term_string\"}}],\"inLanguage\":\"fr-FR\"},{\"@type\":\"Organization\",\"@id\":\"https:\/\/www.lechoixdesbebes.com\/blog\/#organization\",\"name\":\"Le Choix Des B\u00e9b\u00e9s\",\"url\":\"https:\/\/www.lechoixdesbebes.com\/blog\/\",\"logo\":{\"@type\":\"ImageObject\",\"inLanguage\":\"fr-FR\",\"@id\":\"https:\/\/www.lechoixdesbebes.com\/blog\/#\/schema\/logo\/image\/\",\"url\":\"https:\/\/www.lechoixdesbebes.com\/blog\/wp-content\/uploads\/2021\/06\/Logo-MyShop-Cdiscount.jpg\",\"contentUrl\":\"https:\/\/www.lechoixdesbebes.com\/blog\/wp-content\/uploads\/2021\/06\/Logo-MyShop-Cdiscount.jpg\",\"width\":350,\"height\":80,\"caption\":\"Le Choix Des B\u00e9b\u00e9s\"},\"image\":{\"@id\":\"https:\/\/www.lechoixdesbebes.com\/blog\/#\/schema\/logo\/image\/\"},\"sameAs\":[\"https:\/\/www.facebook.com\/Lechoixdesbebes\"]},{\"@type\":\"Person\",\"@id\":\"https:\/\/www.lechoixdesbebes.com\/blog\/#\/schema\/person\/296076ecd4371ded7a75a238703a0ad1\",\"name\":\"Le Choix Des B\u00e9b\u00e9s\"}]}<\/script>\n<!-- \/ Yoast SEO plugin. -->","yoast_head_json":{"title":"Comment bien choisir le matelas de b\u00e9b\u00e9 ?","description":"Le choix des b\u00e9b\u00e9s vous aide pour choisir le matelas de b\u00e9b\u00e9. Quelle densit\u00e9, mati\u00e8re ? Tous nos conseils pour le confort et la s\u00e9curit\u00e9.","robots":{"index":"index","follow":"follow","max-snippet":"max-snippet:-1","max-image-preview":"max-image-preview:large","max-video-preview":"max-video-preview:-1"},"canonical":"https:\/\/www.lechoixdesbebes.com\/blog\/comment-bien-choisir-le-matelas-de-bebe\/","og_locale":"fr_FR","og_type":"article","og_title":"Comment bien choisir le matelas de b\u00e9b\u00e9 ? - Le Choix Des B\u00e9b\u00e9s","og_description":"Le Choix des b\u00e9b\u00e9s vous donnes tous ses conseils pour vous aider \u00e0 choisir le meilleur matelas possible pour votre b\u00e9b\u00e9.","og_url":"https:\/\/www.lechoixdesbebes.com\/blog\/comment-bien-choisir-le-matelas-de-bebe\/","og_site_name":"Actualit\u00e9 de la Pu\u00e9riculture : Blog le Choix des B\u00e9b\u00e9s","article_publisher":"https:\/\/www.facebook.com\/Lechoixdesbebes","article_published_time":"2020-10-14T14:04:34+00:00","article_modified_time":"2023-04-14T12:41:39+00:00","author":"Le Choix Des B\u00e9b\u00e9s","twitter_card":"summary_large_image","twitter_title":"Comment bien choisir le matelas de b\u00e9b\u00e9 ? - Le Choix Des B\u00e9b\u00e9s","twitter_description":"Le Choix des b\u00e9b\u00e9s vous donnes tous ses conseils pour vous aider \u00e0 choisir le meilleur matelas possible pour votre b\u00e9b\u00e9.","twitter_misc":{"\u00c9crit par":"Le Choix Des B\u00e9b\u00e9s","Dur\u00e9e de lecture estim\u00e9e":"6 minutes"},"schema":{"@context":"https:\/\/schema.org","@graph":[{"@type":"Article","@id":"https:\/\/www.lechoixdesbebes.com\/blog\/comment-bien-choisir-le-matelas-de-bebe\/#article","isPartOf":{"@id":"https:\/\/www.lechoixdesbebes.com\/blog\/comment-bien-choisir-le-matelas-de-bebe\/"},"author":{"name":"Le Choix Des B\u00e9b\u00e9s","@id":"https:\/\/www.lechoixdesbebes.com\/blog\/#\/schema\/person\/296076ecd4371ded7a75a238703a0ad1"},"headline":"Comment bien choisir le matelas de b\u00e9b\u00e9 ?","datePublished":"2020-10-14T14:04:34+00:00","dateModified":"2023-04-14T12:41:39+00:00","mainEntityOfPage":{"@id":"https:\/\/www.lechoixdesbebes.com\/blog\/comment-bien-choisir-le-matelas-de-bebe\/"},"wordCount":1160,"commentCount":0,"publisher":{"@id":"https:\/\/www.lechoixdesbebes.com\/blog\/#organization"},"image":{"@id":"https:\/\/www.lechoixdesbebes.com\/blog\/comment-bien-choisir-le-matelas-de-bebe\/#primaryimage"},"thumbnailUrl":"https:\/\/www.lechoixdesbebes.com\/blog\/wp-content\/uploads\/2020\/10\/Habiller-bebe-automne-2.jpg","articleSection":["Actualit\u00e9s"],"inLanguage":"fr-FR","potentialAction":[{"@type":"CommentAction","name":"Comment","target":["https:\/\/www.lechoixdesbebes.com\/blog\/comment-bien-choisir-le-matelas-de-bebe\/#respond"]}]},{"@type":"WebPage","@id":"https:\/\/www.lechoixdesbebes.com\/blog\/comment-bien-choisir-le-matelas-de-bebe\/","url":"https:\/\/www.lechoixdesbebes.com\/blog\/comment-bien-choisir-le-matelas-de-bebe\/","name":"Comment bien choisir le matelas de b\u00e9b\u00e9 ?","isPartOf":{"@id":"https:\/\/www.lechoixdesbebes.com\/blog\/#website"},"primaryImageOfPage":{"@id":"https:\/\/www.lechoixdesbebes.com\/blog\/comment-bien-choisir-le-matelas-de-bebe\/#primaryimage"},"image":{"@id":"https:\/\/www.lechoixdesbebes.com\/blog\/comment-bien-choisir-le-matelas-de-bebe\/#primaryimage"},"thumbnailUrl":"https:\/\/www.lechoixdesbebes.com\/blog\/wp-content\/uploads\/2020\/10\/Habiller-bebe-automne-2.jpg","datePublished":"2020-10-14T14:04:34+00:00","dateModified":"2023-04-14T12:41:39+00:00","description":"Le choix des b\u00e9b\u00e9s vous aide pour choisir le matelas de b\u00e9b\u00e9. Quelle densit\u00e9, mati\u00e8re ? Tous nos conseils pour le confort et la s\u00e9curit\u00e9.","breadcrumb":{"@id":"https:\/\/www.lechoixdesbebes.com\/blog\/comment-bien-choisir-le-matelas-de-bebe\/#breadcrumb"},"inLanguage":"fr-FR","potentialAction":[{"@type":"ReadAction","target":["https:\/\/www.lechoixdesbebes.com\/blog\/comment-bien-choisir-le-matelas-de-bebe\/"]}]},{"@type":"ImageObject","inLanguage":"fr-FR","@id":"https:\/\/www.lechoixdesbebes.com\/blog\/comment-bien-choisir-le-matelas-de-bebe\/#primaryimage","url":"https:\/\/www.lechoixdesbebes.com\/blog\/wp-content\/uploads\/2020\/10\/Habiller-bebe-automne-2.jpg","contentUrl":"https:\/\/www.lechoixdesbebes.com\/blog\/wp-content\/uploads\/2020\/10\/Habiller-bebe-automne-2.jpg","width":2240,"height":1260,"caption":"Comment bien choisir le matelas de b\u00e9b\u00e9 ?"},{"@type":"BreadcrumbList","@id":"https:\/\/www.lechoixdesbebes.com\/blog\/comment-bien-choisir-le-matelas-de-bebe\/#breadcrumb","itemListElement":[{"@type":"ListItem","position":1,"name":"Accueil","item":"https:\/\/www.lechoixdesbebes.com\/blog\/"},{"@type":"ListItem","position":2,"name":"Comment bien choisir le matelas de b\u00e9b\u00e9 ?"}]},{"@type":"WebSite","@id":"https:\/\/www.lechoixdesbebes.com\/blog\/#website","url":"https:\/\/www.lechoixdesbebes.com\/blog\/","name":"Actualit\u00e9 de la Pu\u00e9riculture : Blog le Choix des B\u00e9b\u00e9s","description":"Suivez nos conseils bien-\u00eatre pour un b\u00e9b\u00e9 heureux et des parents \u00e9panouis. Le Choix des b\u00e9b\u00e9s : sp\u00e9cialiste de la pu\u00e9riculture","publisher":{"@id":"https:\/\/www.lechoixdesbebes.com\/blog\/#organization"},"potentialAction":[{"@type":"SearchAction","target":{"@type":"EntryPoint","urlTemplate":"https:\/\/www.lechoixdesbebes.com\/blog\/?s={search_term_string}"},"query-input":{"@type":"PropertyValueSpecification","valueRequired":true,"valueName":"search_term_string"}}],"inLanguage":"fr-FR"},{"@type":"Organization","@id":"https:\/\/www.lechoixdesbebes.com\/blog\/#organization","name":"Le Choix Des B\u00e9b\u00e9s","url":"https:\/\/www.lechoixdesbebes.com\/blog\/","logo":{"@type":"ImageObject","inLanguage":"fr-FR","@id":"https:\/\/www.lechoixdesbebes.com\/blog\/#\/schema\/logo\/image\/","url":"https:\/\/www.lechoixdesbebes.com\/blog\/wp-content\/uploads\/2021\/06\/Logo-MyShop-Cdiscount.jpg","contentUrl":"https:\/\/www.lechoixdesbebes.com\/blog\/wp-content\/uploads\/2021\/06\/Logo-MyShop-Cdiscount.jpg","width":350,"height":80,"caption":"Le Choix Des B\u00e9b\u00e9s"},"image":{"@id":"https:\/\/www.lechoixdesbebes.com\/blog\/#\/schema\/logo\/image\/"},"sameAs":["https:\/\/www.facebook.com\/Lechoixdesbebes"]},{"@type":"Person","@id":"https:\/\/www.lechoixdesbebes.com\/blog\/#\/schema\/person\/296076ecd4371ded7a75a238703a0ad1","name":"Le Choix Des B\u00e9b\u00e9s"}]}},"_links":{"self":[{"href":"https:\/\/www.lechoixdesbebes.com\/blog\/wp-json\/wp\/v2\/posts\/8"}],"collection":[{"href":"https:\/\/www.lechoixdesbebes.com\/blog\/wp-json\/wp\/v2\/posts"}],"about":[{"href":"https:\/\/www.lechoixdesbebes.com\/blog\/wp-json\/wp\/v2\/types\/post"}],"author":[{"embeddable":true,"href":"https:\/\/www.lechoixdesbebes.com\/blog\/wp-json\/wp\/v2\/users\/2"}],"replies":[{"embeddable":true,"href":"https:\/\/www.lechoixdesbebes.com\/blog\/wp-json\/wp\/v2\/comments?post=8"}],"version-history":[{"count":17,"href":"https:\/\/www.lechoixdesbebes.com\/blog\/wp-json\/wp\/v2\/posts\/8\/revisions"}],"predecessor-version":[{"id":1516,"href":"https:\/\/www.lechoixdesbebes.com\/blog\/wp-json\/wp\/v2\/posts\/8\/revisions\/1516"}],"wp:featuredmedia":[{"embeddable":true,"href":"https:\/\/www.lechoixdesbebes.com\/blog\/wp-json\/wp\/v2\/media\/1552"}],"wp:attachment":[{"href":"https:\/\/www.lechoixdesbebes.com\/blog\/wp-json\/wp\/v2\/media?parent=8"}],"wp:term":[{"taxonomy":"category","embeddable":true,"href":"https:\/\/www.lechoixdesbebes.com\/blog\/wp-json\/wp\/v2\/categories?post=8"},{"taxonomy":"post_tag","embeddable":true,"href":"https:\/\/www.lechoixdesbebes.com\/blog\/wp-json\/wp\/v2\/tags?post=8"}],"curies":[{"name":"wp","href":"https:\/\/api.w.org\/{rel}","templated":true}]}}