{"id":981,"date":"2021-08-25T09:54:17","date_gmt":"2021-08-25T07:54:17","guid":{"rendered":"https:\/\/www.lechoixdesbebes.com\/blog\/?p=981"},"modified":"2023-04-14T15:34:26","modified_gmt":"2023-04-14T13:34:26","slug":"comment-preparer-sa-premiere-rentree-scolaire","status":"publish","type":"post","link":"https:\/\/www.lechoixdesbebes.com\/blog\/comment-preparer-sa-premiere-rentree-scolaire\/","title":{"rendered":"Comment pr\u00e9parer sa premi\u00e8re rentr\u00e9e scolaire ?"},"content":{"rendered":"<span class=\"rt-reading-time\" style=\"display: block;\"><span class=\"rt-label rt-prefix\">Temps de lecture\u00a0: <\/span> <span class=\"rt-time\">5<\/span> <span class=\"rt-label rt-postfix\">minutes<\/span><\/span><p>L&rsquo;entr\u00e9e en maternelle de votre enfant approche \u00e0 grands pas, c&rsquo;est une \u00e9tape importante pour lui. Elle peut \u00eatre anxiog\u00e8ne et il a grand besoin de votre soutien. C&rsquo;est pour cela qu&rsquo;il est important de bien pr\u00e9parer sa premi\u00e8re rentr\u00e9e scolaire. Mais, comment s&rsquo;y prendre ? Notre \u00e9quipe vous apporte tous les conseils n\u00e9cessaires.<\/p>\n<p>&nbsp;<\/p>\n<h2>Familiarisez votre enfant \u00e0 son \u00e9cole<\/h2>\n<div style=\"text-align: justify;\">\n<p>G\u00e9n\u00e9ralement, les \u00e9coles maternelles proposent une visite pour les \u00e9coliers en devenir lors de l&rsquo;inscription ou avant les vacances d&rsquo;\u00e9t\u00e9. Si vous le pouvez, profitez de ce moment pour familiariser votre enfant \u00e0 ce nouvel environnement qui deviendra quotidien. C&rsquo;est l&rsquo;occasion id\u00e9ale pour eux de prendre leur marque dans la classe et de rencontrer leurs futurs camarades ainsi que la ma\u00eetresse. Ainsi, le jour J, l&rsquo;\u00e9cole ne lui sera pas totalement inconnue, il sera rassur\u00e9. Cette visite est aussi b\u00e9n\u00e9fique pour vous, parent. Les enseignants seront l\u00e0 pour r\u00e9pondre \u00e0 toutes vos questions.<\/p>\n<p>La veille ou quelques jours avant la rentr\u00e9e, nous vous recommandons de retourner \u00e0 l&rsquo;\u00e9tablissement avec votre enfant afin de lui rappeler la visite qu&rsquo;il a v\u00e9cue quelques mois plus t\u00f4t. En revoyant la cour de r\u00e9cr\u00e9ation et le b\u00e2timent, son esprit l&rsquo;associera aux bons souvenirs d\u00e9j\u00e0 connus dans ces lieux. L&rsquo;esprit de votre enfant sera ainsi plus apais\u00e9 le jour de l&rsquo;entr\u00e9e en maternelle.<\/p>\n<\/div>\n<p>&nbsp;<\/p>\n<h2>Pr\u00e9parez sa premi\u00e8re rentr\u00e9e en parlant de l&rsquo;\u00e9cole \u00e0 votre enfant<\/h2>\n<div style=\"text-align: justify;\">\n<p>Pour <strong>d\u00e9dramatiser<\/strong> et pr\u00e9parer la premi\u00e8re rentr\u00e9e scolaire, n&rsquo;h\u00e9sitez pas \u00e0 r\u00e9guli\u00e8rement \u00e9changer sur l&rsquo;\u00e9cole avec votre enfant. Vous pouvez d&rsquo;abord aborder le rythme mis en place au sein d&rsquo;une classe : d\u00e9crivez le planning d&rsquo;une journ\u00e9e, les activit\u00e9s instaur\u00e9es, les heures de repas, le temps de r\u00e9cr\u00e9ation, celle de la sieste, etc. Si vous savez \u00e9galement comment vous vous organiserez pour emmener votre petit \u00e0 l&rsquo;\u00e9cole, rassurez-le en lui disant qui l&rsquo;accompagnera \u00e0 l&rsquo;entr\u00e9e et \u00e0 la sortie de classe. Et si vous avez un calendrier affich\u00e9 sur la porte du frigo par exemple, entourer la date de la rentr\u00e9e lui donnera un rep\u00e8re.<\/p>\n<p>En plus de ces indications, valoriser cette exp\u00e9rience est important. Votre enfant devient un \u00ab grand \u00bb, confortez-le dans cette id\u00e9e. Il va pouvoir avoir de nouveaux copains et exercer des nouvelles activit\u00e9s attrayantes. Par ailleurs, si vous parlez de vos souvenirs positifs de l&rsquo;\u00e9cole il va associer ces moments \u00e0 des instants agr\u00e9ables. Faites attention malgr\u00e9 tout \u00e0 ne pas id\u00e9aliser l&rsquo;\u00e9cole au risque que votre futur \u00e9colier soit d\u00e9\u00e7u. Pour cela, \u00e9voquez \u00e9galement les aspects plus \u00ab\u00a0stricts\u00a0\u00bb d&rsquo;une structure scolaire comme le respect des demandes de la ma\u00eetresse, les plats impos\u00e9s \u00e0 la cantine, etc.<\/p>\n<\/div>\n<p>&nbsp;<\/p>\n<h2>Adoptez une nouvelle routine<\/h2>\n<div style=\"text-align: justify;\">Quelques jours avant la rentr\u00e9e, il est judicieux pour votre enfant de reprendre un rythme correspondant \u00e0 celui des journ\u00e9es \u00e0 l&rsquo;\u00e9cole. Tentez d&rsquo;instaurer des horaires pour le repas et les siestes \u00e0 celles qui seront programm\u00e9s par la suite aupr\u00e8s de son \u00e9tablissement scolaire. Aussi, \u00e9vitez de rentrer de vacances la veille de la rentr\u00e9e pour ne pas le d\u00e9stabiliser \u00e0 cause du changement brutal de routine.<\/div>\n<div><\/div>\n<div>Pr\u00e9parez \u00e9galement un petit bureau \u00e0 votre enfant. Il pourra ainsi r\u00e9p\u00e9ter les activit\u00e9s manuelles vues \u00e0 l&rsquo;\u00e9cole.<\/div>\n<p>&nbsp;<\/p>\n<h2>Pr\u00e9parez sa premi\u00e8re rentr\u00e9e en d\u00e9veloppant ses interactions sociales<\/h2>\n<div style=\"text-align: justify;\">\n<p>Lors de la rentr\u00e9e scolaire, votre bambin va \u00eatre entour\u00e9 de plein d&rsquo;autres camarades. Cela pourrait le d\u00e9contenancer s&rsquo;il n&rsquo;a pas l&rsquo;habitude d&rsquo;avoir autant de personnes autour de lui et toutes ces possibilit\u00e9s d&rsquo;interactions. Pour contrer ces possibles difficult\u00e9s sociales, apprenez-lui en amont \u00e0 observer les autres enfants, \u00e0 aller vers ceux qui sont souriants et ouverts. Il va aussi falloir lui apprendre \u00e0 accepter d&rsquo;\u00eatre dans un groupe. Il y aura des camarades avec des personnalit\u00e9s et des aptitudes toutes tr\u00e8s diff\u00e9rentes. Apprendre \u00e0 votre enfant la notion de partage avant sa premi\u00e8re rentr\u00e9e scolaire est donc important.<\/p>\n<p>Pour l&rsquo;initier au partage, inutile de lui sortir un joli discours. C&rsquo;est avec les actes et les gestes qu&rsquo;il assimilera davantage cette notion et celle de la solidarit\u00e9. Dans les semaines ou les mois qui pr\u00e9c\u00e8dent le premier jour de la rentr\u00e9e scolaire, vous pouvez l&rsquo;inscrire dans un groupe de lecture pour enfants \u00e0 la biblioth\u00e8que, dans un cours de natation ou encore de peinture, etc.<\/p>\n<\/div>\n<p>&nbsp;<\/p>\n<h2>Pr\u00e9parez vous aussi \u00e0 ce changement<\/h2>\n<div style=\"text-align: justify;\">\n<p>La rentr\u00e9e en maternelle est un moment important dans la vie d&rsquo;un tout-petit mais \u00e7a l&rsquo;est aussi pour les parents. Il n&rsquo;est plus un nourrisson, il est bel et bien devenu un enfant. C&rsquo;est \u00e0 ce moment que la nostalgie des premi\u00e8res ann\u00e9es peut refaire surface. Alors, maintenant que vous avez tout pr\u00e9par\u00e9 pour sa premi\u00e8re rentr\u00e9e scolaire, ne vous laissez pas submerger par vos \u00e9motions devant votre bambin.<\/p>\n<p>Il va ressentir votre r\u00e9serve et ne pourra pas \u00eatre pleinement \u00e0 l&rsquo;aise \u00e0 son tour. Il y a de fortes chances que des larmes coulent sur son visage&#8230; \u00c0 ce moment, faites confiance \u00e0 l&rsquo;\u00e9quipe p\u00e9dagogique qui connaisse leur m\u00e9tier et laissez les prendre le relais pour le r\u00e9conforter.<\/p>\n<\/div>\n<p>&nbsp;<\/p>\n<div style=\"text-align: justify;\">Nous vous avons apport\u00e9 tous les conseils n\u00e9cessaires pour pr\u00e9parer sa premi\u00e8re rentr\u00e9e en maternelle et faire en sorte qu&rsquo;elle se passe au mieux. Maintenant, nous souhaitons une belle rentr\u00e9e des classes \u00e0 tout le monde !<\/div>\n","protected":false},"excerpt":{"rendered":"<span class=\"rt-reading-time\" style=\"display: block;\"><span class=\"rt-label rt-prefix\">Temps de lecture\u00a0: <\/span> <span class=\"rt-time\">5<\/span> <span class=\"rt-label rt-postfix\">minutes<\/span><\/span> L&rsquo;entr\u00e9e en maternelle de votre enfant approche \u00e0 grands pas, c&rsquo;est une \u00e9tape importante pour lui. Elle peut \u00eatre anxiog\u00e8ne et il a grand besoin de votre soutien. C&rsquo;est pour cela qu&rsquo;il est important de bien pr\u00e9parer sa premi\u00e8re rentr\u00e9e scolaire. Mais, comment s&rsquo;y prendre ? Notre \u00e9quipe vous apporte tous les conseils n\u00e9cessaires. &nbsp;&#8230; <a class=\"view-article\" href=\"https:\/\/www.lechoixdesbebes.com\/blog\/comment-preparer-sa-premiere-rentree-scolaire\/\">View Article<\/a>","protected":false},"author":2,"featured_media":1569,"comment_status":"open","ping_status":"open","sticky":false,"template":"","format":"standard","meta":{"footnotes":""},"categories":[2],"tags":[],"class_list":["post-981","post","type-post","status-publish","format-standard","has-post-thumbnail","hentry","category-actualites"],"yoast_head":"<!-- This site is optimized with the Yoast SEO plugin v23.5 - https:\/\/yoast.com\/wordpress\/plugins\/seo\/ -->\n<title>Comment pr\u00e9parer sa premi\u00e8re rentr\u00e9e scolaire ?<\/title>\n<meta name=\"description\" content=\"C&#039;est la toute premi\u00e8re rentr\u00e9e scolaire de votre enfant et vous ne savez pas comment bien la pr\u00e9parer ? D\u00e9couvrez nos conseils.\" \/>\n<meta name=\"robots\" content=\"index, follow, max-snippet:-1, max-image-preview:large, max-video-preview:-1\" \/>\n<link rel=\"canonical\" href=\"https:\/\/www.lechoixdesbebes.com\/blog\/comment-preparer-sa-premiere-rentree-scolaire\/\" \/>\n<meta property=\"og:locale\" content=\"fr_FR\" \/>\n<meta property=\"og:type\" content=\"article\" \/>\n<meta property=\"og:title\" content=\"Comment pr\u00e9parer sa premi\u00e8re rentr\u00e9e scolaire ?\" \/>\n<meta property=\"og:description\" content=\"C&#039;est la toute premi\u00e8re rentr\u00e9e scolaire de votre enfant et vous ne savez pas comment bien la pr\u00e9parer ? D\u00e9couvrez nos conseils.\" \/>\n<meta property=\"og:url\" content=\"https:\/\/www.lechoixdesbebes.com\/blog\/comment-preparer-sa-premiere-rentree-scolaire\/\" \/>\n<meta property=\"og:site_name\" content=\"Actualit\u00e9 de la Pu\u00e9riculture : Blog le Choix des B\u00e9b\u00e9s\" \/>\n<meta property=\"article:publisher\" content=\"https:\/\/www.facebook.com\/Lechoixdesbebes\" \/>\n<meta property=\"article:published_time\" content=\"2021-08-25T07:54:17+00:00\" \/>\n<meta property=\"article:modified_time\" content=\"2023-04-14T13:34:26+00:00\" \/>\n<meta property=\"og:image\" content=\"https:\/\/www.lechoixdesbebes.com\/blog\/wp-content\/uploads\/2021\/08\/DSC6434-min-scaled.jpg\" \/>\n\t<meta property=\"og:image:width\" content=\"2560\" \/>\n\t<meta property=\"og:image:height\" content=\"1707\" \/>\n\t<meta property=\"og:image:type\" content=\"image\/jpeg\" \/>\n<meta name=\"author\" content=\"Le Choix Des B\u00e9b\u00e9s\" \/>\n<meta name=\"twitter:card\" content=\"summary_large_image\" \/>\n<meta name=\"twitter:title\" content=\"Comment pr\u00e9parer sa premi\u00e8re rentr\u00e9e scolaire ?\" \/>\n<meta name=\"twitter:description\" content=\"C&#039;est la toute premi\u00e8re rentr\u00e9e scolaire de votre enfant et vous ne savez pas comment bien la pr\u00e9parer ? D\u00e9couvrez nos conseils.\" \/>\n<meta name=\"twitter:image\" content=\"https:\/\/www.lechoixdesbebes.com\/blog\/wp-content\/uploads\/2021\/08\/DSC6434-min-scaled.jpg\" \/>\n<meta name=\"twitter:label1\" content=\"\u00c9crit par\" \/>\n\t<meta name=\"twitter:data1\" content=\"Le Choix Des B\u00e9b\u00e9s\" \/>\n\t<meta name=\"twitter:label2\" content=\"Dur\u00e9e de lecture estim\u00e9e\" \/>\n\t<meta name=\"twitter:data2\" content=\"5 minutes\" \/>\n<script type=\"application\/ld+json\" class=\"yoast-schema-graph\">{\"@context\":\"https:\/\/schema.org\",\"@graph\":[{\"@type\":\"Article\",\"@id\":\"https:\/\/www.lechoixdesbebes.com\/blog\/comment-preparer-sa-premiere-rentree-scolaire\/#article\",\"isPartOf\":{\"@id\":\"https:\/\/www.lechoixdesbebes.com\/blog\/comment-preparer-sa-premiere-rentree-scolaire\/\"},\"author\":{\"name\":\"Le Choix Des B\u00e9b\u00e9s\",\"@id\":\"https:\/\/www.lechoixdesbebes.com\/blog\/#\/schema\/person\/296076ecd4371ded7a75a238703a0ad1\"},\"headline\":\"Comment pr\u00e9parer sa premi\u00e8re rentr\u00e9e scolaire ?\",\"datePublished\":\"2021-08-25T07:54:17+00:00\",\"dateModified\":\"2023-04-14T13:34:26+00:00\",\"mainEntityOfPage\":{\"@id\":\"https:\/\/www.lechoixdesbebes.com\/blog\/comment-preparer-sa-premiere-rentree-scolaire\/\"},\"wordCount\":939,\"commentCount\":0,\"publisher\":{\"@id\":\"https:\/\/www.lechoixdesbebes.com\/blog\/#organization\"},\"image\":{\"@id\":\"https:\/\/www.lechoixdesbebes.com\/blog\/comment-preparer-sa-premiere-rentree-scolaire\/#primaryimage\"},\"thumbnailUrl\":\"https:\/\/www.lechoixdesbebes.com\/blog\/wp-content\/uploads\/2021\/08\/Habiller-bebe-automne-17.jpg\",\"articleSection\":[\"Actualit\u00e9s\"],\"inLanguage\":\"fr-FR\",\"potentialAction\":[{\"@type\":\"CommentAction\",\"name\":\"Comment\",\"target\":[\"https:\/\/www.lechoixdesbebes.com\/blog\/comment-preparer-sa-premiere-rentree-scolaire\/#respond\"]}]},{\"@type\":\"WebPage\",\"@id\":\"https:\/\/www.lechoixdesbebes.com\/blog\/comment-preparer-sa-premiere-rentree-scolaire\/\",\"url\":\"https:\/\/www.lechoixdesbebes.com\/blog\/comment-preparer-sa-premiere-rentree-scolaire\/\",\"name\":\"Comment pr\u00e9parer sa premi\u00e8re rentr\u00e9e scolaire ?\",\"isPartOf\":{\"@id\":\"https:\/\/www.lechoixdesbebes.com\/blog\/#website\"},\"primaryImageOfPage\":{\"@id\":\"https:\/\/www.lechoixdesbebes.com\/blog\/comment-preparer-sa-premiere-rentree-scolaire\/#primaryimage\"},\"image\":{\"@id\":\"https:\/\/www.lechoixdesbebes.com\/blog\/comment-preparer-sa-premiere-rentree-scolaire\/#primaryimage\"},\"thumbnailUrl\":\"https:\/\/www.lechoixdesbebes.com\/blog\/wp-content\/uploads\/2021\/08\/Habiller-bebe-automne-17.jpg\",\"datePublished\":\"2021-08-25T07:54:17+00:00\",\"dateModified\":\"2023-04-14T13:34:26+00:00\",\"description\":\"C'est la toute premi\u00e8re rentr\u00e9e scolaire de votre enfant et vous ne savez pas comment bien la pr\u00e9parer ? D\u00e9couvrez nos conseils.\",\"breadcrumb\":{\"@id\":\"https:\/\/www.lechoixdesbebes.com\/blog\/comment-preparer-sa-premiere-rentree-scolaire\/#breadcrumb\"},\"inLanguage\":\"fr-FR\",\"potentialAction\":[{\"@type\":\"ReadAction\",\"target\":[\"https:\/\/www.lechoixdesbebes.com\/blog\/comment-preparer-sa-premiere-rentree-scolaire\/\"]}]},{\"@type\":\"ImageObject\",\"inLanguage\":\"fr-FR\",\"@id\":\"https:\/\/www.lechoixdesbebes.com\/blog\/comment-preparer-sa-premiere-rentree-scolaire\/#primaryimage\",\"url\":\"https:\/\/www.lechoixdesbebes.com\/blog\/wp-content\/uploads\/2021\/08\/Habiller-bebe-automne-17.jpg\",\"contentUrl\":\"https:\/\/www.lechoixdesbebes.com\/blog\/wp-content\/uploads\/2021\/08\/Habiller-bebe-automne-17.jpg\",\"width\":2240,\"height\":1260,\"caption\":\"Comment pr\u00e9parer sa premi\u00e8re rentr\u00e9e scolaire ?\"},{\"@type\":\"BreadcrumbList\",\"@id\":\"https:\/\/www.lechoixdesbebes.com\/blog\/comment-preparer-sa-premiere-rentree-scolaire\/#breadcrumb\",\"itemListElement\":[{\"@type\":\"ListItem\",\"position\":1,\"name\":\"Accueil\",\"item\":\"https:\/\/www.lechoixdesbebes.com\/blog\/\"},{\"@type\":\"ListItem\",\"position\":2,\"name\":\"Comment pr\u00e9parer sa premi\u00e8re rentr\u00e9e scolaire ?\"}]},{\"@type\":\"WebSite\",\"@id\":\"https:\/\/www.lechoixdesbebes.com\/blog\/#website\",\"url\":\"https:\/\/www.lechoixdesbebes.com\/blog\/\",\"name\":\"Actualit\u00e9 de la Pu\u00e9riculture : Blog le Choix des B\u00e9b\u00e9s\",\"description\":\"Suivez nos conseils bien-\u00eatre pour un b\u00e9b\u00e9 heureux et des parents \u00e9panouis. Le Choix des b\u00e9b\u00e9s : sp\u00e9cialiste de la pu\u00e9riculture\",\"publisher\":{\"@id\":\"https:\/\/www.lechoixdesbebes.com\/blog\/#organization\"},\"potentialAction\":[{\"@type\":\"SearchAction\",\"target\":{\"@type\":\"EntryPoint\",\"urlTemplate\":\"https:\/\/www.lechoixdesbebes.com\/blog\/?s={search_term_string}\"},\"query-input\":{\"@type\":\"PropertyValueSpecification\",\"valueRequired\":true,\"valueName\":\"search_term_string\"}}],\"inLanguage\":\"fr-FR\"},{\"@type\":\"Organization\",\"@id\":\"https:\/\/www.lechoixdesbebes.com\/blog\/#organization\",\"name\":\"Le Choix Des B\u00e9b\u00e9s\",\"url\":\"https:\/\/www.lechoixdesbebes.com\/blog\/\",\"logo\":{\"@type\":\"ImageObject\",\"inLanguage\":\"fr-FR\",\"@id\":\"https:\/\/www.lechoixdesbebes.com\/blog\/#\/schema\/logo\/image\/\",\"url\":\"https:\/\/www.lechoixdesbebes.com\/blog\/wp-content\/uploads\/2021\/06\/Logo-MyShop-Cdiscount.jpg\",\"contentUrl\":\"https:\/\/www.lechoixdesbebes.com\/blog\/wp-content\/uploads\/2021\/06\/Logo-MyShop-Cdiscount.jpg\",\"width\":350,\"height\":80,\"caption\":\"Le Choix Des B\u00e9b\u00e9s\"},\"image\":{\"@id\":\"https:\/\/www.lechoixdesbebes.com\/blog\/#\/schema\/logo\/image\/\"},\"sameAs\":[\"https:\/\/www.facebook.com\/Lechoixdesbebes\"]},{\"@type\":\"Person\",\"@id\":\"https:\/\/www.lechoixdesbebes.com\/blog\/#\/schema\/person\/296076ecd4371ded7a75a238703a0ad1\",\"name\":\"Le Choix Des B\u00e9b\u00e9s\"}]}<\/script>\n<!-- \/ Yoast SEO plugin. -->","yoast_head_json":{"title":"Comment pr\u00e9parer sa premi\u00e8re rentr\u00e9e scolaire ?","description":"C'est la toute premi\u00e8re rentr\u00e9e scolaire de votre enfant et vous ne savez pas comment bien la pr\u00e9parer ? D\u00e9couvrez nos conseils.","robots":{"index":"index","follow":"follow","max-snippet":"max-snippet:-1","max-image-preview":"max-image-preview:large","max-video-preview":"max-video-preview:-1"},"canonical":"https:\/\/www.lechoixdesbebes.com\/blog\/comment-preparer-sa-premiere-rentree-scolaire\/","og_locale":"fr_FR","og_type":"article","og_title":"Comment pr\u00e9parer sa premi\u00e8re rentr\u00e9e scolaire ?","og_description":"C'est la toute premi\u00e8re rentr\u00e9e scolaire de votre enfant et vous ne savez pas comment bien la pr\u00e9parer ? D\u00e9couvrez nos conseils.","og_url":"https:\/\/www.lechoixdesbebes.com\/blog\/comment-preparer-sa-premiere-rentree-scolaire\/","og_site_name":"Actualit\u00e9 de la Pu\u00e9riculture : Blog le Choix des B\u00e9b\u00e9s","article_publisher":"https:\/\/www.facebook.com\/Lechoixdesbebes","article_published_time":"2021-08-25T07:54:17+00:00","article_modified_time":"2023-04-14T13:34:26+00:00","og_image":[{"width":2560,"height":1707,"url":"https:\/\/www.lechoixdesbebes.com\/blog\/wp-content\/uploads\/2021\/08\/DSC6434-min-scaled.jpg","type":"image\/jpeg"}],"author":"Le Choix Des B\u00e9b\u00e9s","twitter_card":"summary_large_image","twitter_title":"Comment pr\u00e9parer sa premi\u00e8re rentr\u00e9e scolaire ?","twitter_description":"C'est la toute premi\u00e8re rentr\u00e9e scolaire de votre enfant et vous ne savez pas comment bien la pr\u00e9parer ? D\u00e9couvrez nos conseils.","twitter_image":"https:\/\/www.lechoixdesbebes.com\/blog\/wp-content\/uploads\/2021\/08\/DSC6434-min-scaled.jpg","twitter_misc":{"\u00c9crit par":"Le Choix Des B\u00e9b\u00e9s","Dur\u00e9e de lecture estim\u00e9e":"5 minutes"},"schema":{"@context":"https:\/\/schema.org","@graph":[{"@type":"Article","@id":"https:\/\/www.lechoixdesbebes.com\/blog\/comment-preparer-sa-premiere-rentree-scolaire\/#article","isPartOf":{"@id":"https:\/\/www.lechoixdesbebes.com\/blog\/comment-preparer-sa-premiere-rentree-scolaire\/"},"author":{"name":"Le Choix Des B\u00e9b\u00e9s","@id":"https:\/\/www.lechoixdesbebes.com\/blog\/#\/schema\/person\/296076ecd4371ded7a75a238703a0ad1"},"headline":"Comment pr\u00e9parer sa premi\u00e8re rentr\u00e9e scolaire ?","datePublished":"2021-08-25T07:54:17+00:00","dateModified":"2023-04-14T13:34:26+00:00","mainEntityOfPage":{"@id":"https:\/\/www.lechoixdesbebes.com\/blog\/comment-preparer-sa-premiere-rentree-scolaire\/"},"wordCount":939,"commentCount":0,"publisher":{"@id":"https:\/\/www.lechoixdesbebes.com\/blog\/#organization"},"image":{"@id":"https:\/\/www.lechoixdesbebes.com\/blog\/comment-preparer-sa-premiere-rentree-scolaire\/#primaryimage"},"thumbnailUrl":"https:\/\/www.lechoixdesbebes.com\/blog\/wp-content\/uploads\/2021\/08\/Habiller-bebe-automne-17.jpg","articleSection":["Actualit\u00e9s"],"inLanguage":"fr-FR","potentialAction":[{"@type":"CommentAction","name":"Comment","target":["https:\/\/www.lechoixdesbebes.com\/blog\/comment-preparer-sa-premiere-rentree-scolaire\/#respond"]}]},{"@type":"WebPage","@id":"https:\/\/www.lechoixdesbebes.com\/blog\/comment-preparer-sa-premiere-rentree-scolaire\/","url":"https:\/\/www.lechoixdesbebes.com\/blog\/comment-preparer-sa-premiere-rentree-scolaire\/","name":"Comment pr\u00e9parer sa premi\u00e8re rentr\u00e9e scolaire ?","isPartOf":{"@id":"https:\/\/www.lechoixdesbebes.com\/blog\/#website"},"primaryImageOfPage":{"@id":"https:\/\/www.lechoixdesbebes.com\/blog\/comment-preparer-sa-premiere-rentree-scolaire\/#primaryimage"},"image":{"@id":"https:\/\/www.lechoixdesbebes.com\/blog\/comment-preparer-sa-premiere-rentree-scolaire\/#primaryimage"},"thumbnailUrl":"https:\/\/www.lechoixdesbebes.com\/blog\/wp-content\/uploads\/2021\/08\/Habiller-bebe-automne-17.jpg","datePublished":"2021-08-25T07:54:17+00:00","dateModified":"2023-04-14T13:34:26+00:00","description":"C'est la toute premi\u00e8re rentr\u00e9e scolaire de votre enfant et vous ne savez pas comment bien la pr\u00e9parer ? D\u00e9couvrez nos conseils.","breadcrumb":{"@id":"https:\/\/www.lechoixdesbebes.com\/blog\/comment-preparer-sa-premiere-rentree-scolaire\/#breadcrumb"},"inLanguage":"fr-FR","potentialAction":[{"@type":"ReadAction","target":["https:\/\/www.lechoixdesbebes.com\/blog\/comment-preparer-sa-premiere-rentree-scolaire\/"]}]},{"@type":"ImageObject","inLanguage":"fr-FR","@id":"https:\/\/www.lechoixdesbebes.com\/blog\/comment-preparer-sa-premiere-rentree-scolaire\/#primaryimage","url":"https:\/\/www.lechoixdesbebes.com\/blog\/wp-content\/uploads\/2021\/08\/Habiller-bebe-automne-17.jpg","contentUrl":"https:\/\/www.lechoixdesbebes.com\/blog\/wp-content\/uploads\/2021\/08\/Habiller-bebe-automne-17.jpg","width":2240,"height":1260,"caption":"Comment pr\u00e9parer sa premi\u00e8re rentr\u00e9e scolaire ?"},{"@type":"BreadcrumbList","@id":"https:\/\/www.lechoixdesbebes.com\/blog\/comment-preparer-sa-premiere-rentree-scolaire\/#breadcrumb","itemListElement":[{"@type":"ListItem","position":1,"name":"Accueil","item":"https:\/\/www.lechoixdesbebes.com\/blog\/"},{"@type":"ListItem","position":2,"name":"Comment pr\u00e9parer sa premi\u00e8re rentr\u00e9e scolaire ?"}]},{"@type":"WebSite","@id":"https:\/\/www.lechoixdesbebes.com\/blog\/#website","url":"https:\/\/www.lechoixdesbebes.com\/blog\/","name":"Actualit\u00e9 de la Pu\u00e9riculture : Blog le Choix des B\u00e9b\u00e9s","description":"Suivez nos conseils bien-\u00eatre pour un b\u00e9b\u00e9 heureux et des parents \u00e9panouis. Le Choix des b\u00e9b\u00e9s : sp\u00e9cialiste de la pu\u00e9riculture","publisher":{"@id":"https:\/\/www.lechoixdesbebes.com\/blog\/#organization"},"potentialAction":[{"@type":"SearchAction","target":{"@type":"EntryPoint","urlTemplate":"https:\/\/www.lechoixdesbebes.com\/blog\/?s={search_term_string}"},"query-input":{"@type":"PropertyValueSpecification","valueRequired":true,"valueName":"search_term_string"}}],"inLanguage":"fr-FR"},{"@type":"Organization","@id":"https:\/\/www.lechoixdesbebes.com\/blog\/#organization","name":"Le Choix Des B\u00e9b\u00e9s","url":"https:\/\/www.lechoixdesbebes.com\/blog\/","logo":{"@type":"ImageObject","inLanguage":"fr-FR","@id":"https:\/\/www.lechoixdesbebes.com\/blog\/#\/schema\/logo\/image\/","url":"https:\/\/www.lechoixdesbebes.com\/blog\/wp-content\/uploads\/2021\/06\/Logo-MyShop-Cdiscount.jpg","contentUrl":"https:\/\/www.lechoixdesbebes.com\/blog\/wp-content\/uploads\/2021\/06\/Logo-MyShop-Cdiscount.jpg","width":350,"height":80,"caption":"Le Choix Des B\u00e9b\u00e9s"},"image":{"@id":"https:\/\/www.lechoixdesbebes.com\/blog\/#\/schema\/logo\/image\/"},"sameAs":["https:\/\/www.facebook.com\/Lechoixdesbebes"]},{"@type":"Person","@id":"https:\/\/www.lechoixdesbebes.com\/blog\/#\/schema\/person\/296076ecd4371ded7a75a238703a0ad1","name":"Le Choix Des B\u00e9b\u00e9s"}]}},"_links":{"self":[{"href":"https:\/\/www.lechoixdesbebes.com\/blog\/wp-json\/wp\/v2\/posts\/981"}],"collection":[{"href":"https:\/\/www.lechoixdesbebes.com\/blog\/wp-json\/wp\/v2\/posts"}],"about":[{"href":"https:\/\/www.lechoixdesbebes.com\/blog\/wp-json\/wp\/v2\/types\/post"}],"author":[{"embeddable":true,"href":"https:\/\/www.lechoixdesbebes.com\/blog\/wp-json\/wp\/v2\/users\/2"}],"replies":[{"embeddable":true,"href":"https:\/\/www.lechoixdesbebes.com\/blog\/wp-json\/wp\/v2\/comments?post=981"}],"version-history":[{"count":8,"href":"https:\/\/www.lechoixdesbebes.com\/blog\/wp-json\/wp\/v2\/posts\/981\/revisions"}],"predecessor-version":[{"id":1407,"href":"https:\/\/www.lechoixdesbebes.com\/blog\/wp-json\/wp\/v2\/posts\/981\/revisions\/1407"}],"wp:featuredmedia":[{"embeddable":true,"href":"https:\/\/www.lechoixdesbebes.com\/blog\/wp-json\/wp\/v2\/media\/1569"}],"wp:attachment":[{"href":"https:\/\/www.lechoixdesbebes.com\/blog\/wp-json\/wp\/v2\/media?parent=981"}],"wp:term":[{"taxonomy":"category","embeddable":true,"href":"https:\/\/www.lechoixdesbebes.com\/blog\/wp-json\/wp\/v2\/categories?post=981"},{"taxonomy":"post_tag","embeddable":true,"href":"https:\/\/www.lechoixdesbebes.com\/blog\/wp-json\/wp\/v2\/tags?post=981"}],"curies":[{"name":"wp","href":"https:\/\/api.w.org\/{rel}","templated":true}]}}