{"id":992,"date":"2021-09-13T11:01:32","date_gmt":"2021-09-13T09:01:32","guid":{"rendered":"https:\/\/www.lechoixdesbebes.com\/blog\/?p=992"},"modified":"2023-04-14T15:36:43","modified_gmt":"2023-04-14T13:36:43","slug":"emmailloter-bebe-pourquoi-et-comment","status":"publish","type":"post","link":"https:\/\/www.lechoixdesbebes.com\/blog\/emmailloter-bebe-pourquoi-et-comment\/","title":{"rendered":"Emmailloter b\u00e9b\u00e9 : pourquoi et comment ?"},"content":{"rendered":"<span class=\"rt-reading-time\" style=\"display: block;\"><span class=\"rt-label rt-prefix\">Temps de lecture\u00a0: <\/span> <span class=\"rt-time\">4<\/span> <span class=\"rt-label rt-postfix\">minutes<\/span><\/span><p>Emmailloter b\u00e9b\u00e9 est une pratique ancestrale qui pourtant a longtemps \u00e9t\u00e9 d\u00e9laiss\u00e9e \u00e0 partir des ann\u00e9es 70. \u00c0 pr\u00e9sent, cette technique s\u00e9duit \u00e0 nouveau de jeunes parents et comporte de plus en plus de partisans. Pour autant, elle a aussi ses d\u00e9tracteurs qui pointent du doigt les risques \u00e9ventuels. Alors, que faut-il penser de l&#8217;emmaillotage ? Pourquoi, quand et comment doit-on l&rsquo;exercer ? Et quelles pr\u00e9cautions prendre ?<\/p>\n<p>&nbsp;<\/p>\n<h2>Emmailloter b\u00e9b\u00e9 : qu&rsquo;est-ce que c&rsquo;est ?<\/h2>\n<div style=\"text-align: justify;\">L&#8217;emmaillotage existe depuis de longues ann\u00e9es, cette pratique \u00e9tait tr\u00e8s r\u00e9pandue depuis l&rsquo;antiquit\u00e9. Elle \u00e9tait notamment utilis\u00e9e au 18\u00e8me si\u00e8cle pour prot\u00e9ger b\u00e9b\u00e9 du froid et l&rsquo;aider dans son d\u00e9veloppement corporel. Le processus consiste \u00e0 envelopper le corps du nouveau-n\u00e9 dans un lange ou une couverture qui est plus ou moins ajust\u00e9s \u00e0 son corps. Cela lui permet d&rsquo;avoir des sensations semblables \u00e0 celles connues dans le ventre de sa m\u00e8re ce qui le rassure et le calme.<\/div>\n<p>&nbsp;<\/p>\n<h2>Pourquoi pratiquer l&#8217;emmaillotage ?<\/h2>\n<div style=\"text-align: justify;\">\n<p>Emmailloter b\u00e9b\u00e9 a de nombreux avantages et bienfaits pour votre enfant :<\/p>\n<p>1. <strong>Il est plus apais\u00e9<\/strong> gr\u00e2ce \u00e0 sa perception similaire \u00e0 celle connue in utero, en effet gr\u00e2ce \u00e0 l&#8217;emmaillotage le tout-petit retrouve la position qu&rsquo;il avait pendant la grossesse.<\/p>\n<p>2. <b>Son sommeil est moins agit\u00e9 <\/b>car ces mouvements incontr\u00f4l\u00e9s dus au r\u00e9flexe de Moro sont emp\u00each\u00e9s.<\/p>\n<p>3. <b>Les coliques sont soulag\u00e9es <\/b>\u00e0 l&rsquo;aide de la pression raisonnable du tissu sur le ventre de b\u00e9b\u00e9.<\/p>\n<\/div>\n<p>&nbsp;<\/p>\n<h2>Des pr\u00e9cautions \u00e0 prendre<\/h2>\n<div style=\"text-align: justify;\">\n<p>Malgr\u00e9 ces bienfaits, il est important de prendre ses pr\u00e9cautions lorsque b\u00e9b\u00e9 est emmaillot\u00e9. En effet, si le lange que vous utilisez est trop serr\u00e9,\u00a0 cela risque de comprimer les poumons de votre enfant et pourrait causer des infections respiratoires. Pour ajuster parfaitement le lange, assurez-vous que vous pouvez placer votre main entre le tissu et la poitrine du nouveau-n\u00e9.<\/p>\n<p>Il est aussi tr\u00e8s crucial que b\u00e9b\u00e9 puisse bouger ses jambes. Selon plusieurs \u00e9tudes, si les jambes et les hanches sont statiques lors de l&#8217;emmaillotage, il a plus de chance d&rsquo;avoir des luxations de la hanche. D\u00e9tecter et prise en charge \u00e0 temps, cette particularit\u00e9 ne laisse aucune s\u00e9quelle mais s&rsquo;il n&rsquo;y a pas d&rsquo;action r\u00e9alis\u00e9e pour pallier \u00e0 ce probl\u00e8me, votre enfant pourrait avoir des difficult\u00e9s pour marcher correctement.<\/p>\n<p>De plus, il ne faut jamais coucher le nouveau-n\u00e9 emmaillot\u00e9 sur le ventre. La mort du nourrisson est 12 fois plus importante quand on l&rsquo;installe ainsi.<\/p>\n<\/div>\n<p>&nbsp;<\/p>\n<h2>Emmailloter b\u00e9b\u00e9 : quand et pendant combien de temps ?<\/h2>\n<div style=\"text-align: justify;\">\n<p>On conseille g\u00e9n\u00e9ralement d&rsquo;utiliser l&#8217;emmaillotage d\u00e8s la naissance <strong>jusqu&rsquo;\u00e0 ses 8 \u00e0 10 semaines<\/strong>. La dur\u00e9e peut varier d&rsquo;un enfant \u00e0 l&rsquo;autre mais le signe en g\u00e9n\u00e9ral qu&rsquo;il est temps de stopper d&#8217;emmailloter b\u00e9b\u00e9 c&rsquo;est quand il est capable de se retourner seul. Dans tous les cas, il vous fera savoir quand il en aura assez d&rsquo;\u00eatre limit\u00e9 dans ces mouvements. Il gesticulera vigoureusement dans son berceau en qu\u00eate de libert\u00e9, continuer alors \u00e0 emmailloter b\u00e9b\u00e9 serait contre-productif.<\/p>\n<p>Lorsqu&rsquo;on applique cette pratique, les sp\u00e9cialistes de la petite enfance rappellent qu&rsquo;il ne faut le r\u00e9server que pendant les phases de sommeil ou de crises de larmes. Il va de soi qu&rsquo;on ne laisse pas un nouveau-n\u00e9 emmaillot\u00e9 toute la journ\u00e9e. Son corps a besoin de bouger pendant ces moments d&rsquo;\u00e9veil.<\/p>\n<\/div>\n<p>&nbsp;<\/p>\n<h2>Comment emmailloter b\u00e9b\u00e9 ?<\/h2>\n<p><a href=\"https:\/\/www.lechoixdesbebes.com\/fr\/couverture-d-emmaillotage\/252-candizen-couverture-d-emmaillotage-etoiles.html\"><img decoding=\"async\" class=\"alignleft lazyload\" data-src=\"https:\/\/www.lechoixdesbebes.com\/blog\/wp-content\/uploads\/2021\/09\/3275057244401_5-e1631542875537.jpg\" alt=\"B\u00e9b\u00e9 emmaillot\u00e9\" width=\"250px\" src=\"data:image\/gif;base64,R0lGODlhAQABAAAAACH5BAEKAAEALAAAAAABAAEAAAICTAEAOw==\" style=\"--smush-placeholder-width: 788px; --smush-placeholder-aspect-ratio: 788\/1181;\" \/><noscript><img decoding=\"async\" class=\"alignleft\" src=\"https:\/\/www.lechoixdesbebes.com\/blog\/wp-content\/uploads\/2021\/09\/3275057244401_5-e1631542875537.jpg\" alt=\"B\u00e9b\u00e9 emmaillot\u00e9\" width=\"250px\" \/><\/noscript><\/a><\/p>\n<div style=\"text-align: justify;\">\n<p>Vous pouvez emmailloter votre b\u00e9b\u00e9 avec un lange ou une couverture l\u00e9g\u00e8re gr\u00e2ce \u00e0 une technique de pliage sp\u00e9cifique. Sinon, Candide vous offre \u00e9galement l&rsquo;opportunit\u00e9 de simplifier cette \u00e9tape \u00e0 l&rsquo;aide de sa <a href=\"https:\/\/www.lechoixdesbebes.com\/fr\/couverture-d-emmaillotage\/252-candizen-couverture-d-emmaillotage-etoiles.html\">couverture d&#8217;emmaillotage Candizen<\/a> qui permet d&rsquo;envelopper votre nouveau-n\u00e9 en 3 mouvements tr\u00e8s simples. Si malgr\u00e9 tout vous optez pour un tissu, voici comment s&rsquo;y prendre :<\/p>\n<p>1. Posez votre couverture ou lange \u00e0 plat de sorte \u00e0 ce qu\u2019il forme un losange. Pliez la pointe du haut vers l\u2019int\u00e9rieur.\u00a0 Installez ensuite votre enfant dessus, au centre, <strong>ses \u00e9paules au niveau du bord pli\u00e9<\/strong>.<\/p>\n<p>2. Ramenez son bras droit sur son torse puis recouvrez-le de la couverture que vous passez sous son bras gauche. Relevez un peu votre enfant et coincez le coin de votre tissu sous son dos de sorte qu&rsquo;il n&rsquo;y ait pas de plis g\u00eanants. Ramenez le coin du bas sur le corps du b\u00e9b\u00e9 en veillant \u00e0 ce qu&rsquo;il ait <strong>assez de place pour bouger ses jambes<\/strong>.<\/p>\n<p>3. Enfin, ramenez son bras gauche sur son torse, rabattez le dernier coin de la couverture et enroulez-le autour de son corps et le tour est jou\u00e9 !<\/p>\n<\/div>\n<p>&nbsp;<\/p>\n<h2><\/h2>\n","protected":false},"excerpt":{"rendered":"<span class=\"rt-reading-time\" style=\"display: block;\"><span class=\"rt-label rt-prefix\">Temps de lecture\u00a0: <\/span> <span class=\"rt-time\">4<\/span> <span class=\"rt-label rt-postfix\">minutes<\/span><\/span> Emmailloter b\u00e9b\u00e9 est une pratique ancestrale qui pourtant a longtemps \u00e9t\u00e9 d\u00e9laiss\u00e9e \u00e0 partir des ann\u00e9es 70. \u00c0 pr\u00e9sent, cette technique s\u00e9duit \u00e0 nouveau de jeunes parents et comporte de plus en plus de partisans. Pour autant, elle a aussi ses d\u00e9tracteurs qui pointent du doigt les risques \u00e9ventuels. Alors, que faut-il penser de l&#8217;emmaillotage&#8230; <a class=\"view-article\" href=\"https:\/\/www.lechoixdesbebes.com\/blog\/emmailloter-bebe-pourquoi-et-comment\/\">View Article<\/a>","protected":false},"author":2,"featured_media":1570,"comment_status":"open","ping_status":"open","sticky":false,"template":"","format":"standard","meta":{"footnotes":""},"categories":[2],"tags":[],"class_list":["post-992","post","type-post","status-publish","format-standard","has-post-thumbnail","hentry","category-actualites"],"yoast_head":"<!-- This site is optimized with the Yoast SEO plugin v23.5 - https:\/\/yoast.com\/wordpress\/plugins\/seo\/ -->\n<title>Emmailloter b\u00e9b\u00e9 : pourquoi et comment ?<\/title>\n<meta name=\"description\" content=\"Vous vous demandez pourquoi et comment emmailloter b\u00e9b\u00e9 ? Le choix des b\u00e9b\u00e9s r\u00e9pond \u00e0 toutes vos questions sur l&#039;emmaillotage.\" \/>\n<meta name=\"robots\" content=\"index, follow, max-snippet:-1, max-image-preview:large, max-video-preview:-1\" \/>\n<link rel=\"canonical\" href=\"https:\/\/www.lechoixdesbebes.com\/blog\/emmailloter-bebe-pourquoi-et-comment\/\" \/>\n<meta property=\"og:locale\" content=\"fr_FR\" \/>\n<meta property=\"og:type\" content=\"article\" \/>\n<meta property=\"og:title\" content=\"Emmailloter b\u00e9b\u00e9 : pourquoi et comment ?\" \/>\n<meta property=\"og:description\" content=\"Vous vous demandez pourquoi et comment emmailloter b\u00e9b\u00e9 ? Le choix des b\u00e9b\u00e9s r\u00e9pond \u00e0 toutes vos questions sur l&#039;emmaillotage.\" \/>\n<meta property=\"og:url\" content=\"https:\/\/www.lechoixdesbebes.com\/blog\/emmailloter-bebe-pourquoi-et-comment\/\" \/>\n<meta property=\"og:site_name\" content=\"Actualit\u00e9 de la Pu\u00e9riculture : Blog le Choix des B\u00e9b\u00e9s\" \/>\n<meta property=\"article:publisher\" content=\"https:\/\/www.facebook.com\/Lechoixdesbebes\" \/>\n<meta property=\"article:published_time\" content=\"2021-09-13T09:01:32+00:00\" \/>\n<meta property=\"article:modified_time\" content=\"2023-04-14T13:36:43+00:00\" \/>\n<meta name=\"author\" content=\"Le Choix Des B\u00e9b\u00e9s\" \/>\n<meta name=\"twitter:card\" content=\"summary_large_image\" \/>\n<meta name=\"twitter:title\" content=\"Emmailloter b\u00e9b\u00e9 : pourquoi et comment ?\" \/>\n<meta name=\"twitter:description\" content=\"Vous vous demandez pourquoi et comment emmailloter b\u00e9b\u00e9 ? Le choix des b\u00e9b\u00e9s r\u00e9pond \u00e0 toutes vos questions sur l&#039;emmaillotage.\" \/>\n<meta name=\"twitter:label1\" content=\"\u00c9crit par\" \/>\n\t<meta name=\"twitter:data1\" content=\"Le Choix Des B\u00e9b\u00e9s\" \/>\n\t<meta name=\"twitter:label2\" content=\"Dur\u00e9e de lecture estim\u00e9e\" \/>\n\t<meta name=\"twitter:data2\" content=\"4 minutes\" \/>\n<script type=\"application\/ld+json\" class=\"yoast-schema-graph\">{\"@context\":\"https:\/\/schema.org\",\"@graph\":[{\"@type\":\"Article\",\"@id\":\"https:\/\/www.lechoixdesbebes.com\/blog\/emmailloter-bebe-pourquoi-et-comment\/#article\",\"isPartOf\":{\"@id\":\"https:\/\/www.lechoixdesbebes.com\/blog\/emmailloter-bebe-pourquoi-et-comment\/\"},\"author\":{\"name\":\"Le Choix Des B\u00e9b\u00e9s\",\"@id\":\"https:\/\/www.lechoixdesbebes.com\/blog\/#\/schema\/person\/296076ecd4371ded7a75a238703a0ad1\"},\"headline\":\"Emmailloter b\u00e9b\u00e9 : pourquoi et comment ?\",\"datePublished\":\"2021-09-13T09:01:32+00:00\",\"dateModified\":\"2023-04-14T13:36:43+00:00\",\"mainEntityOfPage\":{\"@id\":\"https:\/\/www.lechoixdesbebes.com\/blog\/emmailloter-bebe-pourquoi-et-comment\/\"},\"wordCount\":763,\"commentCount\":0,\"publisher\":{\"@id\":\"https:\/\/www.lechoixdesbebes.com\/blog\/#organization\"},\"image\":{\"@id\":\"https:\/\/www.lechoixdesbebes.com\/blog\/emmailloter-bebe-pourquoi-et-comment\/#primaryimage\"},\"thumbnailUrl\":\"https:\/\/www.lechoixdesbebes.com\/blog\/wp-content\/uploads\/2021\/09\/Habiller-bebe-automne-18.jpg\",\"articleSection\":[\"Actualit\u00e9s\"],\"inLanguage\":\"fr-FR\",\"potentialAction\":[{\"@type\":\"CommentAction\",\"name\":\"Comment\",\"target\":[\"https:\/\/www.lechoixdesbebes.com\/blog\/emmailloter-bebe-pourquoi-et-comment\/#respond\"]}]},{\"@type\":\"WebPage\",\"@id\":\"https:\/\/www.lechoixdesbebes.com\/blog\/emmailloter-bebe-pourquoi-et-comment\/\",\"url\":\"https:\/\/www.lechoixdesbebes.com\/blog\/emmailloter-bebe-pourquoi-et-comment\/\",\"name\":\"Emmailloter b\u00e9b\u00e9 : pourquoi et comment ?\",\"isPartOf\":{\"@id\":\"https:\/\/www.lechoixdesbebes.com\/blog\/#website\"},\"primaryImageOfPage\":{\"@id\":\"https:\/\/www.lechoixdesbebes.com\/blog\/emmailloter-bebe-pourquoi-et-comment\/#primaryimage\"},\"image\":{\"@id\":\"https:\/\/www.lechoixdesbebes.com\/blog\/emmailloter-bebe-pourquoi-et-comment\/#primaryimage\"},\"thumbnailUrl\":\"https:\/\/www.lechoixdesbebes.com\/blog\/wp-content\/uploads\/2021\/09\/Habiller-bebe-automne-18.jpg\",\"datePublished\":\"2021-09-13T09:01:32+00:00\",\"dateModified\":\"2023-04-14T13:36:43+00:00\",\"description\":\"Vous vous demandez pourquoi et comment emmailloter b\u00e9b\u00e9 ? Le choix des b\u00e9b\u00e9s r\u00e9pond \u00e0 toutes vos questions sur l'emmaillotage.\",\"breadcrumb\":{\"@id\":\"https:\/\/www.lechoixdesbebes.com\/blog\/emmailloter-bebe-pourquoi-et-comment\/#breadcrumb\"},\"inLanguage\":\"fr-FR\",\"potentialAction\":[{\"@type\":\"ReadAction\",\"target\":[\"https:\/\/www.lechoixdesbebes.com\/blog\/emmailloter-bebe-pourquoi-et-comment\/\"]}]},{\"@type\":\"ImageObject\",\"inLanguage\":\"fr-FR\",\"@id\":\"https:\/\/www.lechoixdesbebes.com\/blog\/emmailloter-bebe-pourquoi-et-comment\/#primaryimage\",\"url\":\"https:\/\/www.lechoixdesbebes.com\/blog\/wp-content\/uploads\/2021\/09\/Habiller-bebe-automne-18.jpg\",\"contentUrl\":\"https:\/\/www.lechoixdesbebes.com\/blog\/wp-content\/uploads\/2021\/09\/Habiller-bebe-automne-18.jpg\",\"width\":2240,\"height\":1260,\"caption\":\"Emmailloter b\u00e9b\u00e9 : pourquoi et comment ?\"},{\"@type\":\"BreadcrumbList\",\"@id\":\"https:\/\/www.lechoixdesbebes.com\/blog\/emmailloter-bebe-pourquoi-et-comment\/#breadcrumb\",\"itemListElement\":[{\"@type\":\"ListItem\",\"position\":1,\"name\":\"Accueil\",\"item\":\"https:\/\/www.lechoixdesbebes.com\/blog\/\"},{\"@type\":\"ListItem\",\"position\":2,\"name\":\"Emmailloter b\u00e9b\u00e9 : pourquoi et comment ?\"}]},{\"@type\":\"WebSite\",\"@id\":\"https:\/\/www.lechoixdesbebes.com\/blog\/#website\",\"url\":\"https:\/\/www.lechoixdesbebes.com\/blog\/\",\"name\":\"Actualit\u00e9 de la Pu\u00e9riculture : Blog le Choix des B\u00e9b\u00e9s\",\"description\":\"Suivez nos conseils bien-\u00eatre pour un b\u00e9b\u00e9 heureux et des parents \u00e9panouis. Le Choix des b\u00e9b\u00e9s : sp\u00e9cialiste de la pu\u00e9riculture\",\"publisher\":{\"@id\":\"https:\/\/www.lechoixdesbebes.com\/blog\/#organization\"},\"potentialAction\":[{\"@type\":\"SearchAction\",\"target\":{\"@type\":\"EntryPoint\",\"urlTemplate\":\"https:\/\/www.lechoixdesbebes.com\/blog\/?s={search_term_string}\"},\"query-input\":{\"@type\":\"PropertyValueSpecification\",\"valueRequired\":true,\"valueName\":\"search_term_string\"}}],\"inLanguage\":\"fr-FR\"},{\"@type\":\"Organization\",\"@id\":\"https:\/\/www.lechoixdesbebes.com\/blog\/#organization\",\"name\":\"Le Choix Des B\u00e9b\u00e9s\",\"url\":\"https:\/\/www.lechoixdesbebes.com\/blog\/\",\"logo\":{\"@type\":\"ImageObject\",\"inLanguage\":\"fr-FR\",\"@id\":\"https:\/\/www.lechoixdesbebes.com\/blog\/#\/schema\/logo\/image\/\",\"url\":\"https:\/\/www.lechoixdesbebes.com\/blog\/wp-content\/uploads\/2021\/06\/Logo-MyShop-Cdiscount.jpg\",\"contentUrl\":\"https:\/\/www.lechoixdesbebes.com\/blog\/wp-content\/uploads\/2021\/06\/Logo-MyShop-Cdiscount.jpg\",\"width\":350,\"height\":80,\"caption\":\"Le Choix Des B\u00e9b\u00e9s\"},\"image\":{\"@id\":\"https:\/\/www.lechoixdesbebes.com\/blog\/#\/schema\/logo\/image\/\"},\"sameAs\":[\"https:\/\/www.facebook.com\/Lechoixdesbebes\"]},{\"@type\":\"Person\",\"@id\":\"https:\/\/www.lechoixdesbebes.com\/blog\/#\/schema\/person\/296076ecd4371ded7a75a238703a0ad1\",\"name\":\"Le Choix Des B\u00e9b\u00e9s\"}]}<\/script>\n<!-- \/ Yoast SEO plugin. -->","yoast_head_json":{"title":"Emmailloter b\u00e9b\u00e9 : pourquoi et comment ?","description":"Vous vous demandez pourquoi et comment emmailloter b\u00e9b\u00e9 ? Le choix des b\u00e9b\u00e9s r\u00e9pond \u00e0 toutes vos questions sur l'emmaillotage.","robots":{"index":"index","follow":"follow","max-snippet":"max-snippet:-1","max-image-preview":"max-image-preview:large","max-video-preview":"max-video-preview:-1"},"canonical":"https:\/\/www.lechoixdesbebes.com\/blog\/emmailloter-bebe-pourquoi-et-comment\/","og_locale":"fr_FR","og_type":"article","og_title":"Emmailloter b\u00e9b\u00e9 : pourquoi et comment ?","og_description":"Vous vous demandez pourquoi et comment emmailloter b\u00e9b\u00e9 ? Le choix des b\u00e9b\u00e9s r\u00e9pond \u00e0 toutes vos questions sur l'emmaillotage.","og_url":"https:\/\/www.lechoixdesbebes.com\/blog\/emmailloter-bebe-pourquoi-et-comment\/","og_site_name":"Actualit\u00e9 de la Pu\u00e9riculture : Blog le Choix des B\u00e9b\u00e9s","article_publisher":"https:\/\/www.facebook.com\/Lechoixdesbebes","article_published_time":"2021-09-13T09:01:32+00:00","article_modified_time":"2023-04-14T13:36:43+00:00","author":"Le Choix Des B\u00e9b\u00e9s","twitter_card":"summary_large_image","twitter_title":"Emmailloter b\u00e9b\u00e9 : pourquoi et comment ?","twitter_description":"Vous vous demandez pourquoi et comment emmailloter b\u00e9b\u00e9 ? Le choix des b\u00e9b\u00e9s r\u00e9pond \u00e0 toutes vos questions sur l'emmaillotage.","twitter_misc":{"\u00c9crit par":"Le Choix Des B\u00e9b\u00e9s","Dur\u00e9e de lecture estim\u00e9e":"4 minutes"},"schema":{"@context":"https:\/\/schema.org","@graph":[{"@type":"Article","@id":"https:\/\/www.lechoixdesbebes.com\/blog\/emmailloter-bebe-pourquoi-et-comment\/#article","isPartOf":{"@id":"https:\/\/www.lechoixdesbebes.com\/blog\/emmailloter-bebe-pourquoi-et-comment\/"},"author":{"name":"Le Choix Des B\u00e9b\u00e9s","@id":"https:\/\/www.lechoixdesbebes.com\/blog\/#\/schema\/person\/296076ecd4371ded7a75a238703a0ad1"},"headline":"Emmailloter b\u00e9b\u00e9 : pourquoi et comment ?","datePublished":"2021-09-13T09:01:32+00:00","dateModified":"2023-04-14T13:36:43+00:00","mainEntityOfPage":{"@id":"https:\/\/www.lechoixdesbebes.com\/blog\/emmailloter-bebe-pourquoi-et-comment\/"},"wordCount":763,"commentCount":0,"publisher":{"@id":"https:\/\/www.lechoixdesbebes.com\/blog\/#organization"},"image":{"@id":"https:\/\/www.lechoixdesbebes.com\/blog\/emmailloter-bebe-pourquoi-et-comment\/#primaryimage"},"thumbnailUrl":"https:\/\/www.lechoixdesbebes.com\/blog\/wp-content\/uploads\/2021\/09\/Habiller-bebe-automne-18.jpg","articleSection":["Actualit\u00e9s"],"inLanguage":"fr-FR","potentialAction":[{"@type":"CommentAction","name":"Comment","target":["https:\/\/www.lechoixdesbebes.com\/blog\/emmailloter-bebe-pourquoi-et-comment\/#respond"]}]},{"@type":"WebPage","@id":"https:\/\/www.lechoixdesbebes.com\/blog\/emmailloter-bebe-pourquoi-et-comment\/","url":"https:\/\/www.lechoixdesbebes.com\/blog\/emmailloter-bebe-pourquoi-et-comment\/","name":"Emmailloter b\u00e9b\u00e9 : pourquoi et comment ?","isPartOf":{"@id":"https:\/\/www.lechoixdesbebes.com\/blog\/#website"},"primaryImageOfPage":{"@id":"https:\/\/www.lechoixdesbebes.com\/blog\/emmailloter-bebe-pourquoi-et-comment\/#primaryimage"},"image":{"@id":"https:\/\/www.lechoixdesbebes.com\/blog\/emmailloter-bebe-pourquoi-et-comment\/#primaryimage"},"thumbnailUrl":"https:\/\/www.lechoixdesbebes.com\/blog\/wp-content\/uploads\/2021\/09\/Habiller-bebe-automne-18.jpg","datePublished":"2021-09-13T09:01:32+00:00","dateModified":"2023-04-14T13:36:43+00:00","description":"Vous vous demandez pourquoi et comment emmailloter b\u00e9b\u00e9 ? Le choix des b\u00e9b\u00e9s r\u00e9pond \u00e0 toutes vos questions sur l'emmaillotage.","breadcrumb":{"@id":"https:\/\/www.lechoixdesbebes.com\/blog\/emmailloter-bebe-pourquoi-et-comment\/#breadcrumb"},"inLanguage":"fr-FR","potentialAction":[{"@type":"ReadAction","target":["https:\/\/www.lechoixdesbebes.com\/blog\/emmailloter-bebe-pourquoi-et-comment\/"]}]},{"@type":"ImageObject","inLanguage":"fr-FR","@id":"https:\/\/www.lechoixdesbebes.com\/blog\/emmailloter-bebe-pourquoi-et-comment\/#primaryimage","url":"https:\/\/www.lechoixdesbebes.com\/blog\/wp-content\/uploads\/2021\/09\/Habiller-bebe-automne-18.jpg","contentUrl":"https:\/\/www.lechoixdesbebes.com\/blog\/wp-content\/uploads\/2021\/09\/Habiller-bebe-automne-18.jpg","width":2240,"height":1260,"caption":"Emmailloter b\u00e9b\u00e9 : pourquoi et comment ?"},{"@type":"BreadcrumbList","@id":"https:\/\/www.lechoixdesbebes.com\/blog\/emmailloter-bebe-pourquoi-et-comment\/#breadcrumb","itemListElement":[{"@type":"ListItem","position":1,"name":"Accueil","item":"https:\/\/www.lechoixdesbebes.com\/blog\/"},{"@type":"ListItem","position":2,"name":"Emmailloter b\u00e9b\u00e9 : pourquoi et comment ?"}]},{"@type":"WebSite","@id":"https:\/\/www.lechoixdesbebes.com\/blog\/#website","url":"https:\/\/www.lechoixdesbebes.com\/blog\/","name":"Actualit\u00e9 de la Pu\u00e9riculture : Blog le Choix des B\u00e9b\u00e9s","description":"Suivez nos conseils bien-\u00eatre pour un b\u00e9b\u00e9 heureux et des parents \u00e9panouis. Le Choix des b\u00e9b\u00e9s : sp\u00e9cialiste de la pu\u00e9riculture","publisher":{"@id":"https:\/\/www.lechoixdesbebes.com\/blog\/#organization"},"potentialAction":[{"@type":"SearchAction","target":{"@type":"EntryPoint","urlTemplate":"https:\/\/www.lechoixdesbebes.com\/blog\/?s={search_term_string}"},"query-input":{"@type":"PropertyValueSpecification","valueRequired":true,"valueName":"search_term_string"}}],"inLanguage":"fr-FR"},{"@type":"Organization","@id":"https:\/\/www.lechoixdesbebes.com\/blog\/#organization","name":"Le Choix Des B\u00e9b\u00e9s","url":"https:\/\/www.lechoixdesbebes.com\/blog\/","logo":{"@type":"ImageObject","inLanguage":"fr-FR","@id":"https:\/\/www.lechoixdesbebes.com\/blog\/#\/schema\/logo\/image\/","url":"https:\/\/www.lechoixdesbebes.com\/blog\/wp-content\/uploads\/2021\/06\/Logo-MyShop-Cdiscount.jpg","contentUrl":"https:\/\/www.lechoixdesbebes.com\/blog\/wp-content\/uploads\/2021\/06\/Logo-MyShop-Cdiscount.jpg","width":350,"height":80,"caption":"Le Choix Des B\u00e9b\u00e9s"},"image":{"@id":"https:\/\/www.lechoixdesbebes.com\/blog\/#\/schema\/logo\/image\/"},"sameAs":["https:\/\/www.facebook.com\/Lechoixdesbebes"]},{"@type":"Person","@id":"https:\/\/www.lechoixdesbebes.com\/blog\/#\/schema\/person\/296076ecd4371ded7a75a238703a0ad1","name":"Le Choix Des B\u00e9b\u00e9s"}]}},"_links":{"self":[{"href":"https:\/\/www.lechoixdesbebes.com\/blog\/wp-json\/wp\/v2\/posts\/992"}],"collection":[{"href":"https:\/\/www.lechoixdesbebes.com\/blog\/wp-json\/wp\/v2\/posts"}],"about":[{"href":"https:\/\/www.lechoixdesbebes.com\/blog\/wp-json\/wp\/v2\/types\/post"}],"author":[{"embeddable":true,"href":"https:\/\/www.lechoixdesbebes.com\/blog\/wp-json\/wp\/v2\/users\/2"}],"replies":[{"embeddable":true,"href":"https:\/\/www.lechoixdesbebes.com\/blog\/wp-json\/wp\/v2\/comments?post=992"}],"version-history":[{"count":4,"href":"https:\/\/www.lechoixdesbebes.com\/blog\/wp-json\/wp\/v2\/posts\/992\/revisions"}],"predecessor-version":[{"id":999,"href":"https:\/\/www.lechoixdesbebes.com\/blog\/wp-json\/wp\/v2\/posts\/992\/revisions\/999"}],"wp:featuredmedia":[{"embeddable":true,"href":"https:\/\/www.lechoixdesbebes.com\/blog\/wp-json\/wp\/v2\/media\/1570"}],"wp:attachment":[{"href":"https:\/\/www.lechoixdesbebes.com\/blog\/wp-json\/wp\/v2\/media?parent=992"}],"wp:term":[{"taxonomy":"category","embeddable":true,"href":"https:\/\/www.lechoixdesbebes.com\/blog\/wp-json\/wp\/v2\/categories?post=992"},{"taxonomy":"post_tag","embeddable":true,"href":"https:\/\/www.lechoixdesbebes.com\/blog\/wp-json\/wp\/v2\/tags?post=992"}],"curies":[{"name":"wp","href":"https:\/\/api.w.org\/{rel}","templated":true}]}}